{"id":26413,"date":"2022-08-16T22:46:42","date_gmt":"2022-08-17T01:46:42","guid":{"rendered":"https:\/\/p31noticias.com.br\/?p=26413"},"modified":"2022-08-16T22:48:58","modified_gmt":"2022-08-17T01:48:58","slug":"com-direito-a-jingle-numero-e-discurso-inflamado-ibaneis-abre-corrida-pela-reeleicao-frente-a-5-mil-pessoas","status":"publish","type":"post","link":"https:\/\/www.p31noticias.com.br\/?p=26413","title":{"rendered":"Com direito a jingle, n\u00famero e discurso inflamado, Ibaneis abre corrida pela reelei\u00e7\u00e3o frente a 5 mil pessoas."},"content":{"rendered":"<p style=\"text-align: justify;\"><em><strong>Governador estava ao lado das candidatas \u00e0 vice Celina Le\u00e3o e a senadora Fl\u00e1via Arruda.<\/strong><\/em><\/p>\n<p style=\"text-align: justify;\">Os n\u00fameros come\u00e7am em 15 e 22, como o esperado. Os jingles apostaram no piseiro, como tamb\u00e9m era de ser esperar. Dessa forma, mais uma vez, a coliga\u00e7\u00e3o Unidos pelo DF voltou a reunir milhares de pessoas. No lan\u00e7amento oficial da chapa para concorrer \u00e0 reelei\u00e7\u00e3o de outubro, o governador Ibaneis Rocha (MDB) contou com o apoio de cerca de 5 mil pessoas em uma casa de espet\u00e1culos em Vicente Pires, na noite desta ter\u00e7a-feira (16).<\/p>\n<p style=\"text-align: justify;\">Em um discurso inflamado e forte, o chefe do Executivo local ressaltou as realiza\u00e7\u00f5es \u00e0 frente da atual gest\u00e3o. Por\u00e9m, enfatizou que pretende fazer ainda mais. \u201cN\u00f3s estamos aqui para continuar lutando pelo DF e pela nossa gente. Chegamos at\u00e9 aqui, mas nossas cidades precisam continuar evoluindo. O DF precisa seguir avan\u00e7ando\u201d, enfatizou Ibaneis Rocha.<\/p>\n<p style=\"text-align: justify;\">Ao lado do governador e da candidata \u00e0 vice Celina Le\u00e3o; a pleiteante ao Senado Federal, Fl\u00e1via Arruda destacou a participa\u00e7\u00e3o do p\u00fablico no evento. \u201cA presen\u00e7a de voc\u00eas aqui mostram que o DF acredita na gente. Voc\u00eas t\u00eam nessa chapa uma equipe que se uniu pelo DF, que vai trabalhar ainda mais e de maneira incans\u00e1vel\u201d, garantiu.<\/p>\n<p style=\"text-align: justify;\">Um dos bra\u00e7os direito do governador Ibaneis e candidato a deputado federal, Z\u00e9lio Maia falou que Bras\u00edlia v\u00e9io de anos de abandono at\u00e9 chegada da gest\u00e3o atual. Ex-diretor do Departamento d\u00ea Tr\u00e2nsito (Detran), o advogado e subprocurador do DF foi respons\u00e1vel por uma verdadeira ca\u00e7a \u00e0s bruxas no combate \u00e0 corrup\u00e7\u00e3o na institui\u00e7\u00e3o, com v\u00e1rias pris\u00f5es e investiga\u00e7\u00f5es de contratos suspeitos de superfaturamento. \u201cO dinheiro p\u00fablico precisa ser respeitado. A verba que vai para a corrup\u00e7\u00e3o desfalca a educa\u00e7\u00e3o, a seguran\u00e7a, a sa\u00fade e afeta\u00e7\u00e3o de emprego, entre outros. Isso namorou-se mais voltar\u201d, bradou.<\/p>\n<p style=\"text-align: justify;\">Da Reda\u00e7\u00e3o.<\/p>\n","protected":false},"excerpt":{"rendered":"<p>Governador estava ao lado das candidatas \u00e0 vice Celina Le\u00e3o e a senadora Fl\u00e1via Arruda. Os n\u00fameros come\u00e7am em 15 e 22, como o esperado. Os jingles apostaram no piseiro, como tamb\u00e9m era de ser esperar. Dessa forma, mais uma vez, a coliga\u00e7\u00e3o Unidos pelo DF voltou a reunir milhares de pessoas. No lan\u00e7amento oficial [&hellip;]<\/p>\n","protected":false},"author":2,"featured_media":26414,"comment_status":"open","ping_status":"open","sticky":false,"template":"","format":"standard","meta":{"footnotes":""},"categories":[57],"tags":[],"class_list":{"0":"post-26413","1":"post","2":"type-post","3":"status-publish","4":"format-standard","5":"has-post-thumbnail","7":"category-politica"},"yoast_head":"<!-- This site is optimized with the Yoast SEO Premium plugin v24.5 (Yoast SEO v27.5) - https:\/\/yoast.com\/product\/yoast-seo-premium-wordpress\/ -->\n<title>Com direito a jingle, n\u00famero e discurso inflamado, Ibaneis abre corrida pela reelei\u00e7\u00e3o frente a 5 mil pessoas. - P31<\/title>\n<meta name=\"robots\" content=\"index, follow, max-snippet:-1, max-image-preview:large, max-video-preview:-1\" \/>\n<link rel=\"canonical\" href=\"https:\/\/www.p31noticias.com.br\/?p=26413\" \/>\n<meta property=\"og:locale\" content=\"pt_BR\" \/>\n<meta property=\"og:type\" content=\"article\" \/>\n<meta property=\"og:title\" content=\"Com direito a jingle, n\u00famero e discurso inflamado, Ibaneis abre corrida pela reelei\u00e7\u00e3o frente a 5 mil pessoas.\" \/>\n<meta property=\"og:description\" content=\"Governador estava ao lado das candidatas \u00e0 vice Celina Le\u00e3o e a senadora Fl\u00e1via Arruda. Os n\u00fameros come\u00e7am em 15 e 22, como o esperado. Os jingles apostaram no piseiro, como tamb\u00e9m era de ser esperar. Dessa forma, mais uma vez, a coliga\u00e7\u00e3o Unidos pelo DF voltou a reunir milhares de pessoas. No lan\u00e7amento oficial [&hellip;]\" \/>\n<meta property=\"og:url\" content=\"https:\/\/www.p31noticias.com.br\/?p=26413\" \/>\n<meta property=\"og:site_name\" content=\"P31\" \/>\n<meta property=\"article:published_time\" content=\"2022-08-17T01:46:42+00:00\" \/>\n<meta property=\"article:modified_time\" content=\"2022-08-17T01:48:58+00:00\" \/>\n<meta property=\"og:image\" content=\"https:\/\/www.p31noticias.com.br\/wp-content\/uploads\/2022\/08\/unnamed-79.jpg\" \/>\n\t<meta property=\"og:image:width\" content=\"1600\" \/>\n\t<meta property=\"og:image:height\" content=\"1066\" \/>\n\t<meta property=\"og:image:type\" content=\"image\/jpeg\" \/>\n<meta name=\"author\" content=\"Gon\u00e7alves Junior\" \/>\n<meta name=\"twitter:card\" content=\"summary_large_image\" \/>\n<meta name=\"twitter:label1\" content=\"Escrito por\" \/>\n\t<meta name=\"twitter:data1\" content=\"Gon\u00e7alves Junior\" \/>\n\t<meta name=\"twitter:label2\" content=\"Est. tempo de leitura\" \/>\n\t<meta name=\"twitter:data2\" content=\"2 minutos\" \/>\n<script type=\"application\/ld+json\" class=\"yoast-schema-graph\">{\"@context\":\"https:\\\/\\\/schema.org\",\"@graph\":[{\"@type\":\"Article\",\"@id\":\"https:\\\/\\\/www.p31noticias.com.br\\\/?p=26413#article\",\"isPartOf\":{\"@id\":\"https:\\\/\\\/www.p31noticias.com.br\\\/?p=26413\"},\"author\":{\"name\":\"Gon\u00e7alves Junior\",\"@id\":\"https:\\\/\\\/www.p31noticias.com.br\\\/#\\\/schema\\\/person\\\/95f2ece30e3b4132065b915150cd0f94\"},\"headline\":\"Com direito a jingle, n\u00famero e discurso inflamado, Ibaneis abre corrida pela reelei\u00e7\u00e3o frente a 5 mil pessoas.\",\"datePublished\":\"2022-08-17T01:46:42+00:00\",\"dateModified\":\"2022-08-17T01:48:58+00:00\",\"mainEntityOfPage\":{\"@id\":\"https:\\\/\\\/www.p31noticias.com.br\\\/?p=26413\"},\"wordCount\":354,\"commentCount\":0,\"image\":{\"@id\":\"https:\\\/\\\/www.p31noticias.com.br\\\/?p=26413#primaryimage\"},\"thumbnailUrl\":\"https:\\\/\\\/www.p31noticias.com.br\\\/wp-content\\\/uploads\\\/2022\\\/08\\\/unnamed-79.jpg\",\"articleSection\":[\"Pol\u00edtica\"],\"inLanguage\":\"pt-BR\",\"potentialAction\":[{\"@type\":\"CommentAction\",\"name\":\"Comment\",\"target\":[\"https:\\\/\\\/www.p31noticias.com.br\\\/?p=26413#respond\"]}],\"copyrightYear\":\"2022\",\"copyrightHolder\":{\"@id\":\"https:\\\/\\\/www.p31noticias.com.br\\\/#organization\"}},{\"@type\":\"WebPage\",\"@id\":\"https:\\\/\\\/www.p31noticias.com.br\\\/?p=26413\",\"url\":\"https:\\\/\\\/www.p31noticias.com.br\\\/?p=26413\",\"name\":\"Com direito a jingle, n\u00famero e discurso inflamado, Ibaneis abre corrida pela reelei\u00e7\u00e3o frente a 5 mil pessoas. - P31\",\"isPartOf\":{\"@id\":\"https:\\\/\\\/www.p31noticias.com.br\\\/#website\"},\"primaryImageOfPage\":{\"@id\":\"https:\\\/\\\/www.p31noticias.com.br\\\/?p=26413#primaryimage\"},\"image\":{\"@id\":\"https:\\\/\\\/www.p31noticias.com.br\\\/?p=26413#primaryimage\"},\"thumbnailUrl\":\"https:\\\/\\\/www.p31noticias.com.br\\\/wp-content\\\/uploads\\\/2022\\\/08\\\/unnamed-79.jpg\",\"datePublished\":\"2022-08-17T01:46:42+00:00\",\"dateModified\":\"2022-08-17T01:48:58+00:00\",\"author\":{\"@id\":\"https:\\\/\\\/www.p31noticias.com.br\\\/#\\\/schema\\\/person\\\/95f2ece30e3b4132065b915150cd0f94\"},\"breadcrumb\":{\"@id\":\"https:\\\/\\\/www.p31noticias.com.br\\\/?p=26413#breadcrumb\"},\"inLanguage\":\"pt-BR\",\"potentialAction\":[{\"@type\":\"ReadAction\",\"target\":[\"https:\\\/\\\/www.p31noticias.com.br\\\/?p=26413\"]}]},{\"@type\":\"ImageObject\",\"inLanguage\":\"pt-BR\",\"@id\":\"https:\\\/\\\/www.p31noticias.com.br\\\/?p=26413#primaryimage\",\"url\":\"https:\\\/\\\/www.p31noticias.com.br\\\/wp-content\\\/uploads\\\/2022\\\/08\\\/unnamed-79.jpg\",\"contentUrl\":\"https:\\\/\\\/www.p31noticias.com.br\\\/wp-content\\\/uploads\\\/2022\\\/08\\\/unnamed-79.jpg\",\"width\":1600,\"height\":1066,\"caption\":\"Foto: Shizuo Alves\"},{\"@type\":\"BreadcrumbList\",\"@id\":\"https:\\\/\\\/www.p31noticias.com.br\\\/?p=26413#breadcrumb\",\"itemListElement\":[{\"@type\":\"ListItem\",\"position\":1,\"name\":\"In\u00edcio\",\"item\":\"https:\\\/\\\/www.p31noticias.com.br\\\/\"},{\"@type\":\"ListItem\",\"position\":2,\"name\":\"Com direito a jingle, n\u00famero e discurso inflamado, Ibaneis abre corrida pela reelei\u00e7\u00e3o frente a 5 mil pessoas.\"}]},{\"@type\":\"WebSite\",\"@id\":\"https:\\\/\\\/www.p31noticias.com.br\\\/#website\",\"url\":\"https:\\\/\\\/www.p31noticias.com.br\\\/\",\"name\":\"P31\",\"description\":\"NOT\u00cdCIAS\",\"potentialAction\":[{\"@type\":\"SearchAction\",\"target\":{\"@type\":\"EntryPoint\",\"urlTemplate\":\"https:\\\/\\\/www.p31noticias.com.br\\\/?s={search_term_string}\"},\"query-input\":{\"@type\":\"PropertyValueSpecification\",\"valueRequired\":true,\"valueName\":\"search_term_string\"}}],\"inLanguage\":\"pt-BR\"},{\"@type\":\"Person\",\"@id\":\"https:\\\/\\\/www.p31noticias.com.br\\\/#\\\/schema\\\/person\\\/95f2ece30e3b4132065b915150cd0f94\",\"name\":\"Gon\u00e7alves Junior\",\"image\":{\"@type\":\"ImageObject\",\"inLanguage\":\"pt-BR\",\"@id\":\"https:\\\/\\\/secure.gravatar.com\\\/avatar\\\/6711f350116a89762687a48d66f723c799e5438a5b7578508d4294cd7a5d0800?s=96&d=mm&r=g\",\"url\":\"https:\\\/\\\/secure.gravatar.com\\\/avatar\\\/6711f350116a89762687a48d66f723c799e5438a5b7578508d4294cd7a5d0800?s=96&d=mm&r=g\",\"contentUrl\":\"https:\\\/\\\/secure.gravatar.com\\\/avatar\\\/6711f350116a89762687a48d66f723c799e5438a5b7578508d4294cd7a5d0800?s=96&d=mm&r=g\",\"caption\":\"Gon\u00e7alves Junior\"},\"url\":\"https:\\\/\\\/www.p31noticias.com.br\\\/?author=2\"}]}<\/script>\n<!-- \/ Yoast SEO Premium plugin. -->","yoast_head_json":{"title":"Com direito a jingle, n\u00famero e discurso inflamado, Ibaneis abre corrida pela reelei\u00e7\u00e3o frente a 5 mil pessoas. - P31","robots":{"index":"index","follow":"follow","max-snippet":"max-snippet:-1","max-image-preview":"max-image-preview:large","max-video-preview":"max-video-preview:-1"},"canonical":"https:\/\/www.p31noticias.com.br\/?p=26413","og_locale":"pt_BR","og_type":"article","og_title":"Com direito a jingle, n\u00famero e discurso inflamado, Ibaneis abre corrida pela reelei\u00e7\u00e3o frente a 5 mil pessoas.","og_description":"Governador estava ao lado das candidatas \u00e0 vice Celina Le\u00e3o e a senadora Fl\u00e1via Arruda. Os n\u00fameros come\u00e7am em 15 e 22, como o esperado. Os jingles apostaram no piseiro, como tamb\u00e9m era de ser esperar. Dessa forma, mais uma vez, a coliga\u00e7\u00e3o Unidos pelo DF voltou a reunir milhares de pessoas. No lan\u00e7amento oficial [&hellip;]","og_url":"https:\/\/www.p31noticias.com.br\/?p=26413","og_site_name":"P31","article_published_time":"2022-08-17T01:46:42+00:00","article_modified_time":"2022-08-17T01:48:58+00:00","og_image":[{"width":1600,"height":1066,"url":"https:\/\/www.p31noticias.com.br\/wp-content\/uploads\/2022\/08\/unnamed-79.jpg","type":"image\/jpeg"}],"author":"Gon\u00e7alves Junior","twitter_card":"summary_large_image","twitter_misc":{"Escrito por":"Gon\u00e7alves Junior","Est. tempo de leitura":"2 minutos"},"schema":{"@context":"https:\/\/schema.org","@graph":[{"@type":"Article","@id":"https:\/\/www.p31noticias.com.br\/?p=26413#article","isPartOf":{"@id":"https:\/\/www.p31noticias.com.br\/?p=26413"},"author":{"name":"Gon\u00e7alves Junior","@id":"https:\/\/www.p31noticias.com.br\/#\/schema\/person\/95f2ece30e3b4132065b915150cd0f94"},"headline":"Com direito a jingle, n\u00famero e discurso inflamado, Ibaneis abre corrida pela reelei\u00e7\u00e3o frente a 5 mil pessoas.","datePublished":"2022-08-17T01:46:42+00:00","dateModified":"2022-08-17T01:48:58+00:00","mainEntityOfPage":{"@id":"https:\/\/www.p31noticias.com.br\/?p=26413"},"wordCount":354,"commentCount":0,"image":{"@id":"https:\/\/www.p31noticias.com.br\/?p=26413#primaryimage"},"thumbnailUrl":"https:\/\/www.p31noticias.com.br\/wp-content\/uploads\/2022\/08\/unnamed-79.jpg","articleSection":["Pol\u00edtica"],"inLanguage":"pt-BR","potentialAction":[{"@type":"CommentAction","name":"Comment","target":["https:\/\/www.p31noticias.com.br\/?p=26413#respond"]}],"copyrightYear":"2022","copyrightHolder":{"@id":"https:\/\/www.p31noticias.com.br\/#organization"}},{"@type":"WebPage","@id":"https:\/\/www.p31noticias.com.br\/?p=26413","url":"https:\/\/www.p31noticias.com.br\/?p=26413","name":"Com direito a jingle, n\u00famero e discurso inflamado, Ibaneis abre corrida pela reelei\u00e7\u00e3o frente a 5 mil pessoas. - P31","isPartOf":{"@id":"https:\/\/www.p31noticias.com.br\/#website"},"primaryImageOfPage":{"@id":"https:\/\/www.p31noticias.com.br\/?p=26413#primaryimage"},"image":{"@id":"https:\/\/www.p31noticias.com.br\/?p=26413#primaryimage"},"thumbnailUrl":"https:\/\/www.p31noticias.com.br\/wp-content\/uploads\/2022\/08\/unnamed-79.jpg","datePublished":"2022-08-17T01:46:42+00:00","dateModified":"2022-08-17T01:48:58+00:00","author":{"@id":"https:\/\/www.p31noticias.com.br\/#\/schema\/person\/95f2ece30e3b4132065b915150cd0f94"},"breadcrumb":{"@id":"https:\/\/www.p31noticias.com.br\/?p=26413#breadcrumb"},"inLanguage":"pt-BR","potentialAction":[{"@type":"ReadAction","target":["https:\/\/www.p31noticias.com.br\/?p=26413"]}]},{"@type":"ImageObject","inLanguage":"pt-BR","@id":"https:\/\/www.p31noticias.com.br\/?p=26413#primaryimage","url":"https:\/\/www.p31noticias.com.br\/wp-content\/uploads\/2022\/08\/unnamed-79.jpg","contentUrl":"https:\/\/www.p31noticias.com.br\/wp-content\/uploads\/2022\/08\/unnamed-79.jpg","width":1600,"height":1066,"caption":"Foto: Shizuo Alves"},{"@type":"BreadcrumbList","@id":"https:\/\/www.p31noticias.com.br\/?p=26413#breadcrumb","itemListElement":[{"@type":"ListItem","position":1,"name":"In\u00edcio","item":"https:\/\/www.p31noticias.com.br\/"},{"@type":"ListItem","position":2,"name":"Com direito a jingle, n\u00famero e discurso inflamado, Ibaneis abre corrida pela reelei\u00e7\u00e3o frente a 5 mil pessoas."}]},{"@type":"WebSite","@id":"https:\/\/www.p31noticias.com.br\/#website","url":"https:\/\/www.p31noticias.com.br\/","name":"P31","description":"NOT\u00cdCIAS","potentialAction":[{"@type":"SearchAction","target":{"@type":"EntryPoint","urlTemplate":"https:\/\/www.p31noticias.com.br\/?s={search_term_string}"},"query-input":{"@type":"PropertyValueSpecification","valueRequired":true,"valueName":"search_term_string"}}],"inLanguage":"pt-BR"},{"@type":"Person","@id":"https:\/\/www.p31noticias.com.br\/#\/schema\/person\/95f2ece30e3b4132065b915150cd0f94","name":"Gon\u00e7alves Junior","image":{"@type":"ImageObject","inLanguage":"pt-BR","@id":"https:\/\/secure.gravatar.com\/avatar\/6711f350116a89762687a48d66f723c799e5438a5b7578508d4294cd7a5d0800?s=96&d=mm&r=g","url":"https:\/\/secure.gravatar.com\/avatar\/6711f350116a89762687a48d66f723c799e5438a5b7578508d4294cd7a5d0800?s=96&d=mm&r=g","contentUrl":"https:\/\/secure.gravatar.com\/avatar\/6711f350116a89762687a48d66f723c799e5438a5b7578508d4294cd7a5d0800?s=96&d=mm&r=g","caption":"Gon\u00e7alves Junior"},"url":"https:\/\/www.p31noticias.com.br\/?author=2"}]}},"amp_enabled":true,"_links":{"self":[{"href":"https:\/\/www.p31noticias.com.br\/index.php?rest_route=\/wp\/v2\/posts\/26413","targetHints":{"allow":["GET"]}}],"collection":[{"href":"https:\/\/www.p31noticias.com.br\/index.php?rest_route=\/wp\/v2\/posts"}],"about":[{"href":"https:\/\/www.p31noticias.com.br\/index.php?rest_route=\/wp\/v2\/types\/post"}],"author":[{"embeddable":true,"href":"https:\/\/www.p31noticias.com.br\/index.php?rest_route=\/wp\/v2\/users\/2"}],"replies":[{"embeddable":true,"href":"https:\/\/www.p31noticias.com.br\/index.php?rest_route=%2Fwp%2Fv2%2Fcomments&post=26413"}],"version-history":[{"count":1,"href":"https:\/\/www.p31noticias.com.br\/index.php?rest_route=\/wp\/v2\/posts\/26413\/revisions"}],"predecessor-version":[{"id":26415,"href":"https:\/\/www.p31noticias.com.br\/index.php?rest_route=\/wp\/v2\/posts\/26413\/revisions\/26415"}],"wp:featuredmedia":[{"embeddable":true,"href":"https:\/\/www.p31noticias.com.br\/index.php?rest_route=\/wp\/v2\/media\/26414"}],"wp:attachment":[{"href":"https:\/\/www.p31noticias.com.br\/index.php?rest_route=%2Fwp%2Fv2%2Fmedia&parent=26413"}],"wp:term":[{"taxonomy":"category","embeddable":true,"href":"https:\/\/www.p31noticias.com.br\/index.php?rest_route=%2Fwp%2Fv2%2Fcategories&post=26413"},{"taxonomy":"post_tag","embeddable":true,"href":"https:\/\/www.p31noticias.com.br\/index.php?rest_route=%2Fwp%2Fv2%2Ftags&post=26413"}],"curies":[{"name":"wp","href":"https:\/\/api.w.org\/{rel}","templated":true}]}}