{"id":26410,"date":"2022-08-16T22:30:47","date_gmt":"2022-08-17T01:30:47","guid":{"rendered":"https:\/\/p31noticias.com.br\/?p=26410"},"modified":"2022-08-16T22:30:47","modified_gmt":"2022-08-17T01:30:47","slug":"moraes-defende-democracia-e-sistema-eleitoral-em-discurso-de-posse","status":"publish","type":"post","link":"https:\/\/www.p31noticias.com.br\/?p=26410","title":{"rendered":"Moraes defende democracia e sistema eleitoral em discurso de posse."},"content":{"rendered":"<h3 class=\"col-10 offset-1 animated fadeInDown dealy-900 display-8 display-md-8 alt-font font-italic my-1 text-center\" style=\"text-align: justify;\"><em><strong>Ministro assumiu a presid\u00eancia do TSE.<\/strong><\/em><\/h3>\n<div class=\"post-item-wrap\">\n<p style=\"text-align: justify;\">O presidente do Tribunal Superior Eleitoral (TSE), ministro Alexandre de Moraes, defendeu hoje (16) a democracia e o sistema eleitoral durante discurso de posse.\u00a0<img decoding=\"async\" src=\"https:\/\/agenciabrasil.ebc.com.br\/ebc.png?id=1476958&amp;o=node\" \/><img decoding=\"async\" src=\"https:\/\/agenciabrasil.ebc.com.br\/ebc.gif?id=1476958&amp;o=node\" \/><\/p>\n<p style=\"text-align: justify;\">No in\u00edcio da noite, Moraes assumiu a presid\u00eancia do TSE, sucedendo o ministro Edson Fachin, para cumprir mandato de dois anos. O novo vice-presidente \u00e9 o ministro Ricardo Lewandowski.<\/p>\n<p style=\"text-align: justify;\">O novo presidente iniciou seu discurso afirmando que a Justi\u00e7a Eleitoral atua com transpar\u00eancia e honra sua hist\u00f3ria voca\u00e7\u00e3o de concretizar a democracia.<\/p>\n<p style=\"text-align: justify;\">&#8220;Somos a \u00fanica democracia do mundo que apura e divulga os resultados eleitorais no mesmo dia, com agilidade, seguran\u00e7a, compet\u00eancia e transpar\u00eancia. Isso \u00e9 motivo de orgulho nacional&#8221;, declarou.<\/p>\n<p style=\"text-align: justify;\">Sobre as urnas eletr\u00f4nicas, o presidente disse que sempre haver\u00e1 o aperfei\u00e7oamento do sistema, fato que garante a divulga\u00e7\u00e3o do resultado no mesmo dia da vota\u00e7\u00e3o.<\/p>\n<p style=\"text-align: justify;\">&#8220;Os brasileiros e brasileiras teclaram com confian\u00e7a o seu voto, aguardando a apura\u00e7\u00e3o, a proclama\u00e7\u00e3o do resultado no mesmo dia para seguran\u00e7a, tranquilidade e orgulho de nossas eleitores e eleitoras&#8221;, disse.<\/p>\n<p style=\"text-align: justify;\">O ministro tamb\u00e9m afirmou que o exerc\u00edcio da democracia garante a possibilidade peri\u00f3dica do eleitor escolher seus representantes.<\/p>\n<p style=\"text-align: justify;\">&#8220;Respeito \u00e0s institui\u00e7\u00f5es \u00e9 o \u00fanico caminho de crescimento e fortalecimento da Rep\u00fablica, e a for\u00e7a da democracia como \u00fanico regime pol\u00edtico, onde todo poder emana do povo e deve ser exercido pelo bem do povo&#8221;.<\/p>\n<p style=\"text-align: justify;\">No final do discurso, Moraes pediu respeito \u00e0 democracia. &#8220;\u00c9 tempo de uni\u00e3o. \u00c9 tempo de confian\u00e7a no futuro e, principalmente, tempo de respeito, defesa, fortalecimento e consagra\u00e7\u00e3o da democracia&#8221;, completou.<\/p>\n<div class=\"dnd-widget-wrapper context-cheio_8colunas type-image\" style=\"text-align: justify;\">\n<div class=\"dnd-atom-rendered\">\n<div class=\"shadow overflow-hidden rounded-lg d-block zoom-on-hover-sm shadow-hover w-100\"><img decoding=\"async\" class=\"flex-fill img-cover\" title=\"Ant\u00f4nio Augusto\/Secom\/TSE\" src=\"https:\/\/imagens.ebc.com.br\/_Dc6dIU38Z4CZUoTb9LM_s4FKa4=\/754x0\/smart\/https:\/\/agenciabrasil.ebc.com.br\/sites\/default\/files\/thumbnails\/image\/52290870738_bce1074d4f_6k_0.jpg?itok=-wmWd3yU\" alt=\"Cerim\u00f4nia de posse do ministro Alexandre de Moraes como presidente do TSE - 16\/08\/2022\" \/><\/div>\n<\/div>\n<div class=\"dnd-caption-wrapper\">\n<h6 class=\"meta\">Cerim\u00f4nia de posse do ministro Alexandre de Moraes como presidente do TSE &#8211;\u00a0<strong>Ant\u00f4nio Augusto\/Secom\/TSE<\/strong><\/h6>\n<\/div>\n<\/div>\n<h2 style=\"text-align: justify;\">PGR e OAB<\/h2>\n<p style=\"text-align: justify;\">O procurador-geral da Rep\u00fablica, Augusto Aras, tamb\u00e9m discursou e disse que o \u00f3rg\u00e3o vai atuar em conjunto com o TSE na defesa de elei\u00e7\u00f5es livres.<\/p>\n<p style=\"text-align: justify;\">&#8220;Estamos irmanados na defesa do sistema eleitoral, no combate \u00e0 desinforma\u00e7\u00e3o e nos abusos de qualquer natureza. Estamos atentos e vigilantes na sustenta\u00e7\u00e3o do regime democr\u00e1tico&#8221;, afirmou.<\/p>\n<p style=\"text-align: justify;\">O presidente da Ordem dos Advogados do Brasil, Beto Simonetti, disse que o respeito \u00e0 vontade popular e o voto livre s\u00e3o pressupostos da democracia.<\/p>\n<p style=\"text-align: justify;\">\u00a0&#8220;Conclamamos as candidatas e os candidatos a assumirem um pacto de respeito e obedi\u00eancia \u00e0s normas eleitorais. Que todos tenham a convic\u00e7\u00e3o de que o \u00fanico caminho a seguir \u00e9 o do respeito ao resultado das elei\u00e7\u00f5es&#8221;, declarou.<\/p>\n<h2 style=\"text-align: justify;\">Perfil<\/h2>\n<p style=\"text-align: justify;\">Moraes \u00e9 formado pela Faculdade de Direito do Largo de S\u00e3o Francisco e possui doutorado em Direito do Estado pela mesma institui\u00e7\u00e3o. Ao longo de sua carreira, atuou como promotor de Justi\u00e7a e ocupou as fun\u00e7\u00f5es de secret\u00e1rio de Justi\u00e7a, de Transportes e de Seguran\u00e7a de S\u00e3o Paulo, al\u00e9m de presidente da Funda\u00e7\u00e3o Casa, antiga Febem.<\/p>\n<p style=\"text-align: justify;\">Em 2016, Moraes se tornou ministro da Justi\u00e7a. No ano seguinte, ap\u00f3s o falecimento do ministro do STF Teori Zavascki, foi indicado pelo ex-presidente Michel Temer para ocupar uma vaga no Supremo.<\/p>\n<p>No TSE, Moraes passou a atuar tamb\u00e9m em 2017 na fun\u00e7\u00e3o de ministro substituto e se tornou membro efetivo em junho de 2020.<\/p>\n<p style=\"text-align: justify;\">O TSE \u00e9 composto por sete ministros, sendo tr\u00eas do STF, dois do Superior Tribunal de Justi\u00e7a (STJ), e dois membros da advocacia, al\u00e9m de seus substitutos.<\/p>\n<p style=\"text-align: justify;\">Ag\u00eancia Brasil.<\/p>\n<\/div>\n","protected":false},"excerpt":{"rendered":"<p>Ministro assumiu a presid\u00eancia do TSE. O presidente do Tribunal Superior Eleitoral (TSE), ministro Alexandre de Moraes, defendeu hoje (16) a democracia e o sistema eleitoral durante discurso de posse.\u00a0 No in\u00edcio da noite, Moraes assumiu a presid\u00eancia do TSE, sucedendo o ministro Edson Fachin, para cumprir mandato de dois anos. O novo vice-presidente \u00e9 [&hellip;]<\/p>\n","protected":false},"author":2,"featured_media":26411,"comment_status":"open","ping_status":"open","sticky":false,"template":"","format":"standard","meta":{"footnotes":""},"categories":[57],"tags":[],"class_list":{"0":"post-26410","1":"post","2":"type-post","3":"status-publish","4":"format-standard","5":"has-post-thumbnail","7":"category-politica"},"yoast_head":"<!-- This site is optimized with the Yoast SEO Premium plugin v24.5 (Yoast SEO v27.5) - https:\/\/yoast.com\/product\/yoast-seo-premium-wordpress\/ -->\n<title>Moraes defende democracia e sistema eleitoral em discurso de posse. - P31<\/title>\n<meta name=\"robots\" content=\"index, follow, max-snippet:-1, max-image-preview:large, max-video-preview:-1\" \/>\n<link rel=\"canonical\" href=\"https:\/\/www.p31noticias.com.br\/?p=26410\" \/>\n<meta property=\"og:locale\" content=\"pt_BR\" \/>\n<meta property=\"og:type\" content=\"article\" \/>\n<meta property=\"og:title\" content=\"Moraes defende democracia e sistema eleitoral em discurso de posse.\" \/>\n<meta property=\"og:description\" content=\"Ministro assumiu a presid\u00eancia do TSE. O presidente do Tribunal Superior Eleitoral (TSE), ministro Alexandre de Moraes, defendeu hoje (16) a democracia e o sistema eleitoral durante discurso de posse.\u00a0 No in\u00edcio da noite, Moraes assumiu a presid\u00eancia do TSE, sucedendo o ministro Edson Fachin, para cumprir mandato de dois anos. O novo vice-presidente \u00e9 [&hellip;]\" \/>\n<meta property=\"og:url\" content=\"https:\/\/www.p31noticias.com.br\/?p=26410\" \/>\n<meta property=\"og:site_name\" content=\"P31\" \/>\n<meta property=\"article:published_time\" content=\"2022-08-17T01:30:47+00:00\" \/>\n<meta property=\"og:image\" content=\"https:\/\/www.p31noticias.com.br\/wp-content\/uploads\/2022\/08\/tse_posse_moraes2-1.jpg\" \/>\n\t<meta property=\"og:image:width\" content=\"1170\" \/>\n\t<meta property=\"og:image:height\" content=\"700\" \/>\n\t<meta property=\"og:image:type\" content=\"image\/jpeg\" \/>\n<meta name=\"author\" content=\"Gon\u00e7alves Junior\" \/>\n<meta name=\"twitter:card\" content=\"summary_large_image\" \/>\n<meta name=\"twitter:label1\" content=\"Escrito por\" \/>\n\t<meta name=\"twitter:data1\" content=\"Gon\u00e7alves Junior\" \/>\n\t<meta name=\"twitter:label2\" content=\"Est. tempo de leitura\" \/>\n\t<meta name=\"twitter:data2\" content=\"3 minutos\" \/>\n<script type=\"application\/ld+json\" class=\"yoast-schema-graph\">{\"@context\":\"https:\\\/\\\/schema.org\",\"@graph\":[{\"@type\":\"Article\",\"@id\":\"https:\\\/\\\/www.p31noticias.com.br\\\/?p=26410#article\",\"isPartOf\":{\"@id\":\"https:\\\/\\\/www.p31noticias.com.br\\\/?p=26410\"},\"author\":{\"name\":\"Gon\u00e7alves Junior\",\"@id\":\"https:\\\/\\\/www.p31noticias.com.br\\\/#\\\/schema\\\/person\\\/95f2ece30e3b4132065b915150cd0f94\"},\"headline\":\"Moraes defende democracia e sistema eleitoral em discurso de posse.\",\"datePublished\":\"2022-08-17T01:30:47+00:00\",\"mainEntityOfPage\":{\"@id\":\"https:\\\/\\\/www.p31noticias.com.br\\\/?p=26410\"},\"wordCount\":583,\"commentCount\":0,\"image\":{\"@id\":\"https:\\\/\\\/www.p31noticias.com.br\\\/?p=26410#primaryimage\"},\"thumbnailUrl\":\"https:\\\/\\\/www.p31noticias.com.br\\\/wp-content\\\/uploads\\\/2022\\\/08\\\/tse_posse_moraes2-1.jpg\",\"articleSection\":[\"Pol\u00edtica\"],\"inLanguage\":\"pt-BR\",\"potentialAction\":[{\"@type\":\"CommentAction\",\"name\":\"Comment\",\"target\":[\"https:\\\/\\\/www.p31noticias.com.br\\\/?p=26410#respond\"]}],\"copyrightYear\":\"2022\",\"copyrightHolder\":{\"@id\":\"https:\\\/\\\/www.p31noticias.com.br\\\/#organization\"}},{\"@type\":\"WebPage\",\"@id\":\"https:\\\/\\\/www.p31noticias.com.br\\\/?p=26410\",\"url\":\"https:\\\/\\\/www.p31noticias.com.br\\\/?p=26410\",\"name\":\"Moraes defende democracia e sistema eleitoral em discurso de posse. - P31\",\"isPartOf\":{\"@id\":\"https:\\\/\\\/www.p31noticias.com.br\\\/#website\"},\"primaryImageOfPage\":{\"@id\":\"https:\\\/\\\/www.p31noticias.com.br\\\/?p=26410#primaryimage\"},\"image\":{\"@id\":\"https:\\\/\\\/www.p31noticias.com.br\\\/?p=26410#primaryimage\"},\"thumbnailUrl\":\"https:\\\/\\\/www.p31noticias.com.br\\\/wp-content\\\/uploads\\\/2022\\\/08\\\/tse_posse_moraes2-1.jpg\",\"datePublished\":\"2022-08-17T01:30:47+00:00\",\"author\":{\"@id\":\"https:\\\/\\\/www.p31noticias.com.br\\\/#\\\/schema\\\/person\\\/95f2ece30e3b4132065b915150cd0f94\"},\"breadcrumb\":{\"@id\":\"https:\\\/\\\/www.p31noticias.com.br\\\/?p=26410#breadcrumb\"},\"inLanguage\":\"pt-BR\",\"potentialAction\":[{\"@type\":\"ReadAction\",\"target\":[\"https:\\\/\\\/www.p31noticias.com.br\\\/?p=26410\"]}]},{\"@type\":\"ImageObject\",\"inLanguage\":\"pt-BR\",\"@id\":\"https:\\\/\\\/www.p31noticias.com.br\\\/?p=26410#primaryimage\",\"url\":\"https:\\\/\\\/www.p31noticias.com.br\\\/wp-content\\\/uploads\\\/2022\\\/08\\\/tse_posse_moraes2-1.jpg\",\"contentUrl\":\"https:\\\/\\\/www.p31noticias.com.br\\\/wp-content\\\/uploads\\\/2022\\\/08\\\/tse_posse_moraes2-1.jpg\",\"width\":1170,\"height\":700,\"caption\":\"O ministro Alexandre de Moraes toma posse, na presid\u00eancia do Tribunal Superior Eleitoral (TSE)\"},{\"@type\":\"BreadcrumbList\",\"@id\":\"https:\\\/\\\/www.p31noticias.com.br\\\/?p=26410#breadcrumb\",\"itemListElement\":[{\"@type\":\"ListItem\",\"position\":1,\"name\":\"In\u00edcio\",\"item\":\"https:\\\/\\\/www.p31noticias.com.br\\\/\"},{\"@type\":\"ListItem\",\"position\":2,\"name\":\"Moraes defende democracia e sistema eleitoral em discurso de posse.\"}]},{\"@type\":\"WebSite\",\"@id\":\"https:\\\/\\\/www.p31noticias.com.br\\\/#website\",\"url\":\"https:\\\/\\\/www.p31noticias.com.br\\\/\",\"name\":\"P31\",\"description\":\"NOT\u00cdCIAS\",\"potentialAction\":[{\"@type\":\"SearchAction\",\"target\":{\"@type\":\"EntryPoint\",\"urlTemplate\":\"https:\\\/\\\/www.p31noticias.com.br\\\/?s={search_term_string}\"},\"query-input\":{\"@type\":\"PropertyValueSpecification\",\"valueRequired\":true,\"valueName\":\"search_term_string\"}}],\"inLanguage\":\"pt-BR\"},{\"@type\":\"Person\",\"@id\":\"https:\\\/\\\/www.p31noticias.com.br\\\/#\\\/schema\\\/person\\\/95f2ece30e3b4132065b915150cd0f94\",\"name\":\"Gon\u00e7alves Junior\",\"image\":{\"@type\":\"ImageObject\",\"inLanguage\":\"pt-BR\",\"@id\":\"https:\\\/\\\/secure.gravatar.com\\\/avatar\\\/6711f350116a89762687a48d66f723c799e5438a5b7578508d4294cd7a5d0800?s=96&d=mm&r=g\",\"url\":\"https:\\\/\\\/secure.gravatar.com\\\/avatar\\\/6711f350116a89762687a48d66f723c799e5438a5b7578508d4294cd7a5d0800?s=96&d=mm&r=g\",\"contentUrl\":\"https:\\\/\\\/secure.gravatar.com\\\/avatar\\\/6711f350116a89762687a48d66f723c799e5438a5b7578508d4294cd7a5d0800?s=96&d=mm&r=g\",\"caption\":\"Gon\u00e7alves Junior\"},\"url\":\"https:\\\/\\\/www.p31noticias.com.br\\\/?author=2\"}]}<\/script>\n<!-- \/ Yoast SEO Premium plugin. -->","yoast_head_json":{"title":"Moraes defende democracia e sistema eleitoral em discurso de posse. - P31","robots":{"index":"index","follow":"follow","max-snippet":"max-snippet:-1","max-image-preview":"max-image-preview:large","max-video-preview":"max-video-preview:-1"},"canonical":"https:\/\/www.p31noticias.com.br\/?p=26410","og_locale":"pt_BR","og_type":"article","og_title":"Moraes defende democracia e sistema eleitoral em discurso de posse.","og_description":"Ministro assumiu a presid\u00eancia do TSE. O presidente do Tribunal Superior Eleitoral (TSE), ministro Alexandre de Moraes, defendeu hoje (16) a democracia e o sistema eleitoral durante discurso de posse.\u00a0 No in\u00edcio da noite, Moraes assumiu a presid\u00eancia do TSE, sucedendo o ministro Edson Fachin, para cumprir mandato de dois anos. O novo vice-presidente \u00e9 [&hellip;]","og_url":"https:\/\/www.p31noticias.com.br\/?p=26410","og_site_name":"P31","article_published_time":"2022-08-17T01:30:47+00:00","og_image":[{"width":1170,"height":700,"url":"https:\/\/www.p31noticias.com.br\/wp-content\/uploads\/2022\/08\/tse_posse_moraes2-1.jpg","type":"image\/jpeg"}],"author":"Gon\u00e7alves Junior","twitter_card":"summary_large_image","twitter_misc":{"Escrito por":"Gon\u00e7alves Junior","Est. tempo de leitura":"3 minutos"},"schema":{"@context":"https:\/\/schema.org","@graph":[{"@type":"Article","@id":"https:\/\/www.p31noticias.com.br\/?p=26410#article","isPartOf":{"@id":"https:\/\/www.p31noticias.com.br\/?p=26410"},"author":{"name":"Gon\u00e7alves Junior","@id":"https:\/\/www.p31noticias.com.br\/#\/schema\/person\/95f2ece30e3b4132065b915150cd0f94"},"headline":"Moraes defende democracia e sistema eleitoral em discurso de posse.","datePublished":"2022-08-17T01:30:47+00:00","mainEntityOfPage":{"@id":"https:\/\/www.p31noticias.com.br\/?p=26410"},"wordCount":583,"commentCount":0,"image":{"@id":"https:\/\/www.p31noticias.com.br\/?p=26410#primaryimage"},"thumbnailUrl":"https:\/\/www.p31noticias.com.br\/wp-content\/uploads\/2022\/08\/tse_posse_moraes2-1.jpg","articleSection":["Pol\u00edtica"],"inLanguage":"pt-BR","potentialAction":[{"@type":"CommentAction","name":"Comment","target":["https:\/\/www.p31noticias.com.br\/?p=26410#respond"]}],"copyrightYear":"2022","copyrightHolder":{"@id":"https:\/\/www.p31noticias.com.br\/#organization"}},{"@type":"WebPage","@id":"https:\/\/www.p31noticias.com.br\/?p=26410","url":"https:\/\/www.p31noticias.com.br\/?p=26410","name":"Moraes defende democracia e sistema eleitoral em discurso de posse. - P31","isPartOf":{"@id":"https:\/\/www.p31noticias.com.br\/#website"},"primaryImageOfPage":{"@id":"https:\/\/www.p31noticias.com.br\/?p=26410#primaryimage"},"image":{"@id":"https:\/\/www.p31noticias.com.br\/?p=26410#primaryimage"},"thumbnailUrl":"https:\/\/www.p31noticias.com.br\/wp-content\/uploads\/2022\/08\/tse_posse_moraes2-1.jpg","datePublished":"2022-08-17T01:30:47+00:00","author":{"@id":"https:\/\/www.p31noticias.com.br\/#\/schema\/person\/95f2ece30e3b4132065b915150cd0f94"},"breadcrumb":{"@id":"https:\/\/www.p31noticias.com.br\/?p=26410#breadcrumb"},"inLanguage":"pt-BR","potentialAction":[{"@type":"ReadAction","target":["https:\/\/www.p31noticias.com.br\/?p=26410"]}]},{"@type":"ImageObject","inLanguage":"pt-BR","@id":"https:\/\/www.p31noticias.com.br\/?p=26410#primaryimage","url":"https:\/\/www.p31noticias.com.br\/wp-content\/uploads\/2022\/08\/tse_posse_moraes2-1.jpg","contentUrl":"https:\/\/www.p31noticias.com.br\/wp-content\/uploads\/2022\/08\/tse_posse_moraes2-1.jpg","width":1170,"height":700,"caption":"O ministro Alexandre de Moraes toma posse, na presid\u00eancia do Tribunal Superior Eleitoral (TSE)"},{"@type":"BreadcrumbList","@id":"https:\/\/www.p31noticias.com.br\/?p=26410#breadcrumb","itemListElement":[{"@type":"ListItem","position":1,"name":"In\u00edcio","item":"https:\/\/www.p31noticias.com.br\/"},{"@type":"ListItem","position":2,"name":"Moraes defende democracia e sistema eleitoral em discurso de posse."}]},{"@type":"WebSite","@id":"https:\/\/www.p31noticias.com.br\/#website","url":"https:\/\/www.p31noticias.com.br\/","name":"P31","description":"NOT\u00cdCIAS","potentialAction":[{"@type":"SearchAction","target":{"@type":"EntryPoint","urlTemplate":"https:\/\/www.p31noticias.com.br\/?s={search_term_string}"},"query-input":{"@type":"PropertyValueSpecification","valueRequired":true,"valueName":"search_term_string"}}],"inLanguage":"pt-BR"},{"@type":"Person","@id":"https:\/\/www.p31noticias.com.br\/#\/schema\/person\/95f2ece30e3b4132065b915150cd0f94","name":"Gon\u00e7alves Junior","image":{"@type":"ImageObject","inLanguage":"pt-BR","@id":"https:\/\/secure.gravatar.com\/avatar\/6711f350116a89762687a48d66f723c799e5438a5b7578508d4294cd7a5d0800?s=96&d=mm&r=g","url":"https:\/\/secure.gravatar.com\/avatar\/6711f350116a89762687a48d66f723c799e5438a5b7578508d4294cd7a5d0800?s=96&d=mm&r=g","contentUrl":"https:\/\/secure.gravatar.com\/avatar\/6711f350116a89762687a48d66f723c799e5438a5b7578508d4294cd7a5d0800?s=96&d=mm&r=g","caption":"Gon\u00e7alves Junior"},"url":"https:\/\/www.p31noticias.com.br\/?author=2"}]}},"amp_enabled":true,"_links":{"self":[{"href":"https:\/\/www.p31noticias.com.br\/index.php?rest_route=\/wp\/v2\/posts\/26410","targetHints":{"allow":["GET"]}}],"collection":[{"href":"https:\/\/www.p31noticias.com.br\/index.php?rest_route=\/wp\/v2\/posts"}],"about":[{"href":"https:\/\/www.p31noticias.com.br\/index.php?rest_route=\/wp\/v2\/types\/post"}],"author":[{"embeddable":true,"href":"https:\/\/www.p31noticias.com.br\/index.php?rest_route=\/wp\/v2\/users\/2"}],"replies":[{"embeddable":true,"href":"https:\/\/www.p31noticias.com.br\/index.php?rest_route=%2Fwp%2Fv2%2Fcomments&post=26410"}],"version-history":[{"count":1,"href":"https:\/\/www.p31noticias.com.br\/index.php?rest_route=\/wp\/v2\/posts\/26410\/revisions"}],"predecessor-version":[{"id":26412,"href":"https:\/\/www.p31noticias.com.br\/index.php?rest_route=\/wp\/v2\/posts\/26410\/revisions\/26412"}],"wp:featuredmedia":[{"embeddable":true,"href":"https:\/\/www.p31noticias.com.br\/index.php?rest_route=\/wp\/v2\/media\/26411"}],"wp:attachment":[{"href":"https:\/\/www.p31noticias.com.br\/index.php?rest_route=%2Fwp%2Fv2%2Fmedia&parent=26410"}],"wp:term":[{"taxonomy":"category","embeddable":true,"href":"https:\/\/www.p31noticias.com.br\/index.php?rest_route=%2Fwp%2Fv2%2Fcategories&post=26410"},{"taxonomy":"post_tag","embeddable":true,"href":"https:\/\/www.p31noticias.com.br\/index.php?rest_route=%2Fwp%2Fv2%2Ftags&post=26410"}],"curies":[{"name":"wp","href":"https:\/\/api.w.org\/{rel}","templated":true}]}}