{"id":26407,"date":"2022-08-16T22:19:02","date_gmt":"2022-08-17T01:19:02","guid":{"rendered":"https:\/\/p31noticias.com.br\/?p=26407"},"modified":"2022-08-16T22:19:56","modified_gmt":"2022-08-17T01:19:56","slug":"dolar-sobe-para-r-514-em-meio-a-preocupacoes-com-china","status":"publish","type":"post","link":"https:\/\/www.p31noticias.com.br\/?p=26407","title":{"rendered":"D\u00f3lar sobe para R$ 5,14, em meio a preocupa\u00e7\u00f5es com China."},"content":{"rendered":"<h3 class=\"col-10 offset-1 animated fadeInDown dealy-900 display-8 display-md-8 alt-font font-italic my-1 text-center\" style=\"text-align: justify;\"><em><strong>Bolsa de valores alterna altas e baixas, mas fecha com alta de 0,43%.<\/strong><\/em><\/h3>\n<p style=\"text-align: justify;\">As preocupa\u00e7\u00f5es com a desacelera\u00e7\u00e3o da economia chinesa e os receios de recess\u00e3o nos Estados Unidos voltaram a pesar no mercado nesta ter\u00e7a-feira (16). Ap\u00f3s passar dois dias abaixo de R$ 5,10, o d\u00f3lar subiu. A press\u00e3o, no entanto, n\u00e3o afetou a bolsa de valores, que obteve a terceira alta consecutiva.<\/p>\n<p style=\"text-align: justify;\">O d\u00f3lar comercial encerrou esta ter\u00e7a vendido a R$ 5,141, com valoriza\u00e7\u00e3o de R$ 0,049 (+0,96%). A cota\u00e7\u00e3o operou em alta durante toda a sess\u00e3o. Na m\u00e1xima do dia, por volta das 14h30, chegou a R$ 5,15.<\/p>\n<p style=\"text-align: justify;\">Apesar da alta de hoje, o d\u00f3lar acumula queda de 0,73% em agosto. Em 2022, o recuo chega a 7,8%.<\/p>\n<p style=\"text-align: justify;\">O mercado de a\u00e7\u00f5es resistiu \u00e0s press\u00f5es externas. O \u00edndice Ibovespa, da B3, fechou aos 113.512 pontos, com alta de 0,43%. O indicador alternou altas e baixas, mas firmou a tend\u00eancia de alta perto do fim da sess\u00e3o, impulsionado por a\u00e7\u00f5es de mineradoras, que se recuperaram da queda de ontem.<\/p>\n<p style=\"text-align: justify;\">Desde ontem (15), o mercado financeiro global est\u00e1 sob tens\u00e3o por causa da divulga\u00e7\u00e3o de dados econ\u00f4micos que comprovam a desacelera\u00e7\u00e3o da economia chinesa. O pa\u00eds asi\u00e1tico atravessa uma crise imobili\u00e1ria e \u00e9 afetado pela pol\u00edtica de covid zero. A fraqueza no desempenho da China atinge principalmente pa\u00edses exportadores de\u00a0<em>commodities<\/em>\u00a0(bens prim\u00e1rios com cota\u00e7\u00e3o internacional), como o Brasil.<\/p>\n<p style=\"text-align: justify;\">O d\u00f3lar tamb\u00e9m foi pressionado pelos temores de recess\u00e3o nos Estados Unidos. Parte dos investidores aproveitou as quedas recentes para comprar a moeda norte-americana. No Brasil, o in\u00edcio da campanha eleitoral tamb\u00e9m afetou as opera\u00e7\u00f5es do mercado, aumentando a volatilidade durante a sess\u00e3o.<\/p>\n<p style=\"text-align: justify;\"><em>*Com informa\u00e7\u00f5es da Reuters<\/em><img decoding=\"async\" src=\"https:\/\/agenciabrasil.ebc.com.br\/ebc.png?id=1476948&amp;o=node\" \/><\/p>\n","protected":false},"excerpt":{"rendered":"<p>Bolsa de valores alterna altas e baixas, mas fecha com alta de 0,43%. As preocupa\u00e7\u00f5es com a desacelera\u00e7\u00e3o da economia chinesa e os receios de recess\u00e3o nos Estados Unidos voltaram a pesar no mercado nesta ter\u00e7a-feira (16). Ap\u00f3s passar dois dias abaixo de R$ 5,10, o d\u00f3lar subiu. A press\u00e3o, no entanto, n\u00e3o afetou a [&hellip;]<\/p>\n","protected":false},"author":2,"featured_media":26409,"comment_status":"open","ping_status":"open","sticky":false,"template":"","format":"standard","meta":{"footnotes":""},"categories":[637],"tags":[],"class_list":{"0":"post-26407","1":"post","2":"type-post","3":"status-publish","4":"format-standard","5":"has-post-thumbnail","7":"category-economia"},"yoast_head":"<!-- This site is optimized with the Yoast SEO Premium plugin v24.5 (Yoast SEO v27.5) - https:\/\/yoast.com\/product\/yoast-seo-premium-wordpress\/ -->\n<title>D\u00f3lar sobe para R$ 5,14, em meio a preocupa\u00e7\u00f5es com China. - P31<\/title>\n<meta name=\"robots\" content=\"index, follow, max-snippet:-1, max-image-preview:large, max-video-preview:-1\" \/>\n<link rel=\"canonical\" href=\"https:\/\/www.p31noticias.com.br\/?p=26407\" \/>\n<meta property=\"og:locale\" content=\"pt_BR\" \/>\n<meta property=\"og:type\" content=\"article\" \/>\n<meta property=\"og:title\" content=\"D\u00f3lar sobe para R$ 5,14, em meio a preocupa\u00e7\u00f5es com China.\" \/>\n<meta property=\"og:description\" content=\"Bolsa de valores alterna altas e baixas, mas fecha com alta de 0,43%. As preocupa\u00e7\u00f5es com a desacelera\u00e7\u00e3o da economia chinesa e os receios de recess\u00e3o nos Estados Unidos voltaram a pesar no mercado nesta ter\u00e7a-feira (16). Ap\u00f3s passar dois dias abaixo de R$ 5,10, o d\u00f3lar subiu. A press\u00e3o, no entanto, n\u00e3o afetou a [&hellip;]\" \/>\n<meta property=\"og:url\" content=\"https:\/\/www.p31noticias.com.br\/?p=26407\" \/>\n<meta property=\"og:site_name\" content=\"P31\" \/>\n<meta property=\"article:published_time\" content=\"2022-08-17T01:19:02+00:00\" \/>\n<meta property=\"article:modified_time\" content=\"2022-08-17T01:19:56+00:00\" \/>\n<meta property=\"og:image\" content=\"https:\/\/www.p31noticias.com.br\/wp-content\/uploads\/2022\/08\/2020-06-08t201234z_1_lynxmpeg571qz_rtroptp_4_mideast-iran-usa-1.jpg\" \/>\n\t<meta property=\"og:image:width\" content=\"1170\" \/>\n\t<meta property=\"og:image:height\" content=\"700\" \/>\n\t<meta property=\"og:image:type\" content=\"image\/jpeg\" \/>\n<meta name=\"author\" content=\"Gon\u00e7alves Junior\" \/>\n<meta name=\"twitter:card\" content=\"summary_large_image\" \/>\n<meta name=\"twitter:label1\" content=\"Escrito por\" \/>\n\t<meta name=\"twitter:data1\" content=\"Gon\u00e7alves Junior\" \/>\n\t<meta name=\"twitter:label2\" content=\"Est. tempo de leitura\" \/>\n\t<meta name=\"twitter:data2\" content=\"2 minutos\" \/>\n<script type=\"application\/ld+json\" class=\"yoast-schema-graph\">{\"@context\":\"https:\\\/\\\/schema.org\",\"@graph\":[{\"@type\":\"Article\",\"@id\":\"https:\\\/\\\/www.p31noticias.com.br\\\/?p=26407#article\",\"isPartOf\":{\"@id\":\"https:\\\/\\\/www.p31noticias.com.br\\\/?p=26407\"},\"author\":{\"name\":\"Gon\u00e7alves Junior\",\"@id\":\"https:\\\/\\\/www.p31noticias.com.br\\\/#\\\/schema\\\/person\\\/95f2ece30e3b4132065b915150cd0f94\"},\"headline\":\"D\u00f3lar sobe para R$ 5,14, em meio a preocupa\u00e7\u00f5es com China.\",\"datePublished\":\"2022-08-17T01:19:02+00:00\",\"dateModified\":\"2022-08-17T01:19:56+00:00\",\"mainEntityOfPage\":{\"@id\":\"https:\\\/\\\/www.p31noticias.com.br\\\/?p=26407\"},\"wordCount\":314,\"commentCount\":0,\"image\":{\"@id\":\"https:\\\/\\\/www.p31noticias.com.br\\\/?p=26407#primaryimage\"},\"thumbnailUrl\":\"https:\\\/\\\/www.p31noticias.com.br\\\/wp-content\\\/uploads\\\/2022\\\/08\\\/2020-06-08t201234z_1_lynxmpeg571qz_rtroptp_4_mideast-iran-usa-1.jpg\",\"articleSection\":[\"Economia\"],\"inLanguage\":\"pt-BR\",\"potentialAction\":[{\"@type\":\"CommentAction\",\"name\":\"Comment\",\"target\":[\"https:\\\/\\\/www.p31noticias.com.br\\\/?p=26407#respond\"]}],\"copyrightYear\":\"2022\",\"copyrightHolder\":{\"@id\":\"https:\\\/\\\/www.p31noticias.com.br\\\/#organization\"}},{\"@type\":\"WebPage\",\"@id\":\"https:\\\/\\\/www.p31noticias.com.br\\\/?p=26407\",\"url\":\"https:\\\/\\\/www.p31noticias.com.br\\\/?p=26407\",\"name\":\"D\u00f3lar sobe para R$ 5,14, em meio a preocupa\u00e7\u00f5es com China. - P31\",\"isPartOf\":{\"@id\":\"https:\\\/\\\/www.p31noticias.com.br\\\/#website\"},\"primaryImageOfPage\":{\"@id\":\"https:\\\/\\\/www.p31noticias.com.br\\\/?p=26407#primaryimage\"},\"image\":{\"@id\":\"https:\\\/\\\/www.p31noticias.com.br\\\/?p=26407#primaryimage\"},\"thumbnailUrl\":\"https:\\\/\\\/www.p31noticias.com.br\\\/wp-content\\\/uploads\\\/2022\\\/08\\\/2020-06-08t201234z_1_lynxmpeg571qz_rtroptp_4_mideast-iran-usa-1.jpg\",\"datePublished\":\"2022-08-17T01:19:02+00:00\",\"dateModified\":\"2022-08-17T01:19:56+00:00\",\"author\":{\"@id\":\"https:\\\/\\\/www.p31noticias.com.br\\\/#\\\/schema\\\/person\\\/95f2ece30e3b4132065b915150cd0f94\"},\"breadcrumb\":{\"@id\":\"https:\\\/\\\/www.p31noticias.com.br\\\/?p=26407#breadcrumb\"},\"inLanguage\":\"pt-BR\",\"potentialAction\":[{\"@type\":\"ReadAction\",\"target\":[\"https:\\\/\\\/www.p31noticias.com.br\\\/?p=26407\"]}]},{\"@type\":\"ImageObject\",\"inLanguage\":\"pt-BR\",\"@id\":\"https:\\\/\\\/www.p31noticias.com.br\\\/?p=26407#primaryimage\",\"url\":\"https:\\\/\\\/www.p31noticias.com.br\\\/wp-content\\\/uploads\\\/2022\\\/08\\\/2020-06-08t201234z_1_lynxmpeg571qz_rtroptp_4_mideast-iran-usa-1.jpg\",\"contentUrl\":\"https:\\\/\\\/www.p31noticias.com.br\\\/wp-content\\\/uploads\\\/2022\\\/08\\\/2020-06-08t201234z_1_lynxmpeg571qz_rtroptp_4_mideast-iran-usa-1.jpg\",\"width\":1170,\"height\":700},{\"@type\":\"BreadcrumbList\",\"@id\":\"https:\\\/\\\/www.p31noticias.com.br\\\/?p=26407#breadcrumb\",\"itemListElement\":[{\"@type\":\"ListItem\",\"position\":1,\"name\":\"In\u00edcio\",\"item\":\"https:\\\/\\\/www.p31noticias.com.br\\\/\"},{\"@type\":\"ListItem\",\"position\":2,\"name\":\"D\u00f3lar sobe para R$ 5,14, em meio a preocupa\u00e7\u00f5es com China.\"}]},{\"@type\":\"WebSite\",\"@id\":\"https:\\\/\\\/www.p31noticias.com.br\\\/#website\",\"url\":\"https:\\\/\\\/www.p31noticias.com.br\\\/\",\"name\":\"P31\",\"description\":\"NOT\u00cdCIAS\",\"potentialAction\":[{\"@type\":\"SearchAction\",\"target\":{\"@type\":\"EntryPoint\",\"urlTemplate\":\"https:\\\/\\\/www.p31noticias.com.br\\\/?s={search_term_string}\"},\"query-input\":{\"@type\":\"PropertyValueSpecification\",\"valueRequired\":true,\"valueName\":\"search_term_string\"}}],\"inLanguage\":\"pt-BR\"},{\"@type\":\"Person\",\"@id\":\"https:\\\/\\\/www.p31noticias.com.br\\\/#\\\/schema\\\/person\\\/95f2ece30e3b4132065b915150cd0f94\",\"name\":\"Gon\u00e7alves Junior\",\"image\":{\"@type\":\"ImageObject\",\"inLanguage\":\"pt-BR\",\"@id\":\"https:\\\/\\\/secure.gravatar.com\\\/avatar\\\/6711f350116a89762687a48d66f723c799e5438a5b7578508d4294cd7a5d0800?s=96&d=mm&r=g\",\"url\":\"https:\\\/\\\/secure.gravatar.com\\\/avatar\\\/6711f350116a89762687a48d66f723c799e5438a5b7578508d4294cd7a5d0800?s=96&d=mm&r=g\",\"contentUrl\":\"https:\\\/\\\/secure.gravatar.com\\\/avatar\\\/6711f350116a89762687a48d66f723c799e5438a5b7578508d4294cd7a5d0800?s=96&d=mm&r=g\",\"caption\":\"Gon\u00e7alves Junior\"},\"url\":\"https:\\\/\\\/www.p31noticias.com.br\\\/?author=2\"}]}<\/script>\n<!-- \/ Yoast SEO Premium plugin. -->","yoast_head_json":{"title":"D\u00f3lar sobe para R$ 5,14, em meio a preocupa\u00e7\u00f5es com China. - P31","robots":{"index":"index","follow":"follow","max-snippet":"max-snippet:-1","max-image-preview":"max-image-preview:large","max-video-preview":"max-video-preview:-1"},"canonical":"https:\/\/www.p31noticias.com.br\/?p=26407","og_locale":"pt_BR","og_type":"article","og_title":"D\u00f3lar sobe para R$ 5,14, em meio a preocupa\u00e7\u00f5es com China.","og_description":"Bolsa de valores alterna altas e baixas, mas fecha com alta de 0,43%. As preocupa\u00e7\u00f5es com a desacelera\u00e7\u00e3o da economia chinesa e os receios de recess\u00e3o nos Estados Unidos voltaram a pesar no mercado nesta ter\u00e7a-feira (16). Ap\u00f3s passar dois dias abaixo de R$ 5,10, o d\u00f3lar subiu. A press\u00e3o, no entanto, n\u00e3o afetou a [&hellip;]","og_url":"https:\/\/www.p31noticias.com.br\/?p=26407","og_site_name":"P31","article_published_time":"2022-08-17T01:19:02+00:00","article_modified_time":"2022-08-17T01:19:56+00:00","og_image":[{"width":1170,"height":700,"url":"https:\/\/www.p31noticias.com.br\/wp-content\/uploads\/2022\/08\/2020-06-08t201234z_1_lynxmpeg571qz_rtroptp_4_mideast-iran-usa-1.jpg","type":"image\/jpeg"}],"author":"Gon\u00e7alves Junior","twitter_card":"summary_large_image","twitter_misc":{"Escrito por":"Gon\u00e7alves Junior","Est. tempo de leitura":"2 minutos"},"schema":{"@context":"https:\/\/schema.org","@graph":[{"@type":"Article","@id":"https:\/\/www.p31noticias.com.br\/?p=26407#article","isPartOf":{"@id":"https:\/\/www.p31noticias.com.br\/?p=26407"},"author":{"name":"Gon\u00e7alves Junior","@id":"https:\/\/www.p31noticias.com.br\/#\/schema\/person\/95f2ece30e3b4132065b915150cd0f94"},"headline":"D\u00f3lar sobe para R$ 5,14, em meio a preocupa\u00e7\u00f5es com China.","datePublished":"2022-08-17T01:19:02+00:00","dateModified":"2022-08-17T01:19:56+00:00","mainEntityOfPage":{"@id":"https:\/\/www.p31noticias.com.br\/?p=26407"},"wordCount":314,"commentCount":0,"image":{"@id":"https:\/\/www.p31noticias.com.br\/?p=26407#primaryimage"},"thumbnailUrl":"https:\/\/www.p31noticias.com.br\/wp-content\/uploads\/2022\/08\/2020-06-08t201234z_1_lynxmpeg571qz_rtroptp_4_mideast-iran-usa-1.jpg","articleSection":["Economia"],"inLanguage":"pt-BR","potentialAction":[{"@type":"CommentAction","name":"Comment","target":["https:\/\/www.p31noticias.com.br\/?p=26407#respond"]}],"copyrightYear":"2022","copyrightHolder":{"@id":"https:\/\/www.p31noticias.com.br\/#organization"}},{"@type":"WebPage","@id":"https:\/\/www.p31noticias.com.br\/?p=26407","url":"https:\/\/www.p31noticias.com.br\/?p=26407","name":"D\u00f3lar sobe para R$ 5,14, em meio a preocupa\u00e7\u00f5es com China. - P31","isPartOf":{"@id":"https:\/\/www.p31noticias.com.br\/#website"},"primaryImageOfPage":{"@id":"https:\/\/www.p31noticias.com.br\/?p=26407#primaryimage"},"image":{"@id":"https:\/\/www.p31noticias.com.br\/?p=26407#primaryimage"},"thumbnailUrl":"https:\/\/www.p31noticias.com.br\/wp-content\/uploads\/2022\/08\/2020-06-08t201234z_1_lynxmpeg571qz_rtroptp_4_mideast-iran-usa-1.jpg","datePublished":"2022-08-17T01:19:02+00:00","dateModified":"2022-08-17T01:19:56+00:00","author":{"@id":"https:\/\/www.p31noticias.com.br\/#\/schema\/person\/95f2ece30e3b4132065b915150cd0f94"},"breadcrumb":{"@id":"https:\/\/www.p31noticias.com.br\/?p=26407#breadcrumb"},"inLanguage":"pt-BR","potentialAction":[{"@type":"ReadAction","target":["https:\/\/www.p31noticias.com.br\/?p=26407"]}]},{"@type":"ImageObject","inLanguage":"pt-BR","@id":"https:\/\/www.p31noticias.com.br\/?p=26407#primaryimage","url":"https:\/\/www.p31noticias.com.br\/wp-content\/uploads\/2022\/08\/2020-06-08t201234z_1_lynxmpeg571qz_rtroptp_4_mideast-iran-usa-1.jpg","contentUrl":"https:\/\/www.p31noticias.com.br\/wp-content\/uploads\/2022\/08\/2020-06-08t201234z_1_lynxmpeg571qz_rtroptp_4_mideast-iran-usa-1.jpg","width":1170,"height":700},{"@type":"BreadcrumbList","@id":"https:\/\/www.p31noticias.com.br\/?p=26407#breadcrumb","itemListElement":[{"@type":"ListItem","position":1,"name":"In\u00edcio","item":"https:\/\/www.p31noticias.com.br\/"},{"@type":"ListItem","position":2,"name":"D\u00f3lar sobe para R$ 5,14, em meio a preocupa\u00e7\u00f5es com China."}]},{"@type":"WebSite","@id":"https:\/\/www.p31noticias.com.br\/#website","url":"https:\/\/www.p31noticias.com.br\/","name":"P31","description":"NOT\u00cdCIAS","potentialAction":[{"@type":"SearchAction","target":{"@type":"EntryPoint","urlTemplate":"https:\/\/www.p31noticias.com.br\/?s={search_term_string}"},"query-input":{"@type":"PropertyValueSpecification","valueRequired":true,"valueName":"search_term_string"}}],"inLanguage":"pt-BR"},{"@type":"Person","@id":"https:\/\/www.p31noticias.com.br\/#\/schema\/person\/95f2ece30e3b4132065b915150cd0f94","name":"Gon\u00e7alves Junior","image":{"@type":"ImageObject","inLanguage":"pt-BR","@id":"https:\/\/secure.gravatar.com\/avatar\/6711f350116a89762687a48d66f723c799e5438a5b7578508d4294cd7a5d0800?s=96&d=mm&r=g","url":"https:\/\/secure.gravatar.com\/avatar\/6711f350116a89762687a48d66f723c799e5438a5b7578508d4294cd7a5d0800?s=96&d=mm&r=g","contentUrl":"https:\/\/secure.gravatar.com\/avatar\/6711f350116a89762687a48d66f723c799e5438a5b7578508d4294cd7a5d0800?s=96&d=mm&r=g","caption":"Gon\u00e7alves Junior"},"url":"https:\/\/www.p31noticias.com.br\/?author=2"}]}},"amp_enabled":true,"_links":{"self":[{"href":"https:\/\/www.p31noticias.com.br\/index.php?rest_route=\/wp\/v2\/posts\/26407","targetHints":{"allow":["GET"]}}],"collection":[{"href":"https:\/\/www.p31noticias.com.br\/index.php?rest_route=\/wp\/v2\/posts"}],"about":[{"href":"https:\/\/www.p31noticias.com.br\/index.php?rest_route=\/wp\/v2\/types\/post"}],"author":[{"embeddable":true,"href":"https:\/\/www.p31noticias.com.br\/index.php?rest_route=\/wp\/v2\/users\/2"}],"replies":[{"embeddable":true,"href":"https:\/\/www.p31noticias.com.br\/index.php?rest_route=%2Fwp%2Fv2%2Fcomments&post=26407"}],"version-history":[{"count":1,"href":"https:\/\/www.p31noticias.com.br\/index.php?rest_route=\/wp\/v2\/posts\/26407\/revisions"}],"predecessor-version":[{"id":26408,"href":"https:\/\/www.p31noticias.com.br\/index.php?rest_route=\/wp\/v2\/posts\/26407\/revisions\/26408"}],"wp:featuredmedia":[{"embeddable":true,"href":"https:\/\/www.p31noticias.com.br\/index.php?rest_route=\/wp\/v2\/media\/26409"}],"wp:attachment":[{"href":"https:\/\/www.p31noticias.com.br\/index.php?rest_route=%2Fwp%2Fv2%2Fmedia&parent=26407"}],"wp:term":[{"taxonomy":"category","embeddable":true,"href":"https:\/\/www.p31noticias.com.br\/index.php?rest_route=%2Fwp%2Fv2%2Fcategories&post=26407"},{"taxonomy":"post_tag","embeddable":true,"href":"https:\/\/www.p31noticias.com.br\/index.php?rest_route=%2Fwp%2Fv2%2Ftags&post=26407"}],"curies":[{"name":"wp","href":"https:\/\/api.w.org\/{rel}","templated":true}]}}