{"id":26371,"date":"2022-08-06T14:39:42","date_gmt":"2022-08-06T17:39:42","guid":{"rendered":"https:\/\/p31noticias.com.br\/?p=26371"},"modified":"2022-08-06T14:39:42","modified_gmt":"2022-08-06T17:39:42","slug":"moraes-nega-pedido-da-pgr-para-arquivar-inquerito-contra-bolsonaro-por-vazamento-de-dados","status":"publish","type":"post","link":"https:\/\/www.p31noticias.com.br\/?p=26371","title":{"rendered":"Moraes nega pedido da PGR para arquivar inqu\u00e9rito contra Bolsonaro por vazamento de dados."},"content":{"rendered":"<p style=\"text-align: justify;\"><em><strong>Caso apura se o chefe do Executivo federal divulgou dados sigilosos de uma investiga\u00e7\u00e3o da Pol\u00edcia Federal sobre ataque hacker cometido contra o TSE nas elei\u00e7\u00f5es de 2018.<\/strong><\/em><\/p>\n<p style=\"text-align: justify;\">O ministro\u00a0<a href=\"https:\/\/jovempan.com.br\/tag\/alexandre-de-moraes\" target=\"_blank\" rel=\"noopener noreferrer\"><strong>Alexandre de Moraes<\/strong><\/a>, do Supremo Tribunal Federal (<a href=\"https:\/\/jovempan.com.br\/tag\/stf\" target=\"_blank\" rel=\"noopener noreferrer\"><strong>STF<\/strong><\/a>), negou o pedido da vice-procuradora-geral da Rep\u00fablica,\u00a0<a href=\"https:\/\/jovempan.com.br\/tag\/lindora-araujo\" target=\"_blank\" rel=\"noopener noreferrer\"><strong>Lind\u00f4ra Ara\u00fajo<\/strong><\/a>, que queria arquivar o inqu\u00e9rito contra o presidente\u00a0<a href=\"https:\/\/jovempan.com.br\/tag\/jair-bolsonaro\" target=\"_blank\" rel=\"noopener noreferrer\"><strong>Jair Bolsonaro<\/strong><\/a>\u00a0no qual ele \u00e9 investigado por um suposto vazamento de dados sigilosos. O caso apura se o chefe do Executivo federal divulgou, em 2021, um inqu\u00e9rito sigiloso da Pol\u00edcia Federal (<a href=\"https:\/\/jovempan.com.br\/tag\/policia-federal\" target=\"_blank\" rel=\"noopener noreferrer\"><strong>PF<\/strong><\/a>) sobre o ataque hacker contra o Tribunal Superior Eleitoral (<a href=\"https:\/\/jovempan.com.br\/tag\/tse\" target=\"_blank\" rel=\"noopener noreferrer\"><strong>TSE<\/strong><\/a>) nas elei\u00e7\u00f5es de 2018. \u201cN\u00e3o conhe\u00e7o dos pedidos de reconsidera\u00e7\u00e3o e impugna\u00e7\u00e3o da Procuradoria Geral da Republica, por impertinentes e intempestivos. Publique-se e intime-se. Bras\u00edlia, 5 de agosto de 2022\u201d, diz o trecho final da decis\u00e3o do magistrado. Na segunda-feira, 1\u00ba, Lind\u00f4ra afirmou que Moraes havia violado o sistema acusat\u00f3rio ao ordenar novas medidas de apura\u00e7\u00e3o, apesar de um pedido anterior de arquivamento da Procuradoria-Geral da Rep\u00fablica (PGR), feito pelo procurador-geral, Augusto Aras. \u201cInsta salientar que a viola\u00e7\u00e3o ao sistema acusat\u00f3rio no caso concreto revela-se ainda mais grave, j\u00e1 que a decis\u00e3o nula que decretou dilig\u00eancias investigativas ex officio foi prolatada ap\u00f3s a promo\u00e7\u00e3o de arquivamento pela Procuradoria-Geral da Rep\u00fablica que vincula o Poder Judici\u00e1rio, n\u00e3o podendo ser ignorada ou refutada como se verifica na esp\u00e9cie\u201d, escreveu Lind\u00f4ra. O recurso foi apresentado depois de o ministro Alexandre de Moraes mandar a PF concluir a an\u00e1lise dos dados do celular do ajudante de ordens de Bolsonaro, Mauro Barbosa Cid. Homem de confian\u00e7a do presidente, Cid teria participado da organiza\u00e7\u00e3o da live na qual o chefe do Executivo federal divulgou dados sobre a investiga\u00e7\u00e3o sobre o ataque ao TSE.<\/p>\n<p style=\"text-align: justify;\">Na decis\u00e3o desta sexta-feira, Moraes destacou que a legisla\u00e7\u00e3o possibilita \u201coutras hip\u00f3teses\u201d de investiga\u00e7\u00f5es pr\u00e9-processuais \u201csem a necessidade de qualquer autoriza\u00e7\u00e3o\u201d do Minist\u00e9rio P\u00fablico Federal. \u201c\u00c0 luz do sistema jur\u00eddico-normativo brasileiro, diferentemente do alegado pela ilustre Vice-Procuradora Geral da Rep\u00fablica, n\u00e3o se confunde a fase pr\u00e9-processual (investigativa) com a titularidade da a\u00e7\u00e3o penal p\u00fablica, cuja promo\u00e7\u00e3o, nos termos constitucionais, \u00e9 privativa do Minist\u00e9rio P\u00fablico, que, como dominus litis, deve formar sua opinio delicti a partir das provas obtidas na investiga\u00e7\u00e3o; sem contudo possuir atribui\u00e7\u00e3o constitucional para obstar ou impedir a atividade da Pol\u00edcia Judici\u00e1ria\u201d, escreveu o magistrado. Em outro trecho, o ministro afirmou que em quatro oportunidades anteriores a vice-PGR se manifestou a favor de decis\u00f5es anteriores tomadas por ele sobre a necessidade de coleta de provas sobre o caso. \u201cEm quatro das cinco oportunidades de atua\u00e7\u00e3o do Minist\u00e9rio P\u00fablico, a Procuradoria Geral da Rep\u00fablica manifestou-se por meio da Dr. Lind\u00f4ra Maria Ara\u00fajo, Vice-Procuradora Geral da Rep\u00fablica, que, por meio de sua ci\u00eancia, concordou com as referidas decis\u00f5es, inexistindo a interposi\u00e7\u00e3o de qualquer pedido de reconsidera\u00e7\u00e3o, impugna\u00e7\u00e3o ou recurso no prazo processual adequado. A inusitada altera\u00e7\u00e3o de posicionamento da Procuradoria Geral da Rep\u00fablica, manifestada somente em 1\u00ba de agosto de 2022, n\u00e3o afasta a preclus\u00e3o temporal j\u00e1 ocorrida, pois n\u00e3o tem o cond\u00e3o de restituir o prazo processual para interposi\u00e7\u00e3o dos recursos no prazo legal\u201d.<\/p>\n<p style=\"text-align: justify;\"><a href=\"https:\/\/jovempan.com.br\/noticias\/politica\/pf-afirma-que-bolsonaro-cometeu-crime-ao-vazar-dados-sigilosos.html\" target=\"_blank\" rel=\"noopener noreferrer\"><strong>Como a Jovem Pan mostrou<\/strong><\/a>, em relat\u00f3rio de novembro do ano passado, a Pol\u00edcia Federal afirma que Bolsonaro teve \u201catua\u00e7\u00e3o direta, volunt\u00e1ria e consciente\u201d na pr\u00e1tica de crime de viola\u00e7\u00e3o de sigilo funcional. \u201cEste inqu\u00e9rito permitiu identificar a atua\u00e7\u00e3o direta e relevante do Exmo. Sr. Presidente da Rep\u00fablica Jair Messias Bolsonaro na promo\u00e7\u00e3o da a\u00e7\u00e3o de desinforma\u00e7\u00e3o, aderindo a um padr\u00e3o de atua\u00e7\u00e3o j\u00e1 empregado por integrantes de governos de outros pa\u00edses\u201d, escreveu a delegada Denisse Ribeiro. \u201cOs elementos colhidos apontam tamb\u00e9m para a atua\u00e7\u00e3o direta, volunt\u00e1ria e consciente de Filipe Barros Baptista de Toledo e de Jair Messias Bolsonaro na pr\u00e1tica do crime previsto no artigo 325, \u00a72\u00b0, c\/c 327, \u00a72\u00b0, do C\u00f3digo Penal brasileiro, considerando que, na condi\u00e7\u00e3o de funcion\u00e1rios p\u00fablicos, revelaram conte\u00fado de inqu\u00e9rito policial que deveria permanecer em segredo at\u00e9 o fim das dilig\u00eancias (S\u00famula nO 14 do STF), ao qual tiveram acesso em raz\u00e3o do cargo de deputado federal relator de uma comiss\u00e3o no Congresso e de presidente da rep\u00fablica, respectivamente, conforme hip\u00f3tese criminal at\u00e9 aqui corroborada\u201d, diz outro trecho do relat\u00f3rio. No documento, Ribeiro pediu o indiciamento do ajudante de ordens Mauro Cid pelo crime de viola\u00e7\u00e3o de sigilo funcional. \u201cDetermino: O indiciamento de MAURO CESAR BARBOSA CID pela pr\u00e1tica do crime previsto no artigo 325, \u00a72\u00b0, c\/c 327, \u00a72\u00b0, do C\u00f3digo Penal brasileiro, considerando que, na condi\u00e7\u00e3o de funcion\u00e1rio p\u00fablico, revelou conte\u00fado de inqu\u00e9rito policial que deveria permanecer em segredo at\u00e9 o fim das dilig\u00eancias (\u2026), ao qual teve acesso em raz\u00e3o do cargo de Chefe Militar da Ajud\u00e2ncia de Ordem da Presid\u00eancia da Rep\u00fablica, conforme hip\u00f3tese criminal at\u00e9 aqui corroborada\u201d. A delegada disse, \u00e0 \u00e9poca, que n\u00e3o pediu o indiciamento de Bolsonaro e do deputado Filipe Barros porque decis\u00f5es recentes do Supremo apontaram que pessoas com foro privilegiado s\u00f3 podem ser indiciadas mediante autoriza\u00e7\u00e3o pr\u00e9via da Corte.<\/p>\n<p>JP NEWS.<\/p>\n","protected":false},"excerpt":{"rendered":"<p>Caso apura se o chefe do Executivo federal divulgou dados sigilosos de uma investiga\u00e7\u00e3o da Pol\u00edcia Federal sobre ataque hacker cometido contra o TSE nas elei\u00e7\u00f5es de 2018. O ministro\u00a0Alexandre de Moraes, do Supremo Tribunal Federal (STF), negou o pedido da vice-procuradora-geral da Rep\u00fablica,\u00a0Lind\u00f4ra Ara\u00fajo, que queria arquivar o inqu\u00e9rito contra o presidente\u00a0Jair Bolsonaro\u00a0no qual [&hellip;]<\/p>\n","protected":false},"author":2,"featured_media":26372,"comment_status":"open","ping_status":"open","sticky":false,"template":"","format":"standard","meta":{"footnotes":""},"categories":[57],"tags":[],"class_list":{"0":"post-26371","1":"post","2":"type-post","3":"status-publish","4":"format-standard","5":"has-post-thumbnail","7":"category-politica"},"yoast_head":"<!-- This site is optimized with the Yoast SEO Premium plugin v24.5 (Yoast SEO v27.5) - https:\/\/yoast.com\/product\/yoast-seo-premium-wordpress\/ -->\n<title>Moraes nega pedido da PGR para arquivar inqu\u00e9rito contra Bolsonaro por vazamento de dados. - P31<\/title>\n<meta name=\"robots\" content=\"index, follow, max-snippet:-1, max-image-preview:large, max-video-preview:-1\" \/>\n<link rel=\"canonical\" href=\"https:\/\/www.p31noticias.com.br\/?p=26371\" \/>\n<meta property=\"og:locale\" content=\"pt_BR\" \/>\n<meta property=\"og:type\" content=\"article\" \/>\n<meta property=\"og:title\" content=\"Moraes nega pedido da PGR para arquivar inqu\u00e9rito contra Bolsonaro por vazamento de dados.\" \/>\n<meta property=\"og:description\" content=\"Caso apura se o chefe do Executivo federal divulgou dados sigilosos de uma investiga\u00e7\u00e3o da Pol\u00edcia Federal sobre ataque hacker cometido contra o TSE nas elei\u00e7\u00f5es de 2018. O ministro\u00a0Alexandre de Moraes, do Supremo Tribunal Federal (STF), negou o pedido da vice-procuradora-geral da Rep\u00fablica,\u00a0Lind\u00f4ra Ara\u00fajo, que queria arquivar o inqu\u00e9rito contra o presidente\u00a0Jair Bolsonaro\u00a0no qual [&hellip;]\" \/>\n<meta property=\"og:url\" content=\"https:\/\/www.p31noticias.com.br\/?p=26371\" \/>\n<meta property=\"og:site_name\" content=\"P31\" \/>\n<meta property=\"article:published_time\" content=\"2022-08-06T17:39:42+00:00\" \/>\n<meta property=\"og:image\" content=\"https:\/\/www.p31noticias.com.br\/wp-content\/uploads\/2022\/08\/alexandre-de-moraes-750x500-1.png\" \/>\n\t<meta property=\"og:image:width\" content=\"750\" \/>\n\t<meta property=\"og:image:height\" content=\"500\" \/>\n\t<meta property=\"og:image:type\" content=\"image\/png\" \/>\n<meta name=\"author\" content=\"Gon\u00e7alves Junior\" \/>\n<meta name=\"twitter:card\" content=\"summary_large_image\" \/>\n<meta name=\"twitter:label1\" content=\"Escrito por\" \/>\n\t<meta name=\"twitter:data1\" content=\"Gon\u00e7alves Junior\" \/>\n\t<meta name=\"twitter:label2\" content=\"Est. tempo de leitura\" \/>\n\t<meta name=\"twitter:data2\" content=\"5 minutos\" \/>\n<script type=\"application\/ld+json\" class=\"yoast-schema-graph\">{\"@context\":\"https:\\\/\\\/schema.org\",\"@graph\":[{\"@type\":\"Article\",\"@id\":\"https:\\\/\\\/www.p31noticias.com.br\\\/?p=26371#article\",\"isPartOf\":{\"@id\":\"https:\\\/\\\/www.p31noticias.com.br\\\/?p=26371\"},\"author\":{\"name\":\"Gon\u00e7alves Junior\",\"@id\":\"https:\\\/\\\/www.p31noticias.com.br\\\/#\\\/schema\\\/person\\\/95f2ece30e3b4132065b915150cd0f94\"},\"headline\":\"Moraes nega pedido da PGR para arquivar inqu\u00e9rito contra Bolsonaro por vazamento de dados.\",\"datePublished\":\"2022-08-06T17:39:42+00:00\",\"mainEntityOfPage\":{\"@id\":\"https:\\\/\\\/www.p31noticias.com.br\\\/?p=26371\"},\"wordCount\":938,\"commentCount\":0,\"image\":{\"@id\":\"https:\\\/\\\/www.p31noticias.com.br\\\/?p=26371#primaryimage\"},\"thumbnailUrl\":\"https:\\\/\\\/www.p31noticias.com.br\\\/wp-content\\\/uploads\\\/2022\\\/08\\\/alexandre-de-moraes-750x500-1.png\",\"articleSection\":[\"Pol\u00edtica\"],\"inLanguage\":\"pt-BR\",\"potentialAction\":[{\"@type\":\"CommentAction\",\"name\":\"Comment\",\"target\":[\"https:\\\/\\\/www.p31noticias.com.br\\\/?p=26371#respond\"]}],\"copyrightYear\":\"2022\",\"copyrightHolder\":{\"@id\":\"https:\\\/\\\/www.p31noticias.com.br\\\/#organization\"}},{\"@type\":\"WebPage\",\"@id\":\"https:\\\/\\\/www.p31noticias.com.br\\\/?p=26371\",\"url\":\"https:\\\/\\\/www.p31noticias.com.br\\\/?p=26371\",\"name\":\"Moraes nega pedido da PGR para arquivar inqu\u00e9rito contra Bolsonaro por vazamento de dados. - P31\",\"isPartOf\":{\"@id\":\"https:\\\/\\\/www.p31noticias.com.br\\\/#website\"},\"primaryImageOfPage\":{\"@id\":\"https:\\\/\\\/www.p31noticias.com.br\\\/?p=26371#primaryimage\"},\"image\":{\"@id\":\"https:\\\/\\\/www.p31noticias.com.br\\\/?p=26371#primaryimage\"},\"thumbnailUrl\":\"https:\\\/\\\/www.p31noticias.com.br\\\/wp-content\\\/uploads\\\/2022\\\/08\\\/alexandre-de-moraes-750x500-1.png\",\"datePublished\":\"2022-08-06T17:39:42+00:00\",\"author\":{\"@id\":\"https:\\\/\\\/www.p31noticias.com.br\\\/#\\\/schema\\\/person\\\/95f2ece30e3b4132065b915150cd0f94\"},\"breadcrumb\":{\"@id\":\"https:\\\/\\\/www.p31noticias.com.br\\\/?p=26371#breadcrumb\"},\"inLanguage\":\"pt-BR\",\"potentialAction\":[{\"@type\":\"ReadAction\",\"target\":[\"https:\\\/\\\/www.p31noticias.com.br\\\/?p=26371\"]}]},{\"@type\":\"ImageObject\",\"inLanguage\":\"pt-BR\",\"@id\":\"https:\\\/\\\/www.p31noticias.com.br\\\/?p=26371#primaryimage\",\"url\":\"https:\\\/\\\/www.p31noticias.com.br\\\/wp-content\\\/uploads\\\/2022\\\/08\\\/alexandre-de-moraes-750x500-1.png\",\"contentUrl\":\"https:\\\/\\\/www.p31noticias.com.br\\\/wp-content\\\/uploads\\\/2022\\\/08\\\/alexandre-de-moraes-750x500-1.png\",\"width\":750,\"height\":500},{\"@type\":\"BreadcrumbList\",\"@id\":\"https:\\\/\\\/www.p31noticias.com.br\\\/?p=26371#breadcrumb\",\"itemListElement\":[{\"@type\":\"ListItem\",\"position\":1,\"name\":\"In\u00edcio\",\"item\":\"https:\\\/\\\/www.p31noticias.com.br\\\/\"},{\"@type\":\"ListItem\",\"position\":2,\"name\":\"Moraes nega pedido da PGR para arquivar inqu\u00e9rito contra Bolsonaro por vazamento de dados.\"}]},{\"@type\":\"WebSite\",\"@id\":\"https:\\\/\\\/www.p31noticias.com.br\\\/#website\",\"url\":\"https:\\\/\\\/www.p31noticias.com.br\\\/\",\"name\":\"P31\",\"description\":\"NOT\u00cdCIAS\",\"potentialAction\":[{\"@type\":\"SearchAction\",\"target\":{\"@type\":\"EntryPoint\",\"urlTemplate\":\"https:\\\/\\\/www.p31noticias.com.br\\\/?s={search_term_string}\"},\"query-input\":{\"@type\":\"PropertyValueSpecification\",\"valueRequired\":true,\"valueName\":\"search_term_string\"}}],\"inLanguage\":\"pt-BR\"},{\"@type\":\"Person\",\"@id\":\"https:\\\/\\\/www.p31noticias.com.br\\\/#\\\/schema\\\/person\\\/95f2ece30e3b4132065b915150cd0f94\",\"name\":\"Gon\u00e7alves Junior\",\"image\":{\"@type\":\"ImageObject\",\"inLanguage\":\"pt-BR\",\"@id\":\"https:\\\/\\\/secure.gravatar.com\\\/avatar\\\/6711f350116a89762687a48d66f723c799e5438a5b7578508d4294cd7a5d0800?s=96&d=mm&r=g\",\"url\":\"https:\\\/\\\/secure.gravatar.com\\\/avatar\\\/6711f350116a89762687a48d66f723c799e5438a5b7578508d4294cd7a5d0800?s=96&d=mm&r=g\",\"contentUrl\":\"https:\\\/\\\/secure.gravatar.com\\\/avatar\\\/6711f350116a89762687a48d66f723c799e5438a5b7578508d4294cd7a5d0800?s=96&d=mm&r=g\",\"caption\":\"Gon\u00e7alves Junior\"},\"url\":\"https:\\\/\\\/www.p31noticias.com.br\\\/?author=2\"}]}<\/script>\n<!-- \/ Yoast SEO Premium plugin. -->","yoast_head_json":{"title":"Moraes nega pedido da PGR para arquivar inqu\u00e9rito contra Bolsonaro por vazamento de dados. - P31","robots":{"index":"index","follow":"follow","max-snippet":"max-snippet:-1","max-image-preview":"max-image-preview:large","max-video-preview":"max-video-preview:-1"},"canonical":"https:\/\/www.p31noticias.com.br\/?p=26371","og_locale":"pt_BR","og_type":"article","og_title":"Moraes nega pedido da PGR para arquivar inqu\u00e9rito contra Bolsonaro por vazamento de dados.","og_description":"Caso apura se o chefe do Executivo federal divulgou dados sigilosos de uma investiga\u00e7\u00e3o da Pol\u00edcia Federal sobre ataque hacker cometido contra o TSE nas elei\u00e7\u00f5es de 2018. O ministro\u00a0Alexandre de Moraes, do Supremo Tribunal Federal (STF), negou o pedido da vice-procuradora-geral da Rep\u00fablica,\u00a0Lind\u00f4ra Ara\u00fajo, que queria arquivar o inqu\u00e9rito contra o presidente\u00a0Jair Bolsonaro\u00a0no qual [&hellip;]","og_url":"https:\/\/www.p31noticias.com.br\/?p=26371","og_site_name":"P31","article_published_time":"2022-08-06T17:39:42+00:00","og_image":[{"width":750,"height":500,"url":"https:\/\/www.p31noticias.com.br\/wp-content\/uploads\/2022\/08\/alexandre-de-moraes-750x500-1.png","type":"image\/png"}],"author":"Gon\u00e7alves Junior","twitter_card":"summary_large_image","twitter_misc":{"Escrito por":"Gon\u00e7alves Junior","Est. tempo de leitura":"5 minutos"},"schema":{"@context":"https:\/\/schema.org","@graph":[{"@type":"Article","@id":"https:\/\/www.p31noticias.com.br\/?p=26371#article","isPartOf":{"@id":"https:\/\/www.p31noticias.com.br\/?p=26371"},"author":{"name":"Gon\u00e7alves Junior","@id":"https:\/\/www.p31noticias.com.br\/#\/schema\/person\/95f2ece30e3b4132065b915150cd0f94"},"headline":"Moraes nega pedido da PGR para arquivar inqu\u00e9rito contra Bolsonaro por vazamento de dados.","datePublished":"2022-08-06T17:39:42+00:00","mainEntityOfPage":{"@id":"https:\/\/www.p31noticias.com.br\/?p=26371"},"wordCount":938,"commentCount":0,"image":{"@id":"https:\/\/www.p31noticias.com.br\/?p=26371#primaryimage"},"thumbnailUrl":"https:\/\/www.p31noticias.com.br\/wp-content\/uploads\/2022\/08\/alexandre-de-moraes-750x500-1.png","articleSection":["Pol\u00edtica"],"inLanguage":"pt-BR","potentialAction":[{"@type":"CommentAction","name":"Comment","target":["https:\/\/www.p31noticias.com.br\/?p=26371#respond"]}],"copyrightYear":"2022","copyrightHolder":{"@id":"https:\/\/www.p31noticias.com.br\/#organization"}},{"@type":"WebPage","@id":"https:\/\/www.p31noticias.com.br\/?p=26371","url":"https:\/\/www.p31noticias.com.br\/?p=26371","name":"Moraes nega pedido da PGR para arquivar inqu\u00e9rito contra Bolsonaro por vazamento de dados. - P31","isPartOf":{"@id":"https:\/\/www.p31noticias.com.br\/#website"},"primaryImageOfPage":{"@id":"https:\/\/www.p31noticias.com.br\/?p=26371#primaryimage"},"image":{"@id":"https:\/\/www.p31noticias.com.br\/?p=26371#primaryimage"},"thumbnailUrl":"https:\/\/www.p31noticias.com.br\/wp-content\/uploads\/2022\/08\/alexandre-de-moraes-750x500-1.png","datePublished":"2022-08-06T17:39:42+00:00","author":{"@id":"https:\/\/www.p31noticias.com.br\/#\/schema\/person\/95f2ece30e3b4132065b915150cd0f94"},"breadcrumb":{"@id":"https:\/\/www.p31noticias.com.br\/?p=26371#breadcrumb"},"inLanguage":"pt-BR","potentialAction":[{"@type":"ReadAction","target":["https:\/\/www.p31noticias.com.br\/?p=26371"]}]},{"@type":"ImageObject","inLanguage":"pt-BR","@id":"https:\/\/www.p31noticias.com.br\/?p=26371#primaryimage","url":"https:\/\/www.p31noticias.com.br\/wp-content\/uploads\/2022\/08\/alexandre-de-moraes-750x500-1.png","contentUrl":"https:\/\/www.p31noticias.com.br\/wp-content\/uploads\/2022\/08\/alexandre-de-moraes-750x500-1.png","width":750,"height":500},{"@type":"BreadcrumbList","@id":"https:\/\/www.p31noticias.com.br\/?p=26371#breadcrumb","itemListElement":[{"@type":"ListItem","position":1,"name":"In\u00edcio","item":"https:\/\/www.p31noticias.com.br\/"},{"@type":"ListItem","position":2,"name":"Moraes nega pedido da PGR para arquivar inqu\u00e9rito contra Bolsonaro por vazamento de dados."}]},{"@type":"WebSite","@id":"https:\/\/www.p31noticias.com.br\/#website","url":"https:\/\/www.p31noticias.com.br\/","name":"P31","description":"NOT\u00cdCIAS","potentialAction":[{"@type":"SearchAction","target":{"@type":"EntryPoint","urlTemplate":"https:\/\/www.p31noticias.com.br\/?s={search_term_string}"},"query-input":{"@type":"PropertyValueSpecification","valueRequired":true,"valueName":"search_term_string"}}],"inLanguage":"pt-BR"},{"@type":"Person","@id":"https:\/\/www.p31noticias.com.br\/#\/schema\/person\/95f2ece30e3b4132065b915150cd0f94","name":"Gon\u00e7alves Junior","image":{"@type":"ImageObject","inLanguage":"pt-BR","@id":"https:\/\/secure.gravatar.com\/avatar\/6711f350116a89762687a48d66f723c799e5438a5b7578508d4294cd7a5d0800?s=96&d=mm&r=g","url":"https:\/\/secure.gravatar.com\/avatar\/6711f350116a89762687a48d66f723c799e5438a5b7578508d4294cd7a5d0800?s=96&d=mm&r=g","contentUrl":"https:\/\/secure.gravatar.com\/avatar\/6711f350116a89762687a48d66f723c799e5438a5b7578508d4294cd7a5d0800?s=96&d=mm&r=g","caption":"Gon\u00e7alves Junior"},"url":"https:\/\/www.p31noticias.com.br\/?author=2"}]}},"amp_enabled":true,"_links":{"self":[{"href":"https:\/\/www.p31noticias.com.br\/index.php?rest_route=\/wp\/v2\/posts\/26371","targetHints":{"allow":["GET"]}}],"collection":[{"href":"https:\/\/www.p31noticias.com.br\/index.php?rest_route=\/wp\/v2\/posts"}],"about":[{"href":"https:\/\/www.p31noticias.com.br\/index.php?rest_route=\/wp\/v2\/types\/post"}],"author":[{"embeddable":true,"href":"https:\/\/www.p31noticias.com.br\/index.php?rest_route=\/wp\/v2\/users\/2"}],"replies":[{"embeddable":true,"href":"https:\/\/www.p31noticias.com.br\/index.php?rest_route=%2Fwp%2Fv2%2Fcomments&post=26371"}],"version-history":[{"count":1,"href":"https:\/\/www.p31noticias.com.br\/index.php?rest_route=\/wp\/v2\/posts\/26371\/revisions"}],"predecessor-version":[{"id":26373,"href":"https:\/\/www.p31noticias.com.br\/index.php?rest_route=\/wp\/v2\/posts\/26371\/revisions\/26373"}],"wp:featuredmedia":[{"embeddable":true,"href":"https:\/\/www.p31noticias.com.br\/index.php?rest_route=\/wp\/v2\/media\/26372"}],"wp:attachment":[{"href":"https:\/\/www.p31noticias.com.br\/index.php?rest_route=%2Fwp%2Fv2%2Fmedia&parent=26371"}],"wp:term":[{"taxonomy":"category","embeddable":true,"href":"https:\/\/www.p31noticias.com.br\/index.php?rest_route=%2Fwp%2Fv2%2Fcategories&post=26371"},{"taxonomy":"post_tag","embeddable":true,"href":"https:\/\/www.p31noticias.com.br\/index.php?rest_route=%2Fwp%2Fv2%2Ftags&post=26371"}],"curies":[{"name":"wp","href":"https:\/\/api.w.org\/{rel}","templated":true}]}}