{"id":26359,"date":"2022-08-03T21:49:23","date_gmt":"2022-08-04T00:49:23","guid":{"rendered":"https:\/\/p31noticias.com.br\/?p=26359"},"modified":"2022-08-03T21:49:23","modified_gmt":"2022-08-04T00:49:23","slug":"fechada-com-ibaneis","status":"publish","type":"post","link":"https:\/\/www.p31noticias.com.br\/?p=26359","title":{"rendered":"Fechada com Ibaneis."},"content":{"rendered":"<p style=\"text-align: justify;\"><em><strong>Uma das apostas do PMN, partido que cogita ter candidato pr\u00f3prio ao GDF, a pr\u00e9-candidata a deputada distrital Renata D\u2019Aguiar declara apoio \u00e0 reelei\u00e7\u00e3o do governador.<\/strong><\/em><\/p>\n<p style=\"text-align: justify;\">Considerada nos bastidores da pol\u00edtica local como a principal aposta do Partido da Mobiliza\u00e7\u00e3o Nacional (PMN) para uma das 24 vagas na C\u00e2mara Legislativa do Distrito Federal nas elei\u00e7\u00f5es 2022, a auditora federal do Tesouro Nacional Renata D\u2019Aguiar declarou, nesta ter\u00e7a-feira (2) apoio \u00e0 reelei\u00e7\u00e3o do governador Ibaneis Rocha. Chama a aten\u00e7\u00e3o que, desde a semana passada, seu partido cogita lan\u00e7ar candidatura pr\u00f3pria ao Pal\u00e1cio do Buriti.<\/p>\n<p style=\"text-align: justify;\">\u201cSempre digo que Deus n\u00e3o une pessoas. Ele une prop\u00f3sitos. E, desde a elei\u00e7\u00e3o passada, eu havia firmado apoio ao governador Ibaneis. Vou manter nesse prop\u00f3sito e seguir com ele. Ele \u00e9 o melhor para o DF. E se \u00e9 o melhor para o DF mantenho meu apoio\u201d, explica.<\/p>\n<p style=\"text-align: justify;\">Por\u00e9m, quem pensa que essa decis\u00e3o causou mal estar partid\u00e1rio, se engana. Antes de fazer a declara\u00e7\u00e3o, Renata D\u2019Aguiar ligou diretamente para o presidente do PMN, Lucas Kontoyanis, para debater o tema. \u201cO Lucas e eu sempre tivemos uma \u00f3tima rela\u00e7\u00e3o e ele me deu o aval. Escolhi o PMN, pois, desde meu ato de filia\u00e7\u00e3o, ele havia falado que uma das premissas da legenda era a liberdade de opini\u00e3o\u201d, destaca a pr\u00e9-candidata.<\/p>\n<p style=\"text-align: justify;\">No s\u00e1bado passado, Renata D\u2019Aguiar reuniu cerca de 1,5 mil lideran\u00e7as na sede do PMN para estabelecer estrat\u00e9gias a serem abordadas. Uma das falas ao longo do encontro foi do pr\u00f3prio Lucas que, j\u00e1 naquela oportunidade, havia rasgado elogios \u00e0 correligion\u00e1ria.<\/p>\n<p style=\"text-align: justify;\">Destaca-se que nesse mesmo encontro, apelidado de \u2018Onda Roxa\u2019, em alus\u00e3o \u00e0s cores caracter\u00edsticas usadas pela auditora em suas roupas, tamb\u00e9m estava presente a deputada federal e pr\u00e9-candidata \u00e0 vice na chapa de Ibaneis, Celina Le\u00e3o (Progressistas), outra a n\u00e3o poupar coment\u00e1rios favor\u00e1veis, chegando a dizer que essa grande mulher est\u00e1 pronta. Ela tem conhecimento, for\u00e7a, coragem, compet\u00eancia e capacidade para assumir um posto na c\u00e2mara\u201d.<\/p>\n<p style=\"text-align: justify;\">Quem tamb\u00e9m dividiu palco com essas personalidades pol\u00edticas no fim de semana foi Rafael Prudente, presidente da C\u00e2mara Legislativa e filiado ao mesmo partido MDB do governador.<\/p>\n<p style=\"text-align: justify;\">Fatores que j\u00e1 caracterizam um pren\u00fancio da decis\u00e3o de Renata D\u2019Aguiar e com o aparente aval de Kontoyanis.<\/p>\n<p style=\"text-align: justify;\">Outra fato que tamb\u00e9m chamou a aten\u00e7\u00e3o foi que, na noite desta ter\u00e7a-feira, Renata participou de evento no Man\u00e9 Garrincha com lideran\u00e7as empresariado , o qual tamb\u00e9m teria a presen\u00e7a do chefe do Executivo, que acabou n\u00e3o podendo comparecer. Por\u00e9m, com a presen\u00e7a de Celina Le\u00e3o.<\/p>\n<p style=\"text-align: justify;\">Da Reda\u00e7\u00e3o.<\/p>\n","protected":false},"excerpt":{"rendered":"<p>Uma das apostas do PMN, partido que cogita ter candidato pr\u00f3prio ao GDF, a pr\u00e9-candidata a deputada distrital Renata D\u2019Aguiar declara apoio \u00e0 reelei\u00e7\u00e3o do governador. Considerada nos bastidores da pol\u00edtica local como a principal aposta do Partido da Mobiliza\u00e7\u00e3o Nacional (PMN) para uma das 24 vagas na C\u00e2mara Legislativa do Distrito Federal nas elei\u00e7\u00f5es [&hellip;]<\/p>\n","protected":false},"author":2,"featured_media":26360,"comment_status":"open","ping_status":"open","sticky":false,"template":"","format":"standard","meta":{"footnotes":""},"categories":[57],"tags":[],"class_list":{"0":"post-26359","1":"post","2":"type-post","3":"status-publish","4":"format-standard","5":"has-post-thumbnail","7":"category-politica"},"yoast_head":"<!-- This site is optimized with the Yoast SEO Premium plugin v24.5 (Yoast SEO v27.5) - https:\/\/yoast.com\/product\/yoast-seo-premium-wordpress\/ -->\n<title>Fechada com Ibaneis. - P31<\/title>\n<meta name=\"robots\" content=\"index, follow, max-snippet:-1, max-image-preview:large, max-video-preview:-1\" \/>\n<link rel=\"canonical\" href=\"https:\/\/www.p31noticias.com.br\/?p=26359\" \/>\n<meta property=\"og:locale\" content=\"pt_BR\" \/>\n<meta property=\"og:type\" content=\"article\" \/>\n<meta property=\"og:title\" content=\"Fechada com Ibaneis.\" \/>\n<meta property=\"og:description\" content=\"Uma das apostas do PMN, partido que cogita ter candidato pr\u00f3prio ao GDF, a pr\u00e9-candidata a deputada distrital Renata D\u2019Aguiar declara apoio \u00e0 reelei\u00e7\u00e3o do governador. Considerada nos bastidores da pol\u00edtica local como a principal aposta do Partido da Mobiliza\u00e7\u00e3o Nacional (PMN) para uma das 24 vagas na C\u00e2mara Legislativa do Distrito Federal nas elei\u00e7\u00f5es [&hellip;]\" \/>\n<meta property=\"og:url\" content=\"https:\/\/www.p31noticias.com.br\/?p=26359\" \/>\n<meta property=\"og:site_name\" content=\"P31\" \/>\n<meta property=\"article:published_time\" content=\"2022-08-04T00:49:23+00:00\" \/>\n<meta property=\"og:image\" content=\"https:\/\/www.p31noticias.com.br\/wp-content\/uploads\/2022\/08\/unnamed-64.jpg\" \/>\n\t<meta property=\"og:image:width\" content=\"792\" \/>\n\t<meta property=\"og:image:height\" content=\"877\" \/>\n\t<meta property=\"og:image:type\" content=\"image\/jpeg\" \/>\n<meta name=\"author\" content=\"Gon\u00e7alves Junior\" \/>\n<meta name=\"twitter:card\" content=\"summary_large_image\" \/>\n<meta name=\"twitter:label1\" content=\"Escrito por\" \/>\n\t<meta name=\"twitter:data1\" content=\"Gon\u00e7alves Junior\" \/>\n\t<meta name=\"twitter:label2\" content=\"Est. tempo de leitura\" \/>\n\t<meta name=\"twitter:data2\" content=\"2 minutos\" \/>\n<script type=\"application\/ld+json\" class=\"yoast-schema-graph\">{\"@context\":\"https:\\\/\\\/schema.org\",\"@graph\":[{\"@type\":\"Article\",\"@id\":\"https:\\\/\\\/www.p31noticias.com.br\\\/?p=26359#article\",\"isPartOf\":{\"@id\":\"https:\\\/\\\/www.p31noticias.com.br\\\/?p=26359\"},\"author\":{\"name\":\"Gon\u00e7alves Junior\",\"@id\":\"https:\\\/\\\/www.p31noticias.com.br\\\/#\\\/schema\\\/person\\\/95f2ece30e3b4132065b915150cd0f94\"},\"headline\":\"Fechada com Ibaneis.\",\"datePublished\":\"2022-08-04T00:49:23+00:00\",\"mainEntityOfPage\":{\"@id\":\"https:\\\/\\\/www.p31noticias.com.br\\\/?p=26359\"},\"wordCount\":469,\"commentCount\":0,\"image\":{\"@id\":\"https:\\\/\\\/www.p31noticias.com.br\\\/?p=26359#primaryimage\"},\"thumbnailUrl\":\"https:\\\/\\\/www.p31noticias.com.br\\\/wp-content\\\/uploads\\\/2022\\\/08\\\/unnamed-64.jpg\",\"articleSection\":[\"Pol\u00edtica\"],\"inLanguage\":\"pt-BR\",\"potentialAction\":[{\"@type\":\"CommentAction\",\"name\":\"Comment\",\"target\":[\"https:\\\/\\\/www.p31noticias.com.br\\\/?p=26359#respond\"]}],\"copyrightYear\":\"2022\",\"copyrightHolder\":{\"@id\":\"https:\\\/\\\/www.p31noticias.com.br\\\/#organization\"}},{\"@type\":\"WebPage\",\"@id\":\"https:\\\/\\\/www.p31noticias.com.br\\\/?p=26359\",\"url\":\"https:\\\/\\\/www.p31noticias.com.br\\\/?p=26359\",\"name\":\"Fechada com Ibaneis. - P31\",\"isPartOf\":{\"@id\":\"https:\\\/\\\/www.p31noticias.com.br\\\/#website\"},\"primaryImageOfPage\":{\"@id\":\"https:\\\/\\\/www.p31noticias.com.br\\\/?p=26359#primaryimage\"},\"image\":{\"@id\":\"https:\\\/\\\/www.p31noticias.com.br\\\/?p=26359#primaryimage\"},\"thumbnailUrl\":\"https:\\\/\\\/www.p31noticias.com.br\\\/wp-content\\\/uploads\\\/2022\\\/08\\\/unnamed-64.jpg\",\"datePublished\":\"2022-08-04T00:49:23+00:00\",\"author\":{\"@id\":\"https:\\\/\\\/www.p31noticias.com.br\\\/#\\\/schema\\\/person\\\/95f2ece30e3b4132065b915150cd0f94\"},\"breadcrumb\":{\"@id\":\"https:\\\/\\\/www.p31noticias.com.br\\\/?p=26359#breadcrumb\"},\"inLanguage\":\"pt-BR\",\"potentialAction\":[{\"@type\":\"ReadAction\",\"target\":[\"https:\\\/\\\/www.p31noticias.com.br\\\/?p=26359\"]}]},{\"@type\":\"ImageObject\",\"inLanguage\":\"pt-BR\",\"@id\":\"https:\\\/\\\/www.p31noticias.com.br\\\/?p=26359#primaryimage\",\"url\":\"https:\\\/\\\/www.p31noticias.com.br\\\/wp-content\\\/uploads\\\/2022\\\/08\\\/unnamed-64.jpg\",\"contentUrl\":\"https:\\\/\\\/www.p31noticias.com.br\\\/wp-content\\\/uploads\\\/2022\\\/08\\\/unnamed-64.jpg\",\"width\":792,\"height\":877},{\"@type\":\"BreadcrumbList\",\"@id\":\"https:\\\/\\\/www.p31noticias.com.br\\\/?p=26359#breadcrumb\",\"itemListElement\":[{\"@type\":\"ListItem\",\"position\":1,\"name\":\"In\u00edcio\",\"item\":\"https:\\\/\\\/www.p31noticias.com.br\\\/\"},{\"@type\":\"ListItem\",\"position\":2,\"name\":\"Fechada com Ibaneis.\"}]},{\"@type\":\"WebSite\",\"@id\":\"https:\\\/\\\/www.p31noticias.com.br\\\/#website\",\"url\":\"https:\\\/\\\/www.p31noticias.com.br\\\/\",\"name\":\"P31\",\"description\":\"NOT\u00cdCIAS\",\"potentialAction\":[{\"@type\":\"SearchAction\",\"target\":{\"@type\":\"EntryPoint\",\"urlTemplate\":\"https:\\\/\\\/www.p31noticias.com.br\\\/?s={search_term_string}\"},\"query-input\":{\"@type\":\"PropertyValueSpecification\",\"valueRequired\":true,\"valueName\":\"search_term_string\"}}],\"inLanguage\":\"pt-BR\"},{\"@type\":\"Person\",\"@id\":\"https:\\\/\\\/www.p31noticias.com.br\\\/#\\\/schema\\\/person\\\/95f2ece30e3b4132065b915150cd0f94\",\"name\":\"Gon\u00e7alves Junior\",\"image\":{\"@type\":\"ImageObject\",\"inLanguage\":\"pt-BR\",\"@id\":\"https:\\\/\\\/secure.gravatar.com\\\/avatar\\\/6711f350116a89762687a48d66f723c799e5438a5b7578508d4294cd7a5d0800?s=96&d=mm&r=g\",\"url\":\"https:\\\/\\\/secure.gravatar.com\\\/avatar\\\/6711f350116a89762687a48d66f723c799e5438a5b7578508d4294cd7a5d0800?s=96&d=mm&r=g\",\"contentUrl\":\"https:\\\/\\\/secure.gravatar.com\\\/avatar\\\/6711f350116a89762687a48d66f723c799e5438a5b7578508d4294cd7a5d0800?s=96&d=mm&r=g\",\"caption\":\"Gon\u00e7alves Junior\"},\"url\":\"https:\\\/\\\/www.p31noticias.com.br\\\/?author=2\"}]}<\/script>\n<!-- \/ Yoast SEO Premium plugin. -->","yoast_head_json":{"title":"Fechada com Ibaneis. - P31","robots":{"index":"index","follow":"follow","max-snippet":"max-snippet:-1","max-image-preview":"max-image-preview:large","max-video-preview":"max-video-preview:-1"},"canonical":"https:\/\/www.p31noticias.com.br\/?p=26359","og_locale":"pt_BR","og_type":"article","og_title":"Fechada com Ibaneis.","og_description":"Uma das apostas do PMN, partido que cogita ter candidato pr\u00f3prio ao GDF, a pr\u00e9-candidata a deputada distrital Renata D\u2019Aguiar declara apoio \u00e0 reelei\u00e7\u00e3o do governador. Considerada nos bastidores da pol\u00edtica local como a principal aposta do Partido da Mobiliza\u00e7\u00e3o Nacional (PMN) para uma das 24 vagas na C\u00e2mara Legislativa do Distrito Federal nas elei\u00e7\u00f5es [&hellip;]","og_url":"https:\/\/www.p31noticias.com.br\/?p=26359","og_site_name":"P31","article_published_time":"2022-08-04T00:49:23+00:00","og_image":[{"width":792,"height":877,"url":"https:\/\/www.p31noticias.com.br\/wp-content\/uploads\/2022\/08\/unnamed-64.jpg","type":"image\/jpeg"}],"author":"Gon\u00e7alves Junior","twitter_card":"summary_large_image","twitter_misc":{"Escrito por":"Gon\u00e7alves Junior","Est. tempo de leitura":"2 minutos"},"schema":{"@context":"https:\/\/schema.org","@graph":[{"@type":"Article","@id":"https:\/\/www.p31noticias.com.br\/?p=26359#article","isPartOf":{"@id":"https:\/\/www.p31noticias.com.br\/?p=26359"},"author":{"name":"Gon\u00e7alves Junior","@id":"https:\/\/www.p31noticias.com.br\/#\/schema\/person\/95f2ece30e3b4132065b915150cd0f94"},"headline":"Fechada com Ibaneis.","datePublished":"2022-08-04T00:49:23+00:00","mainEntityOfPage":{"@id":"https:\/\/www.p31noticias.com.br\/?p=26359"},"wordCount":469,"commentCount":0,"image":{"@id":"https:\/\/www.p31noticias.com.br\/?p=26359#primaryimage"},"thumbnailUrl":"https:\/\/www.p31noticias.com.br\/wp-content\/uploads\/2022\/08\/unnamed-64.jpg","articleSection":["Pol\u00edtica"],"inLanguage":"pt-BR","potentialAction":[{"@type":"CommentAction","name":"Comment","target":["https:\/\/www.p31noticias.com.br\/?p=26359#respond"]}],"copyrightYear":"2022","copyrightHolder":{"@id":"https:\/\/www.p31noticias.com.br\/#organization"}},{"@type":"WebPage","@id":"https:\/\/www.p31noticias.com.br\/?p=26359","url":"https:\/\/www.p31noticias.com.br\/?p=26359","name":"Fechada com Ibaneis. - P31","isPartOf":{"@id":"https:\/\/www.p31noticias.com.br\/#website"},"primaryImageOfPage":{"@id":"https:\/\/www.p31noticias.com.br\/?p=26359#primaryimage"},"image":{"@id":"https:\/\/www.p31noticias.com.br\/?p=26359#primaryimage"},"thumbnailUrl":"https:\/\/www.p31noticias.com.br\/wp-content\/uploads\/2022\/08\/unnamed-64.jpg","datePublished":"2022-08-04T00:49:23+00:00","author":{"@id":"https:\/\/www.p31noticias.com.br\/#\/schema\/person\/95f2ece30e3b4132065b915150cd0f94"},"breadcrumb":{"@id":"https:\/\/www.p31noticias.com.br\/?p=26359#breadcrumb"},"inLanguage":"pt-BR","potentialAction":[{"@type":"ReadAction","target":["https:\/\/www.p31noticias.com.br\/?p=26359"]}]},{"@type":"ImageObject","inLanguage":"pt-BR","@id":"https:\/\/www.p31noticias.com.br\/?p=26359#primaryimage","url":"https:\/\/www.p31noticias.com.br\/wp-content\/uploads\/2022\/08\/unnamed-64.jpg","contentUrl":"https:\/\/www.p31noticias.com.br\/wp-content\/uploads\/2022\/08\/unnamed-64.jpg","width":792,"height":877},{"@type":"BreadcrumbList","@id":"https:\/\/www.p31noticias.com.br\/?p=26359#breadcrumb","itemListElement":[{"@type":"ListItem","position":1,"name":"In\u00edcio","item":"https:\/\/www.p31noticias.com.br\/"},{"@type":"ListItem","position":2,"name":"Fechada com Ibaneis."}]},{"@type":"WebSite","@id":"https:\/\/www.p31noticias.com.br\/#website","url":"https:\/\/www.p31noticias.com.br\/","name":"P31","description":"NOT\u00cdCIAS","potentialAction":[{"@type":"SearchAction","target":{"@type":"EntryPoint","urlTemplate":"https:\/\/www.p31noticias.com.br\/?s={search_term_string}"},"query-input":{"@type":"PropertyValueSpecification","valueRequired":true,"valueName":"search_term_string"}}],"inLanguage":"pt-BR"},{"@type":"Person","@id":"https:\/\/www.p31noticias.com.br\/#\/schema\/person\/95f2ece30e3b4132065b915150cd0f94","name":"Gon\u00e7alves Junior","image":{"@type":"ImageObject","inLanguage":"pt-BR","@id":"https:\/\/secure.gravatar.com\/avatar\/6711f350116a89762687a48d66f723c799e5438a5b7578508d4294cd7a5d0800?s=96&d=mm&r=g","url":"https:\/\/secure.gravatar.com\/avatar\/6711f350116a89762687a48d66f723c799e5438a5b7578508d4294cd7a5d0800?s=96&d=mm&r=g","contentUrl":"https:\/\/secure.gravatar.com\/avatar\/6711f350116a89762687a48d66f723c799e5438a5b7578508d4294cd7a5d0800?s=96&d=mm&r=g","caption":"Gon\u00e7alves Junior"},"url":"https:\/\/www.p31noticias.com.br\/?author=2"}]}},"amp_enabled":true,"_links":{"self":[{"href":"https:\/\/www.p31noticias.com.br\/index.php?rest_route=\/wp\/v2\/posts\/26359","targetHints":{"allow":["GET"]}}],"collection":[{"href":"https:\/\/www.p31noticias.com.br\/index.php?rest_route=\/wp\/v2\/posts"}],"about":[{"href":"https:\/\/www.p31noticias.com.br\/index.php?rest_route=\/wp\/v2\/types\/post"}],"author":[{"embeddable":true,"href":"https:\/\/www.p31noticias.com.br\/index.php?rest_route=\/wp\/v2\/users\/2"}],"replies":[{"embeddable":true,"href":"https:\/\/www.p31noticias.com.br\/index.php?rest_route=%2Fwp%2Fv2%2Fcomments&post=26359"}],"version-history":[{"count":1,"href":"https:\/\/www.p31noticias.com.br\/index.php?rest_route=\/wp\/v2\/posts\/26359\/revisions"}],"predecessor-version":[{"id":26361,"href":"https:\/\/www.p31noticias.com.br\/index.php?rest_route=\/wp\/v2\/posts\/26359\/revisions\/26361"}],"wp:featuredmedia":[{"embeddable":true,"href":"https:\/\/www.p31noticias.com.br\/index.php?rest_route=\/wp\/v2\/media\/26360"}],"wp:attachment":[{"href":"https:\/\/www.p31noticias.com.br\/index.php?rest_route=%2Fwp%2Fv2%2Fmedia&parent=26359"}],"wp:term":[{"taxonomy":"category","embeddable":true,"href":"https:\/\/www.p31noticias.com.br\/index.php?rest_route=%2Fwp%2Fv2%2Fcategories&post=26359"},{"taxonomy":"post_tag","embeddable":true,"href":"https:\/\/www.p31noticias.com.br\/index.php?rest_route=%2Fwp%2Fv2%2Ftags&post=26359"}],"curies":[{"name":"wp","href":"https:\/\/api.w.org\/{rel}","templated":true}]}}