{"id":26353,"date":"2022-08-03T21:28:21","date_gmt":"2022-08-04T00:28:21","guid":{"rendered":"https:\/\/p31noticias.com.br\/?p=26353"},"modified":"2022-08-03T21:28:21","modified_gmt":"2022-08-04T00:28:21","slug":"camara-aprova-pl-que-obriga-planos-de-saude-a-ampliar-tratamentos","status":"publish","type":"post","link":"https:\/\/www.p31noticias.com.br\/?p=26353","title":{"rendered":"C\u00e2mara aprova PL que obriga planos de sa\u00fade a ampliar tratamentos ."},"content":{"rendered":"<h3 class=\"col-10 offset-1 animated fadeInDown dealy-900 display-8 display-md-8 alt-font font-italic my-1 text-center\" style=\"text-align: justify;\"><em><strong>Projeto inclui procedimentos fora do rol da ANS.<\/strong><\/em><\/h3>\n<p style=\"text-align: justify;\">A C\u00e2mara dos Deputados aprovou um projeto de lei (PL) que estabelece hip\u00f3teses de cobertura de exames ou tratamentos de sa\u00fade que n\u00e3o est\u00e3o inclu\u00eddos no rol de procedimentos e eventos da Ag\u00eancia Nacional de Sa\u00fade Suplementar (ANS). A proposta segue para an\u00e1lise do Senado.<img decoding=\"async\" src=\"https:\/\/agenciabrasil.ebc.com.br\/ebc.png?id=1474403&amp;o=node\" \/><img decoding=\"async\" src=\"https:\/\/agenciabrasil.ebc.com.br\/ebc.gif?id=1474403&amp;o=node\" \/><\/p>\n<p style=\"text-align: justify;\">A mat\u00e9ria tem como objetivo dar continuidade a tratamentos que poderiam ser exclu\u00eddos da cobertura dos planos de sa\u00fade. Com o texto aprovado, as operadoras dever\u00e3o autorizar os planos de sa\u00fade a cobrirem tratamento ou procedimento prescrito por m\u00e9dico ou dentista que n\u00e3o estejam no rol da ANS, desde que um dos seguintes crit\u00e9rios esteja presente:<\/p>\n<ul style=\"text-align: justify;\">\n<li>\u00a0existir comprova\u00e7\u00e3o da efic\u00e1cia, \u00e0 luz das ci\u00eancias da sa\u00fade, baseada em evid\u00eancias cient\u00edficas e plano terap\u00eautico;<\/li>\n<li>\u00a0existir recomenda\u00e7\u00f5es pela Comiss\u00e3o Nacional de Incorpora\u00e7\u00e3o de Tecnologias no SUS;<\/li>\n<li>\u00a0existir recomenda\u00e7\u00e3o de, no m\u00ednimo, um \u00f3rg\u00e3o de avalia\u00e7\u00e3o de tecnologias em sa\u00fade que tenha renome internacional, desde que sejam aprovadas tamb\u00e9m para seus similares nacionais.<\/li>\n<\/ul>\n<h2 style=\"text-align: justify;\">STJ<\/h2>\n<p style=\"text-align: justify;\">A mat\u00e9ria foi aprovada ap\u00f3s decis\u00e3o do Superior Tribunal de Justi\u00e7a (STJ) que as operadoras n\u00e3o s\u00e3o obrigadas a cobrir procedimentos m\u00e9dicos que n\u00e3o est\u00e3o previstos na lista da ANS. Pela decis\u00e3o, a Corte entendeu que o rol de procedimentos definidos pela ag\u00eancia \u00e9 taxativo, ou seja, os usu\u00e1rios n\u00e3o t\u00eam direito a exames e tratamentos que est\u00e3o fora da lista. https:\/\/agenciabrasil.ebc.com.br\/justica\/noticia\/2022-06\/stj-planos-nao-sao-obrigados-cobrir-condutas-fora-da-lista-da-ans<\/p>\n<p style=\"text-align: justify;\">A lista de procedimentos e tratamentos obrigat\u00f3rios da ANS foi criada em 1998 para estabelecer um m\u00ednimo de cobertura que n\u00e3o poderia ser negada pelos planos de sa\u00fade. O rol vem sendo atualizado desde ent\u00e3o para incorporar novas tecnologias e avan\u00e7os.<\/p>\n<p style=\"text-align: justify;\">Desde ent\u00e3o, \u00e9 comum que usu\u00e1rios de plano de sa\u00fade busquem na Justi\u00e7a o direito de as operadoras pagarem por procedimentos ou tratamentos que ainda n\u00e3o estejam previstos no rol da ANS.<\/p>\n<p style=\"text-align: justify;\">O rol de procedimentos da ANS lista 3.368 servi\u00e7os em sa\u00fade, incluindo consultas, exames, terapias e cirurgias, al\u00e9m de medicamentos e \u00f3rteses\/pr\u00f3teses vinculados a esses procedimentos. Esses servi\u00e7os m\u00e9dicos devem ser obrigatoriamente ofertados de acordo com o plano de sa\u00fade.<\/p>\n<h2 style=\"text-align: justify;\">Discuss\u00e3o<\/h2>\n<p style=\"text-align: justify;\">O relator, deputado Hiran Gon\u00e7alves (PP-RR), argumentou que o m\u00e9dico tem o direito de orientar a sua conduta cl\u00ednica a partir das suas convic\u00e7\u00f5es t\u00e9cnicas e \u00e9ticas sobre o impacto positivo de suas decis\u00f5es na sa\u00fade do paciente. O parlamentar citou ainda levantamento da Associa\u00e7\u00e3o M\u00e9dica Brasileira (AMB) sobre a interfer\u00eancia de planos de sa\u00fade na atividade m\u00e9dica, no qual 53% dos entrevistados relataram interfer\u00eancias das empresas de conv\u00eanios m\u00e9dicos nos tratamentos propostos aos pacientes.<\/p>\n<p style=\"text-align: justify;\">&#8220;H\u00e1 poucos anos, num julgamento que tamb\u00e9m se referia \u00e0 Sa\u00fade Suplementar, a nobre ministra Carmen L\u00facia, do Supremo Tribunal Federal, afirmou: &#8216;sa\u00fade n\u00e3o \u00e9 mercadoria; vida n\u00e3o \u00e9 neg\u00f3cio; dignidade n\u00e3o \u00e9 lucro&#8217;. Essa s\u00e1bia e sens\u00edvel julgadora evidenciou, em poucas palavras, que a prote\u00e7\u00e3o ao direito \u00e0 sa\u00fade do consumidor deve se sobrepor a quaisquer interesses menos nobres&#8221;, disse o deputado.<\/p>\n<p style=\"text-align: justify;\">Contr\u00e1rio \u00e0 medida, o deputado Tiago Mitraud (Novo-MG) afirmou que a mudan\u00e7a vai prejudicar a competi\u00e7\u00e3o e aumentar os pre\u00e7os dos planos de sa\u00fade.<\/p>\n<p style=\"text-align: justify;\">&#8220;Vai ficar muito mais caro e complexo ter plano de sa\u00fade, e os pequenos v\u00e3o quebrar. J\u00e1 as grandes farmac\u00eauticas agora podem induzir m\u00e9dicos a receitar tratamentos experimentais sem aprova\u00e7\u00e3o pela Anvisa&#8221;, alertou.<\/p>\n<p style=\"text-align: justify;\"><em>* Com informa\u00e7\u00f5es da Ag\u00eancia C\u00e2mara<\/em><\/p>\n","protected":false},"excerpt":{"rendered":"<p>Projeto inclui procedimentos fora do rol da ANS. A C\u00e2mara dos Deputados aprovou um projeto de lei (PL) que estabelece hip\u00f3teses de cobertura de exames ou tratamentos de sa\u00fade que n\u00e3o est\u00e3o inclu\u00eddos no rol de procedimentos e eventos da Ag\u00eancia Nacional de Sa\u00fade Suplementar (ANS). A proposta segue para an\u00e1lise do Senado. A mat\u00e9ria [&hellip;]<\/p>\n","protected":false},"author":2,"featured_media":26354,"comment_status":"open","ping_status":"open","sticky":false,"template":"","format":"standard","meta":{"footnotes":""},"categories":[124],"tags":[],"class_list":{"0":"post-26353","1":"post","2":"type-post","3":"status-publish","4":"format-standard","5":"has-post-thumbnail","7":"category-saude"},"yoast_head":"<!-- This site is optimized with the Yoast SEO Premium plugin v24.5 (Yoast SEO v27.5) - https:\/\/yoast.com\/product\/yoast-seo-premium-wordpress\/ -->\n<title>C\u00e2mara aprova PL que obriga planos de sa\u00fade a ampliar tratamentos . - P31<\/title>\n<meta name=\"robots\" content=\"index, follow, max-snippet:-1, max-image-preview:large, max-video-preview:-1\" \/>\n<link rel=\"canonical\" href=\"https:\/\/www.p31noticias.com.br\/?p=26353\" \/>\n<meta property=\"og:locale\" content=\"pt_BR\" \/>\n<meta property=\"og:type\" content=\"article\" \/>\n<meta property=\"og:title\" content=\"C\u00e2mara aprova PL que obriga planos de sa\u00fade a ampliar tratamentos .\" \/>\n<meta property=\"og:description\" content=\"Projeto inclui procedimentos fora do rol da ANS. A C\u00e2mara dos Deputados aprovou um projeto de lei (PL) que estabelece hip\u00f3teses de cobertura de exames ou tratamentos de sa\u00fade que n\u00e3o est\u00e3o inclu\u00eddos no rol de procedimentos e eventos da Ag\u00eancia Nacional de Sa\u00fade Suplementar (ANS). A proposta segue para an\u00e1lise do Senado. A mat\u00e9ria [&hellip;]\" \/>\n<meta property=\"og:url\" content=\"https:\/\/www.p31noticias.com.br\/?p=26353\" \/>\n<meta property=\"og:site_name\" content=\"P31\" \/>\n<meta property=\"article:published_time\" content=\"2022-08-04T00:28:21+00:00\" \/>\n<meta property=\"og:image\" content=\"https:\/\/www.p31noticias.com.br\/wp-content\/uploads\/2022\/08\/plano_de_saude_1703221439.jpg\" \/>\n\t<meta property=\"og:image:width\" content=\"1170\" \/>\n\t<meta property=\"og:image:height\" content=\"700\" \/>\n\t<meta property=\"og:image:type\" content=\"image\/jpeg\" \/>\n<meta name=\"author\" content=\"Gon\u00e7alves Junior\" \/>\n<meta name=\"twitter:card\" content=\"summary_large_image\" \/>\n<meta name=\"twitter:label1\" content=\"Escrito por\" \/>\n\t<meta name=\"twitter:data1\" content=\"Gon\u00e7alves Junior\" \/>\n\t<meta name=\"twitter:label2\" content=\"Est. tempo de leitura\" \/>\n\t<meta name=\"twitter:data2\" content=\"3 minutos\" \/>\n<script type=\"application\/ld+json\" class=\"yoast-schema-graph\">{\"@context\":\"https:\\\/\\\/schema.org\",\"@graph\":[{\"@type\":\"Article\",\"@id\":\"https:\\\/\\\/www.p31noticias.com.br\\\/?p=26353#article\",\"isPartOf\":{\"@id\":\"https:\\\/\\\/www.p31noticias.com.br\\\/?p=26353\"},\"author\":{\"name\":\"Gon\u00e7alves Junior\",\"@id\":\"https:\\\/\\\/www.p31noticias.com.br\\\/#\\\/schema\\\/person\\\/95f2ece30e3b4132065b915150cd0f94\"},\"headline\":\"C\u00e2mara aprova PL que obriga planos de sa\u00fade a ampliar tratamentos .\",\"datePublished\":\"2022-08-04T00:28:21+00:00\",\"mainEntityOfPage\":{\"@id\":\"https:\\\/\\\/www.p31noticias.com.br\\\/?p=26353\"},\"wordCount\":657,\"commentCount\":0,\"image\":{\"@id\":\"https:\\\/\\\/www.p31noticias.com.br\\\/?p=26353#primaryimage\"},\"thumbnailUrl\":\"https:\\\/\\\/www.p31noticias.com.br\\\/wp-content\\\/uploads\\\/2022\\\/08\\\/plano_de_saude_1703221439.jpg\",\"articleSection\":[\"Sa\u00fade\"],\"inLanguage\":\"pt-BR\",\"potentialAction\":[{\"@type\":\"CommentAction\",\"name\":\"Comment\",\"target\":[\"https:\\\/\\\/www.p31noticias.com.br\\\/?p=26353#respond\"]}],\"copyrightYear\":\"2022\",\"copyrightHolder\":{\"@id\":\"https:\\\/\\\/www.p31noticias.com.br\\\/#organization\"}},{\"@type\":\"WebPage\",\"@id\":\"https:\\\/\\\/www.p31noticias.com.br\\\/?p=26353\",\"url\":\"https:\\\/\\\/www.p31noticias.com.br\\\/?p=26353\",\"name\":\"C\u00e2mara aprova PL que obriga planos de sa\u00fade a ampliar tratamentos . - P31\",\"isPartOf\":{\"@id\":\"https:\\\/\\\/www.p31noticias.com.br\\\/#website\"},\"primaryImageOfPage\":{\"@id\":\"https:\\\/\\\/www.p31noticias.com.br\\\/?p=26353#primaryimage\"},\"image\":{\"@id\":\"https:\\\/\\\/www.p31noticias.com.br\\\/?p=26353#primaryimage\"},\"thumbnailUrl\":\"https:\\\/\\\/www.p31noticias.com.br\\\/wp-content\\\/uploads\\\/2022\\\/08\\\/plano_de_saude_1703221439.jpg\",\"datePublished\":\"2022-08-04T00:28:21+00:00\",\"author\":{\"@id\":\"https:\\\/\\\/www.p31noticias.com.br\\\/#\\\/schema\\\/person\\\/95f2ece30e3b4132065b915150cd0f94\"},\"breadcrumb\":{\"@id\":\"https:\\\/\\\/www.p31noticias.com.br\\\/?p=26353#breadcrumb\"},\"inLanguage\":\"pt-BR\",\"potentialAction\":[{\"@type\":\"ReadAction\",\"target\":[\"https:\\\/\\\/www.p31noticias.com.br\\\/?p=26353\"]}]},{\"@type\":\"ImageObject\",\"inLanguage\":\"pt-BR\",\"@id\":\"https:\\\/\\\/www.p31noticias.com.br\\\/?p=26353#primaryimage\",\"url\":\"https:\\\/\\\/www.p31noticias.com.br\\\/wp-content\\\/uploads\\\/2022\\\/08\\\/plano_de_saude_1703221439.jpg\",\"contentUrl\":\"https:\\\/\\\/www.p31noticias.com.br\\\/wp-content\\\/uploads\\\/2022\\\/08\\\/plano_de_saude_1703221439.jpg\",\"width\":1170,\"height\":700,\"caption\":\"Plano de sa\u00fade\"},{\"@type\":\"BreadcrumbList\",\"@id\":\"https:\\\/\\\/www.p31noticias.com.br\\\/?p=26353#breadcrumb\",\"itemListElement\":[{\"@type\":\"ListItem\",\"position\":1,\"name\":\"In\u00edcio\",\"item\":\"https:\\\/\\\/www.p31noticias.com.br\\\/\"},{\"@type\":\"ListItem\",\"position\":2,\"name\":\"C\u00e2mara aprova PL que obriga planos de sa\u00fade a ampliar tratamentos .\"}]},{\"@type\":\"WebSite\",\"@id\":\"https:\\\/\\\/www.p31noticias.com.br\\\/#website\",\"url\":\"https:\\\/\\\/www.p31noticias.com.br\\\/\",\"name\":\"P31\",\"description\":\"NOT\u00cdCIAS\",\"potentialAction\":[{\"@type\":\"SearchAction\",\"target\":{\"@type\":\"EntryPoint\",\"urlTemplate\":\"https:\\\/\\\/www.p31noticias.com.br\\\/?s={search_term_string}\"},\"query-input\":{\"@type\":\"PropertyValueSpecification\",\"valueRequired\":true,\"valueName\":\"search_term_string\"}}],\"inLanguage\":\"pt-BR\"},{\"@type\":\"Person\",\"@id\":\"https:\\\/\\\/www.p31noticias.com.br\\\/#\\\/schema\\\/person\\\/95f2ece30e3b4132065b915150cd0f94\",\"name\":\"Gon\u00e7alves Junior\",\"image\":{\"@type\":\"ImageObject\",\"inLanguage\":\"pt-BR\",\"@id\":\"https:\\\/\\\/secure.gravatar.com\\\/avatar\\\/6711f350116a89762687a48d66f723c799e5438a5b7578508d4294cd7a5d0800?s=96&d=mm&r=g\",\"url\":\"https:\\\/\\\/secure.gravatar.com\\\/avatar\\\/6711f350116a89762687a48d66f723c799e5438a5b7578508d4294cd7a5d0800?s=96&d=mm&r=g\",\"contentUrl\":\"https:\\\/\\\/secure.gravatar.com\\\/avatar\\\/6711f350116a89762687a48d66f723c799e5438a5b7578508d4294cd7a5d0800?s=96&d=mm&r=g\",\"caption\":\"Gon\u00e7alves Junior\"},\"url\":\"https:\\\/\\\/www.p31noticias.com.br\\\/?author=2\"}]}<\/script>\n<!-- \/ Yoast SEO Premium plugin. -->","yoast_head_json":{"title":"C\u00e2mara aprova PL que obriga planos de sa\u00fade a ampliar tratamentos . - P31","robots":{"index":"index","follow":"follow","max-snippet":"max-snippet:-1","max-image-preview":"max-image-preview:large","max-video-preview":"max-video-preview:-1"},"canonical":"https:\/\/www.p31noticias.com.br\/?p=26353","og_locale":"pt_BR","og_type":"article","og_title":"C\u00e2mara aprova PL que obriga planos de sa\u00fade a ampliar tratamentos .","og_description":"Projeto inclui procedimentos fora do rol da ANS. A C\u00e2mara dos Deputados aprovou um projeto de lei (PL) que estabelece hip\u00f3teses de cobertura de exames ou tratamentos de sa\u00fade que n\u00e3o est\u00e3o inclu\u00eddos no rol de procedimentos e eventos da Ag\u00eancia Nacional de Sa\u00fade Suplementar (ANS). A proposta segue para an\u00e1lise do Senado. A mat\u00e9ria [&hellip;]","og_url":"https:\/\/www.p31noticias.com.br\/?p=26353","og_site_name":"P31","article_published_time":"2022-08-04T00:28:21+00:00","og_image":[{"width":1170,"height":700,"url":"https:\/\/www.p31noticias.com.br\/wp-content\/uploads\/2022\/08\/plano_de_saude_1703221439.jpg","type":"image\/jpeg"}],"author":"Gon\u00e7alves Junior","twitter_card":"summary_large_image","twitter_misc":{"Escrito por":"Gon\u00e7alves Junior","Est. tempo de leitura":"3 minutos"},"schema":{"@context":"https:\/\/schema.org","@graph":[{"@type":"Article","@id":"https:\/\/www.p31noticias.com.br\/?p=26353#article","isPartOf":{"@id":"https:\/\/www.p31noticias.com.br\/?p=26353"},"author":{"name":"Gon\u00e7alves Junior","@id":"https:\/\/www.p31noticias.com.br\/#\/schema\/person\/95f2ece30e3b4132065b915150cd0f94"},"headline":"C\u00e2mara aprova PL que obriga planos de sa\u00fade a ampliar tratamentos .","datePublished":"2022-08-04T00:28:21+00:00","mainEntityOfPage":{"@id":"https:\/\/www.p31noticias.com.br\/?p=26353"},"wordCount":657,"commentCount":0,"image":{"@id":"https:\/\/www.p31noticias.com.br\/?p=26353#primaryimage"},"thumbnailUrl":"https:\/\/www.p31noticias.com.br\/wp-content\/uploads\/2022\/08\/plano_de_saude_1703221439.jpg","articleSection":["Sa\u00fade"],"inLanguage":"pt-BR","potentialAction":[{"@type":"CommentAction","name":"Comment","target":["https:\/\/www.p31noticias.com.br\/?p=26353#respond"]}],"copyrightYear":"2022","copyrightHolder":{"@id":"https:\/\/www.p31noticias.com.br\/#organization"}},{"@type":"WebPage","@id":"https:\/\/www.p31noticias.com.br\/?p=26353","url":"https:\/\/www.p31noticias.com.br\/?p=26353","name":"C\u00e2mara aprova PL que obriga planos de sa\u00fade a ampliar tratamentos . - P31","isPartOf":{"@id":"https:\/\/www.p31noticias.com.br\/#website"},"primaryImageOfPage":{"@id":"https:\/\/www.p31noticias.com.br\/?p=26353#primaryimage"},"image":{"@id":"https:\/\/www.p31noticias.com.br\/?p=26353#primaryimage"},"thumbnailUrl":"https:\/\/www.p31noticias.com.br\/wp-content\/uploads\/2022\/08\/plano_de_saude_1703221439.jpg","datePublished":"2022-08-04T00:28:21+00:00","author":{"@id":"https:\/\/www.p31noticias.com.br\/#\/schema\/person\/95f2ece30e3b4132065b915150cd0f94"},"breadcrumb":{"@id":"https:\/\/www.p31noticias.com.br\/?p=26353#breadcrumb"},"inLanguage":"pt-BR","potentialAction":[{"@type":"ReadAction","target":["https:\/\/www.p31noticias.com.br\/?p=26353"]}]},{"@type":"ImageObject","inLanguage":"pt-BR","@id":"https:\/\/www.p31noticias.com.br\/?p=26353#primaryimage","url":"https:\/\/www.p31noticias.com.br\/wp-content\/uploads\/2022\/08\/plano_de_saude_1703221439.jpg","contentUrl":"https:\/\/www.p31noticias.com.br\/wp-content\/uploads\/2022\/08\/plano_de_saude_1703221439.jpg","width":1170,"height":700,"caption":"Plano de sa\u00fade"},{"@type":"BreadcrumbList","@id":"https:\/\/www.p31noticias.com.br\/?p=26353#breadcrumb","itemListElement":[{"@type":"ListItem","position":1,"name":"In\u00edcio","item":"https:\/\/www.p31noticias.com.br\/"},{"@type":"ListItem","position":2,"name":"C\u00e2mara aprova PL que obriga planos de sa\u00fade a ampliar tratamentos ."}]},{"@type":"WebSite","@id":"https:\/\/www.p31noticias.com.br\/#website","url":"https:\/\/www.p31noticias.com.br\/","name":"P31","description":"NOT\u00cdCIAS","potentialAction":[{"@type":"SearchAction","target":{"@type":"EntryPoint","urlTemplate":"https:\/\/www.p31noticias.com.br\/?s={search_term_string}"},"query-input":{"@type":"PropertyValueSpecification","valueRequired":true,"valueName":"search_term_string"}}],"inLanguage":"pt-BR"},{"@type":"Person","@id":"https:\/\/www.p31noticias.com.br\/#\/schema\/person\/95f2ece30e3b4132065b915150cd0f94","name":"Gon\u00e7alves Junior","image":{"@type":"ImageObject","inLanguage":"pt-BR","@id":"https:\/\/secure.gravatar.com\/avatar\/6711f350116a89762687a48d66f723c799e5438a5b7578508d4294cd7a5d0800?s=96&d=mm&r=g","url":"https:\/\/secure.gravatar.com\/avatar\/6711f350116a89762687a48d66f723c799e5438a5b7578508d4294cd7a5d0800?s=96&d=mm&r=g","contentUrl":"https:\/\/secure.gravatar.com\/avatar\/6711f350116a89762687a48d66f723c799e5438a5b7578508d4294cd7a5d0800?s=96&d=mm&r=g","caption":"Gon\u00e7alves Junior"},"url":"https:\/\/www.p31noticias.com.br\/?author=2"}]}},"amp_enabled":true,"_links":{"self":[{"href":"https:\/\/www.p31noticias.com.br\/index.php?rest_route=\/wp\/v2\/posts\/26353","targetHints":{"allow":["GET"]}}],"collection":[{"href":"https:\/\/www.p31noticias.com.br\/index.php?rest_route=\/wp\/v2\/posts"}],"about":[{"href":"https:\/\/www.p31noticias.com.br\/index.php?rest_route=\/wp\/v2\/types\/post"}],"author":[{"embeddable":true,"href":"https:\/\/www.p31noticias.com.br\/index.php?rest_route=\/wp\/v2\/users\/2"}],"replies":[{"embeddable":true,"href":"https:\/\/www.p31noticias.com.br\/index.php?rest_route=%2Fwp%2Fv2%2Fcomments&post=26353"}],"version-history":[{"count":1,"href":"https:\/\/www.p31noticias.com.br\/index.php?rest_route=\/wp\/v2\/posts\/26353\/revisions"}],"predecessor-version":[{"id":26355,"href":"https:\/\/www.p31noticias.com.br\/index.php?rest_route=\/wp\/v2\/posts\/26353\/revisions\/26355"}],"wp:featuredmedia":[{"embeddable":true,"href":"https:\/\/www.p31noticias.com.br\/index.php?rest_route=\/wp\/v2\/media\/26354"}],"wp:attachment":[{"href":"https:\/\/www.p31noticias.com.br\/index.php?rest_route=%2Fwp%2Fv2%2Fmedia&parent=26353"}],"wp:term":[{"taxonomy":"category","embeddable":true,"href":"https:\/\/www.p31noticias.com.br\/index.php?rest_route=%2Fwp%2Fv2%2Fcategories&post=26353"},{"taxonomy":"post_tag","embeddable":true,"href":"https:\/\/www.p31noticias.com.br\/index.php?rest_route=%2Fwp%2Fv2%2Ftags&post=26353"}],"curies":[{"name":"wp","href":"https:\/\/api.w.org\/{rel}","templated":true}]}}