{"id":26339,"date":"2022-07-26T22:48:04","date_gmt":"2022-07-27T01:48:04","guid":{"rendered":"https:\/\/p31noticias.com.br\/?p=26339"},"modified":"2022-08-06T14:29:41","modified_gmt":"2022-08-06T17:29:41","slug":"carteira-de-identidade-nacional-comeca-a-ser-emitida-neste-mes-veja-quem-pode-fazer","status":"publish","type":"post","link":"https:\/\/www.p31noticias.com.br\/?p=26339","title":{"rendered":"Carteira de Identidade Nacional come\u00e7a a ser emitida ; veja quem pode fazer."},"content":{"rendered":"<p style=\"text-align: justify;\"><em><strong>Rio Grande do Sul \u00e9 o primeiro Estado a come\u00e7ar a emiss\u00e3o do novo documento; atuais modelos seguem v\u00e1lidos at\u00e9 28 de fevereiro de 2032.<\/strong><\/em><\/p>\n<p style=\"text-align: justify;\">A nova\u00a0<strong><a href=\"https:\/\/jovempan.com.br\/tag\/carteira-de-identidade\">Carteira de Identidade Nacional<\/a><\/strong> (CIN) come\u00e7ou a ser emitida . O novo documento utilizar\u00e1 o <strong><a href=\"https:\/\/jovempan.com.br\/tag\/cpf\">Cadastro Nacional de Pessoa F\u00edsica<\/a><\/strong>\u00a0(CPF) como registro de identifica\u00e7\u00e3o v\u00e1lido em todo o pa\u00eds e n\u00e3o ter\u00e1 mais o n\u00famero do\u00a0<strong><a href=\"https:\/\/jovempan.com.br\/tag\/rg\">RG<\/a><\/strong>\u00a0(Registro Geral), que deixar\u00e1 de existir. Os estados t\u00eam at\u00e9 mar\u00e7o de 2023 para iniciar a emiss\u00e3o do novo documento, sendo que o Rio Grande do Sul inicia a mudan\u00e7a, uma vez que precisa de poucos ajustes com a\u00a0<strong><a href=\"https:\/\/jovempan.com.br\/tag\/pf\">Pol\u00edcia Federal<\/a><\/strong>\u00a0e o\u00a0<strong><a href=\"https:\/\/jovempan.com.br\/tag\/tse\">Tribunal Superior Eleitoral<\/a>\u00a0<\/strong>(TSE). Por mais que a emiss\u00e3o comece hoje, os documentos atuais seguir\u00e3o valendo at\u00e9 28 de fevereiro de 2032, permitindo que a substitui\u00e7\u00e3o ocorra de maneira gradual e gratuita. Pessoas com mais de 60 anos n\u00e3o precisar\u00e3o realizar a troca. Segundo o Minist\u00e9rio da Justi\u00e7a e Seguran\u00e7a P\u00fablica, a mudan\u00e7a tem como objetivo desburocratizar e unificar o n\u00famero do documento dos cidad\u00e3os nos Estados, visando evitar fraudes. \u201cCom a unifica\u00e7\u00e3o da base de informa\u00e7\u00f5es no Minist\u00e9rio da Justi\u00e7a e Seguran\u00e7a P\u00fablica, os cidad\u00e3os ter\u00e3o os dados protegidos, podendo saber se algu\u00e9m consultou as informa\u00e7\u00f5es e por qual motivo. Isso tamb\u00e9m vale para quem precisar fazer a consulta, pois ter\u00e1 a seguran\u00e7a de uma base de dados confi\u00e1vel, validada por \u00f3rg\u00e3o federal\u201d, diz a pasta. Ainda de acordo com a pasta, a CIN n\u00e3o substituir\u00e1 o passaporte, j\u00e1 que o Brasil s\u00f3 possui acordos para uso de documentos de identidade nos postos migrat\u00f3rios com pa\u00edses do Mercosul.<\/p>\n<p style=\"text-align: justify;\">De acordo com o Minist\u00e9rio, no primeiro momento, somente cidad\u00e3os que estiverem solicitando a primeira via e possu\u00edrem CPF com informa\u00e7\u00f5es atualizadas poder\u00e3o solicitar o documento. \u201cCidad\u00e3os que n\u00e3o possu\u00edrem ou estiverem com as informa\u00e7\u00f5es incorretas no CPF poder\u00e3o recorrer aos canais de atendimento \u00e0 dist\u00e2ncia da Receita Federal para resolver sua situa\u00e7\u00e3o\u201d, diz a pasta. O minist\u00e9rio diz ainda que, no futuro, quando todas as unidades federativas estiverem realizando a emiss\u00e3o, \u201cos pr\u00f3prios \u00f3rg\u00e3os de identifica\u00e7\u00e3o civil far\u00e3o novas inscri\u00e7\u00f5es e atualiza\u00e7\u00f5es no CPF\u201d. Al\u00e9m do Rio Grande do Sul, outros cinco Estados come\u00e7ar\u00e3o a emiss\u00e3o em agosto. S\u00e3o eles: Acre, Distrito Federal, Goi\u00e1s, Minas Gerais e Paran\u00e1.<\/p>\n<p>JP NEWS,<\/p>\n","protected":false},"excerpt":{"rendered":"<p>Rio Grande do Sul \u00e9 o primeiro Estado a come\u00e7ar a emiss\u00e3o do novo documento; atuais modelos seguem v\u00e1lidos at\u00e9 28 de fevereiro de 2032. A nova\u00a0Carteira de Identidade Nacional (CIN) come\u00e7ou a ser emitida . O novo documento utilizar\u00e1 o Cadastro Nacional de Pessoa F\u00edsica\u00a0(CPF) como registro de identifica\u00e7\u00e3o v\u00e1lido em todo o pa\u00eds [&hellip;]<\/p>\n","protected":false},"author":2,"featured_media":26340,"comment_status":"open","ping_status":"open","sticky":false,"template":"","format":"standard","meta":{"footnotes":""},"categories":[68],"tags":[],"class_list":{"0":"post-26339","1":"post","2":"type-post","3":"status-publish","4":"format-standard","5":"has-post-thumbnail","7":"category-brasil"},"yoast_head":"<!-- This site is optimized with the Yoast SEO Premium plugin v24.5 (Yoast SEO v27.5) - https:\/\/yoast.com\/product\/yoast-seo-premium-wordpress\/ -->\n<title>Carteira de Identidade Nacional come\u00e7a a ser emitida ; veja quem pode fazer. - P31<\/title>\n<meta name=\"robots\" content=\"index, follow, max-snippet:-1, max-image-preview:large, max-video-preview:-1\" \/>\n<link rel=\"canonical\" href=\"https:\/\/www.p31noticias.com.br\/?p=26339\" \/>\n<meta property=\"og:locale\" content=\"pt_BR\" \/>\n<meta property=\"og:type\" content=\"article\" \/>\n<meta property=\"og:title\" content=\"Carteira de Identidade Nacional come\u00e7a a ser emitida ; veja quem pode fazer.\" \/>\n<meta property=\"og:description\" content=\"Rio Grande do Sul \u00e9 o primeiro Estado a come\u00e7ar a emiss\u00e3o do novo documento; atuais modelos seguem v\u00e1lidos at\u00e9 28 de fevereiro de 2032. A nova\u00a0Carteira de Identidade Nacional (CIN) come\u00e7ou a ser emitida . O novo documento utilizar\u00e1 o Cadastro Nacional de Pessoa F\u00edsica\u00a0(CPF) como registro de identifica\u00e7\u00e3o v\u00e1lido em todo o pa\u00eds [&hellip;]\" \/>\n<meta property=\"og:url\" content=\"https:\/\/www.p31noticias.com.br\/?p=26339\" \/>\n<meta property=\"og:site_name\" content=\"P31\" \/>\n<meta property=\"article:published_time\" content=\"2022-07-27T01:48:04+00:00\" \/>\n<meta property=\"article:modified_time\" content=\"2022-08-06T17:29:41+00:00\" \/>\n<meta property=\"og:image\" content=\"https:\/\/www.p31noticias.com.br\/wp-content\/uploads\/2022\/07\/688ea1cb-2e60-4035-a64d-f51393d11208-1.png\" \/>\n\t<meta property=\"og:image:width\" content=\"768\" \/>\n\t<meta property=\"og:image:height\" content=\"486\" \/>\n\t<meta property=\"og:image:type\" content=\"image\/png\" \/>\n<meta name=\"author\" content=\"Gon\u00e7alves Junior\" \/>\n<meta name=\"twitter:card\" content=\"summary_large_image\" \/>\n<meta name=\"twitter:label1\" content=\"Escrito por\" \/>\n\t<meta name=\"twitter:data1\" content=\"Gon\u00e7alves Junior\" \/>\n\t<meta name=\"twitter:label2\" content=\"Est. tempo de leitura\" \/>\n\t<meta name=\"twitter:data2\" content=\"2 minutos\" \/>\n<script type=\"application\/ld+json\" class=\"yoast-schema-graph\">{\"@context\":\"https:\\\/\\\/schema.org\",\"@graph\":[{\"@type\":\"Article\",\"@id\":\"https:\\\/\\\/www.p31noticias.com.br\\\/?p=26339#article\",\"isPartOf\":{\"@id\":\"https:\\\/\\\/www.p31noticias.com.br\\\/?p=26339\"},\"author\":{\"name\":\"Gon\u00e7alves Junior\",\"@id\":\"https:\\\/\\\/www.p31noticias.com.br\\\/#\\\/schema\\\/person\\\/95f2ece30e3b4132065b915150cd0f94\"},\"headline\":\"Carteira de Identidade Nacional come\u00e7a a ser emitida ; veja quem pode fazer.\",\"datePublished\":\"2022-07-27T01:48:04+00:00\",\"dateModified\":\"2022-08-06T17:29:41+00:00\",\"mainEntityOfPage\":{\"@id\":\"https:\\\/\\\/www.p31noticias.com.br\\\/?p=26339\"},\"wordCount\":452,\"commentCount\":0,\"image\":{\"@id\":\"https:\\\/\\\/www.p31noticias.com.br\\\/?p=26339#primaryimage\"},\"thumbnailUrl\":\"https:\\\/\\\/www.p31noticias.com.br\\\/wp-content\\\/uploads\\\/2022\\\/07\\\/688ea1cb-2e60-4035-a64d-f51393d11208-1.png\",\"articleSection\":[\"Brasil\"],\"inLanguage\":\"pt-BR\",\"potentialAction\":[{\"@type\":\"CommentAction\",\"name\":\"Comment\",\"target\":[\"https:\\\/\\\/www.p31noticias.com.br\\\/?p=26339#respond\"]}],\"copyrightYear\":\"2022\",\"copyrightHolder\":{\"@id\":\"https:\\\/\\\/www.p31noticias.com.br\\\/#organization\"}},{\"@type\":\"WebPage\",\"@id\":\"https:\\\/\\\/www.p31noticias.com.br\\\/?p=26339\",\"url\":\"https:\\\/\\\/www.p31noticias.com.br\\\/?p=26339\",\"name\":\"Carteira de Identidade Nacional come\u00e7a a ser emitida ; veja quem pode fazer. - P31\",\"isPartOf\":{\"@id\":\"https:\\\/\\\/www.p31noticias.com.br\\\/#website\"},\"primaryImageOfPage\":{\"@id\":\"https:\\\/\\\/www.p31noticias.com.br\\\/?p=26339#primaryimage\"},\"image\":{\"@id\":\"https:\\\/\\\/www.p31noticias.com.br\\\/?p=26339#primaryimage\"},\"thumbnailUrl\":\"https:\\\/\\\/www.p31noticias.com.br\\\/wp-content\\\/uploads\\\/2022\\\/07\\\/688ea1cb-2e60-4035-a64d-f51393d11208-1.png\",\"datePublished\":\"2022-07-27T01:48:04+00:00\",\"dateModified\":\"2022-08-06T17:29:41+00:00\",\"author\":{\"@id\":\"https:\\\/\\\/www.p31noticias.com.br\\\/#\\\/schema\\\/person\\\/95f2ece30e3b4132065b915150cd0f94\"},\"breadcrumb\":{\"@id\":\"https:\\\/\\\/www.p31noticias.com.br\\\/?p=26339#breadcrumb\"},\"inLanguage\":\"pt-BR\",\"potentialAction\":[{\"@type\":\"ReadAction\",\"target\":[\"https:\\\/\\\/www.p31noticias.com.br\\\/?p=26339\"]}]},{\"@type\":\"ImageObject\",\"inLanguage\":\"pt-BR\",\"@id\":\"https:\\\/\\\/www.p31noticias.com.br\\\/?p=26339#primaryimage\",\"url\":\"https:\\\/\\\/www.p31noticias.com.br\\\/wp-content\\\/uploads\\\/2022\\\/07\\\/688ea1cb-2e60-4035-a64d-f51393d11208-1.png\",\"contentUrl\":\"https:\\\/\\\/www.p31noticias.com.br\\\/wp-content\\\/uploads\\\/2022\\\/07\\\/688ea1cb-2e60-4035-a64d-f51393d11208-1.png\",\"width\":768,\"height\":486},{\"@type\":\"BreadcrumbList\",\"@id\":\"https:\\\/\\\/www.p31noticias.com.br\\\/?p=26339#breadcrumb\",\"itemListElement\":[{\"@type\":\"ListItem\",\"position\":1,\"name\":\"In\u00edcio\",\"item\":\"https:\\\/\\\/www.p31noticias.com.br\\\/\"},{\"@type\":\"ListItem\",\"position\":2,\"name\":\"Carteira de Identidade Nacional come\u00e7a a ser emitida ; veja quem pode fazer.\"}]},{\"@type\":\"WebSite\",\"@id\":\"https:\\\/\\\/www.p31noticias.com.br\\\/#website\",\"url\":\"https:\\\/\\\/www.p31noticias.com.br\\\/\",\"name\":\"P31\",\"description\":\"NOT\u00cdCIAS\",\"potentialAction\":[{\"@type\":\"SearchAction\",\"target\":{\"@type\":\"EntryPoint\",\"urlTemplate\":\"https:\\\/\\\/www.p31noticias.com.br\\\/?s={search_term_string}\"},\"query-input\":{\"@type\":\"PropertyValueSpecification\",\"valueRequired\":true,\"valueName\":\"search_term_string\"}}],\"inLanguage\":\"pt-BR\"},{\"@type\":\"Person\",\"@id\":\"https:\\\/\\\/www.p31noticias.com.br\\\/#\\\/schema\\\/person\\\/95f2ece30e3b4132065b915150cd0f94\",\"name\":\"Gon\u00e7alves Junior\",\"image\":{\"@type\":\"ImageObject\",\"inLanguage\":\"pt-BR\",\"@id\":\"https:\\\/\\\/secure.gravatar.com\\\/avatar\\\/6711f350116a89762687a48d66f723c799e5438a5b7578508d4294cd7a5d0800?s=96&d=mm&r=g\",\"url\":\"https:\\\/\\\/secure.gravatar.com\\\/avatar\\\/6711f350116a89762687a48d66f723c799e5438a5b7578508d4294cd7a5d0800?s=96&d=mm&r=g\",\"contentUrl\":\"https:\\\/\\\/secure.gravatar.com\\\/avatar\\\/6711f350116a89762687a48d66f723c799e5438a5b7578508d4294cd7a5d0800?s=96&d=mm&r=g\",\"caption\":\"Gon\u00e7alves Junior\"},\"url\":\"https:\\\/\\\/www.p31noticias.com.br\\\/?author=2\"}]}<\/script>\n<!-- \/ Yoast SEO Premium plugin. -->","yoast_head_json":{"title":"Carteira de Identidade Nacional come\u00e7a a ser emitida ; veja quem pode fazer. - P31","robots":{"index":"index","follow":"follow","max-snippet":"max-snippet:-1","max-image-preview":"max-image-preview:large","max-video-preview":"max-video-preview:-1"},"canonical":"https:\/\/www.p31noticias.com.br\/?p=26339","og_locale":"pt_BR","og_type":"article","og_title":"Carteira de Identidade Nacional come\u00e7a a ser emitida ; veja quem pode fazer.","og_description":"Rio Grande do Sul \u00e9 o primeiro Estado a come\u00e7ar a emiss\u00e3o do novo documento; atuais modelos seguem v\u00e1lidos at\u00e9 28 de fevereiro de 2032. A nova\u00a0Carteira de Identidade Nacional (CIN) come\u00e7ou a ser emitida . O novo documento utilizar\u00e1 o Cadastro Nacional de Pessoa F\u00edsica\u00a0(CPF) como registro de identifica\u00e7\u00e3o v\u00e1lido em todo o pa\u00eds [&hellip;]","og_url":"https:\/\/www.p31noticias.com.br\/?p=26339","og_site_name":"P31","article_published_time":"2022-07-27T01:48:04+00:00","article_modified_time":"2022-08-06T17:29:41+00:00","og_image":[{"width":768,"height":486,"url":"https:\/\/www.p31noticias.com.br\/wp-content\/uploads\/2022\/07\/688ea1cb-2e60-4035-a64d-f51393d11208-1.png","type":"image\/png"}],"author":"Gon\u00e7alves Junior","twitter_card":"summary_large_image","twitter_misc":{"Escrito por":"Gon\u00e7alves Junior","Est. tempo de leitura":"2 minutos"},"schema":{"@context":"https:\/\/schema.org","@graph":[{"@type":"Article","@id":"https:\/\/www.p31noticias.com.br\/?p=26339#article","isPartOf":{"@id":"https:\/\/www.p31noticias.com.br\/?p=26339"},"author":{"name":"Gon\u00e7alves Junior","@id":"https:\/\/www.p31noticias.com.br\/#\/schema\/person\/95f2ece30e3b4132065b915150cd0f94"},"headline":"Carteira de Identidade Nacional come\u00e7a a ser emitida ; veja quem pode fazer.","datePublished":"2022-07-27T01:48:04+00:00","dateModified":"2022-08-06T17:29:41+00:00","mainEntityOfPage":{"@id":"https:\/\/www.p31noticias.com.br\/?p=26339"},"wordCount":452,"commentCount":0,"image":{"@id":"https:\/\/www.p31noticias.com.br\/?p=26339#primaryimage"},"thumbnailUrl":"https:\/\/www.p31noticias.com.br\/wp-content\/uploads\/2022\/07\/688ea1cb-2e60-4035-a64d-f51393d11208-1.png","articleSection":["Brasil"],"inLanguage":"pt-BR","potentialAction":[{"@type":"CommentAction","name":"Comment","target":["https:\/\/www.p31noticias.com.br\/?p=26339#respond"]}],"copyrightYear":"2022","copyrightHolder":{"@id":"https:\/\/www.p31noticias.com.br\/#organization"}},{"@type":"WebPage","@id":"https:\/\/www.p31noticias.com.br\/?p=26339","url":"https:\/\/www.p31noticias.com.br\/?p=26339","name":"Carteira de Identidade Nacional come\u00e7a a ser emitida ; veja quem pode fazer. - P31","isPartOf":{"@id":"https:\/\/www.p31noticias.com.br\/#website"},"primaryImageOfPage":{"@id":"https:\/\/www.p31noticias.com.br\/?p=26339#primaryimage"},"image":{"@id":"https:\/\/www.p31noticias.com.br\/?p=26339#primaryimage"},"thumbnailUrl":"https:\/\/www.p31noticias.com.br\/wp-content\/uploads\/2022\/07\/688ea1cb-2e60-4035-a64d-f51393d11208-1.png","datePublished":"2022-07-27T01:48:04+00:00","dateModified":"2022-08-06T17:29:41+00:00","author":{"@id":"https:\/\/www.p31noticias.com.br\/#\/schema\/person\/95f2ece30e3b4132065b915150cd0f94"},"breadcrumb":{"@id":"https:\/\/www.p31noticias.com.br\/?p=26339#breadcrumb"},"inLanguage":"pt-BR","potentialAction":[{"@type":"ReadAction","target":["https:\/\/www.p31noticias.com.br\/?p=26339"]}]},{"@type":"ImageObject","inLanguage":"pt-BR","@id":"https:\/\/www.p31noticias.com.br\/?p=26339#primaryimage","url":"https:\/\/www.p31noticias.com.br\/wp-content\/uploads\/2022\/07\/688ea1cb-2e60-4035-a64d-f51393d11208-1.png","contentUrl":"https:\/\/www.p31noticias.com.br\/wp-content\/uploads\/2022\/07\/688ea1cb-2e60-4035-a64d-f51393d11208-1.png","width":768,"height":486},{"@type":"BreadcrumbList","@id":"https:\/\/www.p31noticias.com.br\/?p=26339#breadcrumb","itemListElement":[{"@type":"ListItem","position":1,"name":"In\u00edcio","item":"https:\/\/www.p31noticias.com.br\/"},{"@type":"ListItem","position":2,"name":"Carteira de Identidade Nacional come\u00e7a a ser emitida ; veja quem pode fazer."}]},{"@type":"WebSite","@id":"https:\/\/www.p31noticias.com.br\/#website","url":"https:\/\/www.p31noticias.com.br\/","name":"P31","description":"NOT\u00cdCIAS","potentialAction":[{"@type":"SearchAction","target":{"@type":"EntryPoint","urlTemplate":"https:\/\/www.p31noticias.com.br\/?s={search_term_string}"},"query-input":{"@type":"PropertyValueSpecification","valueRequired":true,"valueName":"search_term_string"}}],"inLanguage":"pt-BR"},{"@type":"Person","@id":"https:\/\/www.p31noticias.com.br\/#\/schema\/person\/95f2ece30e3b4132065b915150cd0f94","name":"Gon\u00e7alves Junior","image":{"@type":"ImageObject","inLanguage":"pt-BR","@id":"https:\/\/secure.gravatar.com\/avatar\/6711f350116a89762687a48d66f723c799e5438a5b7578508d4294cd7a5d0800?s=96&d=mm&r=g","url":"https:\/\/secure.gravatar.com\/avatar\/6711f350116a89762687a48d66f723c799e5438a5b7578508d4294cd7a5d0800?s=96&d=mm&r=g","contentUrl":"https:\/\/secure.gravatar.com\/avatar\/6711f350116a89762687a48d66f723c799e5438a5b7578508d4294cd7a5d0800?s=96&d=mm&r=g","caption":"Gon\u00e7alves Junior"},"url":"https:\/\/www.p31noticias.com.br\/?author=2"}]}},"amp_enabled":true,"_links":{"self":[{"href":"https:\/\/www.p31noticias.com.br\/index.php?rest_route=\/wp\/v2\/posts\/26339","targetHints":{"allow":["GET"]}}],"collection":[{"href":"https:\/\/www.p31noticias.com.br\/index.php?rest_route=\/wp\/v2\/posts"}],"about":[{"href":"https:\/\/www.p31noticias.com.br\/index.php?rest_route=\/wp\/v2\/types\/post"}],"author":[{"embeddable":true,"href":"https:\/\/www.p31noticias.com.br\/index.php?rest_route=\/wp\/v2\/users\/2"}],"replies":[{"embeddable":true,"href":"https:\/\/www.p31noticias.com.br\/index.php?rest_route=%2Fwp%2Fv2%2Fcomments&post=26339"}],"version-history":[{"count":4,"href":"https:\/\/www.p31noticias.com.br\/index.php?rest_route=\/wp\/v2\/posts\/26339\/revisions"}],"predecessor-version":[{"id":26370,"href":"https:\/\/www.p31noticias.com.br\/index.php?rest_route=\/wp\/v2\/posts\/26339\/revisions\/26370"}],"wp:featuredmedia":[{"embeddable":true,"href":"https:\/\/www.p31noticias.com.br\/index.php?rest_route=\/wp\/v2\/media\/26340"}],"wp:attachment":[{"href":"https:\/\/www.p31noticias.com.br\/index.php?rest_route=%2Fwp%2Fv2%2Fmedia&parent=26339"}],"wp:term":[{"taxonomy":"category","embeddable":true,"href":"https:\/\/www.p31noticias.com.br\/index.php?rest_route=%2Fwp%2Fv2%2Fcategories&post=26339"},{"taxonomy":"post_tag","embeddable":true,"href":"https:\/\/www.p31noticias.com.br\/index.php?rest_route=%2Fwp%2Fv2%2Ftags&post=26339"}],"curies":[{"name":"wp","href":"https:\/\/api.w.org\/{rel}","templated":true}]}}