{"id":26282,"date":"2022-06-27T08:35:27","date_gmt":"2022-06-27T11:35:27","guid":{"rendered":"https:\/\/p31noticias.com.br\/?p=26282"},"modified":"2022-06-27T08:35:27","modified_gmt":"2022-06-27T11:35:27","slug":"bolsonaro-sanciona-teto-de-icms-e-veta-beneficios-a-estados","status":"publish","type":"post","link":"https:\/\/www.p31noticias.com.br\/?p=26282","title":{"rendered":"Bolsonaro sanciona teto de ICMS e veta benef\u00edcios a estados."},"content":{"rendered":"<h2 class=\"toolkit-subtitle mt-5\" style=\"text-align: justify;\"><em><strong>Novo texto estabelece teto de 17% para combust\u00edveis e outros itens; trechos vetados beneficiariam Estados com compensa\u00e7\u00e3o.<\/strong><\/em><\/h2>\n<p style=\"text-align: justify;\">O presidente Jair Bolsonaro sancionou o teto de 17% para o\u00a0<a href=\"https:\/\/noticias.r7.com\/brasilia\/senado-aprova-projeto-de-lei-que-cria-teto-para-cobranca-do-icms-14062022\" target=\"_blank\" rel=\"noopener\">ICMS de combust\u00edveis e outros itens<\/a>. O texto sancionado, por\u00e9m, vetou trechos que beneficiariam os estados pela perda de receita. A lei foi publicada no Di\u00e1rio Oficial da Uni\u00e3o desta quinta-feira (23).<\/p>\n<p style=\"text-align: justify;\">Na pr\u00e1tica, a legisla\u00e7\u00e3o define combust\u00edveis, energia el\u00e9trica, comunica\u00e7\u00f5es, g\u00e1s natural e transporte coletivo\u00a0<a href=\"https:\/\/noticias.r7.com\/economia\/entenda-o-projeto-de-valor-fixo-do-icms-sobre-combustiveis-14102021\" target=\"_blank\" rel=\"noopener\">como bens essenciais, fazendo com que a cobran\u00e7a de ICMS<\/a>\u00a0(Imposto sobre Circula\u00e7\u00e3o de Mercadorias e Servi\u00e7os) sobre essas atividades tenha um teto de 17%. Essa era uma altera\u00e7\u00e3o proposta pelo governo federal para tentar reduzir os pre\u00e7os dos combust\u00edveis.<\/p>\n<div class=\"toolkit-ad-shell\">\n<p style=\"text-align: justify;\">O texto havia sido amplamente discutido no Congresso. Estados e munic\u00edpios preveem uma perda de arrecada\u00e7\u00e3o de cerca de R$ 80 bilh\u00f5es com o teto, segundo c\u00e1lculos do Comsefaz (Comit\u00ea Nacional de Secret\u00e1rios de Fazenda dos Estados). O\u00a0<a href=\"https:\/\/noticias.r7.com\/brasilia\/senado-aprova-projeto-de-lei-que-cria-teto-para-cobranca-do-icms-14062022\" target=\"_blank\" rel=\"noopener\">Senado chegou a incluir algumas compensa\u00e7\u00f5es aos estados<\/a>, mas trechos acabaram vetados.<\/p>\n<p style=\"text-align: justify;\">Bolsonaro vetou, por exemplo, a compensa\u00e7\u00e3o da perda de receitas para os cinco estados sem d\u00edvida com a Uni\u00e3o, que seria feita em 2023, com recursos da Compensa\u00e7\u00e3o Financeira pela Explora\u00e7\u00e3o Mineral (CFEM) e com a prioriza\u00e7\u00e3o na contrata\u00e7\u00e3o de empr\u00e9stimos da Uni\u00e3o.<\/p>\n<p style=\"text-align: justify;\">A compensa\u00e7\u00e3o vai ocorrer apenas para estados que est\u00e3o endividados com a Uni\u00e3o, por meio do abatimento da d\u00edvida, quando a perda de arrecada\u00e7\u00e3o com o ICMS ultrapassar 5%, na compara\u00e7\u00e3o com 2021.<\/p>\n<p style=\"text-align: justify;\">Portal R7.<\/p>\n<\/div>\n","protected":false},"excerpt":{"rendered":"<p>Novo texto estabelece teto de 17% para combust\u00edveis e outros itens; trechos vetados beneficiariam Estados com compensa\u00e7\u00e3o. O presidente Jair Bolsonaro sancionou o teto de 17% para o\u00a0ICMS de combust\u00edveis e outros itens. O texto sancionado, por\u00e9m, vetou trechos que beneficiariam os estados pela perda de receita. A lei foi publicada no Di\u00e1rio Oficial da [&hellip;]<\/p>\n","protected":false},"author":2,"featured_media":0,"comment_status":"open","ping_status":"open","sticky":false,"template":"","format":"standard","meta":{"footnotes":""},"categories":[637],"tags":[],"class_list":{"0":"post-26282","1":"post","2":"type-post","3":"status-publish","4":"format-standard","6":"category-economia"},"yoast_head":"<!-- This site is optimized with the Yoast SEO Premium plugin v24.5 (Yoast SEO v27.5) - https:\/\/yoast.com\/product\/yoast-seo-premium-wordpress\/ -->\n<title>Bolsonaro sanciona teto de ICMS e veta benef\u00edcios a estados. - P31<\/title>\n<meta name=\"robots\" content=\"index, follow, max-snippet:-1, max-image-preview:large, max-video-preview:-1\" \/>\n<link rel=\"canonical\" href=\"https:\/\/www.p31noticias.com.br\/?p=26282\" \/>\n<meta property=\"og:locale\" content=\"pt_BR\" \/>\n<meta property=\"og:type\" content=\"article\" \/>\n<meta property=\"og:title\" content=\"Bolsonaro sanciona teto de ICMS e veta benef\u00edcios a estados.\" \/>\n<meta property=\"og:description\" content=\"Novo texto estabelece teto de 17% para combust\u00edveis e outros itens; trechos vetados beneficiariam Estados com compensa\u00e7\u00e3o. O presidente Jair Bolsonaro sancionou o teto de 17% para o\u00a0ICMS de combust\u00edveis e outros itens. O texto sancionado, por\u00e9m, vetou trechos que beneficiariam os estados pela perda de receita. A lei foi publicada no Di\u00e1rio Oficial da [&hellip;]\" \/>\n<meta property=\"og:url\" content=\"https:\/\/www.p31noticias.com.br\/?p=26282\" \/>\n<meta property=\"og:site_name\" content=\"P31\" \/>\n<meta property=\"article:published_time\" content=\"2022-06-27T11:35:27+00:00\" \/>\n<meta name=\"author\" content=\"Gon\u00e7alves Junior\" \/>\n<meta name=\"twitter:card\" content=\"summary_large_image\" \/>\n<meta name=\"twitter:label1\" content=\"Escrito por\" \/>\n\t<meta name=\"twitter:data1\" content=\"Gon\u00e7alves Junior\" \/>\n\t<meta name=\"twitter:label2\" content=\"Est. tempo de leitura\" \/>\n\t<meta name=\"twitter:data2\" content=\"1 minuto\" \/>\n<script type=\"application\/ld+json\" class=\"yoast-schema-graph\">{\"@context\":\"https:\\\/\\\/schema.org\",\"@graph\":[{\"@type\":\"Article\",\"@id\":\"https:\\\/\\\/www.p31noticias.com.br\\\/?p=26282#article\",\"isPartOf\":{\"@id\":\"https:\\\/\\\/www.p31noticias.com.br\\\/?p=26282\"},\"author\":{\"name\":\"Gon\u00e7alves Junior\",\"@id\":\"https:\\\/\\\/www.p31noticias.com.br\\\/#\\\/schema\\\/person\\\/95f2ece30e3b4132065b915150cd0f94\"},\"headline\":\"Bolsonaro sanciona teto de ICMS e veta benef\u00edcios a estados.\",\"datePublished\":\"2022-06-27T11:35:27+00:00\",\"mainEntityOfPage\":{\"@id\":\"https:\\\/\\\/www.p31noticias.com.br\\\/?p=26282\"},\"wordCount\":284,\"commentCount\":0,\"articleSection\":[\"Economia\"],\"inLanguage\":\"pt-BR\",\"potentialAction\":[{\"@type\":\"CommentAction\",\"name\":\"Comment\",\"target\":[\"https:\\\/\\\/www.p31noticias.com.br\\\/?p=26282#respond\"]}],\"copyrightYear\":\"2022\",\"copyrightHolder\":{\"@id\":\"https:\\\/\\\/www.p31noticias.com.br\\\/#organization\"}},{\"@type\":\"WebPage\",\"@id\":\"https:\\\/\\\/www.p31noticias.com.br\\\/?p=26282\",\"url\":\"https:\\\/\\\/www.p31noticias.com.br\\\/?p=26282\",\"name\":\"Bolsonaro sanciona teto de ICMS e veta benef\u00edcios a estados. - P31\",\"isPartOf\":{\"@id\":\"https:\\\/\\\/www.p31noticias.com.br\\\/#website\"},\"datePublished\":\"2022-06-27T11:35:27+00:00\",\"author\":{\"@id\":\"https:\\\/\\\/www.p31noticias.com.br\\\/#\\\/schema\\\/person\\\/95f2ece30e3b4132065b915150cd0f94\"},\"breadcrumb\":{\"@id\":\"https:\\\/\\\/www.p31noticias.com.br\\\/?p=26282#breadcrumb\"},\"inLanguage\":\"pt-BR\",\"potentialAction\":[{\"@type\":\"ReadAction\",\"target\":[\"https:\\\/\\\/www.p31noticias.com.br\\\/?p=26282\"]}]},{\"@type\":\"BreadcrumbList\",\"@id\":\"https:\\\/\\\/www.p31noticias.com.br\\\/?p=26282#breadcrumb\",\"itemListElement\":[{\"@type\":\"ListItem\",\"position\":1,\"name\":\"In\u00edcio\",\"item\":\"https:\\\/\\\/www.p31noticias.com.br\\\/\"},{\"@type\":\"ListItem\",\"position\":2,\"name\":\"Bolsonaro sanciona teto de ICMS e veta benef\u00edcios a estados.\"}]},{\"@type\":\"WebSite\",\"@id\":\"https:\\\/\\\/www.p31noticias.com.br\\\/#website\",\"url\":\"https:\\\/\\\/www.p31noticias.com.br\\\/\",\"name\":\"P31\",\"description\":\"NOT\u00cdCIAS\",\"potentialAction\":[{\"@type\":\"SearchAction\",\"target\":{\"@type\":\"EntryPoint\",\"urlTemplate\":\"https:\\\/\\\/www.p31noticias.com.br\\\/?s={search_term_string}\"},\"query-input\":{\"@type\":\"PropertyValueSpecification\",\"valueRequired\":true,\"valueName\":\"search_term_string\"}}],\"inLanguage\":\"pt-BR\"},{\"@type\":\"Person\",\"@id\":\"https:\\\/\\\/www.p31noticias.com.br\\\/#\\\/schema\\\/person\\\/95f2ece30e3b4132065b915150cd0f94\",\"name\":\"Gon\u00e7alves Junior\",\"image\":{\"@type\":\"ImageObject\",\"inLanguage\":\"pt-BR\",\"@id\":\"https:\\\/\\\/secure.gravatar.com\\\/avatar\\\/6711f350116a89762687a48d66f723c799e5438a5b7578508d4294cd7a5d0800?s=96&d=mm&r=g\",\"url\":\"https:\\\/\\\/secure.gravatar.com\\\/avatar\\\/6711f350116a89762687a48d66f723c799e5438a5b7578508d4294cd7a5d0800?s=96&d=mm&r=g\",\"contentUrl\":\"https:\\\/\\\/secure.gravatar.com\\\/avatar\\\/6711f350116a89762687a48d66f723c799e5438a5b7578508d4294cd7a5d0800?s=96&d=mm&r=g\",\"caption\":\"Gon\u00e7alves Junior\"},\"url\":\"https:\\\/\\\/www.p31noticias.com.br\\\/?author=2\"}]}<\/script>\n<!-- \/ Yoast SEO Premium plugin. -->","yoast_head_json":{"title":"Bolsonaro sanciona teto de ICMS e veta benef\u00edcios a estados. - P31","robots":{"index":"index","follow":"follow","max-snippet":"max-snippet:-1","max-image-preview":"max-image-preview:large","max-video-preview":"max-video-preview:-1"},"canonical":"https:\/\/www.p31noticias.com.br\/?p=26282","og_locale":"pt_BR","og_type":"article","og_title":"Bolsonaro sanciona teto de ICMS e veta benef\u00edcios a estados.","og_description":"Novo texto estabelece teto de 17% para combust\u00edveis e outros itens; trechos vetados beneficiariam Estados com compensa\u00e7\u00e3o. O presidente Jair Bolsonaro sancionou o teto de 17% para o\u00a0ICMS de combust\u00edveis e outros itens. O texto sancionado, por\u00e9m, vetou trechos que beneficiariam os estados pela perda de receita. A lei foi publicada no Di\u00e1rio Oficial da [&hellip;]","og_url":"https:\/\/www.p31noticias.com.br\/?p=26282","og_site_name":"P31","article_published_time":"2022-06-27T11:35:27+00:00","author":"Gon\u00e7alves Junior","twitter_card":"summary_large_image","twitter_misc":{"Escrito por":"Gon\u00e7alves Junior","Est. tempo de leitura":"1 minuto"},"schema":{"@context":"https:\/\/schema.org","@graph":[{"@type":"Article","@id":"https:\/\/www.p31noticias.com.br\/?p=26282#article","isPartOf":{"@id":"https:\/\/www.p31noticias.com.br\/?p=26282"},"author":{"name":"Gon\u00e7alves Junior","@id":"https:\/\/www.p31noticias.com.br\/#\/schema\/person\/95f2ece30e3b4132065b915150cd0f94"},"headline":"Bolsonaro sanciona teto de ICMS e veta benef\u00edcios a estados.","datePublished":"2022-06-27T11:35:27+00:00","mainEntityOfPage":{"@id":"https:\/\/www.p31noticias.com.br\/?p=26282"},"wordCount":284,"commentCount":0,"articleSection":["Economia"],"inLanguage":"pt-BR","potentialAction":[{"@type":"CommentAction","name":"Comment","target":["https:\/\/www.p31noticias.com.br\/?p=26282#respond"]}],"copyrightYear":"2022","copyrightHolder":{"@id":"https:\/\/www.p31noticias.com.br\/#organization"}},{"@type":"WebPage","@id":"https:\/\/www.p31noticias.com.br\/?p=26282","url":"https:\/\/www.p31noticias.com.br\/?p=26282","name":"Bolsonaro sanciona teto de ICMS e veta benef\u00edcios a estados. - P31","isPartOf":{"@id":"https:\/\/www.p31noticias.com.br\/#website"},"datePublished":"2022-06-27T11:35:27+00:00","author":{"@id":"https:\/\/www.p31noticias.com.br\/#\/schema\/person\/95f2ece30e3b4132065b915150cd0f94"},"breadcrumb":{"@id":"https:\/\/www.p31noticias.com.br\/?p=26282#breadcrumb"},"inLanguage":"pt-BR","potentialAction":[{"@type":"ReadAction","target":["https:\/\/www.p31noticias.com.br\/?p=26282"]}]},{"@type":"BreadcrumbList","@id":"https:\/\/www.p31noticias.com.br\/?p=26282#breadcrumb","itemListElement":[{"@type":"ListItem","position":1,"name":"In\u00edcio","item":"https:\/\/www.p31noticias.com.br\/"},{"@type":"ListItem","position":2,"name":"Bolsonaro sanciona teto de ICMS e veta benef\u00edcios a estados."}]},{"@type":"WebSite","@id":"https:\/\/www.p31noticias.com.br\/#website","url":"https:\/\/www.p31noticias.com.br\/","name":"P31","description":"NOT\u00cdCIAS","potentialAction":[{"@type":"SearchAction","target":{"@type":"EntryPoint","urlTemplate":"https:\/\/www.p31noticias.com.br\/?s={search_term_string}"},"query-input":{"@type":"PropertyValueSpecification","valueRequired":true,"valueName":"search_term_string"}}],"inLanguage":"pt-BR"},{"@type":"Person","@id":"https:\/\/www.p31noticias.com.br\/#\/schema\/person\/95f2ece30e3b4132065b915150cd0f94","name":"Gon\u00e7alves Junior","image":{"@type":"ImageObject","inLanguage":"pt-BR","@id":"https:\/\/secure.gravatar.com\/avatar\/6711f350116a89762687a48d66f723c799e5438a5b7578508d4294cd7a5d0800?s=96&d=mm&r=g","url":"https:\/\/secure.gravatar.com\/avatar\/6711f350116a89762687a48d66f723c799e5438a5b7578508d4294cd7a5d0800?s=96&d=mm&r=g","contentUrl":"https:\/\/secure.gravatar.com\/avatar\/6711f350116a89762687a48d66f723c799e5438a5b7578508d4294cd7a5d0800?s=96&d=mm&r=g","caption":"Gon\u00e7alves Junior"},"url":"https:\/\/www.p31noticias.com.br\/?author=2"}]}},"amp_enabled":true,"_links":{"self":[{"href":"https:\/\/www.p31noticias.com.br\/index.php?rest_route=\/wp\/v2\/posts\/26282","targetHints":{"allow":["GET"]}}],"collection":[{"href":"https:\/\/www.p31noticias.com.br\/index.php?rest_route=\/wp\/v2\/posts"}],"about":[{"href":"https:\/\/www.p31noticias.com.br\/index.php?rest_route=\/wp\/v2\/types\/post"}],"author":[{"embeddable":true,"href":"https:\/\/www.p31noticias.com.br\/index.php?rest_route=\/wp\/v2\/users\/2"}],"replies":[{"embeddable":true,"href":"https:\/\/www.p31noticias.com.br\/index.php?rest_route=%2Fwp%2Fv2%2Fcomments&post=26282"}],"version-history":[{"count":1,"href":"https:\/\/www.p31noticias.com.br\/index.php?rest_route=\/wp\/v2\/posts\/26282\/revisions"}],"predecessor-version":[{"id":26283,"href":"https:\/\/www.p31noticias.com.br\/index.php?rest_route=\/wp\/v2\/posts\/26282\/revisions\/26283"}],"wp:attachment":[{"href":"https:\/\/www.p31noticias.com.br\/index.php?rest_route=%2Fwp%2Fv2%2Fmedia&parent=26282"}],"wp:term":[{"taxonomy":"category","embeddable":true,"href":"https:\/\/www.p31noticias.com.br\/index.php?rest_route=%2Fwp%2Fv2%2Fcategories&post=26282"},{"taxonomy":"post_tag","embeddable":true,"href":"https:\/\/www.p31noticias.com.br\/index.php?rest_route=%2Fwp%2Fv2%2Ftags&post=26282"}],"curies":[{"name":"wp","href":"https:\/\/api.w.org\/{rel}","templated":true}]}}