{"id":26270,"date":"2022-06-24T00:18:49","date_gmt":"2022-06-24T03:18:49","guid":{"rendered":"https:\/\/p31noticias.com.br\/?p=26270"},"modified":"2022-06-24T00:18:49","modified_gmt":"2022-06-24T03:18:49","slug":"evento-em-sao-paulo-celebra-os-100-anos-do-radio-no-brasil","status":"publish","type":"post","link":"https:\/\/www.p31noticias.com.br\/?p=26270","title":{"rendered":"Evento em S\u00e3o Paulo celebra os 100 anos do r\u00e1dio no Brasil."},"content":{"rendered":"<p style=\"text-align: justify;\"><em><strong>Celebra\u00e7\u00e3o reuniu 25 emissoras e artistas consagrados para marcar o centen\u00e1rio.<\/strong><\/em><\/p>\n<p style=\"text-align: justify;\">Na quarta-feira, 23, um grande evento em S\u00e3o Paulo celebrou o\u00a0<strong>centen\u00e1rio do radialismo<\/strong>\u00a0no Brasil. Nos \u00faltimos 100 anos as ondas do r\u00e1dio embalaram a vida dos brasileiros com novelas, m\u00fasicas e not\u00edcias. Com a chegada da televis\u00e3o nos anos 50 e da internet no final do s\u00e9culo 20, muitos afirmaram que o r\u00e1dio estava com os dias contados, mas ele se adaptou e se reinventou frente \u00e0s novas tecnologias. \u201cMais importante do que olhar para tr\u00e1s \u00e9 olhar pra frente. O r\u00e1dio est\u00e1 sempre presente, saiu da sala, foi pro quarto e agora ele \u00e9 multiplataforma. \u00c9 companheiro, amizade e presta\u00e7\u00e3o de servi\u00e7o. R\u00e1dio tem a capacidade de empatia\u2026e p\u00f4de informar, manter as pessoas a salvo e ser um orientador durante a pandemia\u201d, exaltou o presidente da Associa\u00e7\u00e3o de R\u00e1dios de S\u00e3o Paulo, Rodrigo Neves.<\/p>\n<p style=\"text-align: justify;\">A\u00a0<strong>Jovem Pan<\/strong>\u00a0foi pioneira,\u00a0<a href=\"https:\/\/jovempan.com.br\/jp-80-anos\/jovem-pan-80-anos-das-grandes-coberturas-ao-olhar-atento-para-os-interesses-do-brasil.html\">20 anos separam a primeira transmiss\u00e3o radiof\u00f4nica no Brasil e a cria\u00e7\u00e3o da emissora<\/a>. O presidente do grupo,\u00a0<strong><a href=\"https:\/\/jovempan.com.br\/tag\/tutinha-carvalho\">Tutinha Carvalho<\/a><\/strong>, relembrou o\u00a0<a href=\"https:\/\/jovempan.com.br\/jp-80-anos\/jp-80-anos-tutinha-exalta-trajetoria-e-revela-o-que-espera-do-futuro-digital-vai-ser-cada-vez-mais-relevante.html\">papel de vanguarda da emissora<\/a>\u00a0nessa hist\u00f3ria: \u201cComo sempre inovadora, a Jovem Pan come\u00e7ou a colocar imagem no r\u00e1dio e hoje todas as r\u00e1dios do Brasil fizeram a mesma coisa. Eu tenho muito orgulho que comecei com isso e todo mundo est\u00e1 fazendo a mesma coisa. Eu tor\u00e7o pelo r\u00e1dio, tor\u00e7o pelos meus concorrentes e quero que o r\u00e1dio se d\u00ea bem. O r\u00e1dio nunca vai morrer e est\u00e1 mais vivo do que sempre e faz uma intera\u00e7\u00e3o muito grande com a internet\u201d.<\/p>\n<p style=\"text-align: justify;\">O diretor-executivo da 89 FM R\u00e1dio Rock, J\u00fanior Camargo, concordou com o ineditismo do Grupo Jovem Pan e reiterou a perenidade do r\u00e1dio. \u201cA gente olha muito o que a Jovem Pan faz e ela \u00e9 um sin\u00f4nimo do futuro. Me espelho muito e acho que essa \u00e9 uma oportunidade do ouvinte consumir a r\u00e1dio de v\u00e1rias maneiras. A gente at\u00e9 brinca que o r\u00e1dio vai ser o ve\u00edculo que vai anunciar o fim do mundo, vamos estar at\u00e9 o final\u201d, declarou.<\/p>\n<p style=\"text-align: justify;\">JP NEWS.<\/p>\n","protected":false},"excerpt":{"rendered":"<p>Celebra\u00e7\u00e3o reuniu 25 emissoras e artistas consagrados para marcar o centen\u00e1rio. Na quarta-feira, 23, um grande evento em S\u00e3o Paulo celebrou o\u00a0centen\u00e1rio do radialismo\u00a0no Brasil. Nos \u00faltimos 100 anos as ondas do r\u00e1dio embalaram a vida dos brasileiros com novelas, m\u00fasicas e not\u00edcias. Com a chegada da televis\u00e3o nos anos 50 e da internet no [&hellip;]<\/p>\n","protected":false},"author":2,"featured_media":26271,"comment_status":"open","ping_status":"open","sticky":false,"template":"","format":"standard","meta":{"footnotes":""},"categories":[1],"tags":[],"class_list":{"0":"post-26270","1":"post","2":"type-post","3":"status-publish","4":"format-standard","5":"has-post-thumbnail","7":"category-outros"},"yoast_head":"<!-- This site is optimized with the Yoast SEO Premium plugin v24.5 (Yoast SEO v27.5) - https:\/\/yoast.com\/product\/yoast-seo-premium-wordpress\/ -->\n<title>Evento em S\u00e3o Paulo celebra os 100 anos do r\u00e1dio no Brasil. - P31<\/title>\n<meta name=\"robots\" content=\"index, follow, max-snippet:-1, max-image-preview:large, max-video-preview:-1\" \/>\n<link rel=\"canonical\" href=\"https:\/\/www.p31noticias.com.br\/?p=26270\" \/>\n<meta property=\"og:locale\" content=\"pt_BR\" \/>\n<meta property=\"og:type\" content=\"article\" \/>\n<meta property=\"og:title\" content=\"Evento em S\u00e3o Paulo celebra os 100 anos do r\u00e1dio no Brasil.\" \/>\n<meta property=\"og:description\" content=\"Celebra\u00e7\u00e3o reuniu 25 emissoras e artistas consagrados para marcar o centen\u00e1rio. Na quarta-feira, 23, um grande evento em S\u00e3o Paulo celebrou o\u00a0centen\u00e1rio do radialismo\u00a0no Brasil. Nos \u00faltimos 100 anos as ondas do r\u00e1dio embalaram a vida dos brasileiros com novelas, m\u00fasicas e not\u00edcias. Com a chegada da televis\u00e3o nos anos 50 e da internet no [&hellip;]\" \/>\n<meta property=\"og:url\" content=\"https:\/\/www.p31noticias.com.br\/?p=26270\" \/>\n<meta property=\"og:site_name\" content=\"P31\" \/>\n<meta property=\"article:published_time\" content=\"2022-06-24T03:18:49+00:00\" \/>\n<meta property=\"og:image\" content=\"https:\/\/www.p31noticias.com.br\/wp-content\/uploads\/2022\/06\/radio-1682531_1920-1.jpg\" \/>\n\t<meta property=\"og:image:width\" content=\"1400\" \/>\n\t<meta property=\"og:image:height\" content=\"934\" \/>\n\t<meta property=\"og:image:type\" content=\"image\/jpeg\" \/>\n<meta name=\"author\" content=\"Gon\u00e7alves Junior\" \/>\n<meta name=\"twitter:card\" content=\"summary_large_image\" \/>\n<meta name=\"twitter:label1\" content=\"Escrito por\" \/>\n\t<meta name=\"twitter:data1\" content=\"Gon\u00e7alves Junior\" \/>\n\t<meta name=\"twitter:label2\" content=\"Est. tempo de leitura\" \/>\n\t<meta name=\"twitter:data2\" content=\"2 minutos\" \/>\n<script type=\"application\/ld+json\" class=\"yoast-schema-graph\">{\"@context\":\"https:\\\/\\\/schema.org\",\"@graph\":[{\"@type\":\"Article\",\"@id\":\"https:\\\/\\\/www.p31noticias.com.br\\\/?p=26270#article\",\"isPartOf\":{\"@id\":\"https:\\\/\\\/www.p31noticias.com.br\\\/?p=26270\"},\"author\":{\"name\":\"Gon\u00e7alves Junior\",\"@id\":\"https:\\\/\\\/www.p31noticias.com.br\\\/#\\\/schema\\\/person\\\/95f2ece30e3b4132065b915150cd0f94\"},\"headline\":\"Evento em S\u00e3o Paulo celebra os 100 anos do r\u00e1dio no Brasil.\",\"datePublished\":\"2022-06-24T03:18:49+00:00\",\"mainEntityOfPage\":{\"@id\":\"https:\\\/\\\/www.p31noticias.com.br\\\/?p=26270\"},\"wordCount\":384,\"commentCount\":0,\"image\":{\"@id\":\"https:\\\/\\\/www.p31noticias.com.br\\\/?p=26270#primaryimage\"},\"thumbnailUrl\":\"https:\\\/\\\/www.p31noticias.com.br\\\/wp-content\\\/uploads\\\/2022\\\/06\\\/radio-1682531_1920-1.jpg\",\"articleSection\":[\"Outros\"],\"inLanguage\":\"pt-BR\",\"potentialAction\":[{\"@type\":\"CommentAction\",\"name\":\"Comment\",\"target\":[\"https:\\\/\\\/www.p31noticias.com.br\\\/?p=26270#respond\"]}],\"copyrightYear\":\"2022\",\"copyrightHolder\":{\"@id\":\"https:\\\/\\\/www.p31noticias.com.br\\\/#organization\"}},{\"@type\":\"WebPage\",\"@id\":\"https:\\\/\\\/www.p31noticias.com.br\\\/?p=26270\",\"url\":\"https:\\\/\\\/www.p31noticias.com.br\\\/?p=26270\",\"name\":\"Evento em S\u00e3o Paulo celebra os 100 anos do r\u00e1dio no Brasil. - P31\",\"isPartOf\":{\"@id\":\"https:\\\/\\\/www.p31noticias.com.br\\\/#website\"},\"primaryImageOfPage\":{\"@id\":\"https:\\\/\\\/www.p31noticias.com.br\\\/?p=26270#primaryimage\"},\"image\":{\"@id\":\"https:\\\/\\\/www.p31noticias.com.br\\\/?p=26270#primaryimage\"},\"thumbnailUrl\":\"https:\\\/\\\/www.p31noticias.com.br\\\/wp-content\\\/uploads\\\/2022\\\/06\\\/radio-1682531_1920-1.jpg\",\"datePublished\":\"2022-06-24T03:18:49+00:00\",\"author\":{\"@id\":\"https:\\\/\\\/www.p31noticias.com.br\\\/#\\\/schema\\\/person\\\/95f2ece30e3b4132065b915150cd0f94\"},\"breadcrumb\":{\"@id\":\"https:\\\/\\\/www.p31noticias.com.br\\\/?p=26270#breadcrumb\"},\"inLanguage\":\"pt-BR\",\"potentialAction\":[{\"@type\":\"ReadAction\",\"target\":[\"https:\\\/\\\/www.p31noticias.com.br\\\/?p=26270\"]}]},{\"@type\":\"ImageObject\",\"inLanguage\":\"pt-BR\",\"@id\":\"https:\\\/\\\/www.p31noticias.com.br\\\/?p=26270#primaryimage\",\"url\":\"https:\\\/\\\/www.p31noticias.com.br\\\/wp-content\\\/uploads\\\/2022\\\/06\\\/radio-1682531_1920-1.jpg\",\"contentUrl\":\"https:\\\/\\\/www.p31noticias.com.br\\\/wp-content\\\/uploads\\\/2022\\\/06\\\/radio-1682531_1920-1.jpg\",\"width\":1400,\"height\":934},{\"@type\":\"BreadcrumbList\",\"@id\":\"https:\\\/\\\/www.p31noticias.com.br\\\/?p=26270#breadcrumb\",\"itemListElement\":[{\"@type\":\"ListItem\",\"position\":1,\"name\":\"In\u00edcio\",\"item\":\"https:\\\/\\\/www.p31noticias.com.br\\\/\"},{\"@type\":\"ListItem\",\"position\":2,\"name\":\"Evento em S\u00e3o Paulo celebra os 100 anos do r\u00e1dio no Brasil.\"}]},{\"@type\":\"WebSite\",\"@id\":\"https:\\\/\\\/www.p31noticias.com.br\\\/#website\",\"url\":\"https:\\\/\\\/www.p31noticias.com.br\\\/\",\"name\":\"P31\",\"description\":\"NOT\u00cdCIAS\",\"potentialAction\":[{\"@type\":\"SearchAction\",\"target\":{\"@type\":\"EntryPoint\",\"urlTemplate\":\"https:\\\/\\\/www.p31noticias.com.br\\\/?s={search_term_string}\"},\"query-input\":{\"@type\":\"PropertyValueSpecification\",\"valueRequired\":true,\"valueName\":\"search_term_string\"}}],\"inLanguage\":\"pt-BR\"},{\"@type\":\"Person\",\"@id\":\"https:\\\/\\\/www.p31noticias.com.br\\\/#\\\/schema\\\/person\\\/95f2ece30e3b4132065b915150cd0f94\",\"name\":\"Gon\u00e7alves Junior\",\"image\":{\"@type\":\"ImageObject\",\"inLanguage\":\"pt-BR\",\"@id\":\"https:\\\/\\\/secure.gravatar.com\\\/avatar\\\/6711f350116a89762687a48d66f723c799e5438a5b7578508d4294cd7a5d0800?s=96&d=mm&r=g\",\"url\":\"https:\\\/\\\/secure.gravatar.com\\\/avatar\\\/6711f350116a89762687a48d66f723c799e5438a5b7578508d4294cd7a5d0800?s=96&d=mm&r=g\",\"contentUrl\":\"https:\\\/\\\/secure.gravatar.com\\\/avatar\\\/6711f350116a89762687a48d66f723c799e5438a5b7578508d4294cd7a5d0800?s=96&d=mm&r=g\",\"caption\":\"Gon\u00e7alves Junior\"},\"url\":\"https:\\\/\\\/www.p31noticias.com.br\\\/?author=2\"}]}<\/script>\n<!-- \/ Yoast SEO Premium plugin. -->","yoast_head_json":{"title":"Evento em S\u00e3o Paulo celebra os 100 anos do r\u00e1dio no Brasil. - P31","robots":{"index":"index","follow":"follow","max-snippet":"max-snippet:-1","max-image-preview":"max-image-preview:large","max-video-preview":"max-video-preview:-1"},"canonical":"https:\/\/www.p31noticias.com.br\/?p=26270","og_locale":"pt_BR","og_type":"article","og_title":"Evento em S\u00e3o Paulo celebra os 100 anos do r\u00e1dio no Brasil.","og_description":"Celebra\u00e7\u00e3o reuniu 25 emissoras e artistas consagrados para marcar o centen\u00e1rio. Na quarta-feira, 23, um grande evento em S\u00e3o Paulo celebrou o\u00a0centen\u00e1rio do radialismo\u00a0no Brasil. Nos \u00faltimos 100 anos as ondas do r\u00e1dio embalaram a vida dos brasileiros com novelas, m\u00fasicas e not\u00edcias. Com a chegada da televis\u00e3o nos anos 50 e da internet no [&hellip;]","og_url":"https:\/\/www.p31noticias.com.br\/?p=26270","og_site_name":"P31","article_published_time":"2022-06-24T03:18:49+00:00","og_image":[{"width":1400,"height":934,"url":"https:\/\/www.p31noticias.com.br\/wp-content\/uploads\/2022\/06\/radio-1682531_1920-1.jpg","type":"image\/jpeg"}],"author":"Gon\u00e7alves Junior","twitter_card":"summary_large_image","twitter_misc":{"Escrito por":"Gon\u00e7alves Junior","Est. tempo de leitura":"2 minutos"},"schema":{"@context":"https:\/\/schema.org","@graph":[{"@type":"Article","@id":"https:\/\/www.p31noticias.com.br\/?p=26270#article","isPartOf":{"@id":"https:\/\/www.p31noticias.com.br\/?p=26270"},"author":{"name":"Gon\u00e7alves Junior","@id":"https:\/\/www.p31noticias.com.br\/#\/schema\/person\/95f2ece30e3b4132065b915150cd0f94"},"headline":"Evento em S\u00e3o Paulo celebra os 100 anos do r\u00e1dio no Brasil.","datePublished":"2022-06-24T03:18:49+00:00","mainEntityOfPage":{"@id":"https:\/\/www.p31noticias.com.br\/?p=26270"},"wordCount":384,"commentCount":0,"image":{"@id":"https:\/\/www.p31noticias.com.br\/?p=26270#primaryimage"},"thumbnailUrl":"https:\/\/www.p31noticias.com.br\/wp-content\/uploads\/2022\/06\/radio-1682531_1920-1.jpg","articleSection":["Outros"],"inLanguage":"pt-BR","potentialAction":[{"@type":"CommentAction","name":"Comment","target":["https:\/\/www.p31noticias.com.br\/?p=26270#respond"]}],"copyrightYear":"2022","copyrightHolder":{"@id":"https:\/\/www.p31noticias.com.br\/#organization"}},{"@type":"WebPage","@id":"https:\/\/www.p31noticias.com.br\/?p=26270","url":"https:\/\/www.p31noticias.com.br\/?p=26270","name":"Evento em S\u00e3o Paulo celebra os 100 anos do r\u00e1dio no Brasil. - P31","isPartOf":{"@id":"https:\/\/www.p31noticias.com.br\/#website"},"primaryImageOfPage":{"@id":"https:\/\/www.p31noticias.com.br\/?p=26270#primaryimage"},"image":{"@id":"https:\/\/www.p31noticias.com.br\/?p=26270#primaryimage"},"thumbnailUrl":"https:\/\/www.p31noticias.com.br\/wp-content\/uploads\/2022\/06\/radio-1682531_1920-1.jpg","datePublished":"2022-06-24T03:18:49+00:00","author":{"@id":"https:\/\/www.p31noticias.com.br\/#\/schema\/person\/95f2ece30e3b4132065b915150cd0f94"},"breadcrumb":{"@id":"https:\/\/www.p31noticias.com.br\/?p=26270#breadcrumb"},"inLanguage":"pt-BR","potentialAction":[{"@type":"ReadAction","target":["https:\/\/www.p31noticias.com.br\/?p=26270"]}]},{"@type":"ImageObject","inLanguage":"pt-BR","@id":"https:\/\/www.p31noticias.com.br\/?p=26270#primaryimage","url":"https:\/\/www.p31noticias.com.br\/wp-content\/uploads\/2022\/06\/radio-1682531_1920-1.jpg","contentUrl":"https:\/\/www.p31noticias.com.br\/wp-content\/uploads\/2022\/06\/radio-1682531_1920-1.jpg","width":1400,"height":934},{"@type":"BreadcrumbList","@id":"https:\/\/www.p31noticias.com.br\/?p=26270#breadcrumb","itemListElement":[{"@type":"ListItem","position":1,"name":"In\u00edcio","item":"https:\/\/www.p31noticias.com.br\/"},{"@type":"ListItem","position":2,"name":"Evento em S\u00e3o Paulo celebra os 100 anos do r\u00e1dio no Brasil."}]},{"@type":"WebSite","@id":"https:\/\/www.p31noticias.com.br\/#website","url":"https:\/\/www.p31noticias.com.br\/","name":"P31","description":"NOT\u00cdCIAS","potentialAction":[{"@type":"SearchAction","target":{"@type":"EntryPoint","urlTemplate":"https:\/\/www.p31noticias.com.br\/?s={search_term_string}"},"query-input":{"@type":"PropertyValueSpecification","valueRequired":true,"valueName":"search_term_string"}}],"inLanguage":"pt-BR"},{"@type":"Person","@id":"https:\/\/www.p31noticias.com.br\/#\/schema\/person\/95f2ece30e3b4132065b915150cd0f94","name":"Gon\u00e7alves Junior","image":{"@type":"ImageObject","inLanguage":"pt-BR","@id":"https:\/\/secure.gravatar.com\/avatar\/6711f350116a89762687a48d66f723c799e5438a5b7578508d4294cd7a5d0800?s=96&d=mm&r=g","url":"https:\/\/secure.gravatar.com\/avatar\/6711f350116a89762687a48d66f723c799e5438a5b7578508d4294cd7a5d0800?s=96&d=mm&r=g","contentUrl":"https:\/\/secure.gravatar.com\/avatar\/6711f350116a89762687a48d66f723c799e5438a5b7578508d4294cd7a5d0800?s=96&d=mm&r=g","caption":"Gon\u00e7alves Junior"},"url":"https:\/\/www.p31noticias.com.br\/?author=2"}]}},"amp_enabled":true,"_links":{"self":[{"href":"https:\/\/www.p31noticias.com.br\/index.php?rest_route=\/wp\/v2\/posts\/26270","targetHints":{"allow":["GET"]}}],"collection":[{"href":"https:\/\/www.p31noticias.com.br\/index.php?rest_route=\/wp\/v2\/posts"}],"about":[{"href":"https:\/\/www.p31noticias.com.br\/index.php?rest_route=\/wp\/v2\/types\/post"}],"author":[{"embeddable":true,"href":"https:\/\/www.p31noticias.com.br\/index.php?rest_route=\/wp\/v2\/users\/2"}],"replies":[{"embeddable":true,"href":"https:\/\/www.p31noticias.com.br\/index.php?rest_route=%2Fwp%2Fv2%2Fcomments&post=26270"}],"version-history":[{"count":1,"href":"https:\/\/www.p31noticias.com.br\/index.php?rest_route=\/wp\/v2\/posts\/26270\/revisions"}],"predecessor-version":[{"id":26272,"href":"https:\/\/www.p31noticias.com.br\/index.php?rest_route=\/wp\/v2\/posts\/26270\/revisions\/26272"}],"wp:featuredmedia":[{"embeddable":true,"href":"https:\/\/www.p31noticias.com.br\/index.php?rest_route=\/wp\/v2\/media\/26271"}],"wp:attachment":[{"href":"https:\/\/www.p31noticias.com.br\/index.php?rest_route=%2Fwp%2Fv2%2Fmedia&parent=26270"}],"wp:term":[{"taxonomy":"category","embeddable":true,"href":"https:\/\/www.p31noticias.com.br\/index.php?rest_route=%2Fwp%2Fv2%2Fcategories&post=26270"},{"taxonomy":"post_tag","embeddable":true,"href":"https:\/\/www.p31noticias.com.br\/index.php?rest_route=%2Fwp%2Fv2%2Ftags&post=26270"}],"curies":[{"name":"wp","href":"https:\/\/api.w.org\/{rel}","templated":true}]}}