{"id":26267,"date":"2022-06-24T00:16:11","date_gmt":"2022-06-24T03:16:11","guid":{"rendered":"https:\/\/p31noticias.com.br\/?p=26267"},"modified":"2022-06-24T00:16:11","modified_gmt":"2022-06-24T03:16:11","slug":"governo-prorroga-prazo-para-negociacao-de-dividas","status":"publish","type":"post","link":"https:\/\/www.p31noticias.com.br\/?p=26267","title":{"rendered":"Governo prorroga prazo para negocia\u00e7\u00e3o de d\u00edvidas."},"content":{"rendered":"<p><em><strong><span style=\"color: #000000; font-family: Regular, sans-serif; font-size: 19.8px;\">Consumidores poder\u00e3o ser atendidos presencialmente at\u00e9 a pr\u00f3xima quinta-feira (30).<\/span><\/strong><\/em><\/p>\n<p><span style=\"color: #000000; font-family: Regular, sans-serif; font-size: 18px;\">O Procon, \u00f3rg\u00e3o da Secretaria de Justi\u00e7a e Cidadania, vai prorrogar o mutir\u00e3o de renegocia\u00e7\u00e3o de d\u00edvidas com as empresas Neoenergia e Caesb at\u00e9 a pr\u00f3xima semana.<\/span><\/p>\n<p style=\"box-sizing: border-box; overflow-wrap: break-word; margin-right: 0px; margin-bottom: 1.1em; margin-left: 0px; padding: 0px; border: 0px; font-variant-numeric: inherit; font-variant-east-asian: inherit; font-stretch: inherit; font-size: 18px; line-height: 2; vertical-align: baseline; font-family: Regular, sans-serif; color: #000000;\">A partir de segunda-feira (27), consumidores interessados em renegociar d\u00edvidas com a Neoenergia Bras\u00edlia podem comparecer ao Ven\u00e2ncio Shopping, das 10h \u00e0s 16h, no Espa\u00e7o Conex\u00e3o. A a\u00e7\u00e3o vai at\u00e9 quarta-feira (29) e haver\u00e1 distribui\u00e7\u00e3o de senhas para atendimento.<\/p>\n<p style=\"box-sizing: border-box; overflow-wrap: break-word; margin-right: 0px; margin-bottom: 1.1em; margin-left: 0px; padding: 0px; border: 0px; font-variant-numeric: inherit; font-variant-east-asian: inherit; font-stretch: inherit; font-size: 18px; line-height: 2; vertical-align: baseline; font-family: Regular, sans-serif; color: #000000;\">Para renegocia\u00e7\u00e3o com a Caesb, o atendimento foi modificado: a partir desta quinta-feira (23), consumidores poder\u00e3o procurar os postos de atendimento da pr\u00f3pria empresa at\u00e9 30 de junho, para aproveitarem as mesmas condi\u00e7\u00f5es de negocia\u00e7\u00e3o do Feir\u00e3o do Procon. O atendimento ao p\u00fablico da Caesb deve ser previamente agendado.<\/p>\n<p style=\"box-sizing: border-box; overflow-wrap: break-word; margin-right: 0px; margin-bottom: 1.1em; margin-left: 0px; padding: 0px; border: 0px; font-variant-numeric: inherit; font-variant-east-asian: inherit; font-stretch: inherit; font-size: 18px; line-height: 2; vertical-align: baseline; font-family: Regular, sans-serif; color: #000000;\"><span style=\"box-sizing: border-box; margin: 0px; padding: 0px; border: 0px; font-style: inherit; font-variant: inherit; font-weight: bold; font-stretch: inherit; font-size: inherit; line-height: inherit; vertical-align: baseline;\">Servi\u00e7o<br style=\"box-sizing: border-box;\" \/><\/span><em style=\"box-sizing: border-box; margin: 0px; padding: 0px; border: 0px; font-variant: inherit; font-stretch: inherit; font-size: inherit; line-height: inherit; vertical-align: baseline;\">\u2013 Renegocia\u00e7\u00e3o de d\u00edvidas \u2013 Neoenergia Bras\u00edlia<\/em><br style=\"box-sizing: border-box;\" \/>Data: 27 a 29 de junho<br style=\"box-sizing: border-box;\" \/>Hor\u00e1rio: 10h \u00e0s 16h<br style=\"box-sizing: border-box;\" \/>Local: Espa\u00e7o Conex\u00e3o do Ven\u00e2ncio Shopping<\/p>\n<p style=\"box-sizing: border-box; overflow-wrap: break-word; margin-right: 0px; margin-bottom: 1.1em; margin-left: 0px; padding: 0px; border: 0px; font-variant-numeric: inherit; font-variant-east-asian: inherit; font-stretch: inherit; font-size: 18px; line-height: 2; vertical-align: baseline; font-family: Regular, sans-serif; color: #000000;\"><em style=\"box-sizing: border-box; margin: 0px; padding: 0px; border: 0px; font-variant: inherit; font-stretch: inherit; font-size: inherit; line-height: inherit; vertical-align: baseline;\">\u2013 Renegocia\u00e7\u00e3o de d\u00edvidas \u2013 Caesb<\/em><br style=\"box-sizing: border-box;\" \/>Data: 23 a 30 de junho<br style=\"box-sizing: border-box;\" \/>Hor\u00e1rio: Varia de acordo com o posto de atendimento<br style=\"box-sizing: border-box;\" \/>Local: Postos de atendimento ao consumidor da Caesb<\/p>\n<p style=\"box-sizing: border-box; overflow-wrap: break-word; margin-right: 0px; margin-bottom: 1.1em; margin-left: 0px; padding: 0px; border: 0px; font-variant-numeric: inherit; font-variant-east-asian: inherit; font-stretch: inherit; font-size: 18px; line-height: 2; vertical-align: baseline; font-family: Regular, sans-serif; color: #000000;\"><em style=\"box-sizing: border-box; margin: 0px; padding: 0px; border: 0px; font-variant: inherit; font-stretch: inherit; font-size: inherit; line-height: inherit; vertical-align: baseline;\">*Com informa\u00e7\u00f5es do Procon-DF<\/em><\/p>\n","protected":false},"excerpt":{"rendered":"<p>Consumidores poder\u00e3o ser atendidos presencialmente at\u00e9 a pr\u00f3xima quinta-feira (30). O Procon, \u00f3rg\u00e3o da Secretaria de Justi\u00e7a e Cidadania, vai prorrogar o mutir\u00e3o de renegocia\u00e7\u00e3o de d\u00edvidas com as empresas Neoenergia e Caesb at\u00e9 a pr\u00f3xima semana. A partir de segunda-feira (27), consumidores interessados em renegociar d\u00edvidas com a Neoenergia Bras\u00edlia podem comparecer ao Ven\u00e2ncio [&hellip;]<\/p>\n","protected":false},"author":2,"featured_media":26268,"comment_status":"open","ping_status":"open","sticky":false,"template":"","format":"standard","meta":{"footnotes":""},"categories":[1],"tags":[],"class_list":{"0":"post-26267","1":"post","2":"type-post","3":"status-publish","4":"format-standard","5":"has-post-thumbnail","7":"category-outros"},"yoast_head":"<!-- This site is optimized with the Yoast SEO Premium plugin v24.5 (Yoast SEO v27.5) - https:\/\/yoast.com\/product\/yoast-seo-premium-wordpress\/ -->\n<title>Governo prorroga prazo para negocia\u00e7\u00e3o de d\u00edvidas. - P31<\/title>\n<meta name=\"robots\" content=\"index, follow, max-snippet:-1, max-image-preview:large, max-video-preview:-1\" \/>\n<link rel=\"canonical\" href=\"https:\/\/www.p31noticias.com.br\/?p=26267\" \/>\n<meta property=\"og:locale\" content=\"pt_BR\" \/>\n<meta property=\"og:type\" content=\"article\" \/>\n<meta property=\"og:title\" content=\"Governo prorroga prazo para negocia\u00e7\u00e3o de d\u00edvidas.\" \/>\n<meta property=\"og:description\" content=\"Consumidores poder\u00e3o ser atendidos presencialmente at\u00e9 a pr\u00f3xima quinta-feira (30). O Procon, \u00f3rg\u00e3o da Secretaria de Justi\u00e7a e Cidadania, vai prorrogar o mutir\u00e3o de renegocia\u00e7\u00e3o de d\u00edvidas com as empresas Neoenergia e Caesb at\u00e9 a pr\u00f3xima semana. A partir de segunda-feira (27), consumidores interessados em renegociar d\u00edvidas com a Neoenergia Bras\u00edlia podem comparecer ao Ven\u00e2ncio [&hellip;]\" \/>\n<meta property=\"og:url\" content=\"https:\/\/www.p31noticias.com.br\/?p=26267\" \/>\n<meta property=\"og:site_name\" content=\"P31\" \/>\n<meta property=\"article:published_time\" content=\"2022-06-24T03:16:11+00:00\" \/>\n<meta property=\"og:image\" content=\"https:\/\/www.p31noticias.com.br\/wp-content\/uploads\/2022\/06\/download-8.jpg\" \/>\n\t<meta property=\"og:image:width\" content=\"276\" \/>\n\t<meta property=\"og:image:height\" content=\"182\" \/>\n\t<meta property=\"og:image:type\" content=\"image\/jpeg\" \/>\n<meta name=\"author\" content=\"Gon\u00e7alves Junior\" \/>\n<meta name=\"twitter:card\" content=\"summary_large_image\" \/>\n<meta name=\"twitter:label1\" content=\"Escrito por\" \/>\n\t<meta name=\"twitter:data1\" content=\"Gon\u00e7alves Junior\" \/>\n\t<meta name=\"twitter:label2\" content=\"Est. tempo de leitura\" \/>\n\t<meta name=\"twitter:data2\" content=\"1 minuto\" \/>\n<script type=\"application\/ld+json\" class=\"yoast-schema-graph\">{\"@context\":\"https:\\\/\\\/schema.org\",\"@graph\":[{\"@type\":\"Article\",\"@id\":\"https:\\\/\\\/www.p31noticias.com.br\\\/?p=26267#article\",\"isPartOf\":{\"@id\":\"https:\\\/\\\/www.p31noticias.com.br\\\/?p=26267\"},\"author\":{\"name\":\"Gon\u00e7alves Junior\",\"@id\":\"https:\\\/\\\/www.p31noticias.com.br\\\/#\\\/schema\\\/person\\\/95f2ece30e3b4132065b915150cd0f94\"},\"headline\":\"Governo prorroga prazo para negocia\u00e7\u00e3o de d\u00edvidas.\",\"datePublished\":\"2022-06-24T03:16:11+00:00\",\"mainEntityOfPage\":{\"@id\":\"https:\\\/\\\/www.p31noticias.com.br\\\/?p=26267\"},\"wordCount\":208,\"commentCount\":0,\"image\":{\"@id\":\"https:\\\/\\\/www.p31noticias.com.br\\\/?p=26267#primaryimage\"},\"thumbnailUrl\":\"https:\\\/\\\/www.p31noticias.com.br\\\/wp-content\\\/uploads\\\/2022\\\/06\\\/download-8.jpg\",\"articleSection\":[\"Outros\"],\"inLanguage\":\"pt-BR\",\"potentialAction\":[{\"@type\":\"CommentAction\",\"name\":\"Comment\",\"target\":[\"https:\\\/\\\/www.p31noticias.com.br\\\/?p=26267#respond\"]}],\"copyrightYear\":\"2022\",\"copyrightHolder\":{\"@id\":\"https:\\\/\\\/www.p31noticias.com.br\\\/#organization\"}},{\"@type\":\"WebPage\",\"@id\":\"https:\\\/\\\/www.p31noticias.com.br\\\/?p=26267\",\"url\":\"https:\\\/\\\/www.p31noticias.com.br\\\/?p=26267\",\"name\":\"Governo prorroga prazo para negocia\u00e7\u00e3o de d\u00edvidas. - P31\",\"isPartOf\":{\"@id\":\"https:\\\/\\\/www.p31noticias.com.br\\\/#website\"},\"primaryImageOfPage\":{\"@id\":\"https:\\\/\\\/www.p31noticias.com.br\\\/?p=26267#primaryimage\"},\"image\":{\"@id\":\"https:\\\/\\\/www.p31noticias.com.br\\\/?p=26267#primaryimage\"},\"thumbnailUrl\":\"https:\\\/\\\/www.p31noticias.com.br\\\/wp-content\\\/uploads\\\/2022\\\/06\\\/download-8.jpg\",\"datePublished\":\"2022-06-24T03:16:11+00:00\",\"author\":{\"@id\":\"https:\\\/\\\/www.p31noticias.com.br\\\/#\\\/schema\\\/person\\\/95f2ece30e3b4132065b915150cd0f94\"},\"breadcrumb\":{\"@id\":\"https:\\\/\\\/www.p31noticias.com.br\\\/?p=26267#breadcrumb\"},\"inLanguage\":\"pt-BR\",\"potentialAction\":[{\"@type\":\"ReadAction\",\"target\":[\"https:\\\/\\\/www.p31noticias.com.br\\\/?p=26267\"]}]},{\"@type\":\"ImageObject\",\"inLanguage\":\"pt-BR\",\"@id\":\"https:\\\/\\\/www.p31noticias.com.br\\\/?p=26267#primaryimage\",\"url\":\"https:\\\/\\\/www.p31noticias.com.br\\\/wp-content\\\/uploads\\\/2022\\\/06\\\/download-8.jpg\",\"contentUrl\":\"https:\\\/\\\/www.p31noticias.com.br\\\/wp-content\\\/uploads\\\/2022\\\/06\\\/download-8.jpg\",\"width\":276,\"height\":182},{\"@type\":\"BreadcrumbList\",\"@id\":\"https:\\\/\\\/www.p31noticias.com.br\\\/?p=26267#breadcrumb\",\"itemListElement\":[{\"@type\":\"ListItem\",\"position\":1,\"name\":\"In\u00edcio\",\"item\":\"https:\\\/\\\/www.p31noticias.com.br\\\/\"},{\"@type\":\"ListItem\",\"position\":2,\"name\":\"Governo prorroga prazo para negocia\u00e7\u00e3o de d\u00edvidas.\"}]},{\"@type\":\"WebSite\",\"@id\":\"https:\\\/\\\/www.p31noticias.com.br\\\/#website\",\"url\":\"https:\\\/\\\/www.p31noticias.com.br\\\/\",\"name\":\"P31\",\"description\":\"NOT\u00cdCIAS\",\"potentialAction\":[{\"@type\":\"SearchAction\",\"target\":{\"@type\":\"EntryPoint\",\"urlTemplate\":\"https:\\\/\\\/www.p31noticias.com.br\\\/?s={search_term_string}\"},\"query-input\":{\"@type\":\"PropertyValueSpecification\",\"valueRequired\":true,\"valueName\":\"search_term_string\"}}],\"inLanguage\":\"pt-BR\"},{\"@type\":\"Person\",\"@id\":\"https:\\\/\\\/www.p31noticias.com.br\\\/#\\\/schema\\\/person\\\/95f2ece30e3b4132065b915150cd0f94\",\"name\":\"Gon\u00e7alves Junior\",\"image\":{\"@type\":\"ImageObject\",\"inLanguage\":\"pt-BR\",\"@id\":\"https:\\\/\\\/secure.gravatar.com\\\/avatar\\\/6711f350116a89762687a48d66f723c799e5438a5b7578508d4294cd7a5d0800?s=96&d=mm&r=g\",\"url\":\"https:\\\/\\\/secure.gravatar.com\\\/avatar\\\/6711f350116a89762687a48d66f723c799e5438a5b7578508d4294cd7a5d0800?s=96&d=mm&r=g\",\"contentUrl\":\"https:\\\/\\\/secure.gravatar.com\\\/avatar\\\/6711f350116a89762687a48d66f723c799e5438a5b7578508d4294cd7a5d0800?s=96&d=mm&r=g\",\"caption\":\"Gon\u00e7alves Junior\"},\"url\":\"https:\\\/\\\/www.p31noticias.com.br\\\/?author=2\"}]}<\/script>\n<!-- \/ Yoast SEO Premium plugin. -->","yoast_head_json":{"title":"Governo prorroga prazo para negocia\u00e7\u00e3o de d\u00edvidas. - P31","robots":{"index":"index","follow":"follow","max-snippet":"max-snippet:-1","max-image-preview":"max-image-preview:large","max-video-preview":"max-video-preview:-1"},"canonical":"https:\/\/www.p31noticias.com.br\/?p=26267","og_locale":"pt_BR","og_type":"article","og_title":"Governo prorroga prazo para negocia\u00e7\u00e3o de d\u00edvidas.","og_description":"Consumidores poder\u00e3o ser atendidos presencialmente at\u00e9 a pr\u00f3xima quinta-feira (30). O Procon, \u00f3rg\u00e3o da Secretaria de Justi\u00e7a e Cidadania, vai prorrogar o mutir\u00e3o de renegocia\u00e7\u00e3o de d\u00edvidas com as empresas Neoenergia e Caesb at\u00e9 a pr\u00f3xima semana. A partir de segunda-feira (27), consumidores interessados em renegociar d\u00edvidas com a Neoenergia Bras\u00edlia podem comparecer ao Ven\u00e2ncio [&hellip;]","og_url":"https:\/\/www.p31noticias.com.br\/?p=26267","og_site_name":"P31","article_published_time":"2022-06-24T03:16:11+00:00","og_image":[{"width":276,"height":182,"url":"https:\/\/www.p31noticias.com.br\/wp-content\/uploads\/2022\/06\/download-8.jpg","type":"image\/jpeg"}],"author":"Gon\u00e7alves Junior","twitter_card":"summary_large_image","twitter_misc":{"Escrito por":"Gon\u00e7alves Junior","Est. tempo de leitura":"1 minuto"},"schema":{"@context":"https:\/\/schema.org","@graph":[{"@type":"Article","@id":"https:\/\/www.p31noticias.com.br\/?p=26267#article","isPartOf":{"@id":"https:\/\/www.p31noticias.com.br\/?p=26267"},"author":{"name":"Gon\u00e7alves Junior","@id":"https:\/\/www.p31noticias.com.br\/#\/schema\/person\/95f2ece30e3b4132065b915150cd0f94"},"headline":"Governo prorroga prazo para negocia\u00e7\u00e3o de d\u00edvidas.","datePublished":"2022-06-24T03:16:11+00:00","mainEntityOfPage":{"@id":"https:\/\/www.p31noticias.com.br\/?p=26267"},"wordCount":208,"commentCount":0,"image":{"@id":"https:\/\/www.p31noticias.com.br\/?p=26267#primaryimage"},"thumbnailUrl":"https:\/\/www.p31noticias.com.br\/wp-content\/uploads\/2022\/06\/download-8.jpg","articleSection":["Outros"],"inLanguage":"pt-BR","potentialAction":[{"@type":"CommentAction","name":"Comment","target":["https:\/\/www.p31noticias.com.br\/?p=26267#respond"]}],"copyrightYear":"2022","copyrightHolder":{"@id":"https:\/\/www.p31noticias.com.br\/#organization"}},{"@type":"WebPage","@id":"https:\/\/www.p31noticias.com.br\/?p=26267","url":"https:\/\/www.p31noticias.com.br\/?p=26267","name":"Governo prorroga prazo para negocia\u00e7\u00e3o de d\u00edvidas. - P31","isPartOf":{"@id":"https:\/\/www.p31noticias.com.br\/#website"},"primaryImageOfPage":{"@id":"https:\/\/www.p31noticias.com.br\/?p=26267#primaryimage"},"image":{"@id":"https:\/\/www.p31noticias.com.br\/?p=26267#primaryimage"},"thumbnailUrl":"https:\/\/www.p31noticias.com.br\/wp-content\/uploads\/2022\/06\/download-8.jpg","datePublished":"2022-06-24T03:16:11+00:00","author":{"@id":"https:\/\/www.p31noticias.com.br\/#\/schema\/person\/95f2ece30e3b4132065b915150cd0f94"},"breadcrumb":{"@id":"https:\/\/www.p31noticias.com.br\/?p=26267#breadcrumb"},"inLanguage":"pt-BR","potentialAction":[{"@type":"ReadAction","target":["https:\/\/www.p31noticias.com.br\/?p=26267"]}]},{"@type":"ImageObject","inLanguage":"pt-BR","@id":"https:\/\/www.p31noticias.com.br\/?p=26267#primaryimage","url":"https:\/\/www.p31noticias.com.br\/wp-content\/uploads\/2022\/06\/download-8.jpg","contentUrl":"https:\/\/www.p31noticias.com.br\/wp-content\/uploads\/2022\/06\/download-8.jpg","width":276,"height":182},{"@type":"BreadcrumbList","@id":"https:\/\/www.p31noticias.com.br\/?p=26267#breadcrumb","itemListElement":[{"@type":"ListItem","position":1,"name":"In\u00edcio","item":"https:\/\/www.p31noticias.com.br\/"},{"@type":"ListItem","position":2,"name":"Governo prorroga prazo para negocia\u00e7\u00e3o de d\u00edvidas."}]},{"@type":"WebSite","@id":"https:\/\/www.p31noticias.com.br\/#website","url":"https:\/\/www.p31noticias.com.br\/","name":"P31","description":"NOT\u00cdCIAS","potentialAction":[{"@type":"SearchAction","target":{"@type":"EntryPoint","urlTemplate":"https:\/\/www.p31noticias.com.br\/?s={search_term_string}"},"query-input":{"@type":"PropertyValueSpecification","valueRequired":true,"valueName":"search_term_string"}}],"inLanguage":"pt-BR"},{"@type":"Person","@id":"https:\/\/www.p31noticias.com.br\/#\/schema\/person\/95f2ece30e3b4132065b915150cd0f94","name":"Gon\u00e7alves Junior","image":{"@type":"ImageObject","inLanguage":"pt-BR","@id":"https:\/\/secure.gravatar.com\/avatar\/6711f350116a89762687a48d66f723c799e5438a5b7578508d4294cd7a5d0800?s=96&d=mm&r=g","url":"https:\/\/secure.gravatar.com\/avatar\/6711f350116a89762687a48d66f723c799e5438a5b7578508d4294cd7a5d0800?s=96&d=mm&r=g","contentUrl":"https:\/\/secure.gravatar.com\/avatar\/6711f350116a89762687a48d66f723c799e5438a5b7578508d4294cd7a5d0800?s=96&d=mm&r=g","caption":"Gon\u00e7alves Junior"},"url":"https:\/\/www.p31noticias.com.br\/?author=2"}]}},"amp_enabled":true,"_links":{"self":[{"href":"https:\/\/www.p31noticias.com.br\/index.php?rest_route=\/wp\/v2\/posts\/26267","targetHints":{"allow":["GET"]}}],"collection":[{"href":"https:\/\/www.p31noticias.com.br\/index.php?rest_route=\/wp\/v2\/posts"}],"about":[{"href":"https:\/\/www.p31noticias.com.br\/index.php?rest_route=\/wp\/v2\/types\/post"}],"author":[{"embeddable":true,"href":"https:\/\/www.p31noticias.com.br\/index.php?rest_route=\/wp\/v2\/users\/2"}],"replies":[{"embeddable":true,"href":"https:\/\/www.p31noticias.com.br\/index.php?rest_route=%2Fwp%2Fv2%2Fcomments&post=26267"}],"version-history":[{"count":1,"href":"https:\/\/www.p31noticias.com.br\/index.php?rest_route=\/wp\/v2\/posts\/26267\/revisions"}],"predecessor-version":[{"id":26269,"href":"https:\/\/www.p31noticias.com.br\/index.php?rest_route=\/wp\/v2\/posts\/26267\/revisions\/26269"}],"wp:featuredmedia":[{"embeddable":true,"href":"https:\/\/www.p31noticias.com.br\/index.php?rest_route=\/wp\/v2\/media\/26268"}],"wp:attachment":[{"href":"https:\/\/www.p31noticias.com.br\/index.php?rest_route=%2Fwp%2Fv2%2Fmedia&parent=26267"}],"wp:term":[{"taxonomy":"category","embeddable":true,"href":"https:\/\/www.p31noticias.com.br\/index.php?rest_route=%2Fwp%2Fv2%2Fcategories&post=26267"},{"taxonomy":"post_tag","embeddable":true,"href":"https:\/\/www.p31noticias.com.br\/index.php?rest_route=%2Fwp%2Fv2%2Ftags&post=26267"}],"curies":[{"name":"wp","href":"https:\/\/api.w.org\/{rel}","templated":true}]}}