{"id":26262,"date":"2022-06-21T01:14:39","date_gmt":"2022-06-21T04:14:39","guid":{"rendered":"https:\/\/p31noticias.com.br\/?p=26262"},"modified":"2022-06-21T01:14:39","modified_gmt":"2022-06-21T04:14:39","slug":"nao-ha-vencedores-nem-vencidos-diz-lira-apos-renuncia-de-presidente-da-petrobras","status":"publish","type":"post","link":"https:\/\/www.p31noticias.com.br\/?p=26262","title":{"rendered":"\u2018N\u00e3o h\u00e1 vencedores nem vencidos\u2019, diz Lira ap\u00f3s ren\u00fancia de presidente da Petrobras."},"content":{"rendered":"<p style=\"text-align: justify;\"><em><strong>Nos \u00faltimos dias, o Presidente da C\u00e2mara dos Deputados criticou publicamente o an\u00fancio do reajuste no pre\u00e7o dos combust\u00edveis e pediu a ren\u00fancia do ex-comandante da estatal.<\/strong><\/em><\/p>\n<p style=\"text-align: justify;\">O presidente da C\u00e2mara dos Deputados,\u00a0<a href=\"https:\/\/jovempan.com.br\/tag\/arthur-lira\"><strong>Arthur Lira<\/strong><\/a>\u00a0(PP-AL), afirmou nesta segunda-feira, 20, que a sa\u00edda do presidente da\u00a0<strong><a href=\"https:\/\/jovempan.com.br\/tag\/petrobras\">Petrobras<\/a><\/strong>, Jos\u00e9 Mauro Coelho, n\u00e3o representa uma vit\u00f3ria para a popula\u00e7\u00e3o brasileira. Em uma publica\u00e7\u00e3o nas redes sociais, o mandat\u00e1rio da Casa legislativa que \u201cn\u00e3o h\u00e1 o que comemorar nos fatos recentes envolvendo a Petrobras. N\u00e3o h\u00e1 vencedores, nem vencidos. H\u00e1 s\u00f3 o drama do povo, dos vulner\u00e1veis e a urg\u00eancia para a quest\u00e3o dos combust\u00edveis.\u201d A opini\u00e3o segue a mesma linha das recentes declara\u00e7\u00f5es de Lira envolvendo a estatal petroleira. Na \u00faltima sexta-feira, o mandat\u00e1rio da C\u00e2mara cobrou publicamente a ren\u00fancia de\u00a0<strong><a href=\"https:\/\/jovempan.com.br\/tag\/jose-mauro-coelho\">Mauro Coelho<\/a><\/strong>\u00a0e alegou que o mesmo trabalhava contra o pa\u00eds e considerou sua gest\u00e3o como um terrorismo corporativo.<\/p>\n<p style=\"text-align: justify;\">\u201cO presidente da Petrobras tem que renunciar imediatamente. N\u00e3o por vontade pessoal minha, mas porque n\u00e3o representa o acionista majorit\u00e1rio da empresa \u2013 o\u00a0<strong><a href=\"https:\/\/jovempan.com.br\/tag\/brasil\">Brasil<\/a><\/strong>\u00a0\u2013 e, pior, trabalha sistematicamente contra o povo brasileiro na pior crise do pa\u00eds. Ele s\u00f3 representa a si mesmo e o que faz deixar\u00e1 um legado de destrui\u00e7\u00e3o para a empresa, para o pa\u00eds e para o povo. Saia!!! Pois sua gest\u00e3o \u00e9 um ato de terrorismo corporativo\u201d, escreveu o parlamentar.<\/p>\n<blockquote class=\"twitter-tweet\" data-width=\"500\" data-dnt=\"true\">\n<p dir=\"ltr\" lang=\"pt\" style=\"text-align: justify;\">N\u00e3o h\u00e1 o que comemorar nos fatos recentes envolvendo a Petrobras. N\u00e3o h\u00e1 vencedores, nem vencidos. H\u00e1 s\u00f3 o drama do povo, dos vulner\u00e1veis e a urg\u00eancia para a quest\u00e3o dos combust\u00edveis.<\/p>\n<p dir=\"ltr\" lang=\"pt\" style=\"text-align: justify;\">\u2014 Arthur Lira (@ArthurLira_)\u00a0<a href=\"https:\/\/twitter.com\/ArthurLira_\/status\/1538927565418729473?ref_src=twsrc%5Etfw\" target=\"_blank\" rel=\"noopener\">June 20, 2022<\/a><\/p>\n<p dir=\"ltr\" lang=\"pt\" style=\"text-align: justify;\">JP NEWS.<\/p>\n<\/blockquote>\n","protected":false},"excerpt":{"rendered":"<p>Nos \u00faltimos dias, o Presidente da C\u00e2mara dos Deputados criticou publicamente o an\u00fancio do reajuste no pre\u00e7o dos combust\u00edveis e pediu a ren\u00fancia do ex-comandante da estatal. O presidente da C\u00e2mara dos Deputados,\u00a0Arthur Lira\u00a0(PP-AL), afirmou nesta segunda-feira, 20, que a sa\u00edda do presidente da\u00a0Petrobras, Jos\u00e9 Mauro Coelho, n\u00e3o representa uma vit\u00f3ria para a popula\u00e7\u00e3o brasileira. [&hellip;]<\/p>\n","protected":false},"author":2,"featured_media":26263,"comment_status":"open","ping_status":"open","sticky":false,"template":"","format":"standard","meta":{"footnotes":""},"categories":[57],"tags":[],"class_list":{"0":"post-26262","1":"post","2":"type-post","3":"status-publish","4":"format-standard","5":"has-post-thumbnail","7":"category-politica"},"yoast_head":"<!-- This site is optimized with the Yoast SEO Premium plugin v24.5 (Yoast SEO v27.5) - https:\/\/yoast.com\/product\/yoast-seo-premium-wordpress\/ -->\n<title>\u2018N\u00e3o h\u00e1 vencedores nem vencidos\u2019, diz Lira ap\u00f3s ren\u00fancia de presidente da Petrobras. - P31<\/title>\n<meta name=\"robots\" content=\"index, follow, max-snippet:-1, max-image-preview:large, max-video-preview:-1\" \/>\n<link rel=\"canonical\" href=\"https:\/\/www.p31noticias.com.br\/?p=26262\" \/>\n<meta property=\"og:locale\" content=\"pt_BR\" \/>\n<meta property=\"og:type\" content=\"article\" \/>\n<meta property=\"og:title\" content=\"\u2018N\u00e3o h\u00e1 vencedores nem vencidos\u2019, diz Lira ap\u00f3s ren\u00fancia de presidente da Petrobras.\" \/>\n<meta property=\"og:description\" content=\"Nos \u00faltimos dias, o Presidente da C\u00e2mara dos Deputados criticou publicamente o an\u00fancio do reajuste no pre\u00e7o dos combust\u00edveis e pediu a ren\u00fancia do ex-comandante da estatal. O presidente da C\u00e2mara dos Deputados,\u00a0Arthur Lira\u00a0(PP-AL), afirmou nesta segunda-feira, 20, que a sa\u00edda do presidente da\u00a0Petrobras, Jos\u00e9 Mauro Coelho, n\u00e3o representa uma vit\u00f3ria para a popula\u00e7\u00e3o brasileira. [&hellip;]\" \/>\n<meta property=\"og:url\" content=\"https:\/\/www.p31noticias.com.br\/?p=26262\" \/>\n<meta property=\"og:site_name\" content=\"P31\" \/>\n<meta property=\"article:published_time\" content=\"2022-06-21T04:14:39+00:00\" \/>\n<meta property=\"og:image\" content=\"https:\/\/www.p31noticias.com.br\/wp-content\/uploads\/2022\/06\/img20220519125957087med-750x500-1.jpg\" \/>\n\t<meta property=\"og:image:width\" content=\"750\" \/>\n\t<meta property=\"og:image:height\" content=\"500\" \/>\n\t<meta property=\"og:image:type\" content=\"image\/jpeg\" \/>\n<meta name=\"author\" content=\"Gon\u00e7alves Junior\" \/>\n<meta name=\"twitter:card\" content=\"summary_large_image\" \/>\n<meta name=\"twitter:label1\" content=\"Escrito por\" \/>\n\t<meta name=\"twitter:data1\" content=\"Gon\u00e7alves Junior\" \/>\n\t<meta name=\"twitter:label2\" content=\"Est. tempo de leitura\" \/>\n\t<meta name=\"twitter:data2\" content=\"1 minuto\" \/>\n<script type=\"application\/ld+json\" class=\"yoast-schema-graph\">{\"@context\":\"https:\\\/\\\/schema.org\",\"@graph\":[{\"@type\":\"Article\",\"@id\":\"https:\\\/\\\/www.p31noticias.com.br\\\/?p=26262#article\",\"isPartOf\":{\"@id\":\"https:\\\/\\\/www.p31noticias.com.br\\\/?p=26262\"},\"author\":{\"name\":\"Gon\u00e7alves Junior\",\"@id\":\"https:\\\/\\\/www.p31noticias.com.br\\\/#\\\/schema\\\/person\\\/95f2ece30e3b4132065b915150cd0f94\"},\"headline\":\"\u2018N\u00e3o h\u00e1 vencedores nem vencidos\u2019, diz Lira ap\u00f3s ren\u00fancia de presidente da Petrobras.\",\"datePublished\":\"2022-06-21T04:14:39+00:00\",\"mainEntityOfPage\":{\"@id\":\"https:\\\/\\\/www.p31noticias.com.br\\\/?p=26262\"},\"wordCount\":313,\"commentCount\":0,\"image\":{\"@id\":\"https:\\\/\\\/www.p31noticias.com.br\\\/?p=26262#primaryimage\"},\"thumbnailUrl\":\"https:\\\/\\\/www.p31noticias.com.br\\\/wp-content\\\/uploads\\\/2022\\\/06\\\/img20220519125957087med-750x500-1.jpg\",\"articleSection\":[\"Pol\u00edtica\"],\"inLanguage\":\"pt-BR\",\"potentialAction\":[{\"@type\":\"CommentAction\",\"name\":\"Comment\",\"target\":[\"https:\\\/\\\/www.p31noticias.com.br\\\/?p=26262#respond\"]}],\"copyrightYear\":\"2022\",\"copyrightHolder\":{\"@id\":\"https:\\\/\\\/www.p31noticias.com.br\\\/#organization\"}},{\"@type\":\"WebPage\",\"@id\":\"https:\\\/\\\/www.p31noticias.com.br\\\/?p=26262\",\"url\":\"https:\\\/\\\/www.p31noticias.com.br\\\/?p=26262\",\"name\":\"\u2018N\u00e3o h\u00e1 vencedores nem vencidos\u2019, diz Lira ap\u00f3s ren\u00fancia de presidente da Petrobras. - P31\",\"isPartOf\":{\"@id\":\"https:\\\/\\\/www.p31noticias.com.br\\\/#website\"},\"primaryImageOfPage\":{\"@id\":\"https:\\\/\\\/www.p31noticias.com.br\\\/?p=26262#primaryimage\"},\"image\":{\"@id\":\"https:\\\/\\\/www.p31noticias.com.br\\\/?p=26262#primaryimage\"},\"thumbnailUrl\":\"https:\\\/\\\/www.p31noticias.com.br\\\/wp-content\\\/uploads\\\/2022\\\/06\\\/img20220519125957087med-750x500-1.jpg\",\"datePublished\":\"2022-06-21T04:14:39+00:00\",\"author\":{\"@id\":\"https:\\\/\\\/www.p31noticias.com.br\\\/#\\\/schema\\\/person\\\/95f2ece30e3b4132065b915150cd0f94\"},\"breadcrumb\":{\"@id\":\"https:\\\/\\\/www.p31noticias.com.br\\\/?p=26262#breadcrumb\"},\"inLanguage\":\"pt-BR\",\"potentialAction\":[{\"@type\":\"ReadAction\",\"target\":[\"https:\\\/\\\/www.p31noticias.com.br\\\/?p=26262\"]}]},{\"@type\":\"ImageObject\",\"inLanguage\":\"pt-BR\",\"@id\":\"https:\\\/\\\/www.p31noticias.com.br\\\/?p=26262#primaryimage\",\"url\":\"https:\\\/\\\/www.p31noticias.com.br\\\/wp-content\\\/uploads\\\/2022\\\/06\\\/img20220519125957087med-750x500-1.jpg\",\"contentUrl\":\"https:\\\/\\\/www.p31noticias.com.br\\\/wp-content\\\/uploads\\\/2022\\\/06\\\/img20220519125957087med-750x500-1.jpg\",\"width\":750,\"height\":500},{\"@type\":\"BreadcrumbList\",\"@id\":\"https:\\\/\\\/www.p31noticias.com.br\\\/?p=26262#breadcrumb\",\"itemListElement\":[{\"@type\":\"ListItem\",\"position\":1,\"name\":\"In\u00edcio\",\"item\":\"https:\\\/\\\/www.p31noticias.com.br\\\/\"},{\"@type\":\"ListItem\",\"position\":2,\"name\":\"\u2018N\u00e3o h\u00e1 vencedores nem vencidos\u2019, diz Lira ap\u00f3s ren\u00fancia de presidente da Petrobras.\"}]},{\"@type\":\"WebSite\",\"@id\":\"https:\\\/\\\/www.p31noticias.com.br\\\/#website\",\"url\":\"https:\\\/\\\/www.p31noticias.com.br\\\/\",\"name\":\"P31\",\"description\":\"NOT\u00cdCIAS\",\"potentialAction\":[{\"@type\":\"SearchAction\",\"target\":{\"@type\":\"EntryPoint\",\"urlTemplate\":\"https:\\\/\\\/www.p31noticias.com.br\\\/?s={search_term_string}\"},\"query-input\":{\"@type\":\"PropertyValueSpecification\",\"valueRequired\":true,\"valueName\":\"search_term_string\"}}],\"inLanguage\":\"pt-BR\"},{\"@type\":\"Person\",\"@id\":\"https:\\\/\\\/www.p31noticias.com.br\\\/#\\\/schema\\\/person\\\/95f2ece30e3b4132065b915150cd0f94\",\"name\":\"Gon\u00e7alves Junior\",\"image\":{\"@type\":\"ImageObject\",\"inLanguage\":\"pt-BR\",\"@id\":\"https:\\\/\\\/secure.gravatar.com\\\/avatar\\\/6711f350116a89762687a48d66f723c799e5438a5b7578508d4294cd7a5d0800?s=96&d=mm&r=g\",\"url\":\"https:\\\/\\\/secure.gravatar.com\\\/avatar\\\/6711f350116a89762687a48d66f723c799e5438a5b7578508d4294cd7a5d0800?s=96&d=mm&r=g\",\"contentUrl\":\"https:\\\/\\\/secure.gravatar.com\\\/avatar\\\/6711f350116a89762687a48d66f723c799e5438a5b7578508d4294cd7a5d0800?s=96&d=mm&r=g\",\"caption\":\"Gon\u00e7alves Junior\"},\"url\":\"https:\\\/\\\/www.p31noticias.com.br\\\/?author=2\"}]}<\/script>\n<!-- \/ Yoast SEO Premium plugin. -->","yoast_head_json":{"title":"\u2018N\u00e3o h\u00e1 vencedores nem vencidos\u2019, diz Lira ap\u00f3s ren\u00fancia de presidente da Petrobras. - P31","robots":{"index":"index","follow":"follow","max-snippet":"max-snippet:-1","max-image-preview":"max-image-preview:large","max-video-preview":"max-video-preview:-1"},"canonical":"https:\/\/www.p31noticias.com.br\/?p=26262","og_locale":"pt_BR","og_type":"article","og_title":"\u2018N\u00e3o h\u00e1 vencedores nem vencidos\u2019, diz Lira ap\u00f3s ren\u00fancia de presidente da Petrobras.","og_description":"Nos \u00faltimos dias, o Presidente da C\u00e2mara dos Deputados criticou publicamente o an\u00fancio do reajuste no pre\u00e7o dos combust\u00edveis e pediu a ren\u00fancia do ex-comandante da estatal. O presidente da C\u00e2mara dos Deputados,\u00a0Arthur Lira\u00a0(PP-AL), afirmou nesta segunda-feira, 20, que a sa\u00edda do presidente da\u00a0Petrobras, Jos\u00e9 Mauro Coelho, n\u00e3o representa uma vit\u00f3ria para a popula\u00e7\u00e3o brasileira. [&hellip;]","og_url":"https:\/\/www.p31noticias.com.br\/?p=26262","og_site_name":"P31","article_published_time":"2022-06-21T04:14:39+00:00","og_image":[{"width":750,"height":500,"url":"https:\/\/www.p31noticias.com.br\/wp-content\/uploads\/2022\/06\/img20220519125957087med-750x500-1.jpg","type":"image\/jpeg"}],"author":"Gon\u00e7alves Junior","twitter_card":"summary_large_image","twitter_misc":{"Escrito por":"Gon\u00e7alves Junior","Est. tempo de leitura":"1 minuto"},"schema":{"@context":"https:\/\/schema.org","@graph":[{"@type":"Article","@id":"https:\/\/www.p31noticias.com.br\/?p=26262#article","isPartOf":{"@id":"https:\/\/www.p31noticias.com.br\/?p=26262"},"author":{"name":"Gon\u00e7alves Junior","@id":"https:\/\/www.p31noticias.com.br\/#\/schema\/person\/95f2ece30e3b4132065b915150cd0f94"},"headline":"\u2018N\u00e3o h\u00e1 vencedores nem vencidos\u2019, diz Lira ap\u00f3s ren\u00fancia de presidente da Petrobras.","datePublished":"2022-06-21T04:14:39+00:00","mainEntityOfPage":{"@id":"https:\/\/www.p31noticias.com.br\/?p=26262"},"wordCount":313,"commentCount":0,"image":{"@id":"https:\/\/www.p31noticias.com.br\/?p=26262#primaryimage"},"thumbnailUrl":"https:\/\/www.p31noticias.com.br\/wp-content\/uploads\/2022\/06\/img20220519125957087med-750x500-1.jpg","articleSection":["Pol\u00edtica"],"inLanguage":"pt-BR","potentialAction":[{"@type":"CommentAction","name":"Comment","target":["https:\/\/www.p31noticias.com.br\/?p=26262#respond"]}],"copyrightYear":"2022","copyrightHolder":{"@id":"https:\/\/www.p31noticias.com.br\/#organization"}},{"@type":"WebPage","@id":"https:\/\/www.p31noticias.com.br\/?p=26262","url":"https:\/\/www.p31noticias.com.br\/?p=26262","name":"\u2018N\u00e3o h\u00e1 vencedores nem vencidos\u2019, diz Lira ap\u00f3s ren\u00fancia de presidente da Petrobras. - P31","isPartOf":{"@id":"https:\/\/www.p31noticias.com.br\/#website"},"primaryImageOfPage":{"@id":"https:\/\/www.p31noticias.com.br\/?p=26262#primaryimage"},"image":{"@id":"https:\/\/www.p31noticias.com.br\/?p=26262#primaryimage"},"thumbnailUrl":"https:\/\/www.p31noticias.com.br\/wp-content\/uploads\/2022\/06\/img20220519125957087med-750x500-1.jpg","datePublished":"2022-06-21T04:14:39+00:00","author":{"@id":"https:\/\/www.p31noticias.com.br\/#\/schema\/person\/95f2ece30e3b4132065b915150cd0f94"},"breadcrumb":{"@id":"https:\/\/www.p31noticias.com.br\/?p=26262#breadcrumb"},"inLanguage":"pt-BR","potentialAction":[{"@type":"ReadAction","target":["https:\/\/www.p31noticias.com.br\/?p=26262"]}]},{"@type":"ImageObject","inLanguage":"pt-BR","@id":"https:\/\/www.p31noticias.com.br\/?p=26262#primaryimage","url":"https:\/\/www.p31noticias.com.br\/wp-content\/uploads\/2022\/06\/img20220519125957087med-750x500-1.jpg","contentUrl":"https:\/\/www.p31noticias.com.br\/wp-content\/uploads\/2022\/06\/img20220519125957087med-750x500-1.jpg","width":750,"height":500},{"@type":"BreadcrumbList","@id":"https:\/\/www.p31noticias.com.br\/?p=26262#breadcrumb","itemListElement":[{"@type":"ListItem","position":1,"name":"In\u00edcio","item":"https:\/\/www.p31noticias.com.br\/"},{"@type":"ListItem","position":2,"name":"\u2018N\u00e3o h\u00e1 vencedores nem vencidos\u2019, diz Lira ap\u00f3s ren\u00fancia de presidente da Petrobras."}]},{"@type":"WebSite","@id":"https:\/\/www.p31noticias.com.br\/#website","url":"https:\/\/www.p31noticias.com.br\/","name":"P31","description":"NOT\u00cdCIAS","potentialAction":[{"@type":"SearchAction","target":{"@type":"EntryPoint","urlTemplate":"https:\/\/www.p31noticias.com.br\/?s={search_term_string}"},"query-input":{"@type":"PropertyValueSpecification","valueRequired":true,"valueName":"search_term_string"}}],"inLanguage":"pt-BR"},{"@type":"Person","@id":"https:\/\/www.p31noticias.com.br\/#\/schema\/person\/95f2ece30e3b4132065b915150cd0f94","name":"Gon\u00e7alves Junior","image":{"@type":"ImageObject","inLanguage":"pt-BR","@id":"https:\/\/secure.gravatar.com\/avatar\/6711f350116a89762687a48d66f723c799e5438a5b7578508d4294cd7a5d0800?s=96&d=mm&r=g","url":"https:\/\/secure.gravatar.com\/avatar\/6711f350116a89762687a48d66f723c799e5438a5b7578508d4294cd7a5d0800?s=96&d=mm&r=g","contentUrl":"https:\/\/secure.gravatar.com\/avatar\/6711f350116a89762687a48d66f723c799e5438a5b7578508d4294cd7a5d0800?s=96&d=mm&r=g","caption":"Gon\u00e7alves Junior"},"url":"https:\/\/www.p31noticias.com.br\/?author=2"}]}},"amp_enabled":true,"_links":{"self":[{"href":"https:\/\/www.p31noticias.com.br\/index.php?rest_route=\/wp\/v2\/posts\/26262","targetHints":{"allow":["GET"]}}],"collection":[{"href":"https:\/\/www.p31noticias.com.br\/index.php?rest_route=\/wp\/v2\/posts"}],"about":[{"href":"https:\/\/www.p31noticias.com.br\/index.php?rest_route=\/wp\/v2\/types\/post"}],"author":[{"embeddable":true,"href":"https:\/\/www.p31noticias.com.br\/index.php?rest_route=\/wp\/v2\/users\/2"}],"replies":[{"embeddable":true,"href":"https:\/\/www.p31noticias.com.br\/index.php?rest_route=%2Fwp%2Fv2%2Fcomments&post=26262"}],"version-history":[{"count":1,"href":"https:\/\/www.p31noticias.com.br\/index.php?rest_route=\/wp\/v2\/posts\/26262\/revisions"}],"predecessor-version":[{"id":26264,"href":"https:\/\/www.p31noticias.com.br\/index.php?rest_route=\/wp\/v2\/posts\/26262\/revisions\/26264"}],"wp:featuredmedia":[{"embeddable":true,"href":"https:\/\/www.p31noticias.com.br\/index.php?rest_route=\/wp\/v2\/media\/26263"}],"wp:attachment":[{"href":"https:\/\/www.p31noticias.com.br\/index.php?rest_route=%2Fwp%2Fv2%2Fmedia&parent=26262"}],"wp:term":[{"taxonomy":"category","embeddable":true,"href":"https:\/\/www.p31noticias.com.br\/index.php?rest_route=%2Fwp%2Fv2%2Fcategories&post=26262"},{"taxonomy":"post_tag","embeddable":true,"href":"https:\/\/www.p31noticias.com.br\/index.php?rest_route=%2Fwp%2Fv2%2Ftags&post=26262"}],"curies":[{"name":"wp","href":"https:\/\/api.w.org\/{rel}","templated":true}]}}