{"id":26259,"date":"2022-06-21T01:10:54","date_gmt":"2022-06-21T04:10:54","guid":{"rendered":"https:\/\/p31noticias.com.br\/?p=26259"},"modified":"2022-06-21T01:10:54","modified_gmt":"2022-06-21T04:10:54","slug":"confira-o-que-ja-foi-feito-na-obra-do-tunel-de-taguatinga","status":"publish","type":"post","link":"https:\/\/www.p31noticias.com.br\/?p=26259","title":{"rendered":"Confira o que j\u00e1 foi feito na obra do T\u00fanel de Taguatinga."},"content":{"rendered":"<p style=\"text-align: justify;\"><em><strong>Iniciada em julho de 2020, constru\u00e7\u00e3o teve todas as muretas-guias concretadas; grande parte das lajes de teto e de fundo e da escava\u00e7\u00e3o invertida tamb\u00e9m j\u00e1 foram conclu\u00eddas.<\/strong><\/em><\/p>\n<p style=\"text-align: justify;\">Um trabalho intenso e que est\u00e1 transformando a paisagem no centro da regi\u00e3o administrativa de Taguatinga, o t\u00fanel resultar\u00e1 em economia de tempo, alternativas de percursos e mais op\u00e7\u00f5es para quem utiliza o com\u00e9rcio da regi\u00e3o. Com investimento de R$ 275,7 milh\u00f5es, a maior obra vi\u00e1ria em andamento no pa\u00eds tem recursos provenientes de financiamento firmado pelo GDF com a Caixa Econ\u00f4mica Federal.<\/p>\n<p style=\"text-align: justify;\">Em quase dois anos de obras, foram concretadas todas as muretas-guias, cerca de 90% das lajes de teto, 75% das lajes de fundo e realizada cerca de 75% da escava\u00e7\u00e3o invertida. Tamb\u00e9m est\u00e1 em andamento a concretagem das barreiras\u00a0<em>New Jersey<\/em>\u00a0laterais. A instala\u00e7\u00e3o das placas ciment\u00edcias nas paredes do t\u00fanel (acabamento) e a impermeabiliza\u00e7\u00e3o das lajes superiores complementam os trabalhos.<\/p>\n<figure id=\"attachment_417906\" class=\"wp-caption alignleft\" style=\"text-align: justify;\" aria-describedby=\"caption-attachment-417906\"><img loading=\"lazy\" decoding=\"async\" class=\"wp-image-417906 size-large\" src=\"http:\/\/agenciabrasilia.df.gov.br\/wp-conteudo\/uploads\/2022\/06\/WhatsApp-Image-2022-06-20-at-17.18.15-1-1024x680.jpeg\" sizes=\"auto, (max-width: 525px) 100vw, 525px\" srcset=\"https:\/\/www.agenciabrasilia.df.gov.br\/wp-conteudo\/uploads\/2022\/06\/WhatsApp-Image-2022-06-20-at-17.18.15-1-1024x680.jpeg 1024w, https:\/\/www.agenciabrasilia.df.gov.br\/wp-conteudo\/uploads\/2022\/06\/WhatsApp-Image-2022-06-20-at-17.18.15-1-300x199.jpeg 300w, https:\/\/www.agenciabrasilia.df.gov.br\/wp-conteudo\/uploads\/2022\/06\/WhatsApp-Image-2022-06-20-at-17.18.15-1-768x510.jpeg 768w, https:\/\/www.agenciabrasilia.df.gov.br\/wp-conteudo\/uploads\/2022\/06\/WhatsApp-Image-2022-06-20-at-17.18.15-1.jpeg 1280w\" alt=\"\" width=\"525\" height=\"349\" \/><figcaption id=\"caption-attachment-417906\" class=\"wp-caption-text\">Etapa de constru\u00e7\u00e3o da laje superior do T\u00fanel de Taguatinga | Foto: Paulo H Carvalho\/Ag\u00eancia Bras\u00edlia<\/figcaption><\/figure>\n<p style=\"text-align: justify;\">\u201cVamos continuar trabalhando firme para entregar este t\u00fanel o mais r\u00e1pido poss\u00edvel para os cidad\u00e3os de Taguatinga, Ceil\u00e2ndia, Sol Nascente\/P\u00f4r do Sol e Samambaia, todos que usam essa liga\u00e7\u00e3o t\u00e3o importante para a regi\u00e3o oeste da cidade\u201d, afirma o secret\u00e1rio de Obras, Luciano Carvalho.<\/p>\n<p style=\"text-align: justify;\">A obra do t\u00fanel teve in\u00edcio com a instala\u00e7\u00e3o do tapume na Avenida Central para prote\u00e7\u00e3o dos trabalhos. Depois, foram retirados postes de ilumina\u00e7\u00e3o, instalada a defensa met\u00e1lica ao longo do tapume e feita a supress\u00e3o vegetal no canteiro central. A concretagem das muretas-guias come\u00e7ou em agosto de 2020, e a escava\u00e7\u00e3o e a concretagem da parede-diafragma no m\u00eas seguinte, dando sequ\u00eancia a um grandioso trabalho no centro de Taguatinga.<\/p>\n<p style=\"text-align: justify;\">A passagem subterr\u00e2nea far\u00e1 uma liga\u00e7\u00e3o para motoristas que trafegam no sentido Ceil\u00e2ndia, pela Avenida Elmo Serejo, al\u00e9m de oferecer uma via alternativa pela superf\u00edcie para o centro de Taguatinga. Isso evitar\u00e1 a reten\u00e7\u00e3o de ve\u00edculos nos sem\u00e1foros do centro da cidade.<\/p>\n<p style=\"text-align: justify;\">Com a conclus\u00e3o da obra, os carros que estiverem na Avenida Elmo Serejo, sentido Plano Piloto, v\u00e3o entrar pelo t\u00fanel e sair na Estrada Parque Taguatinga (EPTG). Do outro lado, aqueles que chegarem a Taguatinga pela EPTG tamb\u00e9m passar\u00e3o pelo t\u00fanel at\u00e9 o in\u00edcio da Via Est\u00e1dio, saindo logo ap\u00f3s o viaduto da Avenida Samdu. Vias marginais dar\u00e3o acesso \u00e0s avenidas Comercial Sul e Norte e Samdu Sul e Norte.<\/p>\n<p>Ag\u00eancia Bras\u00edlia.<\/p>\n","protected":false},"excerpt":{"rendered":"<p>Iniciada em julho de 2020, constru\u00e7\u00e3o teve todas as muretas-guias concretadas; grande parte das lajes de teto e de fundo e da escava\u00e7\u00e3o invertida tamb\u00e9m j\u00e1 foram conclu\u00eddas. Um trabalho intenso e que est\u00e1 transformando a paisagem no centro da regi\u00e3o administrativa de Taguatinga, o t\u00fanel resultar\u00e1 em economia de tempo, alternativas de percursos e [&hellip;]<\/p>\n","protected":false},"author":2,"featured_media":26260,"comment_status":"open","ping_status":"open","sticky":false,"template":"","format":"standard","meta":{"footnotes":""},"categories":[1],"tags":[],"class_list":{"0":"post-26259","1":"post","2":"type-post","3":"status-publish","4":"format-standard","5":"has-post-thumbnail","7":"category-outros"},"yoast_head":"<!-- This site is optimized with the Yoast SEO Premium plugin v24.5 (Yoast SEO v27.5) - https:\/\/yoast.com\/product\/yoast-seo-premium-wordpress\/ -->\n<title>Confira o que j\u00e1 foi feito na obra do T\u00fanel de Taguatinga. - P31<\/title>\n<meta name=\"robots\" content=\"index, follow, max-snippet:-1, max-image-preview:large, max-video-preview:-1\" \/>\n<link rel=\"canonical\" href=\"https:\/\/www.p31noticias.com.br\/?p=26259\" \/>\n<meta property=\"og:locale\" content=\"pt_BR\" \/>\n<meta property=\"og:type\" content=\"article\" \/>\n<meta property=\"og:title\" content=\"Confira o que j\u00e1 foi feito na obra do T\u00fanel de Taguatinga.\" \/>\n<meta property=\"og:description\" content=\"Iniciada em julho de 2020, constru\u00e7\u00e3o teve todas as muretas-guias concretadas; grande parte das lajes de teto e de fundo e da escava\u00e7\u00e3o invertida tamb\u00e9m j\u00e1 foram conclu\u00eddas. Um trabalho intenso e que est\u00e1 transformando a paisagem no centro da regi\u00e3o administrativa de Taguatinga, o t\u00fanel resultar\u00e1 em economia de tempo, alternativas de percursos e [&hellip;]\" \/>\n<meta property=\"og:url\" content=\"https:\/\/www.p31noticias.com.br\/?p=26259\" \/>\n<meta property=\"og:site_name\" content=\"P31\" \/>\n<meta property=\"article:published_time\" content=\"2022-06-21T04:10:54+00:00\" \/>\n<meta property=\"og:image\" content=\"https:\/\/www.p31noticias.com.br\/wp-content\/uploads\/2022\/06\/52151489980_ad954436d4_k-1536x1020-1.jpg\" \/>\n\t<meta property=\"og:image:width\" content=\"1536\" \/>\n\t<meta property=\"og:image:height\" content=\"1020\" \/>\n\t<meta property=\"og:image:type\" content=\"image\/jpeg\" \/>\n<meta name=\"author\" content=\"Gon\u00e7alves Junior\" \/>\n<meta name=\"twitter:card\" content=\"summary_large_image\" \/>\n<meta name=\"twitter:label1\" content=\"Escrito por\" \/>\n\t<meta name=\"twitter:data1\" content=\"Gon\u00e7alves Junior\" \/>\n\t<meta name=\"twitter:label2\" content=\"Est. tempo de leitura\" \/>\n\t<meta name=\"twitter:data2\" content=\"2 minutos\" \/>\n<script type=\"application\/ld+json\" class=\"yoast-schema-graph\">{\"@context\":\"https:\\\/\\\/schema.org\",\"@graph\":[{\"@type\":\"Article\",\"@id\":\"https:\\\/\\\/www.p31noticias.com.br\\\/?p=26259#article\",\"isPartOf\":{\"@id\":\"https:\\\/\\\/www.p31noticias.com.br\\\/?p=26259\"},\"author\":{\"name\":\"Gon\u00e7alves Junior\",\"@id\":\"https:\\\/\\\/www.p31noticias.com.br\\\/#\\\/schema\\\/person\\\/95f2ece30e3b4132065b915150cd0f94\"},\"headline\":\"Confira o que j\u00e1 foi feito na obra do T\u00fanel de Taguatinga.\",\"datePublished\":\"2022-06-21T04:10:54+00:00\",\"mainEntityOfPage\":{\"@id\":\"https:\\\/\\\/www.p31noticias.com.br\\\/?p=26259\"},\"wordCount\":468,\"commentCount\":0,\"image\":{\"@id\":\"https:\\\/\\\/www.p31noticias.com.br\\\/?p=26259#primaryimage\"},\"thumbnailUrl\":\"https:\\\/\\\/www.p31noticias.com.br\\\/wp-content\\\/uploads\\\/2022\\\/06\\\/52151489980_ad954436d4_k-1536x1020-1.jpg\",\"articleSection\":[\"Outros\"],\"inLanguage\":\"pt-BR\",\"potentialAction\":[{\"@type\":\"CommentAction\",\"name\":\"Comment\",\"target\":[\"https:\\\/\\\/www.p31noticias.com.br\\\/?p=26259#respond\"]}],\"copyrightYear\":\"2022\",\"copyrightHolder\":{\"@id\":\"https:\\\/\\\/www.p31noticias.com.br\\\/#organization\"}},{\"@type\":\"WebPage\",\"@id\":\"https:\\\/\\\/www.p31noticias.com.br\\\/?p=26259\",\"url\":\"https:\\\/\\\/www.p31noticias.com.br\\\/?p=26259\",\"name\":\"Confira o que j\u00e1 foi feito na obra do T\u00fanel de Taguatinga. - P31\",\"isPartOf\":{\"@id\":\"https:\\\/\\\/www.p31noticias.com.br\\\/#website\"},\"primaryImageOfPage\":{\"@id\":\"https:\\\/\\\/www.p31noticias.com.br\\\/?p=26259#primaryimage\"},\"image\":{\"@id\":\"https:\\\/\\\/www.p31noticias.com.br\\\/?p=26259#primaryimage\"},\"thumbnailUrl\":\"https:\\\/\\\/www.p31noticias.com.br\\\/wp-content\\\/uploads\\\/2022\\\/06\\\/52151489980_ad954436d4_k-1536x1020-1.jpg\",\"datePublished\":\"2022-06-21T04:10:54+00:00\",\"author\":{\"@id\":\"https:\\\/\\\/www.p31noticias.com.br\\\/#\\\/schema\\\/person\\\/95f2ece30e3b4132065b915150cd0f94\"},\"breadcrumb\":{\"@id\":\"https:\\\/\\\/www.p31noticias.com.br\\\/?p=26259#breadcrumb\"},\"inLanguage\":\"pt-BR\",\"potentialAction\":[{\"@type\":\"ReadAction\",\"target\":[\"https:\\\/\\\/www.p31noticias.com.br\\\/?p=26259\"]}]},{\"@type\":\"ImageObject\",\"inLanguage\":\"pt-BR\",\"@id\":\"https:\\\/\\\/www.p31noticias.com.br\\\/?p=26259#primaryimage\",\"url\":\"https:\\\/\\\/www.p31noticias.com.br\\\/wp-content\\\/uploads\\\/2022\\\/06\\\/52151489980_ad954436d4_k-1536x1020-1.jpg\",\"contentUrl\":\"https:\\\/\\\/www.p31noticias.com.br\\\/wp-content\\\/uploads\\\/2022\\\/06\\\/52151489980_ad954436d4_k-1536x1020-1.jpg\",\"width\":1536,\"height\":1020},{\"@type\":\"BreadcrumbList\",\"@id\":\"https:\\\/\\\/www.p31noticias.com.br\\\/?p=26259#breadcrumb\",\"itemListElement\":[{\"@type\":\"ListItem\",\"position\":1,\"name\":\"In\u00edcio\",\"item\":\"https:\\\/\\\/www.p31noticias.com.br\\\/\"},{\"@type\":\"ListItem\",\"position\":2,\"name\":\"Confira o que j\u00e1 foi feito na obra do T\u00fanel de Taguatinga.\"}]},{\"@type\":\"WebSite\",\"@id\":\"https:\\\/\\\/www.p31noticias.com.br\\\/#website\",\"url\":\"https:\\\/\\\/www.p31noticias.com.br\\\/\",\"name\":\"P31\",\"description\":\"NOT\u00cdCIAS\",\"potentialAction\":[{\"@type\":\"SearchAction\",\"target\":{\"@type\":\"EntryPoint\",\"urlTemplate\":\"https:\\\/\\\/www.p31noticias.com.br\\\/?s={search_term_string}\"},\"query-input\":{\"@type\":\"PropertyValueSpecification\",\"valueRequired\":true,\"valueName\":\"search_term_string\"}}],\"inLanguage\":\"pt-BR\"},{\"@type\":\"Person\",\"@id\":\"https:\\\/\\\/www.p31noticias.com.br\\\/#\\\/schema\\\/person\\\/95f2ece30e3b4132065b915150cd0f94\",\"name\":\"Gon\u00e7alves Junior\",\"image\":{\"@type\":\"ImageObject\",\"inLanguage\":\"pt-BR\",\"@id\":\"https:\\\/\\\/secure.gravatar.com\\\/avatar\\\/6711f350116a89762687a48d66f723c799e5438a5b7578508d4294cd7a5d0800?s=96&d=mm&r=g\",\"url\":\"https:\\\/\\\/secure.gravatar.com\\\/avatar\\\/6711f350116a89762687a48d66f723c799e5438a5b7578508d4294cd7a5d0800?s=96&d=mm&r=g\",\"contentUrl\":\"https:\\\/\\\/secure.gravatar.com\\\/avatar\\\/6711f350116a89762687a48d66f723c799e5438a5b7578508d4294cd7a5d0800?s=96&d=mm&r=g\",\"caption\":\"Gon\u00e7alves Junior\"},\"url\":\"https:\\\/\\\/www.p31noticias.com.br\\\/?author=2\"}]}<\/script>\n<!-- \/ Yoast SEO Premium plugin. -->","yoast_head_json":{"title":"Confira o que j\u00e1 foi feito na obra do T\u00fanel de Taguatinga. - P31","robots":{"index":"index","follow":"follow","max-snippet":"max-snippet:-1","max-image-preview":"max-image-preview:large","max-video-preview":"max-video-preview:-1"},"canonical":"https:\/\/www.p31noticias.com.br\/?p=26259","og_locale":"pt_BR","og_type":"article","og_title":"Confira o que j\u00e1 foi feito na obra do T\u00fanel de Taguatinga.","og_description":"Iniciada em julho de 2020, constru\u00e7\u00e3o teve todas as muretas-guias concretadas; grande parte das lajes de teto e de fundo e da escava\u00e7\u00e3o invertida tamb\u00e9m j\u00e1 foram conclu\u00eddas. Um trabalho intenso e que est\u00e1 transformando a paisagem no centro da regi\u00e3o administrativa de Taguatinga, o t\u00fanel resultar\u00e1 em economia de tempo, alternativas de percursos e [&hellip;]","og_url":"https:\/\/www.p31noticias.com.br\/?p=26259","og_site_name":"P31","article_published_time":"2022-06-21T04:10:54+00:00","og_image":[{"width":1536,"height":1020,"url":"https:\/\/www.p31noticias.com.br\/wp-content\/uploads\/2022\/06\/52151489980_ad954436d4_k-1536x1020-1.jpg","type":"image\/jpeg"}],"author":"Gon\u00e7alves Junior","twitter_card":"summary_large_image","twitter_misc":{"Escrito por":"Gon\u00e7alves Junior","Est. tempo de leitura":"2 minutos"},"schema":{"@context":"https:\/\/schema.org","@graph":[{"@type":"Article","@id":"https:\/\/www.p31noticias.com.br\/?p=26259#article","isPartOf":{"@id":"https:\/\/www.p31noticias.com.br\/?p=26259"},"author":{"name":"Gon\u00e7alves Junior","@id":"https:\/\/www.p31noticias.com.br\/#\/schema\/person\/95f2ece30e3b4132065b915150cd0f94"},"headline":"Confira o que j\u00e1 foi feito na obra do T\u00fanel de Taguatinga.","datePublished":"2022-06-21T04:10:54+00:00","mainEntityOfPage":{"@id":"https:\/\/www.p31noticias.com.br\/?p=26259"},"wordCount":468,"commentCount":0,"image":{"@id":"https:\/\/www.p31noticias.com.br\/?p=26259#primaryimage"},"thumbnailUrl":"https:\/\/www.p31noticias.com.br\/wp-content\/uploads\/2022\/06\/52151489980_ad954436d4_k-1536x1020-1.jpg","articleSection":["Outros"],"inLanguage":"pt-BR","potentialAction":[{"@type":"CommentAction","name":"Comment","target":["https:\/\/www.p31noticias.com.br\/?p=26259#respond"]}],"copyrightYear":"2022","copyrightHolder":{"@id":"https:\/\/www.p31noticias.com.br\/#organization"}},{"@type":"WebPage","@id":"https:\/\/www.p31noticias.com.br\/?p=26259","url":"https:\/\/www.p31noticias.com.br\/?p=26259","name":"Confira o que j\u00e1 foi feito na obra do T\u00fanel de Taguatinga. - P31","isPartOf":{"@id":"https:\/\/www.p31noticias.com.br\/#website"},"primaryImageOfPage":{"@id":"https:\/\/www.p31noticias.com.br\/?p=26259#primaryimage"},"image":{"@id":"https:\/\/www.p31noticias.com.br\/?p=26259#primaryimage"},"thumbnailUrl":"https:\/\/www.p31noticias.com.br\/wp-content\/uploads\/2022\/06\/52151489980_ad954436d4_k-1536x1020-1.jpg","datePublished":"2022-06-21T04:10:54+00:00","author":{"@id":"https:\/\/www.p31noticias.com.br\/#\/schema\/person\/95f2ece30e3b4132065b915150cd0f94"},"breadcrumb":{"@id":"https:\/\/www.p31noticias.com.br\/?p=26259#breadcrumb"},"inLanguage":"pt-BR","potentialAction":[{"@type":"ReadAction","target":["https:\/\/www.p31noticias.com.br\/?p=26259"]}]},{"@type":"ImageObject","inLanguage":"pt-BR","@id":"https:\/\/www.p31noticias.com.br\/?p=26259#primaryimage","url":"https:\/\/www.p31noticias.com.br\/wp-content\/uploads\/2022\/06\/52151489980_ad954436d4_k-1536x1020-1.jpg","contentUrl":"https:\/\/www.p31noticias.com.br\/wp-content\/uploads\/2022\/06\/52151489980_ad954436d4_k-1536x1020-1.jpg","width":1536,"height":1020},{"@type":"BreadcrumbList","@id":"https:\/\/www.p31noticias.com.br\/?p=26259#breadcrumb","itemListElement":[{"@type":"ListItem","position":1,"name":"In\u00edcio","item":"https:\/\/www.p31noticias.com.br\/"},{"@type":"ListItem","position":2,"name":"Confira o que j\u00e1 foi feito na obra do T\u00fanel de Taguatinga."}]},{"@type":"WebSite","@id":"https:\/\/www.p31noticias.com.br\/#website","url":"https:\/\/www.p31noticias.com.br\/","name":"P31","description":"NOT\u00cdCIAS","potentialAction":[{"@type":"SearchAction","target":{"@type":"EntryPoint","urlTemplate":"https:\/\/www.p31noticias.com.br\/?s={search_term_string}"},"query-input":{"@type":"PropertyValueSpecification","valueRequired":true,"valueName":"search_term_string"}}],"inLanguage":"pt-BR"},{"@type":"Person","@id":"https:\/\/www.p31noticias.com.br\/#\/schema\/person\/95f2ece30e3b4132065b915150cd0f94","name":"Gon\u00e7alves Junior","image":{"@type":"ImageObject","inLanguage":"pt-BR","@id":"https:\/\/secure.gravatar.com\/avatar\/6711f350116a89762687a48d66f723c799e5438a5b7578508d4294cd7a5d0800?s=96&d=mm&r=g","url":"https:\/\/secure.gravatar.com\/avatar\/6711f350116a89762687a48d66f723c799e5438a5b7578508d4294cd7a5d0800?s=96&d=mm&r=g","contentUrl":"https:\/\/secure.gravatar.com\/avatar\/6711f350116a89762687a48d66f723c799e5438a5b7578508d4294cd7a5d0800?s=96&d=mm&r=g","caption":"Gon\u00e7alves Junior"},"url":"https:\/\/www.p31noticias.com.br\/?author=2"}]}},"amp_enabled":true,"_links":{"self":[{"href":"https:\/\/www.p31noticias.com.br\/index.php?rest_route=\/wp\/v2\/posts\/26259","targetHints":{"allow":["GET"]}}],"collection":[{"href":"https:\/\/www.p31noticias.com.br\/index.php?rest_route=\/wp\/v2\/posts"}],"about":[{"href":"https:\/\/www.p31noticias.com.br\/index.php?rest_route=\/wp\/v2\/types\/post"}],"author":[{"embeddable":true,"href":"https:\/\/www.p31noticias.com.br\/index.php?rest_route=\/wp\/v2\/users\/2"}],"replies":[{"embeddable":true,"href":"https:\/\/www.p31noticias.com.br\/index.php?rest_route=%2Fwp%2Fv2%2Fcomments&post=26259"}],"version-history":[{"count":1,"href":"https:\/\/www.p31noticias.com.br\/index.php?rest_route=\/wp\/v2\/posts\/26259\/revisions"}],"predecessor-version":[{"id":26261,"href":"https:\/\/www.p31noticias.com.br\/index.php?rest_route=\/wp\/v2\/posts\/26259\/revisions\/26261"}],"wp:featuredmedia":[{"embeddable":true,"href":"https:\/\/www.p31noticias.com.br\/index.php?rest_route=\/wp\/v2\/media\/26260"}],"wp:attachment":[{"href":"https:\/\/www.p31noticias.com.br\/index.php?rest_route=%2Fwp%2Fv2%2Fmedia&parent=26259"}],"wp:term":[{"taxonomy":"category","embeddable":true,"href":"https:\/\/www.p31noticias.com.br\/index.php?rest_route=%2Fwp%2Fv2%2Fcategories&post=26259"},{"taxonomy":"post_tag","embeddable":true,"href":"https:\/\/www.p31noticias.com.br\/index.php?rest_route=%2Fwp%2Fv2%2Ftags&post=26259"}],"curies":[{"name":"wp","href":"https:\/\/api.w.org\/{rel}","templated":true}]}}