{"id":26253,"date":"2022-06-20T23:01:01","date_gmt":"2022-06-21T02:01:01","guid":{"rendered":"https:\/\/p31noticias.com.br\/?p=26253"},"modified":"2022-06-20T23:07:48","modified_gmt":"2022-06-21T02:07:48","slug":"ministerio-da-saude-anuncia-4a-dose-da-vacina-para-pessoas-com-40-anos-ou-mais","status":"publish","type":"post","link":"https:\/\/www.p31noticias.com.br\/?p=26253","title":{"rendered":"Minist\u00e9rio da Sa\u00fade anuncia 4\u00aa dose da vacina para pessoas com 40 anos ou mais."},"content":{"rendered":"<p style=\"text-align: justify;\"><em><strong>Indica\u00e7\u00e3o \u00e9 que refor\u00e7o imunol\u00f3gico aconte\u00e7a quatro meses ap\u00f3s a terceira aplica\u00e7\u00e3o; pasta tamb\u00e9m liberou o segundo refor\u00e7o para vacinados com a Janssen.<\/strong><\/em><\/p>\n<p style=\"text-align: justify;\">O<a href=\"https:\/\/jovempan.com.br\/tag\/ministerio-da-saude\">\u00a0<b>Minist\u00e9rio da Sa\u00fade<\/b><\/a>\u00a0anunciou nesta segunda-feira, 20, a amplia\u00e7\u00e3o do p\u00fablico eleg\u00edvel para receber a\u00a0<b>quarta dose<\/b>\u00a0da<a href=\"https:\/\/jovempan.com.br\/tag\/vacina\">\u00a0<b>vacina<\/b><\/a>\u00a0contra a<a href=\"https:\/\/jovempan.com.br\/tag\/covid-19\">\u00a0<b>Covid-19<\/b><\/a>. Agora, pessoas com 40 anos ou mais j\u00e1 podem procurar os postos de sa\u00fade para receber o segundo refor\u00e7o imunol\u00f3gico. Anteriormente, apenas pessoas com 50 anos ou mais, idosos, imunossuprimidos ou trabalhadores da sa\u00fade tinham acesso \u00e0 nova etapa de imuniza\u00e7\u00e3o. Para ser eleg\u00edvel, \u00e9 preciso ter tomado a terceira dose h\u00e1 pelo menos quatro meses. As vacinas recomendadas s\u00e3o AstraZeneca, Pfizer ou Janssen. O Minist\u00e9rio da Sa\u00fade tamb\u00e9m anunciou amplia\u00e7\u00e3o do refor\u00e7o imunol\u00f3gico para cidad\u00e3os vacinados com composto de dose \u00fanica da<a href=\"https:\/\/jovempan.com.br\/tag\/janssen\">\u00a0<b>Janssen<\/b><\/a>. Agora, para a popula\u00e7\u00e3o com 18 anos ou mais j\u00e1 est\u00e1 liberado o segundo refor\u00e7o e para a popula\u00e7\u00e3o com 40 anos ou mais a terceira dose. Para esses casos, a recomenda\u00e7\u00e3o \u00e9 que tamb\u00e9m sejam utilizadas doses da AstraZeneca, Pfizer ou Janssen. Segundo dados do Minist\u00e9rio, ao todo, j\u00e1 foram distribu\u00eddas mais de 519,8 milh\u00f5es de doses das vacinas para o p\u00fablico adulto e pedi\u00e1trico desde o in\u00edcio de 2021.<\/p>\n<p style=\"text-align: justify;\">Ampliamos a segunda dose de refor\u00e7o para pessoas a partir de 40 anos a partir desta segunda-feira (20). Al\u00e9m disso, apresentamos algumas mudan\u00e7as para quem tomou no esquema prim\u00e1rio a dose \u00fanica da Janssen.<\/p>\n<p>Minist\u00e9rio da Sa\u00fade (@minsaude) , Jovem Pan News<\/p>\n","protected":false},"excerpt":{"rendered":"<p>Indica\u00e7\u00e3o \u00e9 que refor\u00e7o imunol\u00f3gico aconte\u00e7a quatro meses ap\u00f3s a terceira aplica\u00e7\u00e3o; pasta tamb\u00e9m liberou o segundo refor\u00e7o para vacinados com a Janssen. O\u00a0Minist\u00e9rio da Sa\u00fade\u00a0anunciou nesta segunda-feira, 20, a amplia\u00e7\u00e3o do p\u00fablico eleg\u00edvel para receber a\u00a0quarta dose\u00a0da\u00a0vacina\u00a0contra a\u00a0Covid-19. Agora, pessoas com 40 anos ou mais j\u00e1 podem procurar os postos de sa\u00fade para receber [&hellip;]<\/p>\n","protected":false},"author":2,"featured_media":26254,"comment_status":"open","ping_status":"open","sticky":false,"template":"","format":"standard","meta":{"footnotes":""},"categories":[1],"tags":[],"class_list":{"0":"post-26253","1":"post","2":"type-post","3":"status-publish","4":"format-standard","5":"has-post-thumbnail","7":"category-outros"},"yoast_head":"<!-- This site is optimized with the Yoast SEO Premium plugin v24.5 (Yoast SEO v27.5) - https:\/\/yoast.com\/product\/yoast-seo-premium-wordpress\/ -->\n<title>Minist\u00e9rio da Sa\u00fade anuncia 4\u00aa dose da vacina para pessoas com 40 anos ou mais. - P31<\/title>\n<meta name=\"robots\" content=\"index, follow, max-snippet:-1, max-image-preview:large, max-video-preview:-1\" \/>\n<link rel=\"canonical\" href=\"https:\/\/www.p31noticias.com.br\/?p=26253\" \/>\n<meta property=\"og:locale\" content=\"pt_BR\" \/>\n<meta property=\"og:type\" content=\"article\" \/>\n<meta property=\"og:title\" content=\"Minist\u00e9rio da Sa\u00fade anuncia 4\u00aa dose da vacina para pessoas com 40 anos ou mais.\" \/>\n<meta property=\"og:description\" content=\"Indica\u00e7\u00e3o \u00e9 que refor\u00e7o imunol\u00f3gico aconte\u00e7a quatro meses ap\u00f3s a terceira aplica\u00e7\u00e3o; pasta tamb\u00e9m liberou o segundo refor\u00e7o para vacinados com a Janssen. O\u00a0Minist\u00e9rio da Sa\u00fade\u00a0anunciou nesta segunda-feira, 20, a amplia\u00e7\u00e3o do p\u00fablico eleg\u00edvel para receber a\u00a0quarta dose\u00a0da\u00a0vacina\u00a0contra a\u00a0Covid-19. Agora, pessoas com 40 anos ou mais j\u00e1 podem procurar os postos de sa\u00fade para receber [&hellip;]\" \/>\n<meta property=\"og:url\" content=\"https:\/\/www.p31noticias.com.br\/?p=26253\" \/>\n<meta property=\"og:site_name\" content=\"P31\" \/>\n<meta property=\"article:published_time\" content=\"2022-06-21T02:01:01+00:00\" \/>\n<meta property=\"article:modified_time\" content=\"2022-06-21T02:07:48+00:00\" \/>\n<meta property=\"og:image\" content=\"https:\/\/www.p31noticias.com.br\/wp-content\/uploads\/2022\/06\/fup20211222091-1.jpg\" \/>\n\t<meta property=\"og:image:width\" content=\"1000\" \/>\n\t<meta property=\"og:image:height\" content=\"666\" \/>\n\t<meta property=\"og:image:type\" content=\"image\/jpeg\" \/>\n<meta name=\"author\" content=\"Gon\u00e7alves Junior\" \/>\n<meta name=\"twitter:card\" content=\"summary_large_image\" \/>\n<meta name=\"twitter:label1\" content=\"Escrito por\" \/>\n\t<meta name=\"twitter:data1\" content=\"Gon\u00e7alves Junior\" \/>\n\t<meta name=\"twitter:label2\" content=\"Est. tempo de leitura\" \/>\n\t<meta name=\"twitter:data2\" content=\"1 minuto\" \/>\n<script type=\"application\/ld+json\" class=\"yoast-schema-graph\">{\"@context\":\"https:\\\/\\\/schema.org\",\"@graph\":[{\"@type\":\"Article\",\"@id\":\"https:\\\/\\\/www.p31noticias.com.br\\\/?p=26253#article\",\"isPartOf\":{\"@id\":\"https:\\\/\\\/www.p31noticias.com.br\\\/?p=26253\"},\"author\":{\"name\":\"Gon\u00e7alves Junior\",\"@id\":\"https:\\\/\\\/www.p31noticias.com.br\\\/#\\\/schema\\\/person\\\/95f2ece30e3b4132065b915150cd0f94\"},\"headline\":\"Minist\u00e9rio da Sa\u00fade anuncia 4\u00aa dose da vacina para pessoas com 40 anos ou mais.\",\"datePublished\":\"2022-06-21T02:01:01+00:00\",\"dateModified\":\"2022-06-21T02:07:48+00:00\",\"mainEntityOfPage\":{\"@id\":\"https:\\\/\\\/www.p31noticias.com.br\\\/?p=26253\"},\"wordCount\":288,\"commentCount\":0,\"image\":{\"@id\":\"https:\\\/\\\/www.p31noticias.com.br\\\/?p=26253#primaryimage\"},\"thumbnailUrl\":\"https:\\\/\\\/www.p31noticias.com.br\\\/wp-content\\\/uploads\\\/2022\\\/06\\\/fup20211222091-1.jpg\",\"articleSection\":[\"Outros\"],\"inLanguage\":\"pt-BR\",\"potentialAction\":[{\"@type\":\"CommentAction\",\"name\":\"Comment\",\"target\":[\"https:\\\/\\\/www.p31noticias.com.br\\\/?p=26253#respond\"]}],\"copyrightYear\":\"2022\",\"copyrightHolder\":{\"@id\":\"https:\\\/\\\/www.p31noticias.com.br\\\/#organization\"}},{\"@type\":\"WebPage\",\"@id\":\"https:\\\/\\\/www.p31noticias.com.br\\\/?p=26253\",\"url\":\"https:\\\/\\\/www.p31noticias.com.br\\\/?p=26253\",\"name\":\"Minist\u00e9rio da Sa\u00fade anuncia 4\u00aa dose da vacina para pessoas com 40 anos ou mais. - P31\",\"isPartOf\":{\"@id\":\"https:\\\/\\\/www.p31noticias.com.br\\\/#website\"},\"primaryImageOfPage\":{\"@id\":\"https:\\\/\\\/www.p31noticias.com.br\\\/?p=26253#primaryimage\"},\"image\":{\"@id\":\"https:\\\/\\\/www.p31noticias.com.br\\\/?p=26253#primaryimage\"},\"thumbnailUrl\":\"https:\\\/\\\/www.p31noticias.com.br\\\/wp-content\\\/uploads\\\/2022\\\/06\\\/fup20211222091-1.jpg\",\"datePublished\":\"2022-06-21T02:01:01+00:00\",\"dateModified\":\"2022-06-21T02:07:48+00:00\",\"author\":{\"@id\":\"https:\\\/\\\/www.p31noticias.com.br\\\/#\\\/schema\\\/person\\\/95f2ece30e3b4132065b915150cd0f94\"},\"breadcrumb\":{\"@id\":\"https:\\\/\\\/www.p31noticias.com.br\\\/?p=26253#breadcrumb\"},\"inLanguage\":\"pt-BR\",\"potentialAction\":[{\"@type\":\"ReadAction\",\"target\":[\"https:\\\/\\\/www.p31noticias.com.br\\\/?p=26253\"]}]},{\"@type\":\"ImageObject\",\"inLanguage\":\"pt-BR\",\"@id\":\"https:\\\/\\\/www.p31noticias.com.br\\\/?p=26253#primaryimage\",\"url\":\"https:\\\/\\\/www.p31noticias.com.br\\\/wp-content\\\/uploads\\\/2022\\\/06\\\/fup20211222091-1.jpg\",\"contentUrl\":\"https:\\\/\\\/www.p31noticias.com.br\\\/wp-content\\\/uploads\\\/2022\\\/06\\\/fup20211222091-1.jpg\",\"width\":1000,\"height\":666,\"caption\":\"RS - VACINA\u00c7\u00c3O-CONTRA-COVID-19-CAXIAS-SUL - GERAL - Vacina\u00e7\u00e3o contra a Covid-19 com o refor\u00e7o da terceira dose, na cidade de Caxias do Sul (RS), nesta quarta-feira (22). 22\\\/12\\\/2021 - Foto: ANTONIO MACHADO\\\/FUTURA PRESS\\\/FUTURA PRESS\\\/ESTAD\u00c3O CONTE\u00daDO\"},{\"@type\":\"BreadcrumbList\",\"@id\":\"https:\\\/\\\/www.p31noticias.com.br\\\/?p=26253#breadcrumb\",\"itemListElement\":[{\"@type\":\"ListItem\",\"position\":1,\"name\":\"In\u00edcio\",\"item\":\"https:\\\/\\\/www.p31noticias.com.br\\\/\"},{\"@type\":\"ListItem\",\"position\":2,\"name\":\"Minist\u00e9rio da Sa\u00fade anuncia 4\u00aa dose da vacina para pessoas com 40 anos ou mais.\"}]},{\"@type\":\"WebSite\",\"@id\":\"https:\\\/\\\/www.p31noticias.com.br\\\/#website\",\"url\":\"https:\\\/\\\/www.p31noticias.com.br\\\/\",\"name\":\"P31\",\"description\":\"NOT\u00cdCIAS\",\"potentialAction\":[{\"@type\":\"SearchAction\",\"target\":{\"@type\":\"EntryPoint\",\"urlTemplate\":\"https:\\\/\\\/www.p31noticias.com.br\\\/?s={search_term_string}\"},\"query-input\":{\"@type\":\"PropertyValueSpecification\",\"valueRequired\":true,\"valueName\":\"search_term_string\"}}],\"inLanguage\":\"pt-BR\"},{\"@type\":\"Person\",\"@id\":\"https:\\\/\\\/www.p31noticias.com.br\\\/#\\\/schema\\\/person\\\/95f2ece30e3b4132065b915150cd0f94\",\"name\":\"Gon\u00e7alves Junior\",\"image\":{\"@type\":\"ImageObject\",\"inLanguage\":\"pt-BR\",\"@id\":\"https:\\\/\\\/secure.gravatar.com\\\/avatar\\\/6711f350116a89762687a48d66f723c799e5438a5b7578508d4294cd7a5d0800?s=96&d=mm&r=g\",\"url\":\"https:\\\/\\\/secure.gravatar.com\\\/avatar\\\/6711f350116a89762687a48d66f723c799e5438a5b7578508d4294cd7a5d0800?s=96&d=mm&r=g\",\"contentUrl\":\"https:\\\/\\\/secure.gravatar.com\\\/avatar\\\/6711f350116a89762687a48d66f723c799e5438a5b7578508d4294cd7a5d0800?s=96&d=mm&r=g\",\"caption\":\"Gon\u00e7alves Junior\"},\"url\":\"https:\\\/\\\/www.p31noticias.com.br\\\/?author=2\"}]}<\/script>\n<!-- \/ Yoast SEO Premium plugin. -->","yoast_head_json":{"title":"Minist\u00e9rio da Sa\u00fade anuncia 4\u00aa dose da vacina para pessoas com 40 anos ou mais. - P31","robots":{"index":"index","follow":"follow","max-snippet":"max-snippet:-1","max-image-preview":"max-image-preview:large","max-video-preview":"max-video-preview:-1"},"canonical":"https:\/\/www.p31noticias.com.br\/?p=26253","og_locale":"pt_BR","og_type":"article","og_title":"Minist\u00e9rio da Sa\u00fade anuncia 4\u00aa dose da vacina para pessoas com 40 anos ou mais.","og_description":"Indica\u00e7\u00e3o \u00e9 que refor\u00e7o imunol\u00f3gico aconte\u00e7a quatro meses ap\u00f3s a terceira aplica\u00e7\u00e3o; pasta tamb\u00e9m liberou o segundo refor\u00e7o para vacinados com a Janssen. O\u00a0Minist\u00e9rio da Sa\u00fade\u00a0anunciou nesta segunda-feira, 20, a amplia\u00e7\u00e3o do p\u00fablico eleg\u00edvel para receber a\u00a0quarta dose\u00a0da\u00a0vacina\u00a0contra a\u00a0Covid-19. Agora, pessoas com 40 anos ou mais j\u00e1 podem procurar os postos de sa\u00fade para receber [&hellip;]","og_url":"https:\/\/www.p31noticias.com.br\/?p=26253","og_site_name":"P31","article_published_time":"2022-06-21T02:01:01+00:00","article_modified_time":"2022-06-21T02:07:48+00:00","og_image":[{"width":1000,"height":666,"url":"https:\/\/www.p31noticias.com.br\/wp-content\/uploads\/2022\/06\/fup20211222091-1.jpg","type":"image\/jpeg"}],"author":"Gon\u00e7alves Junior","twitter_card":"summary_large_image","twitter_misc":{"Escrito por":"Gon\u00e7alves Junior","Est. tempo de leitura":"1 minuto"},"schema":{"@context":"https:\/\/schema.org","@graph":[{"@type":"Article","@id":"https:\/\/www.p31noticias.com.br\/?p=26253#article","isPartOf":{"@id":"https:\/\/www.p31noticias.com.br\/?p=26253"},"author":{"name":"Gon\u00e7alves Junior","@id":"https:\/\/www.p31noticias.com.br\/#\/schema\/person\/95f2ece30e3b4132065b915150cd0f94"},"headline":"Minist\u00e9rio da Sa\u00fade anuncia 4\u00aa dose da vacina para pessoas com 40 anos ou mais.","datePublished":"2022-06-21T02:01:01+00:00","dateModified":"2022-06-21T02:07:48+00:00","mainEntityOfPage":{"@id":"https:\/\/www.p31noticias.com.br\/?p=26253"},"wordCount":288,"commentCount":0,"image":{"@id":"https:\/\/www.p31noticias.com.br\/?p=26253#primaryimage"},"thumbnailUrl":"https:\/\/www.p31noticias.com.br\/wp-content\/uploads\/2022\/06\/fup20211222091-1.jpg","articleSection":["Outros"],"inLanguage":"pt-BR","potentialAction":[{"@type":"CommentAction","name":"Comment","target":["https:\/\/www.p31noticias.com.br\/?p=26253#respond"]}],"copyrightYear":"2022","copyrightHolder":{"@id":"https:\/\/www.p31noticias.com.br\/#organization"}},{"@type":"WebPage","@id":"https:\/\/www.p31noticias.com.br\/?p=26253","url":"https:\/\/www.p31noticias.com.br\/?p=26253","name":"Minist\u00e9rio da Sa\u00fade anuncia 4\u00aa dose da vacina para pessoas com 40 anos ou mais. - P31","isPartOf":{"@id":"https:\/\/www.p31noticias.com.br\/#website"},"primaryImageOfPage":{"@id":"https:\/\/www.p31noticias.com.br\/?p=26253#primaryimage"},"image":{"@id":"https:\/\/www.p31noticias.com.br\/?p=26253#primaryimage"},"thumbnailUrl":"https:\/\/www.p31noticias.com.br\/wp-content\/uploads\/2022\/06\/fup20211222091-1.jpg","datePublished":"2022-06-21T02:01:01+00:00","dateModified":"2022-06-21T02:07:48+00:00","author":{"@id":"https:\/\/www.p31noticias.com.br\/#\/schema\/person\/95f2ece30e3b4132065b915150cd0f94"},"breadcrumb":{"@id":"https:\/\/www.p31noticias.com.br\/?p=26253#breadcrumb"},"inLanguage":"pt-BR","potentialAction":[{"@type":"ReadAction","target":["https:\/\/www.p31noticias.com.br\/?p=26253"]}]},{"@type":"ImageObject","inLanguage":"pt-BR","@id":"https:\/\/www.p31noticias.com.br\/?p=26253#primaryimage","url":"https:\/\/www.p31noticias.com.br\/wp-content\/uploads\/2022\/06\/fup20211222091-1.jpg","contentUrl":"https:\/\/www.p31noticias.com.br\/wp-content\/uploads\/2022\/06\/fup20211222091-1.jpg","width":1000,"height":666,"caption":"RS - VACINA\u00c7\u00c3O-CONTRA-COVID-19-CAXIAS-SUL - GERAL - Vacina\u00e7\u00e3o contra a Covid-19 com o refor\u00e7o da terceira dose, na cidade de Caxias do Sul (RS), nesta quarta-feira (22). 22\/12\/2021 - Foto: ANTONIO MACHADO\/FUTURA PRESS\/FUTURA PRESS\/ESTAD\u00c3O CONTE\u00daDO"},{"@type":"BreadcrumbList","@id":"https:\/\/www.p31noticias.com.br\/?p=26253#breadcrumb","itemListElement":[{"@type":"ListItem","position":1,"name":"In\u00edcio","item":"https:\/\/www.p31noticias.com.br\/"},{"@type":"ListItem","position":2,"name":"Minist\u00e9rio da Sa\u00fade anuncia 4\u00aa dose da vacina para pessoas com 40 anos ou mais."}]},{"@type":"WebSite","@id":"https:\/\/www.p31noticias.com.br\/#website","url":"https:\/\/www.p31noticias.com.br\/","name":"P31","description":"NOT\u00cdCIAS","potentialAction":[{"@type":"SearchAction","target":{"@type":"EntryPoint","urlTemplate":"https:\/\/www.p31noticias.com.br\/?s={search_term_string}"},"query-input":{"@type":"PropertyValueSpecification","valueRequired":true,"valueName":"search_term_string"}}],"inLanguage":"pt-BR"},{"@type":"Person","@id":"https:\/\/www.p31noticias.com.br\/#\/schema\/person\/95f2ece30e3b4132065b915150cd0f94","name":"Gon\u00e7alves Junior","image":{"@type":"ImageObject","inLanguage":"pt-BR","@id":"https:\/\/secure.gravatar.com\/avatar\/6711f350116a89762687a48d66f723c799e5438a5b7578508d4294cd7a5d0800?s=96&d=mm&r=g","url":"https:\/\/secure.gravatar.com\/avatar\/6711f350116a89762687a48d66f723c799e5438a5b7578508d4294cd7a5d0800?s=96&d=mm&r=g","contentUrl":"https:\/\/secure.gravatar.com\/avatar\/6711f350116a89762687a48d66f723c799e5438a5b7578508d4294cd7a5d0800?s=96&d=mm&r=g","caption":"Gon\u00e7alves Junior"},"url":"https:\/\/www.p31noticias.com.br\/?author=2"}]}},"amp_enabled":true,"_links":{"self":[{"href":"https:\/\/www.p31noticias.com.br\/index.php?rest_route=\/wp\/v2\/posts\/26253","targetHints":{"allow":["GET"]}}],"collection":[{"href":"https:\/\/www.p31noticias.com.br\/index.php?rest_route=\/wp\/v2\/posts"}],"about":[{"href":"https:\/\/www.p31noticias.com.br\/index.php?rest_route=\/wp\/v2\/types\/post"}],"author":[{"embeddable":true,"href":"https:\/\/www.p31noticias.com.br\/index.php?rest_route=\/wp\/v2\/users\/2"}],"replies":[{"embeddable":true,"href":"https:\/\/www.p31noticias.com.br\/index.php?rest_route=%2Fwp%2Fv2%2Fcomments&post=26253"}],"version-history":[{"count":1,"href":"https:\/\/www.p31noticias.com.br\/index.php?rest_route=\/wp\/v2\/posts\/26253\/revisions"}],"predecessor-version":[{"id":26255,"href":"https:\/\/www.p31noticias.com.br\/index.php?rest_route=\/wp\/v2\/posts\/26253\/revisions\/26255"}],"wp:featuredmedia":[{"embeddable":true,"href":"https:\/\/www.p31noticias.com.br\/index.php?rest_route=\/wp\/v2\/media\/26254"}],"wp:attachment":[{"href":"https:\/\/www.p31noticias.com.br\/index.php?rest_route=%2Fwp%2Fv2%2Fmedia&parent=26253"}],"wp:term":[{"taxonomy":"category","embeddable":true,"href":"https:\/\/www.p31noticias.com.br\/index.php?rest_route=%2Fwp%2Fv2%2Fcategories&post=26253"},{"taxonomy":"post_tag","embeddable":true,"href":"https:\/\/www.p31noticias.com.br\/index.php?rest_route=%2Fwp%2Fv2%2Ftags&post=26253"}],"curies":[{"name":"wp","href":"https:\/\/api.w.org\/{rel}","templated":true}]}}