{"id":26247,"date":"2022-06-14T08:27:02","date_gmt":"2022-06-14T11:27:02","guid":{"rendered":"https:\/\/p31noticias.com.br\/?p=26247"},"modified":"2022-06-14T08:27:02","modified_gmt":"2022-06-14T11:27:02","slug":"escolas-receberam-mais-de-r-64-milhoes-para-reformas-e-compra-de-materiais","status":"publish","type":"post","link":"https:\/\/www.p31noticias.com.br\/?p=26247","title":{"rendered":"Escolas receberam mais de R$ 64 milh\u00f5es para reformas e compra de materiais."},"content":{"rendered":"<p style=\"text-align: justify;\"><em><strong>Os recursos s\u00e3o provenientes da Secretaria de Educa\u00e7\u00e3o e de emendas parlamentares e podem ser utilizados para despesas de custeio e capital.<\/strong><\/em><\/p>\n<p style=\"text-align: justify;\">No primeiro semestre de 2022, foram pagos R$ 64.910.330,50 do Programa de Descentraliza\u00e7\u00e3o Administrativa e Financeira (Pdaf) para as Coordena\u00e7\u00f5es Regionais de Ensino (CREs). Parte do montante, R$ 33.813.463,50, \u00e9 proveniente da Secretaria de Educa\u00e7\u00e3o (SEEDF) e o restante, R$ 31.096.867, de emendas parlamentares. Os recursos s\u00e3o utilizados pelas unidades escolares para despesas de custeio e capital.<\/p>\n<blockquote class=\"olho direita\"><p><span class=\"olho__texto h2 clearfix\">\u201cS\u00e3o os nossos tributos fazendo a diferen\u00e7a na nossa sociedade\u201d<\/span><span class=\"olho__assinatura block\">Paula Tredicci, coordenadora da Regional de Ensino de Samambaia<\/span><\/p><\/blockquote>\n<p style=\"text-align: justify;\">A destina\u00e7\u00e3o depende do tipo das despesas. No caso das despesas de capital, a verba pode ser utilizada para aquisi\u00e7\u00e3o de materiais permanentes que se incorporam ao patrim\u00f4nio, como mobili\u00e1rio e computadores. As despesas de custeio podem ser destinadas \u00e0 aquisi\u00e7\u00e3o de materiais de consumo, realiza\u00e7\u00e3o de manuten\u00e7\u00e3o nos pr\u00e9dios e contrata\u00e7\u00e3o de servi\u00e7os de pessoa f\u00edsica ou jur\u00eddica.<\/p>\n<figure id=\"attachment_415867\" class=\"wp-caption aligncenter\" style=\"text-align: justify;\" aria-describedby=\"caption-attachment-415867\"><img loading=\"lazy\" decoding=\"async\" class=\"wp-image-415867 size-full\" src=\"http:\/\/agenciabrasilia.df.gov.br\/wp-conteudo\/uploads\/2022\/06\/CEMEIT-13-05-2021-Foto-Alvaro-Henrique-2-768x512-1.jpg\" sizes=\"auto, (max-width: 768px) 100vw, 768px\" srcset=\"https:\/\/www.agenciabrasilia.df.gov.br\/wp-conteudo\/uploads\/2022\/06\/CEMEIT-13-05-2021-Foto-Alvaro-Henrique-2-768x512-1.jpg 768w, https:\/\/www.agenciabrasilia.df.gov.br\/wp-conteudo\/uploads\/2022\/06\/CEMEIT-13-05-2021-Foto-Alvaro-Henrique-2-768x512-1-300x200.jpg 300w\" alt=\"\" width=\"768\" height=\"512\" \/><figcaption id=\"caption-attachment-415867\" class=\"wp-caption-text\">A verba vai direto para as escolas e as regionais, que t\u00eam autonomia para utiliz\u00e1-la conforme a necessidade | Foto: \u00c1lvaro Henrique\/SEEDF<\/figcaption><\/figure>\n<p style=\"text-align: justify;\">A transfer\u00eancia dos valores \u00e0s regionais tem como condi\u00e7\u00e3o o cumprimento de requisitos, como a apresenta\u00e7\u00e3o da presta\u00e7\u00e3o de contas anual dos exerc\u00edcios anteriores e a regularidade das presta\u00e7\u00f5es de contas parciais do per\u00edodo em que os recursos estejam sendo utilizados.<\/p>\n<p style=\"text-align: justify;\"><strong>Melhorias garantidas<\/strong><\/p>\n<p style=\"text-align: justify;\">O Pdaf \u00e9 a ferramenta necess\u00e1ria para que cada gestor escolar possa realizar uma gest\u00e3o verdadeiramente democr\u00e1tica, com seguran\u00e7a e respeito que toda comunidade escolar merece, como define a coordenadora da Regional de Ensino de Samambaia, Paula Tredicci. \u201cS\u00e3o os nossos tributos fazendo a diferen\u00e7a na nossa sociedade\u201d, completa.<\/p>\n<p style=\"text-align: justify;\">\u00c9 a partir desta garantia de recursos que as unidades escolares se programam junto \u00e0s suas comunidades para a realiza\u00e7\u00e3o de pequenos reparos, melhorias patrimoniais e das instala\u00e7\u00f5es, al\u00e9m da aquisi\u00e7\u00e3o de insumos e materiais que garantam o bom funcionamento de todas as escolas do DF. \u201cTudo conforme as suas necessidades e os seus planejamentos\u201d, refor\u00e7a Paula.<\/p>\n<p style=\"text-align: justify;\">O coordenador Regional de Ceil\u00e2ndia, Carlos Ney, tamb\u00e9m acredita que o Pdaf \u00e9 fundamental para o avan\u00e7o das unidades de ensino. \u201cPodemos dividir a situa\u00e7\u00e3o das escolas p\u00fablicas em dois momentos: antes e depois do programa. A iniciativa permitiu que ao longo dos anos houvesse uma melhora na qualidade estrutural das escolas, al\u00e9m de ser um facilitador na compra de insumos de consumo r\u00e1pido\u201d, explicou o coordenador regional.<\/p>\n<p style=\"text-align: justify;\">Com o Pdaf, o dinheiro p\u00fablico chega efetivamente nas unidades, de forma desburocratizada e transparente. \u201cOs gestores t\u00eam a capacidade de visualizar o real problema enfrentado dentro da unidade escolar e utilizar o recurso de forma correta\u201d, refor\u00e7a Carlos Ney.<\/p>\n<p style=\"text-align: justify;\">Pdaf Ordin\u00e1rio pago pela Secretaria de Educa\u00e7\u00e3o:<\/p>\n<table>\n<tbody>\n<tr>\n<td width=\"288\">Coordena\u00e7\u00e3o Regional de Ensino<\/td>\n<td width=\"288\">Valor pago<\/td>\n<\/tr>\n<tr>\n<td width=\"288\">Brazl\u00e2ndia<\/td>\n<td width=\"288\">R$ 1.522.640,00<\/td>\n<\/tr>\n<tr>\n<td width=\"288\">Ceil\u00e2ndia<\/td>\n<td width=\"288\">R$ 4.911.127,50<\/td>\n<\/tr>\n<tr>\n<td width=\"288\">Gama<\/td>\n<td width=\"288\">R$ 2.607.525,00<\/td>\n<\/tr>\n<tr>\n<td width=\"288\">Guar\u00e1<\/td>\n<td width=\"288\">R$ 1.406.477,50<\/td>\n<\/tr>\n<tr>\n<td width=\"288\">N\u00facleo Bandeirante<\/td>\n<td width=\"288\">R$ 2.105.652,50<\/td>\n<\/tr>\n<tr>\n<td width=\"288\">Parano\u00e1<\/td>\n<td width=\"288\">R$ 1.887.090,00<\/td>\n<\/tr>\n<tr>\n<td width=\"288\">Planaltina<\/td>\n<td width=\"288\">R$ 3.272.745,00<\/td>\n<\/tr>\n<tr>\n<td width=\"288\">Plano Piloto<\/td>\n<td width=\"288\">R$ 2.396.693,50<\/td>\n<\/tr>\n<tr>\n<td width=\"288\">Recanto das Emas<\/td>\n<td width=\"288\">R$ 2.145.412,50<\/td>\n<\/tr>\n<tr>\n<td width=\"288\">Samambaia<\/td>\n<td width=\"288\">R$ 2.755.892,50<\/td>\n<\/tr>\n<tr>\n<td width=\"288\">Santa Maria<\/td>\n<td width=\"288\">R$ 2.025.477,50<\/td>\n<\/tr>\n<tr>\n<td width=\"288\">S\u00e3o Sebasti\u00e3o<\/td>\n<td width=\"288\">R$ 1.829.565,00<\/td>\n<\/tr>\n<tr>\n<td width=\"288\">Sobradinho<\/td>\n<td width=\"288\">R$ 2.181.437,50<\/td>\n<\/tr>\n<tr>\n<td width=\"288\">Taguatinga<\/td>\n<td width=\"288\">R$ 2.765.727,50<\/td>\n<\/tr>\n<tr>\n<td width=\"288\">Valor total<\/td>\n<td width=\"288\">R$ 33.813.463,50<\/td>\n<\/tr>\n<\/tbody>\n<\/table>\n<p style=\"text-align: justify;\">\n<p style=\"text-align: justify;\"><em>*Com informa\u00e7\u00f5es da Secretaria de Educa\u00e7\u00e3o<\/em><\/p>\n","protected":false},"excerpt":{"rendered":"<p>Os recursos s\u00e3o provenientes da Secretaria de Educa\u00e7\u00e3o e de emendas parlamentares e podem ser utilizados para despesas de custeio e capital. No primeiro semestre de 2022, foram pagos R$ 64.910.330,50 do Programa de Descentraliza\u00e7\u00e3o Administrativa e Financeira (Pdaf) para as Coordena\u00e7\u00f5es Regionais de Ensino (CREs). Parte do montante, R$ 33.813.463,50, \u00e9 proveniente da Secretaria [&hellip;]<\/p>\n","protected":false},"author":2,"featured_media":26248,"comment_status":"open","ping_status":"open","sticky":false,"template":"","format":"standard","meta":{"footnotes":""},"categories":[1],"tags":[],"class_list":{"0":"post-26247","1":"post","2":"type-post","3":"status-publish","4":"format-standard","5":"has-post-thumbnail","7":"category-outros"},"yoast_head":"<!-- This site is optimized with the Yoast SEO Premium plugin v24.5 (Yoast SEO v27.5) - https:\/\/yoast.com\/product\/yoast-seo-premium-wordpress\/ -->\n<title>Escolas receberam mais de R$ 64 milh\u00f5es para reformas e compra de materiais. - P31<\/title>\n<meta name=\"robots\" content=\"index, follow, max-snippet:-1, max-image-preview:large, max-video-preview:-1\" \/>\n<link rel=\"canonical\" href=\"https:\/\/www.p31noticias.com.br\/?p=26247\" \/>\n<meta property=\"og:locale\" content=\"pt_BR\" \/>\n<meta property=\"og:type\" content=\"article\" \/>\n<meta property=\"og:title\" content=\"Escolas receberam mais de R$ 64 milh\u00f5es para reformas e compra de materiais.\" \/>\n<meta property=\"og:description\" content=\"Os recursos s\u00e3o provenientes da Secretaria de Educa\u00e7\u00e3o e de emendas parlamentares e podem ser utilizados para despesas de custeio e capital. No primeiro semestre de 2022, foram pagos R$ 64.910.330,50 do Programa de Descentraliza\u00e7\u00e3o Administrativa e Financeira (Pdaf) para as Coordena\u00e7\u00f5es Regionais de Ensino (CREs). Parte do montante, R$ 33.813.463,50, \u00e9 proveniente da Secretaria [&hellip;]\" \/>\n<meta property=\"og:url\" content=\"https:\/\/www.p31noticias.com.br\/?p=26247\" \/>\n<meta property=\"og:site_name\" content=\"P31\" \/>\n<meta property=\"article:published_time\" content=\"2022-06-14T11:27:02+00:00\" \/>\n<meta property=\"og:image\" content=\"https:\/\/www.p31noticias.com.br\/wp-content\/uploads\/2022\/06\/CEMEIT-13-05-2021-Foto-Alvaro-Henrique-2-768x512-1-1.jpg\" \/>\n\t<meta property=\"og:image:width\" content=\"768\" \/>\n\t<meta property=\"og:image:height\" content=\"512\" \/>\n\t<meta property=\"og:image:type\" content=\"image\/jpeg\" \/>\n<meta name=\"author\" content=\"Gon\u00e7alves Junior\" \/>\n<meta name=\"twitter:card\" content=\"summary_large_image\" \/>\n<meta name=\"twitter:label1\" content=\"Escrito por\" \/>\n\t<meta name=\"twitter:data1\" content=\"Gon\u00e7alves Junior\" \/>\n\t<meta name=\"twitter:label2\" content=\"Est. tempo de leitura\" \/>\n\t<meta name=\"twitter:data2\" content=\"3 minutos\" \/>\n<script type=\"application\/ld+json\" class=\"yoast-schema-graph\">{\"@context\":\"https:\\\/\\\/schema.org\",\"@graph\":[{\"@type\":\"Article\",\"@id\":\"https:\\\/\\\/www.p31noticias.com.br\\\/?p=26247#article\",\"isPartOf\":{\"@id\":\"https:\\\/\\\/www.p31noticias.com.br\\\/?p=26247\"},\"author\":{\"name\":\"Gon\u00e7alves Junior\",\"@id\":\"https:\\\/\\\/www.p31noticias.com.br\\\/#\\\/schema\\\/person\\\/95f2ece30e3b4132065b915150cd0f94\"},\"headline\":\"Escolas receberam mais de R$ 64 milh\u00f5es para reformas e compra de materiais.\",\"datePublished\":\"2022-06-14T11:27:02+00:00\",\"mainEntityOfPage\":{\"@id\":\"https:\\\/\\\/www.p31noticias.com.br\\\/?p=26247\"},\"wordCount\":556,\"commentCount\":0,\"image\":{\"@id\":\"https:\\\/\\\/www.p31noticias.com.br\\\/?p=26247#primaryimage\"},\"thumbnailUrl\":\"https:\\\/\\\/www.p31noticias.com.br\\\/wp-content\\\/uploads\\\/2022\\\/06\\\/CEMEIT-13-05-2021-Foto-Alvaro-Henrique-2-768x512-1-1.jpg\",\"articleSection\":[\"Outros\"],\"inLanguage\":\"pt-BR\",\"potentialAction\":[{\"@type\":\"CommentAction\",\"name\":\"Comment\",\"target\":[\"https:\\\/\\\/www.p31noticias.com.br\\\/?p=26247#respond\"]}],\"copyrightYear\":\"2022\",\"copyrightHolder\":{\"@id\":\"https:\\\/\\\/www.p31noticias.com.br\\\/#organization\"}},{\"@type\":\"WebPage\",\"@id\":\"https:\\\/\\\/www.p31noticias.com.br\\\/?p=26247\",\"url\":\"https:\\\/\\\/www.p31noticias.com.br\\\/?p=26247\",\"name\":\"Escolas receberam mais de R$ 64 milh\u00f5es para reformas e compra de materiais. - P31\",\"isPartOf\":{\"@id\":\"https:\\\/\\\/www.p31noticias.com.br\\\/#website\"},\"primaryImageOfPage\":{\"@id\":\"https:\\\/\\\/www.p31noticias.com.br\\\/?p=26247#primaryimage\"},\"image\":{\"@id\":\"https:\\\/\\\/www.p31noticias.com.br\\\/?p=26247#primaryimage\"},\"thumbnailUrl\":\"https:\\\/\\\/www.p31noticias.com.br\\\/wp-content\\\/uploads\\\/2022\\\/06\\\/CEMEIT-13-05-2021-Foto-Alvaro-Henrique-2-768x512-1-1.jpg\",\"datePublished\":\"2022-06-14T11:27:02+00:00\",\"author\":{\"@id\":\"https:\\\/\\\/www.p31noticias.com.br\\\/#\\\/schema\\\/person\\\/95f2ece30e3b4132065b915150cd0f94\"},\"breadcrumb\":{\"@id\":\"https:\\\/\\\/www.p31noticias.com.br\\\/?p=26247#breadcrumb\"},\"inLanguage\":\"pt-BR\",\"potentialAction\":[{\"@type\":\"ReadAction\",\"target\":[\"https:\\\/\\\/www.p31noticias.com.br\\\/?p=26247\"]}]},{\"@type\":\"ImageObject\",\"inLanguage\":\"pt-BR\",\"@id\":\"https:\\\/\\\/www.p31noticias.com.br\\\/?p=26247#primaryimage\",\"url\":\"https:\\\/\\\/www.p31noticias.com.br\\\/wp-content\\\/uploads\\\/2022\\\/06\\\/CEMEIT-13-05-2021-Foto-Alvaro-Henrique-2-768x512-1-1.jpg\",\"contentUrl\":\"https:\\\/\\\/www.p31noticias.com.br\\\/wp-content\\\/uploads\\\/2022\\\/06\\\/CEMEIT-13-05-2021-Foto-Alvaro-Henrique-2-768x512-1-1.jpg\",\"width\":768,\"height\":512},{\"@type\":\"BreadcrumbList\",\"@id\":\"https:\\\/\\\/www.p31noticias.com.br\\\/?p=26247#breadcrumb\",\"itemListElement\":[{\"@type\":\"ListItem\",\"position\":1,\"name\":\"In\u00edcio\",\"item\":\"https:\\\/\\\/www.p31noticias.com.br\\\/\"},{\"@type\":\"ListItem\",\"position\":2,\"name\":\"Escolas receberam mais de R$ 64 milh\u00f5es para reformas e compra de materiais.\"}]},{\"@type\":\"WebSite\",\"@id\":\"https:\\\/\\\/www.p31noticias.com.br\\\/#website\",\"url\":\"https:\\\/\\\/www.p31noticias.com.br\\\/\",\"name\":\"P31\",\"description\":\"NOT\u00cdCIAS\",\"potentialAction\":[{\"@type\":\"SearchAction\",\"target\":{\"@type\":\"EntryPoint\",\"urlTemplate\":\"https:\\\/\\\/www.p31noticias.com.br\\\/?s={search_term_string}\"},\"query-input\":{\"@type\":\"PropertyValueSpecification\",\"valueRequired\":true,\"valueName\":\"search_term_string\"}}],\"inLanguage\":\"pt-BR\"},{\"@type\":\"Person\",\"@id\":\"https:\\\/\\\/www.p31noticias.com.br\\\/#\\\/schema\\\/person\\\/95f2ece30e3b4132065b915150cd0f94\",\"name\":\"Gon\u00e7alves Junior\",\"image\":{\"@type\":\"ImageObject\",\"inLanguage\":\"pt-BR\",\"@id\":\"https:\\\/\\\/secure.gravatar.com\\\/avatar\\\/6711f350116a89762687a48d66f723c799e5438a5b7578508d4294cd7a5d0800?s=96&d=mm&r=g\",\"url\":\"https:\\\/\\\/secure.gravatar.com\\\/avatar\\\/6711f350116a89762687a48d66f723c799e5438a5b7578508d4294cd7a5d0800?s=96&d=mm&r=g\",\"contentUrl\":\"https:\\\/\\\/secure.gravatar.com\\\/avatar\\\/6711f350116a89762687a48d66f723c799e5438a5b7578508d4294cd7a5d0800?s=96&d=mm&r=g\",\"caption\":\"Gon\u00e7alves Junior\"},\"url\":\"https:\\\/\\\/www.p31noticias.com.br\\\/?author=2\"}]}<\/script>\n<!-- \/ Yoast SEO Premium plugin. -->","yoast_head_json":{"title":"Escolas receberam mais de R$ 64 milh\u00f5es para reformas e compra de materiais. - P31","robots":{"index":"index","follow":"follow","max-snippet":"max-snippet:-1","max-image-preview":"max-image-preview:large","max-video-preview":"max-video-preview:-1"},"canonical":"https:\/\/www.p31noticias.com.br\/?p=26247","og_locale":"pt_BR","og_type":"article","og_title":"Escolas receberam mais de R$ 64 milh\u00f5es para reformas e compra de materiais.","og_description":"Os recursos s\u00e3o provenientes da Secretaria de Educa\u00e7\u00e3o e de emendas parlamentares e podem ser utilizados para despesas de custeio e capital. No primeiro semestre de 2022, foram pagos R$ 64.910.330,50 do Programa de Descentraliza\u00e7\u00e3o Administrativa e Financeira (Pdaf) para as Coordena\u00e7\u00f5es Regionais de Ensino (CREs). Parte do montante, R$ 33.813.463,50, \u00e9 proveniente da Secretaria [&hellip;]","og_url":"https:\/\/www.p31noticias.com.br\/?p=26247","og_site_name":"P31","article_published_time":"2022-06-14T11:27:02+00:00","og_image":[{"width":768,"height":512,"url":"https:\/\/www.p31noticias.com.br\/wp-content\/uploads\/2022\/06\/CEMEIT-13-05-2021-Foto-Alvaro-Henrique-2-768x512-1-1.jpg","type":"image\/jpeg"}],"author":"Gon\u00e7alves Junior","twitter_card":"summary_large_image","twitter_misc":{"Escrito por":"Gon\u00e7alves Junior","Est. tempo de leitura":"3 minutos"},"schema":{"@context":"https:\/\/schema.org","@graph":[{"@type":"Article","@id":"https:\/\/www.p31noticias.com.br\/?p=26247#article","isPartOf":{"@id":"https:\/\/www.p31noticias.com.br\/?p=26247"},"author":{"name":"Gon\u00e7alves Junior","@id":"https:\/\/www.p31noticias.com.br\/#\/schema\/person\/95f2ece30e3b4132065b915150cd0f94"},"headline":"Escolas receberam mais de R$ 64 milh\u00f5es para reformas e compra de materiais.","datePublished":"2022-06-14T11:27:02+00:00","mainEntityOfPage":{"@id":"https:\/\/www.p31noticias.com.br\/?p=26247"},"wordCount":556,"commentCount":0,"image":{"@id":"https:\/\/www.p31noticias.com.br\/?p=26247#primaryimage"},"thumbnailUrl":"https:\/\/www.p31noticias.com.br\/wp-content\/uploads\/2022\/06\/CEMEIT-13-05-2021-Foto-Alvaro-Henrique-2-768x512-1-1.jpg","articleSection":["Outros"],"inLanguage":"pt-BR","potentialAction":[{"@type":"CommentAction","name":"Comment","target":["https:\/\/www.p31noticias.com.br\/?p=26247#respond"]}],"copyrightYear":"2022","copyrightHolder":{"@id":"https:\/\/www.p31noticias.com.br\/#organization"}},{"@type":"WebPage","@id":"https:\/\/www.p31noticias.com.br\/?p=26247","url":"https:\/\/www.p31noticias.com.br\/?p=26247","name":"Escolas receberam mais de R$ 64 milh\u00f5es para reformas e compra de materiais. - P31","isPartOf":{"@id":"https:\/\/www.p31noticias.com.br\/#website"},"primaryImageOfPage":{"@id":"https:\/\/www.p31noticias.com.br\/?p=26247#primaryimage"},"image":{"@id":"https:\/\/www.p31noticias.com.br\/?p=26247#primaryimage"},"thumbnailUrl":"https:\/\/www.p31noticias.com.br\/wp-content\/uploads\/2022\/06\/CEMEIT-13-05-2021-Foto-Alvaro-Henrique-2-768x512-1-1.jpg","datePublished":"2022-06-14T11:27:02+00:00","author":{"@id":"https:\/\/www.p31noticias.com.br\/#\/schema\/person\/95f2ece30e3b4132065b915150cd0f94"},"breadcrumb":{"@id":"https:\/\/www.p31noticias.com.br\/?p=26247#breadcrumb"},"inLanguage":"pt-BR","potentialAction":[{"@type":"ReadAction","target":["https:\/\/www.p31noticias.com.br\/?p=26247"]}]},{"@type":"ImageObject","inLanguage":"pt-BR","@id":"https:\/\/www.p31noticias.com.br\/?p=26247#primaryimage","url":"https:\/\/www.p31noticias.com.br\/wp-content\/uploads\/2022\/06\/CEMEIT-13-05-2021-Foto-Alvaro-Henrique-2-768x512-1-1.jpg","contentUrl":"https:\/\/www.p31noticias.com.br\/wp-content\/uploads\/2022\/06\/CEMEIT-13-05-2021-Foto-Alvaro-Henrique-2-768x512-1-1.jpg","width":768,"height":512},{"@type":"BreadcrumbList","@id":"https:\/\/www.p31noticias.com.br\/?p=26247#breadcrumb","itemListElement":[{"@type":"ListItem","position":1,"name":"In\u00edcio","item":"https:\/\/www.p31noticias.com.br\/"},{"@type":"ListItem","position":2,"name":"Escolas receberam mais de R$ 64 milh\u00f5es para reformas e compra de materiais."}]},{"@type":"WebSite","@id":"https:\/\/www.p31noticias.com.br\/#website","url":"https:\/\/www.p31noticias.com.br\/","name":"P31","description":"NOT\u00cdCIAS","potentialAction":[{"@type":"SearchAction","target":{"@type":"EntryPoint","urlTemplate":"https:\/\/www.p31noticias.com.br\/?s={search_term_string}"},"query-input":{"@type":"PropertyValueSpecification","valueRequired":true,"valueName":"search_term_string"}}],"inLanguage":"pt-BR"},{"@type":"Person","@id":"https:\/\/www.p31noticias.com.br\/#\/schema\/person\/95f2ece30e3b4132065b915150cd0f94","name":"Gon\u00e7alves Junior","image":{"@type":"ImageObject","inLanguage":"pt-BR","@id":"https:\/\/secure.gravatar.com\/avatar\/6711f350116a89762687a48d66f723c799e5438a5b7578508d4294cd7a5d0800?s=96&d=mm&r=g","url":"https:\/\/secure.gravatar.com\/avatar\/6711f350116a89762687a48d66f723c799e5438a5b7578508d4294cd7a5d0800?s=96&d=mm&r=g","contentUrl":"https:\/\/secure.gravatar.com\/avatar\/6711f350116a89762687a48d66f723c799e5438a5b7578508d4294cd7a5d0800?s=96&d=mm&r=g","caption":"Gon\u00e7alves Junior"},"url":"https:\/\/www.p31noticias.com.br\/?author=2"}]}},"amp_enabled":true,"_links":{"self":[{"href":"https:\/\/www.p31noticias.com.br\/index.php?rest_route=\/wp\/v2\/posts\/26247","targetHints":{"allow":["GET"]}}],"collection":[{"href":"https:\/\/www.p31noticias.com.br\/index.php?rest_route=\/wp\/v2\/posts"}],"about":[{"href":"https:\/\/www.p31noticias.com.br\/index.php?rest_route=\/wp\/v2\/types\/post"}],"author":[{"embeddable":true,"href":"https:\/\/www.p31noticias.com.br\/index.php?rest_route=\/wp\/v2\/users\/2"}],"replies":[{"embeddable":true,"href":"https:\/\/www.p31noticias.com.br\/index.php?rest_route=%2Fwp%2Fv2%2Fcomments&post=26247"}],"version-history":[{"count":1,"href":"https:\/\/www.p31noticias.com.br\/index.php?rest_route=\/wp\/v2\/posts\/26247\/revisions"}],"predecessor-version":[{"id":26249,"href":"https:\/\/www.p31noticias.com.br\/index.php?rest_route=\/wp\/v2\/posts\/26247\/revisions\/26249"}],"wp:featuredmedia":[{"embeddable":true,"href":"https:\/\/www.p31noticias.com.br\/index.php?rest_route=\/wp\/v2\/media\/26248"}],"wp:attachment":[{"href":"https:\/\/www.p31noticias.com.br\/index.php?rest_route=%2Fwp%2Fv2%2Fmedia&parent=26247"}],"wp:term":[{"taxonomy":"category","embeddable":true,"href":"https:\/\/www.p31noticias.com.br\/index.php?rest_route=%2Fwp%2Fv2%2Fcategories&post=26247"},{"taxonomy":"post_tag","embeddable":true,"href":"https:\/\/www.p31noticias.com.br\/index.php?rest_route=%2Fwp%2Fv2%2Ftags&post=26247"}],"curies":[{"name":"wp","href":"https:\/\/api.w.org\/{rel}","templated":true}]}}