{"id":26244,"date":"2022-06-14T08:22:23","date_gmt":"2022-06-14T11:22:23","guid":{"rendered":"https:\/\/p31noticias.com.br\/?p=26244"},"modified":"2022-06-14T08:22:23","modified_gmt":"2022-06-14T11:22:23","slug":"senado-aprova-projeto-que-limita-icms-dos-combustiveis","status":"publish","type":"post","link":"https:\/\/www.p31noticias.com.br\/?p=26244","title":{"rendered":"Senado aprova projeto que limita ICMS dos combust\u00edveis."},"content":{"rendered":"<h3 class=\"col-10 offset-1 animated fadeInDown dealy-900 display-8 display-md-8 alt-font font-italic my-1 text-center\" style=\"text-align: justify;\"><em><strong>Projeto retorna \u00e0 C\u00e2mara para nova an\u00e1lise dos deputados.<\/strong><\/em><\/h3>\n<p style=\"text-align: justify;\">O Senado aprovou o Projeto de Lei Complementar (PLP) 18\/2022, que limita a aplica\u00e7\u00e3o de al\u00edquota do Imposto sobre Circula\u00e7\u00e3o de Mercadorias e Servi\u00e7os (ICMS) sobre combust\u00edveis, g\u00e1s natural, energia el\u00e9trica, comunica\u00e7\u00f5es e transporte coletivo. Segundo a proposta, esses produtos seriam classificados como essenciais e indispens\u00e1veis, levando \u00e0 fixa\u00e7\u00e3o da al\u00edquota do ICMS em um patamar m\u00e1ximo de 17%, inferior \u00e0 praticada pelos estados atualmente. O texto tamb\u00e9m prev\u00ea a compensa\u00e7\u00e3o da Uni\u00e3o \u00e0s perdas de receita dos estados.<img decoding=\"async\" src=\"https:\/\/agenciabrasil.ebc.com.br\/ebc.png?id=1465576&amp;o=node\" \/><img decoding=\"async\" src=\"https:\/\/agenciabrasil.ebc.com.br\/ebc.gif?id=1465576&amp;o=node\" \/><\/p>\n<p style=\"text-align: justify;\">O objetivo do projeto \u00e9 provocar a redu\u00e7\u00e3o no valor dos combust\u00edveis na bomba, aliviando o gasto do consumidor com gasolina, que supera os R$ 7 o litro no pa\u00eds, e com o diesel, beneficiando tamb\u00e9m caminhoneiros e transportadores. O PLP tamb\u00e9m busca reduzir o valor do g\u00e1s de cozinha e da conta de luz.<\/p>\n<p style=\"text-align: justify;\">Foram 65 votos a favor e 12 contr\u00e1rios. O projeto volta para a C\u00e2mara para nova an\u00e1lise ap\u00f3s as emendas inseridas no texto. Para o relator do projeto no Senado, Fernando Bezerra (MDB-PE), o PLP \u00e9 \u201cum passo important\u00edssimo para derrubar a infla\u00e7\u00e3o\u201d, al\u00e9m de segurar os pre\u00e7os nas contas de luz e nos postos de combust\u00edvel. Ele tamb\u00e9m afirmou que o Congresso \u201cfaz hist\u00f3ria\u201d ao incluir esses setores entre os considerados essenciais.<\/p>\n<p style=\"text-align: justify;\">\u201cParticipei da Constituinte de 1988, l\u00e1 a gente dizia que a essencialidade dos produtos tinha que ser definida por lei complementar. E se passaram mais de 30 anos e o Congresso, em nenhum momento, definiu a essencialidade dos produtos. Portanto, esse \u00e9 um passo importante, estamos fazendo hist\u00f3ria\u201d, disse o senador.<\/p>\n<p style=\"text-align: justify;\">Bezerra leu seu\u00a0<a href=\"https:\/\/agenciabrasil.ebc.com.br\/politica\/noticia\/2022-06\/relatorio-que-fixa-limite-ao-icms-de-combustiveis-e-lido-no-senado\" target=\"_blank\" rel=\"noopener\">relat\u00f3rio em plen\u00e1rio\u00a0<\/a>na semana passada\u00a0e hoje se ateve \u00e0s emendas recebidas pelo projeto. Foram 77 no total e Bezerra acolheu quatro integralmente e nove parcialmente.<\/p>\n<h2 style=\"text-align: justify;\">Emendas<\/h2>\n<p style=\"text-align: justify;\">Uma das emendas acatadas rep\u00f5e perdas de arrecada\u00e7\u00e3o do Fundo de Manuten\u00e7\u00e3o da Educa\u00e7\u00e3o B\u00e1sica (Fundeb) e de a\u00e7\u00f5es de servi\u00e7os de sa\u00fade. Ambos setores t\u00eam receitas vinculadas \u00e0 arrecada\u00e7\u00e3o com o ICMS. O relator incluiu um trecho que prev\u00ea a manuten\u00e7\u00e3o das vincula\u00e7\u00f5es \u00e0 sa\u00fade e educa\u00e7\u00e3o b\u00e1sica, mas de forma proporcional \u00e0 dedu\u00e7\u00e3o dos contratos de d\u00edvida dos Estados com a Uni\u00e3o.<\/p>\n<p style=\"text-align: justify;\">Bezerra tamb\u00e9m incluiu no texto um dispositivo para conferir seguran\u00e7a jur\u00eddica aos gestores estaduais. Assim, eles poder\u00e3o reduzir a arrecada\u00e7\u00e3o do ICMS sem ferir a Lei de Responsabilidade Fiscal (LRF) e a Lei de Diretrizes Or\u00e7ament\u00e1rias (LDO). De acordo com o regramento, um ente federativo n\u00e3o pode abrir m\u00e3o de uma receita sem indicar uma nova fonte de arrecada\u00e7\u00e3o para compensar.<\/p>\n<p style=\"text-align: justify;\">Ap\u00f3s a aprova\u00e7\u00e3o do texto-base, os senadores aprovaram um destaque &#8211; os demais foram rejeitados. O destaque aprovado prev\u00ea que, se os estados e munic\u00edpios perderem recursos em fun\u00e7\u00e3o da lei, a Uni\u00e3o vai compens\u00e1-los para que os atuais n\u00edveis do Fundeb sejam mantidos.<\/p>\n<h2 style=\"text-align: justify;\">Senadores<\/h2>\n<p style=\"text-align: justify;\">O PLP n\u00e3o foi un\u00e2nime no plen\u00e1rio. Alguns senadores se colocaram contr\u00e1rios ao projeto. Para Zenaide Maia (Pros-RN), o projeto n\u00e3o ataca o principal causador do aumento dos combust\u00edveis, que \u00e9 a atual pol\u00edtica de pre\u00e7os da Petrobras, vinculada ao pre\u00e7o internacional do barril de petr\u00f3leo e o valor do d\u00f3lar.<\/p>\n<p style=\"text-align: justify;\">\u201cEsse PL n\u00e3o tem nada a ver. E, ainda, sem a garantia de que vai ter redu\u00e7\u00e3o dos pre\u00e7os na bomba de combust\u00edvel, a gente sabe que depende do d\u00f3lar, e a certeza de que a Petrobras, assim que for aprovado isso aqui, vai recompor os pre\u00e7os, porque j\u00e1 faz mais de 20 dias que n\u00e3o dava aumento\u201d.<\/p>\n<p style=\"text-align: justify;\">Carlos Portinho (PL-RJ), novo l\u00edder do governo no Senado, defendeu o projeto e pediu a participa\u00e7\u00e3o dos estados no esfor\u00e7o de reduzir o pre\u00e7o do combust\u00edvel para a popula\u00e7\u00e3o. Segundo ele, o governo tem contribu\u00eddo ao abrir m\u00e3o de impostos federais sobre o combust\u00edvel para reduzir o impacto da infla\u00e7\u00e3o explicada, segundo ele, pela guerra na Ucr\u00e2nia, dentre outras vari\u00e1veis internacionais.<\/p>\n<p style=\"text-align: justify;\">\u201cTemos que cortar os impostos, assim como diversas na\u00e7\u00f5es no mundo, neste momento de emerg\u00eancia internacional, est\u00e3o fazendo. \u00c9 o que temos para hoje\u201d, disse. \u201cAgora \u00e9 hora dos governos: \u00e9 hora do Governo Federal, que p\u00f5e na mesa, e \u00e9 hora desse sacrif\u00edcio dos governos estaduais\u201d.<\/p>\n<h2 style=\"text-align: justify;\">Relat\u00f3rio<\/h2>\n<p style=\"text-align: justify;\">Na semana passada, ao apresentar o relat\u00f3rio \u00e0 imprensa, Bezerra afirmou que, se aprovado, o<a href=\"https:\/\/agenciabrasil.ebc.com.br\/geral\/noticia\/2022-06\/relator-diz-que-preco-da-gasolina-pode-cair-ate-r-165-por-litro\" target=\"_blank\" rel=\"noopener\">\u00a0PLP poderia derrubar<\/a>\u00a0em R$ 1,65 o pre\u00e7o da gasolina e em R$ 0,76 o pre\u00e7o do diesel. No entanto, destacou que os pre\u00e7os poderiam apenas \u201cn\u00e3o subir muito mais\u201d, a depender do cen\u00e1rio internacional, que influencia no pre\u00e7o do barril de petr\u00f3leo e na valoriza\u00e7\u00e3o do d\u00f3lar frente ao real.<\/p>\n<p style=\"text-align: justify;\">\u201cN\u00e3o estamos tabelando pre\u00e7o. Tem uma guerra na Ucr\u00e2nia, a R\u00fassia \u00e9 respons\u00e1vel por 25% da produ\u00e7\u00e3o de diesel no mundo, os pre\u00e7os est\u00e3o tensionados. \u00c9 evidente que pode haver eleva\u00e7\u00e3o de pre\u00e7os. Mas, mesmo que haja, isso vai ajudar a n\u00e3o subir muito mais do que subiria\u201d, disse, na ocasi\u00e3o.<\/p>\n<p style=\"text-align: justify;\">J\u00e1 existe um projeto,\u00a0<a href=\"https:\/\/agenciabrasil.ebc.com.br\/politica\/noticia\/2022-03\/senado-aprova-projeto-para-reduzir-preco-dos-combustiveis\" target=\"_blank\" rel=\"noopener\">aprovado no Senado em mar\u00e7o<\/a>, que pretende reduzir o valor dos combust\u00edveis. O Projeto de Lei 1.472\/2021 prop\u00f5e a mudan\u00e7a a forma de c\u00e1lculo do pre\u00e7o dos combust\u00edveis, al\u00e9m de criar uma Conta de Estabiliza\u00e7\u00e3o, para garantir a previsibilidade nos pre\u00e7os ao consumidor. O projeto, considerado uma das prioridades do Senado no in\u00edcio deste ano, atualmente est\u00e1 parado na C\u00e2mara dos Deputados, sem previs\u00e3o de vota\u00e7\u00e3o.<\/p>\n<p style=\"text-align: justify;\"><em>Mat\u00e9ria atualizada \u00e0s 23h23 para acr\u00e9scimo da emenda aprovada pelos senadores.<\/em><\/p>\n<p>Ag\u00eancia Brasil.<\/p>\n","protected":false},"excerpt":{"rendered":"<p>Projeto retorna \u00e0 C\u00e2mara para nova an\u00e1lise dos deputados. O Senado aprovou o Projeto de Lei Complementar (PLP) 18\/2022, que limita a aplica\u00e7\u00e3o de al\u00edquota do Imposto sobre Circula\u00e7\u00e3o de Mercadorias e Servi\u00e7os (ICMS) sobre combust\u00edveis, g\u00e1s natural, energia el\u00e9trica, comunica\u00e7\u00f5es e transporte coletivo. Segundo a proposta, esses produtos seriam classificados como essenciais e indispens\u00e1veis, [&hellip;]<\/p>\n","protected":false},"author":2,"featured_media":26245,"comment_status":"open","ping_status":"open","sticky":false,"template":"","format":"standard","meta":{"footnotes":""},"categories":[637],"tags":[],"class_list":{"0":"post-26244","1":"post","2":"type-post","3":"status-publish","4":"format-standard","5":"has-post-thumbnail","7":"category-economia"},"yoast_head":"<!-- This site is optimized with the Yoast SEO Premium plugin v24.5 (Yoast SEO v27.5) - https:\/\/yoast.com\/product\/yoast-seo-premium-wordpress\/ -->\n<title>Senado aprova projeto que limita ICMS dos combust\u00edveis. - P31<\/title>\n<meta name=\"robots\" content=\"index, follow, max-snippet:-1, max-image-preview:large, max-video-preview:-1\" \/>\n<link rel=\"canonical\" href=\"https:\/\/www.p31noticias.com.br\/?p=26244\" \/>\n<meta property=\"og:locale\" content=\"pt_BR\" \/>\n<meta property=\"og:type\" content=\"article\" \/>\n<meta property=\"og:title\" content=\"Senado aprova projeto que limita ICMS dos combust\u00edveis.\" \/>\n<meta property=\"og:description\" content=\"Projeto retorna \u00e0 C\u00e2mara para nova an\u00e1lise dos deputados. O Senado aprovou o Projeto de Lei Complementar (PLP) 18\/2022, que limita a aplica\u00e7\u00e3o de al\u00edquota do Imposto sobre Circula\u00e7\u00e3o de Mercadorias e Servi\u00e7os (ICMS) sobre combust\u00edveis, g\u00e1s natural, energia el\u00e9trica, comunica\u00e7\u00f5es e transporte coletivo. Segundo a proposta, esses produtos seriam classificados como essenciais e indispens\u00e1veis, [&hellip;]\" \/>\n<meta property=\"og:url\" content=\"https:\/\/www.p31noticias.com.br\/?p=26244\" \/>\n<meta property=\"og:site_name\" content=\"P31\" \/>\n<meta property=\"article:published_time\" content=\"2022-06-14T11:22:23+00:00\" \/>\n<meta property=\"og:image\" content=\"https:\/\/www.p31noticias.com.br\/wp-content\/uploads\/2022\/06\/52049124880_31b8e4cb39_k_0-1.jpg\" \/>\n\t<meta property=\"og:image:width\" content=\"1170\" \/>\n\t<meta property=\"og:image:height\" content=\"700\" \/>\n\t<meta property=\"og:image:type\" content=\"image\/jpeg\" \/>\n<meta name=\"author\" content=\"Gon\u00e7alves Junior\" \/>\n<meta name=\"twitter:card\" content=\"summary_large_image\" \/>\n<meta name=\"twitter:label1\" content=\"Escrito por\" \/>\n\t<meta name=\"twitter:data1\" content=\"Gon\u00e7alves Junior\" \/>\n\t<meta name=\"twitter:label2\" content=\"Est. tempo de leitura\" \/>\n\t<meta name=\"twitter:data2\" content=\"5 minutos\" \/>\n<script type=\"application\/ld+json\" class=\"yoast-schema-graph\">{\"@context\":\"https:\\\/\\\/schema.org\",\"@graph\":[{\"@type\":\"Article\",\"@id\":\"https:\\\/\\\/www.p31noticias.com.br\\\/?p=26244#article\",\"isPartOf\":{\"@id\":\"https:\\\/\\\/www.p31noticias.com.br\\\/?p=26244\"},\"author\":{\"name\":\"Gon\u00e7alves Junior\",\"@id\":\"https:\\\/\\\/www.p31noticias.com.br\\\/#\\\/schema\\\/person\\\/95f2ece30e3b4132065b915150cd0f94\"},\"headline\":\"Senado aprova projeto que limita ICMS dos combust\u00edveis.\",\"datePublished\":\"2022-06-14T11:22:23+00:00\",\"mainEntityOfPage\":{\"@id\":\"https:\\\/\\\/www.p31noticias.com.br\\\/?p=26244\"},\"wordCount\":1012,\"commentCount\":0,\"image\":{\"@id\":\"https:\\\/\\\/www.p31noticias.com.br\\\/?p=26244#primaryimage\"},\"thumbnailUrl\":\"https:\\\/\\\/www.p31noticias.com.br\\\/wp-content\\\/uploads\\\/2022\\\/06\\\/52049124880_31b8e4cb39_k_0-1.jpg\",\"articleSection\":[\"Economia\"],\"inLanguage\":\"pt-BR\",\"potentialAction\":[{\"@type\":\"CommentAction\",\"name\":\"Comment\",\"target\":[\"https:\\\/\\\/www.p31noticias.com.br\\\/?p=26244#respond\"]}],\"copyrightYear\":\"2022\",\"copyrightHolder\":{\"@id\":\"https:\\\/\\\/www.p31noticias.com.br\\\/#organization\"}},{\"@type\":\"WebPage\",\"@id\":\"https:\\\/\\\/www.p31noticias.com.br\\\/?p=26244\",\"url\":\"https:\\\/\\\/www.p31noticias.com.br\\\/?p=26244\",\"name\":\"Senado aprova projeto que limita ICMS dos combust\u00edveis. - P31\",\"isPartOf\":{\"@id\":\"https:\\\/\\\/www.p31noticias.com.br\\\/#website\"},\"primaryImageOfPage\":{\"@id\":\"https:\\\/\\\/www.p31noticias.com.br\\\/?p=26244#primaryimage\"},\"image\":{\"@id\":\"https:\\\/\\\/www.p31noticias.com.br\\\/?p=26244#primaryimage\"},\"thumbnailUrl\":\"https:\\\/\\\/www.p31noticias.com.br\\\/wp-content\\\/uploads\\\/2022\\\/06\\\/52049124880_31b8e4cb39_k_0-1.jpg\",\"datePublished\":\"2022-06-14T11:22:23+00:00\",\"author\":{\"@id\":\"https:\\\/\\\/www.p31noticias.com.br\\\/#\\\/schema\\\/person\\\/95f2ece30e3b4132065b915150cd0f94\"},\"breadcrumb\":{\"@id\":\"https:\\\/\\\/www.p31noticias.com.br\\\/?p=26244#breadcrumb\"},\"inLanguage\":\"pt-BR\",\"potentialAction\":[{\"@type\":\"ReadAction\",\"target\":[\"https:\\\/\\\/www.p31noticias.com.br\\\/?p=26244\"]}]},{\"@type\":\"ImageObject\",\"inLanguage\":\"pt-BR\",\"@id\":\"https:\\\/\\\/www.p31noticias.com.br\\\/?p=26244#primaryimage\",\"url\":\"https:\\\/\\\/www.p31noticias.com.br\\\/wp-content\\\/uploads\\\/2022\\\/06\\\/52049124880_31b8e4cb39_k_0-1.jpg\",\"contentUrl\":\"https:\\\/\\\/www.p31noticias.com.br\\\/wp-content\\\/uploads\\\/2022\\\/06\\\/52049124880_31b8e4cb39_k_0-1.jpg\",\"width\":1170,\"height\":700,\"caption\":\"Plen\u00e1rio do Senado Federal durante sess\u00e3o deliberativa ordin\u00e1ria semipresencial.\"},{\"@type\":\"BreadcrumbList\",\"@id\":\"https:\\\/\\\/www.p31noticias.com.br\\\/?p=26244#breadcrumb\",\"itemListElement\":[{\"@type\":\"ListItem\",\"position\":1,\"name\":\"In\u00edcio\",\"item\":\"https:\\\/\\\/www.p31noticias.com.br\\\/\"},{\"@type\":\"ListItem\",\"position\":2,\"name\":\"Senado aprova projeto que limita ICMS dos combust\u00edveis.\"}]},{\"@type\":\"WebSite\",\"@id\":\"https:\\\/\\\/www.p31noticias.com.br\\\/#website\",\"url\":\"https:\\\/\\\/www.p31noticias.com.br\\\/\",\"name\":\"P31\",\"description\":\"NOT\u00cdCIAS\",\"potentialAction\":[{\"@type\":\"SearchAction\",\"target\":{\"@type\":\"EntryPoint\",\"urlTemplate\":\"https:\\\/\\\/www.p31noticias.com.br\\\/?s={search_term_string}\"},\"query-input\":{\"@type\":\"PropertyValueSpecification\",\"valueRequired\":true,\"valueName\":\"search_term_string\"}}],\"inLanguage\":\"pt-BR\"},{\"@type\":\"Person\",\"@id\":\"https:\\\/\\\/www.p31noticias.com.br\\\/#\\\/schema\\\/person\\\/95f2ece30e3b4132065b915150cd0f94\",\"name\":\"Gon\u00e7alves Junior\",\"image\":{\"@type\":\"ImageObject\",\"inLanguage\":\"pt-BR\",\"@id\":\"https:\\\/\\\/secure.gravatar.com\\\/avatar\\\/6711f350116a89762687a48d66f723c799e5438a5b7578508d4294cd7a5d0800?s=96&d=mm&r=g\",\"url\":\"https:\\\/\\\/secure.gravatar.com\\\/avatar\\\/6711f350116a89762687a48d66f723c799e5438a5b7578508d4294cd7a5d0800?s=96&d=mm&r=g\",\"contentUrl\":\"https:\\\/\\\/secure.gravatar.com\\\/avatar\\\/6711f350116a89762687a48d66f723c799e5438a5b7578508d4294cd7a5d0800?s=96&d=mm&r=g\",\"caption\":\"Gon\u00e7alves Junior\"},\"url\":\"https:\\\/\\\/www.p31noticias.com.br\\\/?author=2\"}]}<\/script>\n<!-- \/ Yoast SEO Premium plugin. -->","yoast_head_json":{"title":"Senado aprova projeto que limita ICMS dos combust\u00edveis. - P31","robots":{"index":"index","follow":"follow","max-snippet":"max-snippet:-1","max-image-preview":"max-image-preview:large","max-video-preview":"max-video-preview:-1"},"canonical":"https:\/\/www.p31noticias.com.br\/?p=26244","og_locale":"pt_BR","og_type":"article","og_title":"Senado aprova projeto que limita ICMS dos combust\u00edveis.","og_description":"Projeto retorna \u00e0 C\u00e2mara para nova an\u00e1lise dos deputados. O Senado aprovou o Projeto de Lei Complementar (PLP) 18\/2022, que limita a aplica\u00e7\u00e3o de al\u00edquota do Imposto sobre Circula\u00e7\u00e3o de Mercadorias e Servi\u00e7os (ICMS) sobre combust\u00edveis, g\u00e1s natural, energia el\u00e9trica, comunica\u00e7\u00f5es e transporte coletivo. Segundo a proposta, esses produtos seriam classificados como essenciais e indispens\u00e1veis, [&hellip;]","og_url":"https:\/\/www.p31noticias.com.br\/?p=26244","og_site_name":"P31","article_published_time":"2022-06-14T11:22:23+00:00","og_image":[{"width":1170,"height":700,"url":"https:\/\/www.p31noticias.com.br\/wp-content\/uploads\/2022\/06\/52049124880_31b8e4cb39_k_0-1.jpg","type":"image\/jpeg"}],"author":"Gon\u00e7alves Junior","twitter_card":"summary_large_image","twitter_misc":{"Escrito por":"Gon\u00e7alves Junior","Est. tempo de leitura":"5 minutos"},"schema":{"@context":"https:\/\/schema.org","@graph":[{"@type":"Article","@id":"https:\/\/www.p31noticias.com.br\/?p=26244#article","isPartOf":{"@id":"https:\/\/www.p31noticias.com.br\/?p=26244"},"author":{"name":"Gon\u00e7alves Junior","@id":"https:\/\/www.p31noticias.com.br\/#\/schema\/person\/95f2ece30e3b4132065b915150cd0f94"},"headline":"Senado aprova projeto que limita ICMS dos combust\u00edveis.","datePublished":"2022-06-14T11:22:23+00:00","mainEntityOfPage":{"@id":"https:\/\/www.p31noticias.com.br\/?p=26244"},"wordCount":1012,"commentCount":0,"image":{"@id":"https:\/\/www.p31noticias.com.br\/?p=26244#primaryimage"},"thumbnailUrl":"https:\/\/www.p31noticias.com.br\/wp-content\/uploads\/2022\/06\/52049124880_31b8e4cb39_k_0-1.jpg","articleSection":["Economia"],"inLanguage":"pt-BR","potentialAction":[{"@type":"CommentAction","name":"Comment","target":["https:\/\/www.p31noticias.com.br\/?p=26244#respond"]}],"copyrightYear":"2022","copyrightHolder":{"@id":"https:\/\/www.p31noticias.com.br\/#organization"}},{"@type":"WebPage","@id":"https:\/\/www.p31noticias.com.br\/?p=26244","url":"https:\/\/www.p31noticias.com.br\/?p=26244","name":"Senado aprova projeto que limita ICMS dos combust\u00edveis. - P31","isPartOf":{"@id":"https:\/\/www.p31noticias.com.br\/#website"},"primaryImageOfPage":{"@id":"https:\/\/www.p31noticias.com.br\/?p=26244#primaryimage"},"image":{"@id":"https:\/\/www.p31noticias.com.br\/?p=26244#primaryimage"},"thumbnailUrl":"https:\/\/www.p31noticias.com.br\/wp-content\/uploads\/2022\/06\/52049124880_31b8e4cb39_k_0-1.jpg","datePublished":"2022-06-14T11:22:23+00:00","author":{"@id":"https:\/\/www.p31noticias.com.br\/#\/schema\/person\/95f2ece30e3b4132065b915150cd0f94"},"breadcrumb":{"@id":"https:\/\/www.p31noticias.com.br\/?p=26244#breadcrumb"},"inLanguage":"pt-BR","potentialAction":[{"@type":"ReadAction","target":["https:\/\/www.p31noticias.com.br\/?p=26244"]}]},{"@type":"ImageObject","inLanguage":"pt-BR","@id":"https:\/\/www.p31noticias.com.br\/?p=26244#primaryimage","url":"https:\/\/www.p31noticias.com.br\/wp-content\/uploads\/2022\/06\/52049124880_31b8e4cb39_k_0-1.jpg","contentUrl":"https:\/\/www.p31noticias.com.br\/wp-content\/uploads\/2022\/06\/52049124880_31b8e4cb39_k_0-1.jpg","width":1170,"height":700,"caption":"Plen\u00e1rio do Senado Federal durante sess\u00e3o deliberativa ordin\u00e1ria semipresencial."},{"@type":"BreadcrumbList","@id":"https:\/\/www.p31noticias.com.br\/?p=26244#breadcrumb","itemListElement":[{"@type":"ListItem","position":1,"name":"In\u00edcio","item":"https:\/\/www.p31noticias.com.br\/"},{"@type":"ListItem","position":2,"name":"Senado aprova projeto que limita ICMS dos combust\u00edveis."}]},{"@type":"WebSite","@id":"https:\/\/www.p31noticias.com.br\/#website","url":"https:\/\/www.p31noticias.com.br\/","name":"P31","description":"NOT\u00cdCIAS","potentialAction":[{"@type":"SearchAction","target":{"@type":"EntryPoint","urlTemplate":"https:\/\/www.p31noticias.com.br\/?s={search_term_string}"},"query-input":{"@type":"PropertyValueSpecification","valueRequired":true,"valueName":"search_term_string"}}],"inLanguage":"pt-BR"},{"@type":"Person","@id":"https:\/\/www.p31noticias.com.br\/#\/schema\/person\/95f2ece30e3b4132065b915150cd0f94","name":"Gon\u00e7alves Junior","image":{"@type":"ImageObject","inLanguage":"pt-BR","@id":"https:\/\/secure.gravatar.com\/avatar\/6711f350116a89762687a48d66f723c799e5438a5b7578508d4294cd7a5d0800?s=96&d=mm&r=g","url":"https:\/\/secure.gravatar.com\/avatar\/6711f350116a89762687a48d66f723c799e5438a5b7578508d4294cd7a5d0800?s=96&d=mm&r=g","contentUrl":"https:\/\/secure.gravatar.com\/avatar\/6711f350116a89762687a48d66f723c799e5438a5b7578508d4294cd7a5d0800?s=96&d=mm&r=g","caption":"Gon\u00e7alves Junior"},"url":"https:\/\/www.p31noticias.com.br\/?author=2"}]}},"amp_enabled":true,"_links":{"self":[{"href":"https:\/\/www.p31noticias.com.br\/index.php?rest_route=\/wp\/v2\/posts\/26244","targetHints":{"allow":["GET"]}}],"collection":[{"href":"https:\/\/www.p31noticias.com.br\/index.php?rest_route=\/wp\/v2\/posts"}],"about":[{"href":"https:\/\/www.p31noticias.com.br\/index.php?rest_route=\/wp\/v2\/types\/post"}],"author":[{"embeddable":true,"href":"https:\/\/www.p31noticias.com.br\/index.php?rest_route=\/wp\/v2\/users\/2"}],"replies":[{"embeddable":true,"href":"https:\/\/www.p31noticias.com.br\/index.php?rest_route=%2Fwp%2Fv2%2Fcomments&post=26244"}],"version-history":[{"count":1,"href":"https:\/\/www.p31noticias.com.br\/index.php?rest_route=\/wp\/v2\/posts\/26244\/revisions"}],"predecessor-version":[{"id":26246,"href":"https:\/\/www.p31noticias.com.br\/index.php?rest_route=\/wp\/v2\/posts\/26244\/revisions\/26246"}],"wp:featuredmedia":[{"embeddable":true,"href":"https:\/\/www.p31noticias.com.br\/index.php?rest_route=\/wp\/v2\/media\/26245"}],"wp:attachment":[{"href":"https:\/\/www.p31noticias.com.br\/index.php?rest_route=%2Fwp%2Fv2%2Fmedia&parent=26244"}],"wp:term":[{"taxonomy":"category","embeddable":true,"href":"https:\/\/www.p31noticias.com.br\/index.php?rest_route=%2Fwp%2Fv2%2Fcategories&post=26244"},{"taxonomy":"post_tag","embeddable":true,"href":"https:\/\/www.p31noticias.com.br\/index.php?rest_route=%2Fwp%2Fv2%2Ftags&post=26244"}],"curies":[{"name":"wp","href":"https:\/\/api.w.org\/{rel}","templated":true}]}}