{"id":26234,"date":"2022-06-13T07:58:52","date_gmt":"2022-06-13T10:58:52","guid":{"rendered":"https:\/\/p31noticias.com.br\/?p=26234"},"modified":"2022-06-13T08:04:51","modified_gmt":"2022-06-13T11:04:51","slug":"governo-vai-devolver-parte-do-fgts-de-quem-usou-fundo-para-comprar-acoes-da-eletrobras","status":"publish","type":"post","link":"https:\/\/www.p31noticias.com.br\/?p=26234","title":{"rendered":"Governo vai devolver parte do FGTS de quem usou fundo para comprar a\u00e7\u00f5es da Eletrobras."},"content":{"rendered":"<p style=\"text-align: justify;\"><em><strong>Demanda de compra foi muito maior do que a oferta reservada para quem queria usar os recursos do fundo.<\/strong><\/em><\/p>\n<p style=\"text-align: justify;\">Os trabalhadores que t\u00eam conta no\u00a0<a href=\"https:\/\/jovempan.com.br\/tag\/fgts\"><strong>Fundo de Garantia do Tempo de Servi\u00e7o<\/strong><\/a>\u00a0(FGTS) e que fizeram ordens de compra essa semana para a capitaliza\u00e7\u00e3o da\u00a0<a href=\"https:\/\/jovempan.com.br\/tag\/eletrobras\"><strong>Eletrobras<\/strong><\/a>\u00a0n\u00e3o poder\u00e3o ficar com todas as a\u00e7\u00f5es que desejavam. A demanda foi muito maior do que a oferta reservada para quem queria usar os recursos do FGTS. Os pedidos de compra de a\u00e7\u00f5es da Eletrobras com fundo somaram R$ 9 bilh\u00f5es. O limite era de R$ 6 bilh\u00f5es. O governo precisou fazer um rateio para que os detentores de conta no FGTS pudessem usar os seus recursos. Esse rateio ficou em quase 67%, o que significa que quem pretendia, por exemplo, R$ 1 mil em a\u00e7\u00f5es da Eletrobras vai poder ficar apenas R$ 667 em neg\u00f3cio. A diferen\u00e7a ser\u00e1 devolvida diretamente \u00e0 conta do FGTS do trabalhador.<\/p>\n<div class=\"clearfix text-center advert\">\n<div id=\"ad-middle1\" class=\"ads-gam\" data-google-query-id=\"CL3-t5miqvgCFTwnuQYd5toFTg\">\n<p style=\"text-align: justify;\">A opera\u00e7\u00e3o de compra de a\u00e7\u00f5es da Eletrobras movimentou R$ 33,6 bilh\u00f5es e a demanda chegou a quase R$ 70 bilh\u00f5es. Aproximadamente R$ 3 bilh\u00f5es em a\u00e7\u00f5es do total da opera\u00e7\u00e3o ficaram com investidores de varejo, R$ 4,5 bilh\u00f5es com acionistas atuais, R$ 6 bilh\u00f5es com detentores de contas do FGTS e o restante nas m\u00e3os de outros novos acionistas. As a\u00e7\u00f5es da nova Eletrobras come\u00e7am a ser negociados na bolsa de valores j\u00e1 na pr\u00f3xima segunda-feira, 13. O pre\u00e7o inicial \u00e9 de R$ 42.<\/p>\n<p style=\"text-align: justify;\">O clima \u00e9 de expectativa positiva, uma vez que, desde 2017, o governo vem tentando realizar a capitaliza\u00e7\u00e3o da Eletrobras, que \u00e9 maior empresa de energia da Am\u00e9rica Latina. Integrante do governo Bolsonaro comemoraram o resultado do aumento de capital, mas h\u00e1 tamb\u00e9m alguns est\u00e3o insatisfeitos e querem anular a opera\u00e7\u00e3o. O presidente da\u00a0<strong>Associa\u00e7\u00e3o Brasileira de Investidores<\/strong>\u00a0(Abradin), que re\u00fane acionistas minorit\u00e1rios de empresas de capital aberto, Aur\u00e9lio Valporto, disse \u00e0 Jovem Pan que a empresa foi privatizada por um pre\u00e7o muito baixo e que considera a opera\u00e7\u00e3o um assalto aos minorit\u00e1rios. A associa\u00e7\u00e3o entrou com uma a\u00e7\u00e3o na justi\u00e7a do Rio de Janeiro para desfazer o processo.<\/p>\n<p style=\"text-align: justify;\">\u201cA Abradin ingressou nessa quinta-feira com uma a\u00e7\u00e3o civil p\u00fablica que cont\u00e9m pedidos de tutela de urg\u00eancia, n\u00e3o para impedir a privatiza\u00e7\u00e3o da Eletrobras, mas sim para impedir uma fraude contra os atuais acionistas minorit\u00e1rios, que \u00e9 a doa\u00e7\u00e3o de Itaipu Binacional e eletronuclear para uma nova estatal criada pelo governo federal. Mais do que uma fraude contra os acionistas \u00e9 fraude que mina a credibilidade do mercado de capitais brasileiro. \u00c9 uma fraude que tem o cond\u00e3o de afastar investidores, justamente no momento em que o Brasil tanto precisa desses investidores para fomentar a sua atividade econ\u00f4mica\u201d, explica Valporto.<\/p>\n<p style=\"text-align: justify;\">A Eletrobras pretende usar os recursos da capitaliza\u00e7\u00e3o para renova\u00e7\u00e3o da concess\u00e3o de 22 hidroel\u00e9tricas que j\u00e1 fazem parte do portf\u00f3lio da empresa. Essas usinas vendem, atualmente, energia no mercado a pre\u00e7os mais baixos, dentro do regime de cotas \u2014 decis\u00e3o tomada no governo de Dilma Rousseff (PT). A partir da capitaliza\u00e7\u00e3o, a nova Eletrobras pretende vender a energia a pre\u00e7os mais rent\u00e1veis. O governo federal tamb\u00e9m vai receber recursos da capitaliza\u00e7\u00e3o e pode utilizar parte da verba para compensar os Estados dentro das propostas que preveem zerar impostos sobre gasolina, diesel e outras fontes de energia.<\/p>\n<p>JP NEWS.<\/p>\n<\/div>\n<\/div>\n","protected":false},"excerpt":{"rendered":"<p>Demanda de compra foi muito maior do que a oferta reservada para quem queria usar os recursos do fundo. Os trabalhadores que t\u00eam conta no\u00a0Fundo de Garantia do Tempo de Servi\u00e7o\u00a0(FGTS) e que fizeram ordens de compra essa semana para a capitaliza\u00e7\u00e3o da\u00a0Eletrobras\u00a0n\u00e3o poder\u00e3o ficar com todas as a\u00e7\u00f5es que desejavam. A demanda foi muito [&hellip;]<\/p>\n","protected":false},"author":2,"featured_media":26235,"comment_status":"open","ping_status":"open","sticky":false,"template":"","format":"standard","meta":{"footnotes":""},"categories":[637],"tags":[],"class_list":{"0":"post-26234","1":"post","2":"type-post","3":"status-publish","4":"format-standard","5":"has-post-thumbnail","7":"category-economia"},"yoast_head":"<!-- This site is optimized with the Yoast SEO Premium plugin v24.5 (Yoast SEO v27.5) - https:\/\/yoast.com\/product\/yoast-seo-premium-wordpress\/ -->\n<title>Governo vai devolver parte do FGTS de quem usou fundo para comprar a\u00e7\u00f5es da Eletrobras. - P31<\/title>\n<meta name=\"robots\" content=\"index, follow, max-snippet:-1, max-image-preview:large, max-video-preview:-1\" \/>\n<link rel=\"canonical\" href=\"https:\/\/www.p31noticias.com.br\/?p=26234\" \/>\n<meta property=\"og:locale\" content=\"pt_BR\" \/>\n<meta property=\"og:type\" content=\"article\" \/>\n<meta property=\"og:title\" content=\"Governo vai devolver parte do FGTS de quem usou fundo para comprar a\u00e7\u00f5es da Eletrobras.\" \/>\n<meta property=\"og:description\" content=\"Demanda de compra foi muito maior do que a oferta reservada para quem queria usar os recursos do fundo. Os trabalhadores que t\u00eam conta no\u00a0Fundo de Garantia do Tempo de Servi\u00e7o\u00a0(FGTS) e que fizeram ordens de compra essa semana para a capitaliza\u00e7\u00e3o da\u00a0Eletrobras\u00a0n\u00e3o poder\u00e3o ficar com todas as a\u00e7\u00f5es que desejavam. A demanda foi muito [&hellip;]\" \/>\n<meta property=\"og:url\" content=\"https:\/\/www.p31noticias.com.br\/?p=26234\" \/>\n<meta property=\"og:site_name\" content=\"P31\" \/>\n<meta property=\"article:published_time\" content=\"2022-06-13T10:58:52+00:00\" \/>\n<meta property=\"article:modified_time\" content=\"2022-06-13T11:04:51+00:00\" \/>\n<meta property=\"og:image\" content=\"https:\/\/www.p31noticias.com.br\/wp-content\/uploads\/2022\/06\/eletrobras-1.jpeg\" \/>\n\t<meta property=\"og:image:width\" content=\"961\" \/>\n\t<meta property=\"og:image:height\" content=\"531\" \/>\n\t<meta property=\"og:image:type\" content=\"image\/jpeg\" \/>\n<meta name=\"author\" content=\"Gon\u00e7alves Junior\" \/>\n<meta name=\"twitter:card\" content=\"summary_large_image\" \/>\n<meta name=\"twitter:label1\" content=\"Escrito por\" \/>\n\t<meta name=\"twitter:data1\" content=\"Gon\u00e7alves Junior\" \/>\n\t<meta name=\"twitter:label2\" content=\"Est. tempo de leitura\" \/>\n\t<meta name=\"twitter:data2\" content=\"3 minutos\" \/>\n<script type=\"application\/ld+json\" class=\"yoast-schema-graph\">{\"@context\":\"https:\\\/\\\/schema.org\",\"@graph\":[{\"@type\":\"Article\",\"@id\":\"https:\\\/\\\/www.p31noticias.com.br\\\/?p=26234#article\",\"isPartOf\":{\"@id\":\"https:\\\/\\\/www.p31noticias.com.br\\\/?p=26234\"},\"author\":{\"name\":\"Gon\u00e7alves Junior\",\"@id\":\"https:\\\/\\\/www.p31noticias.com.br\\\/#\\\/schema\\\/person\\\/95f2ece30e3b4132065b915150cd0f94\"},\"headline\":\"Governo vai devolver parte do FGTS de quem usou fundo para comprar a\u00e7\u00f5es da Eletrobras.\",\"datePublished\":\"2022-06-13T10:58:52+00:00\",\"dateModified\":\"2022-06-13T11:04:51+00:00\",\"mainEntityOfPage\":{\"@id\":\"https:\\\/\\\/www.p31noticias.com.br\\\/?p=26234\"},\"wordCount\":602,\"commentCount\":0,\"image\":{\"@id\":\"https:\\\/\\\/www.p31noticias.com.br\\\/?p=26234#primaryimage\"},\"thumbnailUrl\":\"https:\\\/\\\/www.p31noticias.com.br\\\/wp-content\\\/uploads\\\/2022\\\/06\\\/eletrobras-1.jpeg\",\"articleSection\":[\"Economia\"],\"inLanguage\":\"pt-BR\",\"potentialAction\":[{\"@type\":\"CommentAction\",\"name\":\"Comment\",\"target\":[\"https:\\\/\\\/www.p31noticias.com.br\\\/?p=26234#respond\"]}],\"copyrightYear\":\"2022\",\"copyrightHolder\":{\"@id\":\"https:\\\/\\\/www.p31noticias.com.br\\\/#organization\"}},{\"@type\":\"WebPage\",\"@id\":\"https:\\\/\\\/www.p31noticias.com.br\\\/?p=26234\",\"url\":\"https:\\\/\\\/www.p31noticias.com.br\\\/?p=26234\",\"name\":\"Governo vai devolver parte do FGTS de quem usou fundo para comprar a\u00e7\u00f5es da Eletrobras. - P31\",\"isPartOf\":{\"@id\":\"https:\\\/\\\/www.p31noticias.com.br\\\/#website\"},\"primaryImageOfPage\":{\"@id\":\"https:\\\/\\\/www.p31noticias.com.br\\\/?p=26234#primaryimage\"},\"image\":{\"@id\":\"https:\\\/\\\/www.p31noticias.com.br\\\/?p=26234#primaryimage\"},\"thumbnailUrl\":\"https:\\\/\\\/www.p31noticias.com.br\\\/wp-content\\\/uploads\\\/2022\\\/06\\\/eletrobras-1.jpeg\",\"datePublished\":\"2022-06-13T10:58:52+00:00\",\"dateModified\":\"2022-06-13T11:04:51+00:00\",\"author\":{\"@id\":\"https:\\\/\\\/www.p31noticias.com.br\\\/#\\\/schema\\\/person\\\/95f2ece30e3b4132065b915150cd0f94\"},\"breadcrumb\":{\"@id\":\"https:\\\/\\\/www.p31noticias.com.br\\\/?p=26234#breadcrumb\"},\"inLanguage\":\"pt-BR\",\"potentialAction\":[{\"@type\":\"ReadAction\",\"target\":[\"https:\\\/\\\/www.p31noticias.com.br\\\/?p=26234\"]}]},{\"@type\":\"ImageObject\",\"inLanguage\":\"pt-BR\",\"@id\":\"https:\\\/\\\/www.p31noticias.com.br\\\/?p=26234#primaryimage\",\"url\":\"https:\\\/\\\/www.p31noticias.com.br\\\/wp-content\\\/uploads\\\/2022\\\/06\\\/eletrobras-1.jpeg\",\"contentUrl\":\"https:\\\/\\\/www.p31noticias.com.br\\\/wp-content\\\/uploads\\\/2022\\\/06\\\/eletrobras-1.jpeg\",\"width\":961,\"height\":531},{\"@type\":\"BreadcrumbList\",\"@id\":\"https:\\\/\\\/www.p31noticias.com.br\\\/?p=26234#breadcrumb\",\"itemListElement\":[{\"@type\":\"ListItem\",\"position\":1,\"name\":\"In\u00edcio\",\"item\":\"https:\\\/\\\/www.p31noticias.com.br\\\/\"},{\"@type\":\"ListItem\",\"position\":2,\"name\":\"Governo vai devolver parte do FGTS de quem usou fundo para comprar a\u00e7\u00f5es da Eletrobras.\"}]},{\"@type\":\"WebSite\",\"@id\":\"https:\\\/\\\/www.p31noticias.com.br\\\/#website\",\"url\":\"https:\\\/\\\/www.p31noticias.com.br\\\/\",\"name\":\"P31\",\"description\":\"NOT\u00cdCIAS\",\"potentialAction\":[{\"@type\":\"SearchAction\",\"target\":{\"@type\":\"EntryPoint\",\"urlTemplate\":\"https:\\\/\\\/www.p31noticias.com.br\\\/?s={search_term_string}\"},\"query-input\":{\"@type\":\"PropertyValueSpecification\",\"valueRequired\":true,\"valueName\":\"search_term_string\"}}],\"inLanguage\":\"pt-BR\"},{\"@type\":\"Person\",\"@id\":\"https:\\\/\\\/www.p31noticias.com.br\\\/#\\\/schema\\\/person\\\/95f2ece30e3b4132065b915150cd0f94\",\"name\":\"Gon\u00e7alves Junior\",\"image\":{\"@type\":\"ImageObject\",\"inLanguage\":\"pt-BR\",\"@id\":\"https:\\\/\\\/secure.gravatar.com\\\/avatar\\\/6711f350116a89762687a48d66f723c799e5438a5b7578508d4294cd7a5d0800?s=96&d=mm&r=g\",\"url\":\"https:\\\/\\\/secure.gravatar.com\\\/avatar\\\/6711f350116a89762687a48d66f723c799e5438a5b7578508d4294cd7a5d0800?s=96&d=mm&r=g\",\"contentUrl\":\"https:\\\/\\\/secure.gravatar.com\\\/avatar\\\/6711f350116a89762687a48d66f723c799e5438a5b7578508d4294cd7a5d0800?s=96&d=mm&r=g\",\"caption\":\"Gon\u00e7alves Junior\"},\"url\":\"https:\\\/\\\/www.p31noticias.com.br\\\/?author=2\"}]}<\/script>\n<!-- \/ Yoast SEO Premium plugin. -->","yoast_head_json":{"title":"Governo vai devolver parte do FGTS de quem usou fundo para comprar a\u00e7\u00f5es da Eletrobras. - P31","robots":{"index":"index","follow":"follow","max-snippet":"max-snippet:-1","max-image-preview":"max-image-preview:large","max-video-preview":"max-video-preview:-1"},"canonical":"https:\/\/www.p31noticias.com.br\/?p=26234","og_locale":"pt_BR","og_type":"article","og_title":"Governo vai devolver parte do FGTS de quem usou fundo para comprar a\u00e7\u00f5es da Eletrobras.","og_description":"Demanda de compra foi muito maior do que a oferta reservada para quem queria usar os recursos do fundo. Os trabalhadores que t\u00eam conta no\u00a0Fundo de Garantia do Tempo de Servi\u00e7o\u00a0(FGTS) e que fizeram ordens de compra essa semana para a capitaliza\u00e7\u00e3o da\u00a0Eletrobras\u00a0n\u00e3o poder\u00e3o ficar com todas as a\u00e7\u00f5es que desejavam. A demanda foi muito [&hellip;]","og_url":"https:\/\/www.p31noticias.com.br\/?p=26234","og_site_name":"P31","article_published_time":"2022-06-13T10:58:52+00:00","article_modified_time":"2022-06-13T11:04:51+00:00","og_image":[{"width":961,"height":531,"url":"https:\/\/www.p31noticias.com.br\/wp-content\/uploads\/2022\/06\/eletrobras-1.jpeg","type":"image\/jpeg"}],"author":"Gon\u00e7alves Junior","twitter_card":"summary_large_image","twitter_misc":{"Escrito por":"Gon\u00e7alves Junior","Est. tempo de leitura":"3 minutos"},"schema":{"@context":"https:\/\/schema.org","@graph":[{"@type":"Article","@id":"https:\/\/www.p31noticias.com.br\/?p=26234#article","isPartOf":{"@id":"https:\/\/www.p31noticias.com.br\/?p=26234"},"author":{"name":"Gon\u00e7alves Junior","@id":"https:\/\/www.p31noticias.com.br\/#\/schema\/person\/95f2ece30e3b4132065b915150cd0f94"},"headline":"Governo vai devolver parte do FGTS de quem usou fundo para comprar a\u00e7\u00f5es da Eletrobras.","datePublished":"2022-06-13T10:58:52+00:00","dateModified":"2022-06-13T11:04:51+00:00","mainEntityOfPage":{"@id":"https:\/\/www.p31noticias.com.br\/?p=26234"},"wordCount":602,"commentCount":0,"image":{"@id":"https:\/\/www.p31noticias.com.br\/?p=26234#primaryimage"},"thumbnailUrl":"https:\/\/www.p31noticias.com.br\/wp-content\/uploads\/2022\/06\/eletrobras-1.jpeg","articleSection":["Economia"],"inLanguage":"pt-BR","potentialAction":[{"@type":"CommentAction","name":"Comment","target":["https:\/\/www.p31noticias.com.br\/?p=26234#respond"]}],"copyrightYear":"2022","copyrightHolder":{"@id":"https:\/\/www.p31noticias.com.br\/#organization"}},{"@type":"WebPage","@id":"https:\/\/www.p31noticias.com.br\/?p=26234","url":"https:\/\/www.p31noticias.com.br\/?p=26234","name":"Governo vai devolver parte do FGTS de quem usou fundo para comprar a\u00e7\u00f5es da Eletrobras. - P31","isPartOf":{"@id":"https:\/\/www.p31noticias.com.br\/#website"},"primaryImageOfPage":{"@id":"https:\/\/www.p31noticias.com.br\/?p=26234#primaryimage"},"image":{"@id":"https:\/\/www.p31noticias.com.br\/?p=26234#primaryimage"},"thumbnailUrl":"https:\/\/www.p31noticias.com.br\/wp-content\/uploads\/2022\/06\/eletrobras-1.jpeg","datePublished":"2022-06-13T10:58:52+00:00","dateModified":"2022-06-13T11:04:51+00:00","author":{"@id":"https:\/\/www.p31noticias.com.br\/#\/schema\/person\/95f2ece30e3b4132065b915150cd0f94"},"breadcrumb":{"@id":"https:\/\/www.p31noticias.com.br\/?p=26234#breadcrumb"},"inLanguage":"pt-BR","potentialAction":[{"@type":"ReadAction","target":["https:\/\/www.p31noticias.com.br\/?p=26234"]}]},{"@type":"ImageObject","inLanguage":"pt-BR","@id":"https:\/\/www.p31noticias.com.br\/?p=26234#primaryimage","url":"https:\/\/www.p31noticias.com.br\/wp-content\/uploads\/2022\/06\/eletrobras-1.jpeg","contentUrl":"https:\/\/www.p31noticias.com.br\/wp-content\/uploads\/2022\/06\/eletrobras-1.jpeg","width":961,"height":531},{"@type":"BreadcrumbList","@id":"https:\/\/www.p31noticias.com.br\/?p=26234#breadcrumb","itemListElement":[{"@type":"ListItem","position":1,"name":"In\u00edcio","item":"https:\/\/www.p31noticias.com.br\/"},{"@type":"ListItem","position":2,"name":"Governo vai devolver parte do FGTS de quem usou fundo para comprar a\u00e7\u00f5es da Eletrobras."}]},{"@type":"WebSite","@id":"https:\/\/www.p31noticias.com.br\/#website","url":"https:\/\/www.p31noticias.com.br\/","name":"P31","description":"NOT\u00cdCIAS","potentialAction":[{"@type":"SearchAction","target":{"@type":"EntryPoint","urlTemplate":"https:\/\/www.p31noticias.com.br\/?s={search_term_string}"},"query-input":{"@type":"PropertyValueSpecification","valueRequired":true,"valueName":"search_term_string"}}],"inLanguage":"pt-BR"},{"@type":"Person","@id":"https:\/\/www.p31noticias.com.br\/#\/schema\/person\/95f2ece30e3b4132065b915150cd0f94","name":"Gon\u00e7alves Junior","image":{"@type":"ImageObject","inLanguage":"pt-BR","@id":"https:\/\/secure.gravatar.com\/avatar\/6711f350116a89762687a48d66f723c799e5438a5b7578508d4294cd7a5d0800?s=96&d=mm&r=g","url":"https:\/\/secure.gravatar.com\/avatar\/6711f350116a89762687a48d66f723c799e5438a5b7578508d4294cd7a5d0800?s=96&d=mm&r=g","contentUrl":"https:\/\/secure.gravatar.com\/avatar\/6711f350116a89762687a48d66f723c799e5438a5b7578508d4294cd7a5d0800?s=96&d=mm&r=g","caption":"Gon\u00e7alves Junior"},"url":"https:\/\/www.p31noticias.com.br\/?author=2"}]}},"amp_enabled":true,"_links":{"self":[{"href":"https:\/\/www.p31noticias.com.br\/index.php?rest_route=\/wp\/v2\/posts\/26234","targetHints":{"allow":["GET"]}}],"collection":[{"href":"https:\/\/www.p31noticias.com.br\/index.php?rest_route=\/wp\/v2\/posts"}],"about":[{"href":"https:\/\/www.p31noticias.com.br\/index.php?rest_route=\/wp\/v2\/types\/post"}],"author":[{"embeddable":true,"href":"https:\/\/www.p31noticias.com.br\/index.php?rest_route=\/wp\/v2\/users\/2"}],"replies":[{"embeddable":true,"href":"https:\/\/www.p31noticias.com.br\/index.php?rest_route=%2Fwp%2Fv2%2Fcomments&post=26234"}],"version-history":[{"count":1,"href":"https:\/\/www.p31noticias.com.br\/index.php?rest_route=\/wp\/v2\/posts\/26234\/revisions"}],"predecessor-version":[{"id":26236,"href":"https:\/\/www.p31noticias.com.br\/index.php?rest_route=\/wp\/v2\/posts\/26234\/revisions\/26236"}],"wp:featuredmedia":[{"embeddable":true,"href":"https:\/\/www.p31noticias.com.br\/index.php?rest_route=\/wp\/v2\/media\/26235"}],"wp:attachment":[{"href":"https:\/\/www.p31noticias.com.br\/index.php?rest_route=%2Fwp%2Fv2%2Fmedia&parent=26234"}],"wp:term":[{"taxonomy":"category","embeddable":true,"href":"https:\/\/www.p31noticias.com.br\/index.php?rest_route=%2Fwp%2Fv2%2Fcategories&post=26234"},{"taxonomy":"post_tag","embeddable":true,"href":"https:\/\/www.p31noticias.com.br\/index.php?rest_route=%2Fwp%2Fv2%2Ftags&post=26234"}],"curies":[{"name":"wp","href":"https:\/\/api.w.org\/{rel}","templated":true}]}}