{"id":26230,"date":"2022-06-12T12:58:45","date_gmt":"2022-06-12T15:58:45","guid":{"rendered":"https:\/\/p31noticias.com.br\/?p=26230"},"modified":"2022-06-12T13:05:34","modified_gmt":"2022-06-12T16:05:34","slug":"renata-daguiar-se-fortalece-ao-reunir-24-ex-candidatos","status":"publish","type":"post","link":"https:\/\/www.p31noticias.com.br\/?p=26230","title":{"rendered":"*Renata d\u2019Aguiar se fortalece ao reunir 24 ex-candidatos*."},"content":{"rendered":"<p style=\"text-align: justify;\"><em><strong>Renata d\u2019Aguiar se fortalece ao reunir 24 ex-candidatos<\/strong><\/em><br \/>\n<em><strong>Pr\u00e9-candidata \u00e0 CLDF encontra-se com apoiadores para estruturar ideias em prol do DF.<\/strong><\/em><\/p>\n<p style=\"text-align: justify;\">Cada um aqui tinha e tem um sonho. Eu quero representar esse somat\u00f3rio de sonhos. Vamos trilhar uma trajet\u00f3ria que vai culminar na reconstru\u00e7\u00e3o do Distrito Federal\u201d, destacou a pr\u00e9-candidata a deputada distrital Renata d\u2019Aguiar, durante bate-papo com 24 ex-candidatos na manh\u00e3 deste domingo (12), em Vicente Pires.<\/p>\n<p style=\"text-align: justify;\"><img decoding=\"async\" src=\"https:\/\/mail.google.com\/mail\/u\/0?ui=2&amp;ik=e51c0b2605&amp;attid=0.1.1&amp;permmsgid=msg-f:1735444379249306438&amp;th=18158977d89a6b46&amp;view=fimg&amp;fur=ip&amp;sz=s0-l75-ft&amp;attbid=ANGjdJ_sQaAY4L_a0zIJfQLLB-BkyA5rX1t8Q3WdlJA_GN5fiJh8ot-BrZRYuV5H4P_P4gRt2DV-twDYlyd_Plpiyrlf78aCfsrwzPhceUFMrRH2IvJVeOdvV5BJ2yA&amp;disp=emb\" \/><\/p>\n<p>Um dos participantes foi Jos\u00e9 M\u00e1rio Tranquillini que, al\u00e9m de integrar a pol\u00edtica brasiliense, foi um dos maiores expoentes do esporte brasileiro ao representar o pa\u00eds nas Olimp\u00edadas de Barcelona, em 1992.<\/p>\n<p>Ao longo da roda de conversa surgiram ideias relacionadas a temas como sa\u00fade, educa\u00e7\u00e3o, assist\u00eancia social e mercado de trabalho.<\/p>\n<p style=\"text-align: justify;\"><img decoding=\"async\" src=\"https:\/\/mail.google.com\/mail\/u\/0?ui=2&amp;ik=e51c0b2605&amp;attid=0.1.1&amp;permmsgid=msg-f:1735444416063519824&amp;th=181589806ae6bc50&amp;view=fimg&amp;fur=ip&amp;sz=s0-l75-ft&amp;attbid=ANGjdJ93LKpsNgkUz042shmdklqXcBS0vKZuEDnJRPewZwCH-xSmD3yuIqklLabmJ43TOrFb4mQJdyN9KAkN5ukeB1CDLiA6WqIwg8AEB_bu-P8aqD3_t6BcsxQjTOA&amp;disp=emb\" \/><\/p>\n<p>Paulo Martins, controlador geral do Distrito Federal e colega de auditoria federal da pr\u00e9-candidata enfatizou que o principal \u00e9 entender problemas e dar sugest\u00f5es. \u201cEstamos aqui para unir esfor\u00e7os e concatenar ideias. Conhecemos bem o DF e sabemos o que pode melhorar e como fazer isso\u201d, contou.<\/p>\n<p style=\"text-align: justify;\"><img decoding=\"async\" src=\"https:\/\/mail.google.com\/mail\/u\/0?ui=2&amp;ik=e51c0b2605&amp;attid=0.1.1&amp;permmsgid=msg-f:1735444432012367234&amp;th=181589842186d582&amp;view=fimg&amp;fur=ip&amp;sz=s0-l75-ft&amp;attbid=ANGjdJ8wlLkIynorWgdHE3ryU04Vs7_CROYwU1oaPuq1m4x8Em8lOOVsovdMbo5lbAL1GxCd-YW6JCzFnlvz5iSJ6kXX5SLjhTaasPn-_bnNqA2QgQ6qzfedqyazLo0&amp;disp=emb\" \/><\/p>\n<p>Candidata em 2018, Ana Sales ressaltou a import\u00e2ncia da representatividade feminina. \u201cEstamos construindo um projeto de mulheres para mulheres. Estamos falando de capacita\u00e7\u00e3o e empoderamento. Significa tirar a mulher do casulo e a colocar em um lugar de destaque\u201d, resumiu a apoiadora.<\/p>\n<p><img decoding=\"async\" src=\"https:\/\/mail.google.com\/mail\/u\/0?ui=2&amp;ik=e51c0b2605&amp;attid=0.1.1&amp;permmsgid=msg-f:1735444448286756311&amp;th=18158987eb8e4dd7&amp;view=fimg&amp;fur=ip&amp;sz=s0-l75-ft&amp;attbid=ANGjdJ-bcC-Q_gJ5Waz2Txtqsd5JK0oD1y4WyUjGxEAtKdm47DXbHIMr7gOvJeFaCDo_oLgme2ncRX3hxaMmtrjT9iO5JiEdq_C2FB3qd36kOFYD9uweRZM1gWpraCE&amp;disp=emb\" \/><\/p>\n<p>Da Reda\u00e7\u00e3o.<\/p>\n","protected":false},"excerpt":{"rendered":"<p>Renata d\u2019Aguiar se fortalece ao reunir 24 ex-candidatos Pr\u00e9-candidata \u00e0 CLDF encontra-se com apoiadores para estruturar ideias em prol do DF. Cada um aqui tinha e tem um sonho. Eu quero representar esse somat\u00f3rio de sonhos. Vamos trilhar uma trajet\u00f3ria que vai culminar na reconstru\u00e7\u00e3o do Distrito Federal\u201d, destacou a pr\u00e9-candidata a deputada distrital Renata [&hellip;]<\/p>\n","protected":false},"author":2,"featured_media":26231,"comment_status":"open","ping_status":"open","sticky":false,"template":"","format":"standard","meta":{"footnotes":""},"categories":[57],"tags":[],"class_list":{"0":"post-26230","1":"post","2":"type-post","3":"status-publish","4":"format-standard","5":"has-post-thumbnail","7":"category-politica"},"yoast_head":"<!-- This site is optimized with the Yoast SEO Premium plugin v24.5 (Yoast SEO v27.5) - https:\/\/yoast.com\/product\/yoast-seo-premium-wordpress\/ -->\n<title>*Renata d\u2019Aguiar se fortalece ao reunir 24 ex-candidatos*. - P31<\/title>\n<meta name=\"robots\" content=\"index, follow, max-snippet:-1, max-image-preview:large, max-video-preview:-1\" \/>\n<link rel=\"canonical\" href=\"https:\/\/www.p31noticias.com.br\/?p=26230\" \/>\n<meta property=\"og:locale\" content=\"pt_BR\" \/>\n<meta property=\"og:type\" content=\"article\" \/>\n<meta property=\"og:title\" content=\"*Renata d\u2019Aguiar se fortalece ao reunir 24 ex-candidatos*.\" \/>\n<meta property=\"og:description\" content=\"Renata d\u2019Aguiar se fortalece ao reunir 24 ex-candidatos Pr\u00e9-candidata \u00e0 CLDF encontra-se com apoiadores para estruturar ideias em prol do DF. Cada um aqui tinha e tem um sonho. Eu quero representar esse somat\u00f3rio de sonhos. Vamos trilhar uma trajet\u00f3ria que vai culminar na reconstru\u00e7\u00e3o do Distrito Federal\u201d, destacou a pr\u00e9-candidata a deputada distrital Renata [&hellip;]\" \/>\n<meta property=\"og:url\" content=\"https:\/\/www.p31noticias.com.br\/?p=26230\" \/>\n<meta property=\"og:site_name\" content=\"P31\" \/>\n<meta property=\"article:published_time\" content=\"2022-06-12T15:58:45+00:00\" \/>\n<meta property=\"article:modified_time\" content=\"2022-06-12T16:05:34+00:00\" \/>\n<meta property=\"og:image\" content=\"https:\/\/www.p31noticias.com.br\/wp-content\/uploads\/2022\/06\/unnamed-37.jpg\" \/>\n\t<meta property=\"og:image:width\" content=\"1600\" \/>\n\t<meta property=\"og:image:height\" content=\"1200\" \/>\n\t<meta property=\"og:image:type\" content=\"image\/jpeg\" \/>\n<meta name=\"author\" content=\"Gon\u00e7alves Junior\" \/>\n<meta name=\"twitter:card\" content=\"summary_large_image\" \/>\n<meta name=\"twitter:label1\" content=\"Escrito por\" \/>\n\t<meta name=\"twitter:data1\" content=\"Gon\u00e7alves Junior\" \/>\n\t<meta name=\"twitter:label2\" content=\"Est. tempo de leitura\" \/>\n\t<meta name=\"twitter:data2\" content=\"1 minuto\" \/>\n<script type=\"application\/ld+json\" class=\"yoast-schema-graph\">{\"@context\":\"https:\\\/\\\/schema.org\",\"@graph\":[{\"@type\":\"Article\",\"@id\":\"https:\\\/\\\/www.p31noticias.com.br\\\/?p=26230#article\",\"isPartOf\":{\"@id\":\"https:\\\/\\\/www.p31noticias.com.br\\\/?p=26230\"},\"author\":{\"name\":\"Gon\u00e7alves Junior\",\"@id\":\"https:\\\/\\\/www.p31noticias.com.br\\\/#\\\/schema\\\/person\\\/95f2ece30e3b4132065b915150cd0f94\"},\"headline\":\"*Renata d\u2019Aguiar se fortalece ao reunir 24 ex-candidatos*.\",\"datePublished\":\"2022-06-12T15:58:45+00:00\",\"dateModified\":\"2022-06-12T16:05:34+00:00\",\"mainEntityOfPage\":{\"@id\":\"https:\\\/\\\/www.p31noticias.com.br\\\/?p=26230\"},\"wordCount\":234,\"commentCount\":0,\"image\":{\"@id\":\"https:\\\/\\\/www.p31noticias.com.br\\\/?p=26230#primaryimage\"},\"thumbnailUrl\":\"https:\\\/\\\/www.p31noticias.com.br\\\/wp-content\\\/uploads\\\/2022\\\/06\\\/unnamed-37.jpg\",\"articleSection\":[\"Pol\u00edtica\"],\"inLanguage\":\"pt-BR\",\"potentialAction\":[{\"@type\":\"CommentAction\",\"name\":\"Comment\",\"target\":[\"https:\\\/\\\/www.p31noticias.com.br\\\/?p=26230#respond\"]}],\"copyrightYear\":\"2022\",\"copyrightHolder\":{\"@id\":\"https:\\\/\\\/www.p31noticias.com.br\\\/#organization\"}},{\"@type\":\"WebPage\",\"@id\":\"https:\\\/\\\/www.p31noticias.com.br\\\/?p=26230\",\"url\":\"https:\\\/\\\/www.p31noticias.com.br\\\/?p=26230\",\"name\":\"*Renata d\u2019Aguiar se fortalece ao reunir 24 ex-candidatos*. - P31\",\"isPartOf\":{\"@id\":\"https:\\\/\\\/www.p31noticias.com.br\\\/#website\"},\"primaryImageOfPage\":{\"@id\":\"https:\\\/\\\/www.p31noticias.com.br\\\/?p=26230#primaryimage\"},\"image\":{\"@id\":\"https:\\\/\\\/www.p31noticias.com.br\\\/?p=26230#primaryimage\"},\"thumbnailUrl\":\"https:\\\/\\\/www.p31noticias.com.br\\\/wp-content\\\/uploads\\\/2022\\\/06\\\/unnamed-37.jpg\",\"datePublished\":\"2022-06-12T15:58:45+00:00\",\"dateModified\":\"2022-06-12T16:05:34+00:00\",\"author\":{\"@id\":\"https:\\\/\\\/www.p31noticias.com.br\\\/#\\\/schema\\\/person\\\/95f2ece30e3b4132065b915150cd0f94\"},\"breadcrumb\":{\"@id\":\"https:\\\/\\\/www.p31noticias.com.br\\\/?p=26230#breadcrumb\"},\"inLanguage\":\"pt-BR\",\"potentialAction\":[{\"@type\":\"ReadAction\",\"target\":[\"https:\\\/\\\/www.p31noticias.com.br\\\/?p=26230\"]}]},{\"@type\":\"ImageObject\",\"inLanguage\":\"pt-BR\",\"@id\":\"https:\\\/\\\/www.p31noticias.com.br\\\/?p=26230#primaryimage\",\"url\":\"https:\\\/\\\/www.p31noticias.com.br\\\/wp-content\\\/uploads\\\/2022\\\/06\\\/unnamed-37.jpg\",\"contentUrl\":\"https:\\\/\\\/www.p31noticias.com.br\\\/wp-content\\\/uploads\\\/2022\\\/06\\\/unnamed-37.jpg\",\"width\":1600,\"height\":1200},{\"@type\":\"BreadcrumbList\",\"@id\":\"https:\\\/\\\/www.p31noticias.com.br\\\/?p=26230#breadcrumb\",\"itemListElement\":[{\"@type\":\"ListItem\",\"position\":1,\"name\":\"In\u00edcio\",\"item\":\"https:\\\/\\\/www.p31noticias.com.br\\\/\"},{\"@type\":\"ListItem\",\"position\":2,\"name\":\"*Renata d\u2019Aguiar se fortalece ao reunir 24 ex-candidatos*.\"}]},{\"@type\":\"WebSite\",\"@id\":\"https:\\\/\\\/www.p31noticias.com.br\\\/#website\",\"url\":\"https:\\\/\\\/www.p31noticias.com.br\\\/\",\"name\":\"P31\",\"description\":\"NOT\u00cdCIAS\",\"potentialAction\":[{\"@type\":\"SearchAction\",\"target\":{\"@type\":\"EntryPoint\",\"urlTemplate\":\"https:\\\/\\\/www.p31noticias.com.br\\\/?s={search_term_string}\"},\"query-input\":{\"@type\":\"PropertyValueSpecification\",\"valueRequired\":true,\"valueName\":\"search_term_string\"}}],\"inLanguage\":\"pt-BR\"},{\"@type\":\"Person\",\"@id\":\"https:\\\/\\\/www.p31noticias.com.br\\\/#\\\/schema\\\/person\\\/95f2ece30e3b4132065b915150cd0f94\",\"name\":\"Gon\u00e7alves Junior\",\"image\":{\"@type\":\"ImageObject\",\"inLanguage\":\"pt-BR\",\"@id\":\"https:\\\/\\\/secure.gravatar.com\\\/avatar\\\/6711f350116a89762687a48d66f723c799e5438a5b7578508d4294cd7a5d0800?s=96&d=mm&r=g\",\"url\":\"https:\\\/\\\/secure.gravatar.com\\\/avatar\\\/6711f350116a89762687a48d66f723c799e5438a5b7578508d4294cd7a5d0800?s=96&d=mm&r=g\",\"contentUrl\":\"https:\\\/\\\/secure.gravatar.com\\\/avatar\\\/6711f350116a89762687a48d66f723c799e5438a5b7578508d4294cd7a5d0800?s=96&d=mm&r=g\",\"caption\":\"Gon\u00e7alves Junior\"},\"url\":\"https:\\\/\\\/www.p31noticias.com.br\\\/?author=2\"}]}<\/script>\n<!-- \/ Yoast SEO Premium plugin. -->","yoast_head_json":{"title":"*Renata d\u2019Aguiar se fortalece ao reunir 24 ex-candidatos*. - P31","robots":{"index":"index","follow":"follow","max-snippet":"max-snippet:-1","max-image-preview":"max-image-preview:large","max-video-preview":"max-video-preview:-1"},"canonical":"https:\/\/www.p31noticias.com.br\/?p=26230","og_locale":"pt_BR","og_type":"article","og_title":"*Renata d\u2019Aguiar se fortalece ao reunir 24 ex-candidatos*.","og_description":"Renata d\u2019Aguiar se fortalece ao reunir 24 ex-candidatos Pr\u00e9-candidata \u00e0 CLDF encontra-se com apoiadores para estruturar ideias em prol do DF. Cada um aqui tinha e tem um sonho. Eu quero representar esse somat\u00f3rio de sonhos. Vamos trilhar uma trajet\u00f3ria que vai culminar na reconstru\u00e7\u00e3o do Distrito Federal\u201d, destacou a pr\u00e9-candidata a deputada distrital Renata [&hellip;]","og_url":"https:\/\/www.p31noticias.com.br\/?p=26230","og_site_name":"P31","article_published_time":"2022-06-12T15:58:45+00:00","article_modified_time":"2022-06-12T16:05:34+00:00","og_image":[{"width":1600,"height":1200,"url":"https:\/\/www.p31noticias.com.br\/wp-content\/uploads\/2022\/06\/unnamed-37.jpg","type":"image\/jpeg"}],"author":"Gon\u00e7alves Junior","twitter_card":"summary_large_image","twitter_misc":{"Escrito por":"Gon\u00e7alves Junior","Est. tempo de leitura":"1 minuto"},"schema":{"@context":"https:\/\/schema.org","@graph":[{"@type":"Article","@id":"https:\/\/www.p31noticias.com.br\/?p=26230#article","isPartOf":{"@id":"https:\/\/www.p31noticias.com.br\/?p=26230"},"author":{"name":"Gon\u00e7alves Junior","@id":"https:\/\/www.p31noticias.com.br\/#\/schema\/person\/95f2ece30e3b4132065b915150cd0f94"},"headline":"*Renata d\u2019Aguiar se fortalece ao reunir 24 ex-candidatos*.","datePublished":"2022-06-12T15:58:45+00:00","dateModified":"2022-06-12T16:05:34+00:00","mainEntityOfPage":{"@id":"https:\/\/www.p31noticias.com.br\/?p=26230"},"wordCount":234,"commentCount":0,"image":{"@id":"https:\/\/www.p31noticias.com.br\/?p=26230#primaryimage"},"thumbnailUrl":"https:\/\/www.p31noticias.com.br\/wp-content\/uploads\/2022\/06\/unnamed-37.jpg","articleSection":["Pol\u00edtica"],"inLanguage":"pt-BR","potentialAction":[{"@type":"CommentAction","name":"Comment","target":["https:\/\/www.p31noticias.com.br\/?p=26230#respond"]}],"copyrightYear":"2022","copyrightHolder":{"@id":"https:\/\/www.p31noticias.com.br\/#organization"}},{"@type":"WebPage","@id":"https:\/\/www.p31noticias.com.br\/?p=26230","url":"https:\/\/www.p31noticias.com.br\/?p=26230","name":"*Renata d\u2019Aguiar se fortalece ao reunir 24 ex-candidatos*. - P31","isPartOf":{"@id":"https:\/\/www.p31noticias.com.br\/#website"},"primaryImageOfPage":{"@id":"https:\/\/www.p31noticias.com.br\/?p=26230#primaryimage"},"image":{"@id":"https:\/\/www.p31noticias.com.br\/?p=26230#primaryimage"},"thumbnailUrl":"https:\/\/www.p31noticias.com.br\/wp-content\/uploads\/2022\/06\/unnamed-37.jpg","datePublished":"2022-06-12T15:58:45+00:00","dateModified":"2022-06-12T16:05:34+00:00","author":{"@id":"https:\/\/www.p31noticias.com.br\/#\/schema\/person\/95f2ece30e3b4132065b915150cd0f94"},"breadcrumb":{"@id":"https:\/\/www.p31noticias.com.br\/?p=26230#breadcrumb"},"inLanguage":"pt-BR","potentialAction":[{"@type":"ReadAction","target":["https:\/\/www.p31noticias.com.br\/?p=26230"]}]},{"@type":"ImageObject","inLanguage":"pt-BR","@id":"https:\/\/www.p31noticias.com.br\/?p=26230#primaryimage","url":"https:\/\/www.p31noticias.com.br\/wp-content\/uploads\/2022\/06\/unnamed-37.jpg","contentUrl":"https:\/\/www.p31noticias.com.br\/wp-content\/uploads\/2022\/06\/unnamed-37.jpg","width":1600,"height":1200},{"@type":"BreadcrumbList","@id":"https:\/\/www.p31noticias.com.br\/?p=26230#breadcrumb","itemListElement":[{"@type":"ListItem","position":1,"name":"In\u00edcio","item":"https:\/\/www.p31noticias.com.br\/"},{"@type":"ListItem","position":2,"name":"*Renata d\u2019Aguiar se fortalece ao reunir 24 ex-candidatos*."}]},{"@type":"WebSite","@id":"https:\/\/www.p31noticias.com.br\/#website","url":"https:\/\/www.p31noticias.com.br\/","name":"P31","description":"NOT\u00cdCIAS","potentialAction":[{"@type":"SearchAction","target":{"@type":"EntryPoint","urlTemplate":"https:\/\/www.p31noticias.com.br\/?s={search_term_string}"},"query-input":{"@type":"PropertyValueSpecification","valueRequired":true,"valueName":"search_term_string"}}],"inLanguage":"pt-BR"},{"@type":"Person","@id":"https:\/\/www.p31noticias.com.br\/#\/schema\/person\/95f2ece30e3b4132065b915150cd0f94","name":"Gon\u00e7alves Junior","image":{"@type":"ImageObject","inLanguage":"pt-BR","@id":"https:\/\/secure.gravatar.com\/avatar\/6711f350116a89762687a48d66f723c799e5438a5b7578508d4294cd7a5d0800?s=96&d=mm&r=g","url":"https:\/\/secure.gravatar.com\/avatar\/6711f350116a89762687a48d66f723c799e5438a5b7578508d4294cd7a5d0800?s=96&d=mm&r=g","contentUrl":"https:\/\/secure.gravatar.com\/avatar\/6711f350116a89762687a48d66f723c799e5438a5b7578508d4294cd7a5d0800?s=96&d=mm&r=g","caption":"Gon\u00e7alves Junior"},"url":"https:\/\/www.p31noticias.com.br\/?author=2"}]}},"amp_enabled":true,"_links":{"self":[{"href":"https:\/\/www.p31noticias.com.br\/index.php?rest_route=\/wp\/v2\/posts\/26230","targetHints":{"allow":["GET"]}}],"collection":[{"href":"https:\/\/www.p31noticias.com.br\/index.php?rest_route=\/wp\/v2\/posts"}],"about":[{"href":"https:\/\/www.p31noticias.com.br\/index.php?rest_route=\/wp\/v2\/types\/post"}],"author":[{"embeddable":true,"href":"https:\/\/www.p31noticias.com.br\/index.php?rest_route=\/wp\/v2\/users\/2"}],"replies":[{"embeddable":true,"href":"https:\/\/www.p31noticias.com.br\/index.php?rest_route=%2Fwp%2Fv2%2Fcomments&post=26230"}],"version-history":[{"count":1,"href":"https:\/\/www.p31noticias.com.br\/index.php?rest_route=\/wp\/v2\/posts\/26230\/revisions"}],"predecessor-version":[{"id":26232,"href":"https:\/\/www.p31noticias.com.br\/index.php?rest_route=\/wp\/v2\/posts\/26230\/revisions\/26232"}],"wp:featuredmedia":[{"embeddable":true,"href":"https:\/\/www.p31noticias.com.br\/index.php?rest_route=\/wp\/v2\/media\/26231"}],"wp:attachment":[{"href":"https:\/\/www.p31noticias.com.br\/index.php?rest_route=%2Fwp%2Fv2%2Fmedia&parent=26230"}],"wp:term":[{"taxonomy":"category","embeddable":true,"href":"https:\/\/www.p31noticias.com.br\/index.php?rest_route=%2Fwp%2Fv2%2Fcategories&post=26230"},{"taxonomy":"post_tag","embeddable":true,"href":"https:\/\/www.p31noticias.com.br\/index.php?rest_route=%2Fwp%2Fv2%2Ftags&post=26230"}],"curies":[{"name":"wp","href":"https:\/\/api.w.org\/{rel}","templated":true}]}}