{"id":26224,"date":"2022-06-11T08:28:05","date_gmt":"2022-06-11T11:28:05","guid":{"rendered":"https:\/\/p31noticias.com.br\/?p=26224"},"modified":"2022-06-11T08:28:05","modified_gmt":"2022-06-11T11:28:05","slug":"efetivo-de-350-policiais-reforca-seguranca-no-recanto-das-emas","status":"publish","type":"post","link":"https:\/\/www.p31noticias.com.br\/?p=26224","title":{"rendered":"Efetivo de 350 policiais refor\u00e7a seguran\u00e7a no Recanto das Emas."},"content":{"rendered":"<p style=\"text-align: justify;\"><em><strong>Opera\u00e7\u00e3o Quinto Mandamento, lan\u00e7ada nesta sexta-feira (10), sob coordena\u00e7\u00e3o da Secretaria de Seguran\u00e7a P\u00fablica, segue at\u00e9 domingo (12).<\/strong><\/em><\/p>\n<p style=\"text-align: justify;\">Fotos, selfies e muita curiosidade marcaram o in\u00edcio da Opera\u00e7\u00e3o Quinto Mandamento na noite desta sexta-feira (10) nas cidades do Recanto das Emas e Riacho Fundo II. A a\u00e7\u00e3o, que segue at\u00e9 domingo (12), conta com a participa\u00e7\u00e3o de 350 agentes de seguran\u00e7a das pol\u00edcias Civil e Militar, Detran, Corpo de Bombeiros Militar (CBMDF), DF Legal e Departamento de Estradas de Rodagem (DER). Ainda, participam a Pol\u00edcia Rodovi\u00e1ria Federal (PRF), por conta da proximid<\/p>\n<p style=\"text-align: justify;\">ade com a BR-060, e as pol\u00edcias Militar e Civil de Goi\u00e1s, devido ao fato de ser uma regi\u00e3o de fronteira com munic\u00edpios goianos.<\/p>\n<p style=\"text-align: justify;\">Sob coordena\u00e7\u00e3o da Secretaria de Seguran\u00e7a P\u00fablica (SSP-DF), a Quinto Mandamento \u00e9 realizada h\u00e1 dois anos no Distrito Federal e consiste em uma a\u00e7\u00e3o conjunta das for\u00e7as de seguran\u00e7a em todas as regi\u00f5es administrativas (RAs) do Distrito Federal. A cada semana a opera\u00e7\u00e3o se dirige a uma RA.<\/p>\n<p style=\"text-align: justify;\">O vendedor ambulante Dickson Adair, que acompanhava com aten\u00e7\u00e3o a reuni\u00e3o que antecedeu a Quinto Mandamento, elogiou a iniciativa. \u201cUma opera\u00e7\u00e3o dessas \u00e9 \u00f3tima para mostrar a presen\u00e7a da seguran\u00e7a p\u00fablica\u201d, opinou.<\/p>\n<figure id=\"attachment_415495\" class=\"wp-caption alignright\" style=\"text-align: justify;\" aria-describedby=\"caption-attachment-415495\"><img loading=\"lazy\" decoding=\"async\" class=\"wp-image-415495\" src=\"http:\/\/www.agenciabrasilia.df.gov.br\/wp-conteudo\/uploads\/2022\/06\/WhatsApp-Image-2022-06-10-at-22.25.38-300x199.jpeg\" sizes=\"auto, (max-width: 400px) 100vw, 400px\" srcset=\"https:\/\/www.agenciabrasilia.df.gov.br\/wp-conteudo\/uploads\/2022\/06\/WhatsApp-Image-2022-06-10-at-22.25.38-300x199.jpeg 300w, https:\/\/www.agenciabrasilia.df.gov.br\/wp-conteudo\/uploads\/2022\/06\/WhatsApp-Image-2022-06-10-at-22.25.38-1024x680.jpeg 1024w, https:\/\/www.agenciabrasilia.df.gov.br\/wp-conteudo\/uploads\/2022\/06\/WhatsApp-Image-2022-06-10-at-22.25.38-768x510.jpeg 768w, https:\/\/www.agenciabrasilia.df.gov.br\/wp-conteudo\/uploads\/2022\/06\/WhatsApp-Image-2022-06-10-at-22.25.38.jpeg 1280w\" alt=\"\" width=\"400\" height=\"266\" \/><figcaption id=\"caption-attachment-415495\" class=\"wp-caption-text\">O vendedor ambulante Dickson Adair disse: \u201cUma opera\u00e7\u00e3o dessas \u00e9 \u00f3tima para mostrar a presen\u00e7a da seguran\u00e7a p\u00fablica\u201d<\/figcaption><\/figure>\n<p style=\"text-align: justify;\">O secret\u00e1rio de Seguran\u00e7a P\u00fablica do Distrito Federal, J\u00falio Danilo, ao fazer a abertura da a\u00e7\u00e3o na Quadra 102 do Recanto das Emas, reiterou a import\u00e2ncia da integra\u00e7\u00e3o entre as for\u00e7as do DF. \u201c\u00c9 uma a\u00e7\u00e3o de fiscaliza\u00e7\u00e3o e repress\u00e3o aos crimes que atentem contra a vida. Fazemos fiscaliza\u00e7\u00e3o de pontos de venda de \u00e1lcool, alcoolemia de motoristas, porte de drogas, de armas. A opera\u00e7\u00e3o vem dando muito resultado. Desde 2020, quando a opera\u00e7\u00e3o come\u00e7ou, observamos uma redu\u00e7\u00e3o nos crimes. Em 2021, tivemos o menor n\u00famero de homic\u00eddios dos \u00faltimos 40 anos\u201d, avaliou o secret\u00e1rio.<\/p>\n<p style=\"text-align: justify;\">No Riacho Fundo II, outra regi\u00e3o administrativa onde a Opera\u00e7\u00e3o Quinto Mandamento ocorre, o principal foco ser\u00e1 o combate ao tr\u00e1fico de drogas. \u201cO trabalho \u00e9 acabar com a satura\u00e7\u00e3o desse tipo de crime na regi\u00e3o e fiscalizar bares e com\u00e9rcios, porque traficantes se agrupam pr\u00f3ximo a esses locais, sendo o ambiente ideal para eles agirem. Buscamos evitar crimes que acontecem principalmente \u00e0 noit, como roubos, assaltos e crimes de morte\u201d, disse o delegado da 29\u00ba Delegacia de Pol\u00edcia, do Riacho Fundo II, L\u00facio Valente.<\/p>\n<figure id=\"attachment_415498\" class=\"wp-caption alignnone\" style=\"text-align: justify;\" aria-describedby=\"caption-attachment-415498\"><img loading=\"lazy\" decoding=\"async\" class=\"wp-image-415498 size-full\" src=\"http:\/\/www.agenciabrasilia.df.gov.br\/wp-conteudo\/uploads\/2022\/06\/WhatsApp-Image-2022-06-10-at-22.25.37.jpeg\" sizes=\"auto, (max-width: 1280px) 100vw, 1280px\" srcset=\"https:\/\/www.agenciabrasilia.df.gov.br\/wp-conteudo\/uploads\/2022\/06\/WhatsApp-Image-2022-06-10-at-22.25.37.jpeg 1280w, https:\/\/www.agenciabrasilia.df.gov.br\/wp-conteudo\/uploads\/2022\/06\/WhatsApp-Image-2022-06-10-at-22.25.37-300x199.jpeg 300w, https:\/\/www.agenciabrasilia.df.gov.br\/wp-conteudo\/uploads\/2022\/06\/WhatsApp-Image-2022-06-10-at-22.25.37-1024x680.jpeg 1024w, https:\/\/www.agenciabrasilia.df.gov.br\/wp-conteudo\/uploads\/2022\/06\/WhatsApp-Image-2022-06-10-at-22.25.37-768x510.jpeg 768w\" alt=\"\" width=\"1280\" height=\"850\" \/><figcaption id=\"caption-attachment-415498\" class=\"wp-caption-text\">O secret\u00e1rio de Seguran\u00e7a P\u00fablica do Distrito Federal, J\u00falio Danilo, ressalta: \u201cEm 2021, tivemos o menor n\u00famero de homic\u00eddios dos \u00faltimos 40 anos\u201d<\/figcaption><\/figure>\n<p style=\"text-align: justify;\">O delegado acrescentou que com a presen\u00e7a refor\u00e7ada da pol\u00edcia a cidade vai ficar mais tranquila por um bom per\u00edodo de tempo. \u201cQuando a pol\u00edcia age com for\u00e7a, imediatamente existe um efeito colateral que s\u00e3o os criminosos desaparecerem por v\u00e1rios dias\u201d, explicou.<\/p>\n<p style=\"text-align: justify;\">Um dos que assistia \u00e0 prepara\u00e7\u00e3o da opera\u00e7\u00e3o na noite dessa quinta-feira (9) no Recanto das Emas era o morador Thiago Ara\u00fajo. Para ele, \u201cuma opera\u00e7\u00e3o dessas \u00e9 muito positiva para a cidade\u201d.<\/p>\n<p style=\"text-align: justify;\"><strong>A\u00e7\u00f5es<\/strong><\/p>\n<p style=\"text-align: justify;\">Durante a Quinto Mandamento, o CBMDF far\u00e1 orienta\u00e7\u00f5es e a\u00e7\u00f5es preventivas junto \u00e0 comunidade, principalmente nas \u00e1reas de preven\u00e7\u00e3o de inc\u00eandios e primeiros socorros. O policiamento ser\u00e1 refor\u00e7ado pelo 27\u00ba Batalh\u00e3o da PMDF, respons\u00e1vel pela \u00e1rea e por tropas especializadas, como os batalh\u00f5es de Policiamento com C\u00e3es (BPC\u00e3es) e de Opera\u00e7\u00f5es Especiais (Bope), por exemplo.<\/p>\n<p style=\"text-align: justify;\">As a\u00e7\u00f5es de tr\u00e2nsito tamb\u00e9m ser\u00e3o intensificadas, com a\u00e7\u00e3o conjunta do Detran, DER e batalh\u00f5es de tr\u00e2nsito da PMDF e PRF.<\/p>\n<p style=\"text-align: justify;\">Ag\u00eancia Brasilia.<\/p>\n","protected":false},"excerpt":{"rendered":"<p>Opera\u00e7\u00e3o Quinto Mandamento, lan\u00e7ada nesta sexta-feira (10), sob coordena\u00e7\u00e3o da Secretaria de Seguran\u00e7a P\u00fablica, segue at\u00e9 domingo (12). Fotos, selfies e muita curiosidade marcaram o in\u00edcio da Opera\u00e7\u00e3o Quinto Mandamento na noite desta sexta-feira (10) nas cidades do Recanto das Emas e Riacho Fundo II. A a\u00e7\u00e3o, que segue at\u00e9 domingo (12), conta com a [&hellip;]<\/p>\n","protected":false},"author":2,"featured_media":26225,"comment_status":"open","ping_status":"open","sticky":false,"template":"","format":"standard","meta":{"footnotes":""},"categories":[1],"tags":[],"class_list":{"0":"post-26224","1":"post","2":"type-post","3":"status-publish","4":"format-standard","5":"has-post-thumbnail","7":"category-outros"},"yoast_head":"<!-- This site is optimized with the Yoast SEO Premium plugin v24.5 (Yoast SEO v27.5) - https:\/\/yoast.com\/product\/yoast-seo-premium-wordpress\/ -->\n<title>Efetivo de 350 policiais refor\u00e7a seguran\u00e7a no Recanto das Emas. - P31<\/title>\n<meta name=\"robots\" content=\"index, follow, max-snippet:-1, max-image-preview:large, max-video-preview:-1\" \/>\n<link rel=\"canonical\" href=\"https:\/\/www.p31noticias.com.br\/?p=26224\" \/>\n<meta property=\"og:locale\" content=\"pt_BR\" \/>\n<meta property=\"og:type\" content=\"article\" \/>\n<meta property=\"og:title\" content=\"Efetivo de 350 policiais refor\u00e7a seguran\u00e7a no Recanto das Emas.\" \/>\n<meta property=\"og:description\" content=\"Opera\u00e7\u00e3o Quinto Mandamento, lan\u00e7ada nesta sexta-feira (10), sob coordena\u00e7\u00e3o da Secretaria de Seguran\u00e7a P\u00fablica, segue at\u00e9 domingo (12). Fotos, selfies e muita curiosidade marcaram o in\u00edcio da Opera\u00e7\u00e3o Quinto Mandamento na noite desta sexta-feira (10) nas cidades do Recanto das Emas e Riacho Fundo II. A a\u00e7\u00e3o, que segue at\u00e9 domingo (12), conta com a [&hellip;]\" \/>\n<meta property=\"og:url\" content=\"https:\/\/www.p31noticias.com.br\/?p=26224\" \/>\n<meta property=\"og:site_name\" content=\"P31\" \/>\n<meta property=\"article:published_time\" content=\"2022-06-11T11:28:05+00:00\" \/>\n<meta property=\"og:image\" content=\"https:\/\/www.p31noticias.com.br\/wp-content\/uploads\/2022\/06\/WhatsApp-Image-2022-06-10-at-22.22.32-1.jpeg\" \/>\n\t<meta property=\"og:image:width\" content=\"1280\" \/>\n\t<meta property=\"og:image:height\" content=\"850\" \/>\n\t<meta property=\"og:image:type\" content=\"image\/jpeg\" \/>\n<meta name=\"author\" content=\"Gon\u00e7alves Junior\" \/>\n<meta name=\"twitter:card\" content=\"summary_large_image\" \/>\n<meta name=\"twitter:label1\" content=\"Escrito por\" \/>\n\t<meta name=\"twitter:data1\" content=\"Gon\u00e7alves Junior\" \/>\n\t<meta name=\"twitter:label2\" content=\"Est. tempo de leitura\" \/>\n\t<meta name=\"twitter:data2\" content=\"3 minutos\" \/>\n<script type=\"application\/ld+json\" class=\"yoast-schema-graph\">{\"@context\":\"https:\\\/\\\/schema.org\",\"@graph\":[{\"@type\":\"Article\",\"@id\":\"https:\\\/\\\/www.p31noticias.com.br\\\/?p=26224#article\",\"isPartOf\":{\"@id\":\"https:\\\/\\\/www.p31noticias.com.br\\\/?p=26224\"},\"author\":{\"name\":\"Gon\u00e7alves Junior\",\"@id\":\"https:\\\/\\\/www.p31noticias.com.br\\\/#\\\/schema\\\/person\\\/95f2ece30e3b4132065b915150cd0f94\"},\"headline\":\"Efetivo de 350 policiais refor\u00e7a seguran\u00e7a no Recanto das Emas.\",\"datePublished\":\"2022-06-11T11:28:05+00:00\",\"mainEntityOfPage\":{\"@id\":\"https:\\\/\\\/www.p31noticias.com.br\\\/?p=26224\"},\"wordCount\":660,\"commentCount\":0,\"image\":{\"@id\":\"https:\\\/\\\/www.p31noticias.com.br\\\/?p=26224#primaryimage\"},\"thumbnailUrl\":\"https:\\\/\\\/www.p31noticias.com.br\\\/wp-content\\\/uploads\\\/2022\\\/06\\\/WhatsApp-Image-2022-06-10-at-22.22.32-1.jpeg\",\"articleSection\":[\"Outros\"],\"inLanguage\":\"pt-BR\",\"potentialAction\":[{\"@type\":\"CommentAction\",\"name\":\"Comment\",\"target\":[\"https:\\\/\\\/www.p31noticias.com.br\\\/?p=26224#respond\"]}],\"copyrightYear\":\"2022\",\"copyrightHolder\":{\"@id\":\"https:\\\/\\\/www.p31noticias.com.br\\\/#organization\"}},{\"@type\":\"WebPage\",\"@id\":\"https:\\\/\\\/www.p31noticias.com.br\\\/?p=26224\",\"url\":\"https:\\\/\\\/www.p31noticias.com.br\\\/?p=26224\",\"name\":\"Efetivo de 350 policiais refor\u00e7a seguran\u00e7a no Recanto das Emas. - P31\",\"isPartOf\":{\"@id\":\"https:\\\/\\\/www.p31noticias.com.br\\\/#website\"},\"primaryImageOfPage\":{\"@id\":\"https:\\\/\\\/www.p31noticias.com.br\\\/?p=26224#primaryimage\"},\"image\":{\"@id\":\"https:\\\/\\\/www.p31noticias.com.br\\\/?p=26224#primaryimage\"},\"thumbnailUrl\":\"https:\\\/\\\/www.p31noticias.com.br\\\/wp-content\\\/uploads\\\/2022\\\/06\\\/WhatsApp-Image-2022-06-10-at-22.22.32-1.jpeg\",\"datePublished\":\"2022-06-11T11:28:05+00:00\",\"author\":{\"@id\":\"https:\\\/\\\/www.p31noticias.com.br\\\/#\\\/schema\\\/person\\\/95f2ece30e3b4132065b915150cd0f94\"},\"breadcrumb\":{\"@id\":\"https:\\\/\\\/www.p31noticias.com.br\\\/?p=26224#breadcrumb\"},\"inLanguage\":\"pt-BR\",\"potentialAction\":[{\"@type\":\"ReadAction\",\"target\":[\"https:\\\/\\\/www.p31noticias.com.br\\\/?p=26224\"]}]},{\"@type\":\"ImageObject\",\"inLanguage\":\"pt-BR\",\"@id\":\"https:\\\/\\\/www.p31noticias.com.br\\\/?p=26224#primaryimage\",\"url\":\"https:\\\/\\\/www.p31noticias.com.br\\\/wp-content\\\/uploads\\\/2022\\\/06\\\/WhatsApp-Image-2022-06-10-at-22.22.32-1.jpeg\",\"contentUrl\":\"https:\\\/\\\/www.p31noticias.com.br\\\/wp-content\\\/uploads\\\/2022\\\/06\\\/WhatsApp-Image-2022-06-10-at-22.22.32-1.jpeg\",\"width\":1280,\"height\":850},{\"@type\":\"BreadcrumbList\",\"@id\":\"https:\\\/\\\/www.p31noticias.com.br\\\/?p=26224#breadcrumb\",\"itemListElement\":[{\"@type\":\"ListItem\",\"position\":1,\"name\":\"In\u00edcio\",\"item\":\"https:\\\/\\\/www.p31noticias.com.br\\\/\"},{\"@type\":\"ListItem\",\"position\":2,\"name\":\"Efetivo de 350 policiais refor\u00e7a seguran\u00e7a no Recanto das Emas.\"}]},{\"@type\":\"WebSite\",\"@id\":\"https:\\\/\\\/www.p31noticias.com.br\\\/#website\",\"url\":\"https:\\\/\\\/www.p31noticias.com.br\\\/\",\"name\":\"P31\",\"description\":\"NOT\u00cdCIAS\",\"potentialAction\":[{\"@type\":\"SearchAction\",\"target\":{\"@type\":\"EntryPoint\",\"urlTemplate\":\"https:\\\/\\\/www.p31noticias.com.br\\\/?s={search_term_string}\"},\"query-input\":{\"@type\":\"PropertyValueSpecification\",\"valueRequired\":true,\"valueName\":\"search_term_string\"}}],\"inLanguage\":\"pt-BR\"},{\"@type\":\"Person\",\"@id\":\"https:\\\/\\\/www.p31noticias.com.br\\\/#\\\/schema\\\/person\\\/95f2ece30e3b4132065b915150cd0f94\",\"name\":\"Gon\u00e7alves Junior\",\"image\":{\"@type\":\"ImageObject\",\"inLanguage\":\"pt-BR\",\"@id\":\"https:\\\/\\\/secure.gravatar.com\\\/avatar\\\/6711f350116a89762687a48d66f723c799e5438a5b7578508d4294cd7a5d0800?s=96&d=mm&r=g\",\"url\":\"https:\\\/\\\/secure.gravatar.com\\\/avatar\\\/6711f350116a89762687a48d66f723c799e5438a5b7578508d4294cd7a5d0800?s=96&d=mm&r=g\",\"contentUrl\":\"https:\\\/\\\/secure.gravatar.com\\\/avatar\\\/6711f350116a89762687a48d66f723c799e5438a5b7578508d4294cd7a5d0800?s=96&d=mm&r=g\",\"caption\":\"Gon\u00e7alves Junior\"},\"url\":\"https:\\\/\\\/www.p31noticias.com.br\\\/?author=2\"}]}<\/script>\n<!-- \/ Yoast SEO Premium plugin. -->","yoast_head_json":{"title":"Efetivo de 350 policiais refor\u00e7a seguran\u00e7a no Recanto das Emas. - P31","robots":{"index":"index","follow":"follow","max-snippet":"max-snippet:-1","max-image-preview":"max-image-preview:large","max-video-preview":"max-video-preview:-1"},"canonical":"https:\/\/www.p31noticias.com.br\/?p=26224","og_locale":"pt_BR","og_type":"article","og_title":"Efetivo de 350 policiais refor\u00e7a seguran\u00e7a no Recanto das Emas.","og_description":"Opera\u00e7\u00e3o Quinto Mandamento, lan\u00e7ada nesta sexta-feira (10), sob coordena\u00e7\u00e3o da Secretaria de Seguran\u00e7a P\u00fablica, segue at\u00e9 domingo (12). Fotos, selfies e muita curiosidade marcaram o in\u00edcio da Opera\u00e7\u00e3o Quinto Mandamento na noite desta sexta-feira (10) nas cidades do Recanto das Emas e Riacho Fundo II. A a\u00e7\u00e3o, que segue at\u00e9 domingo (12), conta com a [&hellip;]","og_url":"https:\/\/www.p31noticias.com.br\/?p=26224","og_site_name":"P31","article_published_time":"2022-06-11T11:28:05+00:00","og_image":[{"width":1280,"height":850,"url":"https:\/\/www.p31noticias.com.br\/wp-content\/uploads\/2022\/06\/WhatsApp-Image-2022-06-10-at-22.22.32-1.jpeg","type":"image\/jpeg"}],"author":"Gon\u00e7alves Junior","twitter_card":"summary_large_image","twitter_misc":{"Escrito por":"Gon\u00e7alves Junior","Est. tempo de leitura":"3 minutos"},"schema":{"@context":"https:\/\/schema.org","@graph":[{"@type":"Article","@id":"https:\/\/www.p31noticias.com.br\/?p=26224#article","isPartOf":{"@id":"https:\/\/www.p31noticias.com.br\/?p=26224"},"author":{"name":"Gon\u00e7alves Junior","@id":"https:\/\/www.p31noticias.com.br\/#\/schema\/person\/95f2ece30e3b4132065b915150cd0f94"},"headline":"Efetivo de 350 policiais refor\u00e7a seguran\u00e7a no Recanto das Emas.","datePublished":"2022-06-11T11:28:05+00:00","mainEntityOfPage":{"@id":"https:\/\/www.p31noticias.com.br\/?p=26224"},"wordCount":660,"commentCount":0,"image":{"@id":"https:\/\/www.p31noticias.com.br\/?p=26224#primaryimage"},"thumbnailUrl":"https:\/\/www.p31noticias.com.br\/wp-content\/uploads\/2022\/06\/WhatsApp-Image-2022-06-10-at-22.22.32-1.jpeg","articleSection":["Outros"],"inLanguage":"pt-BR","potentialAction":[{"@type":"CommentAction","name":"Comment","target":["https:\/\/www.p31noticias.com.br\/?p=26224#respond"]}],"copyrightYear":"2022","copyrightHolder":{"@id":"https:\/\/www.p31noticias.com.br\/#organization"}},{"@type":"WebPage","@id":"https:\/\/www.p31noticias.com.br\/?p=26224","url":"https:\/\/www.p31noticias.com.br\/?p=26224","name":"Efetivo de 350 policiais refor\u00e7a seguran\u00e7a no Recanto das Emas. - P31","isPartOf":{"@id":"https:\/\/www.p31noticias.com.br\/#website"},"primaryImageOfPage":{"@id":"https:\/\/www.p31noticias.com.br\/?p=26224#primaryimage"},"image":{"@id":"https:\/\/www.p31noticias.com.br\/?p=26224#primaryimage"},"thumbnailUrl":"https:\/\/www.p31noticias.com.br\/wp-content\/uploads\/2022\/06\/WhatsApp-Image-2022-06-10-at-22.22.32-1.jpeg","datePublished":"2022-06-11T11:28:05+00:00","author":{"@id":"https:\/\/www.p31noticias.com.br\/#\/schema\/person\/95f2ece30e3b4132065b915150cd0f94"},"breadcrumb":{"@id":"https:\/\/www.p31noticias.com.br\/?p=26224#breadcrumb"},"inLanguage":"pt-BR","potentialAction":[{"@type":"ReadAction","target":["https:\/\/www.p31noticias.com.br\/?p=26224"]}]},{"@type":"ImageObject","inLanguage":"pt-BR","@id":"https:\/\/www.p31noticias.com.br\/?p=26224#primaryimage","url":"https:\/\/www.p31noticias.com.br\/wp-content\/uploads\/2022\/06\/WhatsApp-Image-2022-06-10-at-22.22.32-1.jpeg","contentUrl":"https:\/\/www.p31noticias.com.br\/wp-content\/uploads\/2022\/06\/WhatsApp-Image-2022-06-10-at-22.22.32-1.jpeg","width":1280,"height":850},{"@type":"BreadcrumbList","@id":"https:\/\/www.p31noticias.com.br\/?p=26224#breadcrumb","itemListElement":[{"@type":"ListItem","position":1,"name":"In\u00edcio","item":"https:\/\/www.p31noticias.com.br\/"},{"@type":"ListItem","position":2,"name":"Efetivo de 350 policiais refor\u00e7a seguran\u00e7a no Recanto das Emas."}]},{"@type":"WebSite","@id":"https:\/\/www.p31noticias.com.br\/#website","url":"https:\/\/www.p31noticias.com.br\/","name":"P31","description":"NOT\u00cdCIAS","potentialAction":[{"@type":"SearchAction","target":{"@type":"EntryPoint","urlTemplate":"https:\/\/www.p31noticias.com.br\/?s={search_term_string}"},"query-input":{"@type":"PropertyValueSpecification","valueRequired":true,"valueName":"search_term_string"}}],"inLanguage":"pt-BR"},{"@type":"Person","@id":"https:\/\/www.p31noticias.com.br\/#\/schema\/person\/95f2ece30e3b4132065b915150cd0f94","name":"Gon\u00e7alves Junior","image":{"@type":"ImageObject","inLanguage":"pt-BR","@id":"https:\/\/secure.gravatar.com\/avatar\/6711f350116a89762687a48d66f723c799e5438a5b7578508d4294cd7a5d0800?s=96&d=mm&r=g","url":"https:\/\/secure.gravatar.com\/avatar\/6711f350116a89762687a48d66f723c799e5438a5b7578508d4294cd7a5d0800?s=96&d=mm&r=g","contentUrl":"https:\/\/secure.gravatar.com\/avatar\/6711f350116a89762687a48d66f723c799e5438a5b7578508d4294cd7a5d0800?s=96&d=mm&r=g","caption":"Gon\u00e7alves Junior"},"url":"https:\/\/www.p31noticias.com.br\/?author=2"}]}},"amp_enabled":true,"_links":{"self":[{"href":"https:\/\/www.p31noticias.com.br\/index.php?rest_route=\/wp\/v2\/posts\/26224","targetHints":{"allow":["GET"]}}],"collection":[{"href":"https:\/\/www.p31noticias.com.br\/index.php?rest_route=\/wp\/v2\/posts"}],"about":[{"href":"https:\/\/www.p31noticias.com.br\/index.php?rest_route=\/wp\/v2\/types\/post"}],"author":[{"embeddable":true,"href":"https:\/\/www.p31noticias.com.br\/index.php?rest_route=\/wp\/v2\/users\/2"}],"replies":[{"embeddable":true,"href":"https:\/\/www.p31noticias.com.br\/index.php?rest_route=%2Fwp%2Fv2%2Fcomments&post=26224"}],"version-history":[{"count":1,"href":"https:\/\/www.p31noticias.com.br\/index.php?rest_route=\/wp\/v2\/posts\/26224\/revisions"}],"predecessor-version":[{"id":26226,"href":"https:\/\/www.p31noticias.com.br\/index.php?rest_route=\/wp\/v2\/posts\/26224\/revisions\/26226"}],"wp:featuredmedia":[{"embeddable":true,"href":"https:\/\/www.p31noticias.com.br\/index.php?rest_route=\/wp\/v2\/media\/26225"}],"wp:attachment":[{"href":"https:\/\/www.p31noticias.com.br\/index.php?rest_route=%2Fwp%2Fv2%2Fmedia&parent=26224"}],"wp:term":[{"taxonomy":"category","embeddable":true,"href":"https:\/\/www.p31noticias.com.br\/index.php?rest_route=%2Fwp%2Fv2%2Fcategories&post=26224"},{"taxonomy":"post_tag","embeddable":true,"href":"https:\/\/www.p31noticias.com.br\/index.php?rest_route=%2Fwp%2Fv2%2Ftags&post=26224"}],"curies":[{"name":"wp","href":"https:\/\/api.w.org\/{rel}","templated":true}]}}