{"id":26218,"date":"2022-06-11T08:17:09","date_gmt":"2022-06-11T11:17:09","guid":{"rendered":"https:\/\/p31noticias.com.br\/?p=26218"},"modified":"2022-06-11T08:17:09","modified_gmt":"2022-06-11T11:17:09","slug":"ararinhas-azuis-sao-soltas-na-natureza-20-anos-depois-de-extincao","status":"publish","type":"post","link":"https:\/\/www.p31noticias.com.br\/?p=26218","title":{"rendered":"Ararinhas-azuis s\u00e3o soltas na natureza 20 anos depois de extin\u00e7\u00e3o."},"content":{"rendered":"<h3 class=\"col-10 offset-1 animated fadeInDown dealy-900 display-8 display-md-8 alt-font font-italic my-1 text-center\" style=\"text-align: justify;\"><em><strong>Esp\u00e9cie \u00e9 considerada extinta desde o ano 2000.<\/strong><\/em><\/h3>\n<p style=\"text-align: justify;\">Oito ararinhas-azuis (<em>Cyanopsitta spixii<\/em>) ser\u00e3o soltas hoje (11) em uma \u00e1rea de preserva\u00e7\u00e3o ambiental no interior da Bahia. A esp\u00e9cie \u00e9 considerada extinta na natureza desde o ano 2000, quando desapareceu o \u00faltimo animal selvagem, que era acompanhado por pesquisadores.,<img decoding=\"async\" src=\"https:\/\/agenciabrasil.ebc.com.br\/ebc.png?id=1465002&amp;o=node\" \/><img decoding=\"async\" src=\"https:\/\/agenciabrasil.ebc.com.br\/ebc.gif?id=1465002&amp;o=node\" \/><\/p>\n<p style=\"text-align: justify;\">As aves que ser\u00e3o soltas &#8211;\u00a0cinco f\u00eameas e tr\u00eas machos &#8211; fazem\u00a0parte de um grupo de 52 trazidas\u00a0de um criadouro da Alemanha para o Brasil, em 2020, com o objetivo de reintroduzir a esp\u00e9cie na natureza.<\/p>\n<p style=\"text-align: justify;\">O coordenador do Plano de A\u00e7\u00e3o Nacional para a Conserva\u00e7\u00e3o da Ararinha-Azul, Antonio Eduardo Barbosa, explica que esse primeiro grupo de oito aves foi escolhido entre os mais aptos a sobreviver na natureza.<\/p>\n<p style=\"text-align: justify;\">\u201cS\u00e3o animais sadios, que t\u00eam\u00a0musculatura de voo, que interagem e que n\u00e3o apresentam\u00a0comportamento agon\u00edstico, isto \u00e9, que n\u00e3o brigam com outro. S\u00e3o os animais mais aptos para a soltura\u201d.<\/p>\n<p style=\"text-align: justify;\">As ararinhas-azuis ser\u00e3o soltas com oito araras-maracan\u00e3 (<em>Primolius maracana<\/em>), esp\u00e9cie com quem dividia o\u00a0<em>habitat\u00a0<\/em>natural e que tem h\u00e1bitos semelhantes aos seus.<\/p>\n<p style=\"text-align: justify;\">Nos \u00faltimos dois anos, as ararinhas passaram por processo de adapta\u00e7\u00e3o em um viveiro instalado na cidade de Cura\u00e7\u00e1, na Bahia, que envolveu a redu\u00e7\u00e3o do contato com humanos, o conv\u00edvio com araras-maracan\u00e3, o treinamento do voo, o reconhecimento de predadores e a oferta de alimentos que ser\u00e3o encontrados na natureza.<\/p>\n<p style=\"text-align: justify;\">Para esse projeto de reintrodu\u00e7\u00e3o, foram criadas, em 2018, duas \u00e1reas de preserva\u00e7\u00e3o nos munic\u00edpios de Cura\u00e7\u00e1 e Juazeiro: a \u00c1rea de Prote\u00e7\u00e3o Ambiental (APA) da Ararinha-Azul e o Ref\u00fagio da Vida Silvestre (Revis) da Ararinha-Azul, que, juntas, somam 120 mil hectares.<\/p>\n<p style=\"text-align: justify;\">\u201cSer\u00e1 uma soltura branda, como chamamos. A gente abre o recinto, mas quer que as aves permane\u00e7am ali. Ser\u00e1 ofertada alimenta\u00e7\u00e3o suplementar durante um ano, para que elas ainda visitem o recinto. Nessa fase experimental, queremos\u00a0conhecer a din\u00e2mica que as aves v\u00e3o apresentar\u201d, explica Barbosa.<\/p>\n<p style=\"text-align: justify;\">Essa primeira soltura servir\u00e1 para que os pesquisadores observem o comportamento da ararinha na natureza, ou seja, os locais que visitam, o que comem etc. Os animais est\u00e3o marcados com anilhas e transmissores, que permitir\u00e3o seu rastreamento por alguns meses.<\/p>\n<p style=\"text-align: justify;\">A proposta \u00e9 soltar mais 12 ararinhas em dezembro deste ano, totalizando 20 aves em liberdade na caatinga. Por enquanto, n\u00e3o h\u00e1 previs\u00e3o do n\u00famero de animais que ser\u00e3o soltos a partir de 2023, mas pelo menos parte deles continuar\u00e1 no viveiro de Cura\u00e7\u00e1 como uma reserva para garantir a sobreviv\u00eancia da esp\u00e9cie, a soltura de novos indiv\u00edduos e a reposi\u00e7\u00e3o das esperadas perdas no ambiente.<\/p>\n<h2 style=\"text-align: justify;\">Extin\u00e7\u00e3o<\/h2>\n<p style=\"text-align: justify;\">A ararinha-azul foi descoberta em 1819 e sofreu gradual processo de extin\u00e7\u00e3o na natureza, devido a fatores como a destrui\u00e7\u00e3o do ambiente e a captura para o com\u00e9rcio ilegal de animais silvestres.<\/p>\n<p style=\"text-align: justify;\">Em 1986, a \u00faltima popula\u00e7\u00e3o selvagem conhecida tinha apenas tr\u00eas indiv\u00edduos. O \u00faltimo indiv\u00edduo conhecido, um macho, desapareceu em 2000, decretando-se assim a extin\u00e7\u00e3o da esp\u00e9cie na natureza.<\/p>\n<p style=\"text-align: justify;\">A ararinha s\u00f3 n\u00e3o desapareceu por completo porque havia\u00a0cerca de 50 indiv\u00edduos vivendo em criadouros espalhados pelo Brasil e o mundo.<\/p>\n<p style=\"text-align: justify;\">Ainda na d\u00e9cada de 90, o governo brasileiro come\u00e7ou um projeto de manejo para reprodu\u00e7\u00e3o desses animais e a negocia\u00e7\u00e3o do retorno, para o pa\u00eds, de parte das aves que estavam no exterior.<\/p>\n<p style=\"text-align: justify;\">O Instituto Chico Mendes de Conserva\u00e7\u00e3o da Biodiversidade (ICMBio) criou, em 2012, um Plano de A\u00e7\u00e3o Nacional (PAN) para aumentar a popula\u00e7\u00e3o cativa, proteger o habitat e promover a reintrodu\u00e7\u00e3o da ararinha-azul.<\/p>\n<p style=\"text-align: justify;\">Em 2016, o criadouro alem\u00e3o Association for the Conservation of Threatend Parrots (ACTP) e o ICMBio lan\u00e7aram o Projeto de Reintrodu\u00e7\u00e3o da Ararinha-azul, que permitiria a repatria\u00e7\u00e3o dos 52 animais quatro anos depois. Hoje, a popula\u00e7\u00e3o mundial de ararinhas \u00e9 de quase 200 indiv\u00edduos, dos quais tr\u00eas nasceram no viveiro de Cura\u00e7\u00e1.<\/p>\n<p>Ag\u00eancia Brasil.<\/p>\n","protected":false},"excerpt":{"rendered":"<p>Esp\u00e9cie \u00e9 considerada extinta desde o ano 2000. Oito ararinhas-azuis (Cyanopsitta spixii) ser\u00e3o soltas hoje (11) em uma \u00e1rea de preserva\u00e7\u00e3o ambiental no interior da Bahia. A esp\u00e9cie \u00e9 considerada extinta na natureza desde o ano 2000, quando desapareceu o \u00faltimo animal selvagem, que era acompanhado por pesquisadores., As aves que ser\u00e3o soltas &#8211;\u00a0cinco f\u00eameas [&hellip;]<\/p>\n","protected":false},"author":2,"featured_media":26219,"comment_status":"open","ping_status":"open","sticky":false,"template":"","format":"standard","meta":{"footnotes":""},"categories":[68],"tags":[],"class_list":{"0":"post-26218","1":"post","2":"type-post","3":"status-publish","4":"format-standard","5":"has-post-thumbnail","7":"category-brasil"},"yoast_head":"<!-- This site is optimized with the Yoast SEO Premium plugin v24.5 (Yoast SEO v27.5) - https:\/\/yoast.com\/product\/yoast-seo-premium-wordpress\/ -->\n<title>Ararinhas-azuis s\u00e3o soltas na natureza 20 anos depois de extin\u00e7\u00e3o. - P31<\/title>\n<meta name=\"robots\" content=\"index, follow, max-snippet:-1, max-image-preview:large, max-video-preview:-1\" \/>\n<link rel=\"canonical\" href=\"https:\/\/www.p31noticias.com.br\/?p=26218\" \/>\n<meta property=\"og:locale\" content=\"pt_BR\" \/>\n<meta property=\"og:type\" content=\"article\" \/>\n<meta property=\"og:title\" content=\"Ararinhas-azuis s\u00e3o soltas na natureza 20 anos depois de extin\u00e7\u00e3o.\" \/>\n<meta property=\"og:description\" content=\"Esp\u00e9cie \u00e9 considerada extinta desde o ano 2000. Oito ararinhas-azuis (Cyanopsitta spixii) ser\u00e3o soltas hoje (11) em uma \u00e1rea de preserva\u00e7\u00e3o ambiental no interior da Bahia. A esp\u00e9cie \u00e9 considerada extinta na natureza desde o ano 2000, quando desapareceu o \u00faltimo animal selvagem, que era acompanhado por pesquisadores., As aves que ser\u00e3o soltas &#8211;\u00a0cinco f\u00eameas [&hellip;]\" \/>\n<meta property=\"og:url\" content=\"https:\/\/www.p31noticias.com.br\/?p=26218\" \/>\n<meta property=\"og:site_name\" content=\"P31\" \/>\n<meta property=\"article:published_time\" content=\"2022-06-11T11:17:09+00:00\" \/>\n<meta property=\"og:image\" content=\"https:\/\/www.p31noticias.com.br\/wp-content\/uploads\/2022\/06\/ave_cyanopsitta_spixii_ararinha_azul_foto_camile_ugarini-1.jpg\" \/>\n\t<meta property=\"og:image:width\" content=\"1170\" \/>\n\t<meta property=\"og:image:height\" content=\"700\" \/>\n\t<meta property=\"og:image:type\" content=\"image\/jpeg\" \/>\n<meta name=\"author\" content=\"Gon\u00e7alves Junior\" \/>\n<meta name=\"twitter:card\" content=\"summary_large_image\" \/>\n<meta name=\"twitter:label1\" content=\"Escrito por\" \/>\n\t<meta name=\"twitter:data1\" content=\"Gon\u00e7alves Junior\" \/>\n\t<meta name=\"twitter:label2\" content=\"Est. tempo de leitura\" \/>\n\t<meta name=\"twitter:data2\" content=\"3 minutos\" \/>\n<script type=\"application\/ld+json\" class=\"yoast-schema-graph\">{\"@context\":\"https:\\\/\\\/schema.org\",\"@graph\":[{\"@type\":\"Article\",\"@id\":\"https:\\\/\\\/www.p31noticias.com.br\\\/?p=26218#article\",\"isPartOf\":{\"@id\":\"https:\\\/\\\/www.p31noticias.com.br\\\/?p=26218\"},\"author\":{\"name\":\"Gon\u00e7alves Junior\",\"@id\":\"https:\\\/\\\/www.p31noticias.com.br\\\/#\\\/schema\\\/person\\\/95f2ece30e3b4132065b915150cd0f94\"},\"headline\":\"Ararinhas-azuis s\u00e3o soltas na natureza 20 anos depois de extin\u00e7\u00e3o.\",\"datePublished\":\"2022-06-11T11:17:09+00:00\",\"mainEntityOfPage\":{\"@id\":\"https:\\\/\\\/www.p31noticias.com.br\\\/?p=26218\"},\"wordCount\":679,\"commentCount\":0,\"image\":{\"@id\":\"https:\\\/\\\/www.p31noticias.com.br\\\/?p=26218#primaryimage\"},\"thumbnailUrl\":\"https:\\\/\\\/www.p31noticias.com.br\\\/wp-content\\\/uploads\\\/2022\\\/06\\\/ave_cyanopsitta_spixii_ararinha_azul_foto_camile_ugarini-1.jpg\",\"articleSection\":[\"Brasil\"],\"inLanguage\":\"pt-BR\",\"potentialAction\":[{\"@type\":\"CommentAction\",\"name\":\"Comment\",\"target\":[\"https:\\\/\\\/www.p31noticias.com.br\\\/?p=26218#respond\"]}],\"copyrightYear\":\"2022\",\"copyrightHolder\":{\"@id\":\"https:\\\/\\\/www.p31noticias.com.br\\\/#organization\"}},{\"@type\":\"WebPage\",\"@id\":\"https:\\\/\\\/www.p31noticias.com.br\\\/?p=26218\",\"url\":\"https:\\\/\\\/www.p31noticias.com.br\\\/?p=26218\",\"name\":\"Ararinhas-azuis s\u00e3o soltas na natureza 20 anos depois de extin\u00e7\u00e3o. - P31\",\"isPartOf\":{\"@id\":\"https:\\\/\\\/www.p31noticias.com.br\\\/#website\"},\"primaryImageOfPage\":{\"@id\":\"https:\\\/\\\/www.p31noticias.com.br\\\/?p=26218#primaryimage\"},\"image\":{\"@id\":\"https:\\\/\\\/www.p31noticias.com.br\\\/?p=26218#primaryimage\"},\"thumbnailUrl\":\"https:\\\/\\\/www.p31noticias.com.br\\\/wp-content\\\/uploads\\\/2022\\\/06\\\/ave_cyanopsitta_spixii_ararinha_azul_foto_camile_ugarini-1.jpg\",\"datePublished\":\"2022-06-11T11:17:09+00:00\",\"author\":{\"@id\":\"https:\\\/\\\/www.p31noticias.com.br\\\/#\\\/schema\\\/person\\\/95f2ece30e3b4132065b915150cd0f94\"},\"breadcrumb\":{\"@id\":\"https:\\\/\\\/www.p31noticias.com.br\\\/?p=26218#breadcrumb\"},\"inLanguage\":\"pt-BR\",\"potentialAction\":[{\"@type\":\"ReadAction\",\"target\":[\"https:\\\/\\\/www.p31noticias.com.br\\\/?p=26218\"]}]},{\"@type\":\"ImageObject\",\"inLanguage\":\"pt-BR\",\"@id\":\"https:\\\/\\\/www.p31noticias.com.br\\\/?p=26218#primaryimage\",\"url\":\"https:\\\/\\\/www.p31noticias.com.br\\\/wp-content\\\/uploads\\\/2022\\\/06\\\/ave_cyanopsitta_spixii_ararinha_azul_foto_camile_ugarini-1.jpg\",\"contentUrl\":\"https:\\\/\\\/www.p31noticias.com.br\\\/wp-content\\\/uploads\\\/2022\\\/06\\\/ave_cyanopsitta_spixii_ararinha_azul_foto_camile_ugarini-1.jpg\",\"width\":1170,\"height\":700},{\"@type\":\"BreadcrumbList\",\"@id\":\"https:\\\/\\\/www.p31noticias.com.br\\\/?p=26218#breadcrumb\",\"itemListElement\":[{\"@type\":\"ListItem\",\"position\":1,\"name\":\"In\u00edcio\",\"item\":\"https:\\\/\\\/www.p31noticias.com.br\\\/\"},{\"@type\":\"ListItem\",\"position\":2,\"name\":\"Ararinhas-azuis s\u00e3o soltas na natureza 20 anos depois de extin\u00e7\u00e3o.\"}]},{\"@type\":\"WebSite\",\"@id\":\"https:\\\/\\\/www.p31noticias.com.br\\\/#website\",\"url\":\"https:\\\/\\\/www.p31noticias.com.br\\\/\",\"name\":\"P31\",\"description\":\"NOT\u00cdCIAS\",\"potentialAction\":[{\"@type\":\"SearchAction\",\"target\":{\"@type\":\"EntryPoint\",\"urlTemplate\":\"https:\\\/\\\/www.p31noticias.com.br\\\/?s={search_term_string}\"},\"query-input\":{\"@type\":\"PropertyValueSpecification\",\"valueRequired\":true,\"valueName\":\"search_term_string\"}}],\"inLanguage\":\"pt-BR\"},{\"@type\":\"Person\",\"@id\":\"https:\\\/\\\/www.p31noticias.com.br\\\/#\\\/schema\\\/person\\\/95f2ece30e3b4132065b915150cd0f94\",\"name\":\"Gon\u00e7alves Junior\",\"image\":{\"@type\":\"ImageObject\",\"inLanguage\":\"pt-BR\",\"@id\":\"https:\\\/\\\/secure.gravatar.com\\\/avatar\\\/6711f350116a89762687a48d66f723c799e5438a5b7578508d4294cd7a5d0800?s=96&d=mm&r=g\",\"url\":\"https:\\\/\\\/secure.gravatar.com\\\/avatar\\\/6711f350116a89762687a48d66f723c799e5438a5b7578508d4294cd7a5d0800?s=96&d=mm&r=g\",\"contentUrl\":\"https:\\\/\\\/secure.gravatar.com\\\/avatar\\\/6711f350116a89762687a48d66f723c799e5438a5b7578508d4294cd7a5d0800?s=96&d=mm&r=g\",\"caption\":\"Gon\u00e7alves Junior\"},\"url\":\"https:\\\/\\\/www.p31noticias.com.br\\\/?author=2\"}]}<\/script>\n<!-- \/ Yoast SEO Premium plugin. -->","yoast_head_json":{"title":"Ararinhas-azuis s\u00e3o soltas na natureza 20 anos depois de extin\u00e7\u00e3o. - P31","robots":{"index":"index","follow":"follow","max-snippet":"max-snippet:-1","max-image-preview":"max-image-preview:large","max-video-preview":"max-video-preview:-1"},"canonical":"https:\/\/www.p31noticias.com.br\/?p=26218","og_locale":"pt_BR","og_type":"article","og_title":"Ararinhas-azuis s\u00e3o soltas na natureza 20 anos depois de extin\u00e7\u00e3o.","og_description":"Esp\u00e9cie \u00e9 considerada extinta desde o ano 2000. Oito ararinhas-azuis (Cyanopsitta spixii) ser\u00e3o soltas hoje (11) em uma \u00e1rea de preserva\u00e7\u00e3o ambiental no interior da Bahia. A esp\u00e9cie \u00e9 considerada extinta na natureza desde o ano 2000, quando desapareceu o \u00faltimo animal selvagem, que era acompanhado por pesquisadores., As aves que ser\u00e3o soltas &#8211;\u00a0cinco f\u00eameas [&hellip;]","og_url":"https:\/\/www.p31noticias.com.br\/?p=26218","og_site_name":"P31","article_published_time":"2022-06-11T11:17:09+00:00","og_image":[{"width":1170,"height":700,"url":"https:\/\/www.p31noticias.com.br\/wp-content\/uploads\/2022\/06\/ave_cyanopsitta_spixii_ararinha_azul_foto_camile_ugarini-1.jpg","type":"image\/jpeg"}],"author":"Gon\u00e7alves Junior","twitter_card":"summary_large_image","twitter_misc":{"Escrito por":"Gon\u00e7alves Junior","Est. tempo de leitura":"3 minutos"},"schema":{"@context":"https:\/\/schema.org","@graph":[{"@type":"Article","@id":"https:\/\/www.p31noticias.com.br\/?p=26218#article","isPartOf":{"@id":"https:\/\/www.p31noticias.com.br\/?p=26218"},"author":{"name":"Gon\u00e7alves Junior","@id":"https:\/\/www.p31noticias.com.br\/#\/schema\/person\/95f2ece30e3b4132065b915150cd0f94"},"headline":"Ararinhas-azuis s\u00e3o soltas na natureza 20 anos depois de extin\u00e7\u00e3o.","datePublished":"2022-06-11T11:17:09+00:00","mainEntityOfPage":{"@id":"https:\/\/www.p31noticias.com.br\/?p=26218"},"wordCount":679,"commentCount":0,"image":{"@id":"https:\/\/www.p31noticias.com.br\/?p=26218#primaryimage"},"thumbnailUrl":"https:\/\/www.p31noticias.com.br\/wp-content\/uploads\/2022\/06\/ave_cyanopsitta_spixii_ararinha_azul_foto_camile_ugarini-1.jpg","articleSection":["Brasil"],"inLanguage":"pt-BR","potentialAction":[{"@type":"CommentAction","name":"Comment","target":["https:\/\/www.p31noticias.com.br\/?p=26218#respond"]}],"copyrightYear":"2022","copyrightHolder":{"@id":"https:\/\/www.p31noticias.com.br\/#organization"}},{"@type":"WebPage","@id":"https:\/\/www.p31noticias.com.br\/?p=26218","url":"https:\/\/www.p31noticias.com.br\/?p=26218","name":"Ararinhas-azuis s\u00e3o soltas na natureza 20 anos depois de extin\u00e7\u00e3o. - P31","isPartOf":{"@id":"https:\/\/www.p31noticias.com.br\/#website"},"primaryImageOfPage":{"@id":"https:\/\/www.p31noticias.com.br\/?p=26218#primaryimage"},"image":{"@id":"https:\/\/www.p31noticias.com.br\/?p=26218#primaryimage"},"thumbnailUrl":"https:\/\/www.p31noticias.com.br\/wp-content\/uploads\/2022\/06\/ave_cyanopsitta_spixii_ararinha_azul_foto_camile_ugarini-1.jpg","datePublished":"2022-06-11T11:17:09+00:00","author":{"@id":"https:\/\/www.p31noticias.com.br\/#\/schema\/person\/95f2ece30e3b4132065b915150cd0f94"},"breadcrumb":{"@id":"https:\/\/www.p31noticias.com.br\/?p=26218#breadcrumb"},"inLanguage":"pt-BR","potentialAction":[{"@type":"ReadAction","target":["https:\/\/www.p31noticias.com.br\/?p=26218"]}]},{"@type":"ImageObject","inLanguage":"pt-BR","@id":"https:\/\/www.p31noticias.com.br\/?p=26218#primaryimage","url":"https:\/\/www.p31noticias.com.br\/wp-content\/uploads\/2022\/06\/ave_cyanopsitta_spixii_ararinha_azul_foto_camile_ugarini-1.jpg","contentUrl":"https:\/\/www.p31noticias.com.br\/wp-content\/uploads\/2022\/06\/ave_cyanopsitta_spixii_ararinha_azul_foto_camile_ugarini-1.jpg","width":1170,"height":700},{"@type":"BreadcrumbList","@id":"https:\/\/www.p31noticias.com.br\/?p=26218#breadcrumb","itemListElement":[{"@type":"ListItem","position":1,"name":"In\u00edcio","item":"https:\/\/www.p31noticias.com.br\/"},{"@type":"ListItem","position":2,"name":"Ararinhas-azuis s\u00e3o soltas na natureza 20 anos depois de extin\u00e7\u00e3o."}]},{"@type":"WebSite","@id":"https:\/\/www.p31noticias.com.br\/#website","url":"https:\/\/www.p31noticias.com.br\/","name":"P31","description":"NOT\u00cdCIAS","potentialAction":[{"@type":"SearchAction","target":{"@type":"EntryPoint","urlTemplate":"https:\/\/www.p31noticias.com.br\/?s={search_term_string}"},"query-input":{"@type":"PropertyValueSpecification","valueRequired":true,"valueName":"search_term_string"}}],"inLanguage":"pt-BR"},{"@type":"Person","@id":"https:\/\/www.p31noticias.com.br\/#\/schema\/person\/95f2ece30e3b4132065b915150cd0f94","name":"Gon\u00e7alves Junior","image":{"@type":"ImageObject","inLanguage":"pt-BR","@id":"https:\/\/secure.gravatar.com\/avatar\/6711f350116a89762687a48d66f723c799e5438a5b7578508d4294cd7a5d0800?s=96&d=mm&r=g","url":"https:\/\/secure.gravatar.com\/avatar\/6711f350116a89762687a48d66f723c799e5438a5b7578508d4294cd7a5d0800?s=96&d=mm&r=g","contentUrl":"https:\/\/secure.gravatar.com\/avatar\/6711f350116a89762687a48d66f723c799e5438a5b7578508d4294cd7a5d0800?s=96&d=mm&r=g","caption":"Gon\u00e7alves Junior"},"url":"https:\/\/www.p31noticias.com.br\/?author=2"}]}},"amp_enabled":true,"_links":{"self":[{"href":"https:\/\/www.p31noticias.com.br\/index.php?rest_route=\/wp\/v2\/posts\/26218","targetHints":{"allow":["GET"]}}],"collection":[{"href":"https:\/\/www.p31noticias.com.br\/index.php?rest_route=\/wp\/v2\/posts"}],"about":[{"href":"https:\/\/www.p31noticias.com.br\/index.php?rest_route=\/wp\/v2\/types\/post"}],"author":[{"embeddable":true,"href":"https:\/\/www.p31noticias.com.br\/index.php?rest_route=\/wp\/v2\/users\/2"}],"replies":[{"embeddable":true,"href":"https:\/\/www.p31noticias.com.br\/index.php?rest_route=%2Fwp%2Fv2%2Fcomments&post=26218"}],"version-history":[{"count":1,"href":"https:\/\/www.p31noticias.com.br\/index.php?rest_route=\/wp\/v2\/posts\/26218\/revisions"}],"predecessor-version":[{"id":26220,"href":"https:\/\/www.p31noticias.com.br\/index.php?rest_route=\/wp\/v2\/posts\/26218\/revisions\/26220"}],"wp:featuredmedia":[{"embeddable":true,"href":"https:\/\/www.p31noticias.com.br\/index.php?rest_route=\/wp\/v2\/media\/26219"}],"wp:attachment":[{"href":"https:\/\/www.p31noticias.com.br\/index.php?rest_route=%2Fwp%2Fv2%2Fmedia&parent=26218"}],"wp:term":[{"taxonomy":"category","embeddable":true,"href":"https:\/\/www.p31noticias.com.br\/index.php?rest_route=%2Fwp%2Fv2%2Fcategories&post=26218"},{"taxonomy":"post_tag","embeddable":true,"href":"https:\/\/www.p31noticias.com.br\/index.php?rest_route=%2Fwp%2Fv2%2Ftags&post=26218"}],"curies":[{"name":"wp","href":"https:\/\/api.w.org\/{rel}","templated":true}]}}