{"id":26215,"date":"2022-06-10T01:01:00","date_gmt":"2022-06-10T04:01:00","guid":{"rendered":"https:\/\/p31noticias.com.br\/?p=26215"},"modified":"2022-06-10T01:01:00","modified_gmt":"2022-06-10T04:01:00","slug":"bairro-alto-do-mangueiral-e-aprovado-e-abrigara-mais-de-23-mil-pessoas","status":"publish","type":"post","link":"https:\/\/www.p31noticias.com.br\/?p=26215","title":{"rendered":"Bairro Alto do Mangueiral \u00e9 aprovado e abrigar\u00e1 mais de 23 mil pessoas."},"content":{"rendered":"<p style=\"text-align: justify;\"><em><strong>Novo conjunto habitacional em \u00e1rea de interesse social com mais de 110 hectares ter\u00e1 7.004 unidades residenciais, espa\u00e7o para com\u00e9rcio, equipamentos p\u00fablicos e \u00e1rea verde.<\/strong><\/em><\/p>\n<p style=\"text-align: justify;\">A cria\u00e7\u00e3o do novo parcelamento denominado Alto do Mangueiral, em S\u00e3o Sebasti\u00e3o, foi aprovada, por unanimidade, pelo Conselho de Planejamento Territorial e Urbano do DF (Conplan) em reuni\u00e3o online, nesta quinta-feira (9). O futuro empreendimento ocupar\u00e1 uma \u00e1rea, de interesse social, de 110,41 hectares, o equivalente a mais de 110 campos de futebol.<\/p>\n<p style=\"text-align: justify;\">O projeto urban\u00edstico, de responsabilidade da Companhia de Desenvolvimento Habitacional do Distrito Federal (Codhab) e da Associa\u00e7\u00e3o dos Mutu\u00e1rios do Planalto Central (ASSMPC), passou pela an\u00e1lise t\u00e9cnica e aprova\u00e7\u00e3o da Secretaria de Desenvolvimento Urbano e Habita\u00e7\u00e3o (Seduh).<\/p>\n<blockquote class=\"olho esquerda\"><p><span class=\"olho__texto h2 clearfix\">\u201cA gente tem aqui um projeto que cumpre o Plano Diretor, cumpre as Diretrizes Urban\u00edsticas, j\u00e1 nasce prevendo \u00e1reas para Equipamentos P\u00fablicos Comunit\u00e1rios (EPCs) e Espa\u00e7os Livres de Uso P\u00fablico (ELUPs), com um sistema vi\u00e1rio ideal, que contempla ciclovias e possui infraestrutura para os servi\u00e7os p\u00fablicos\u201d<\/span><span class=\"olho__assinatura block\">Marcelo Vaz, secret\u00e1rio da Seduh<\/span><\/p><\/blockquote>\n<p style=\"text-align: justify;\">Ser\u00e3o 61 lotes e 7.004 unidades habitacionais com capacidade para uma popula\u00e7\u00e3o m\u00e1xima de 23.113 habitantes, al\u00e9m de espa\u00e7os para com\u00e9rcio, equipamentos p\u00fablicos e \u00e1rea verde. O projeto cria, tamb\u00e9m, alamedas sombreadas para a circula\u00e7\u00e3o de pedestres e ciclistas.<\/p>\n<p style=\"text-align: justify;\">Para a conselheira Gabriela Ten\u00f3rio, representante da FAU\/UnB no Conplan, a presen\u00e7a de ciclovias com conex\u00f5es generosas que favorecem o deslocamento dos moradores \u00e9 um dos pontos fortes do projeto. Segundo ela, \u201co caminho \u00e9 esse mesmo, se antecipar e desenhar o territ\u00f3rio da melhor forma poss\u00edvel para poder acomodar nossa popula\u00e7\u00e3o crescente\u201d.<\/p>\n<p style=\"text-align: justify;\">\u201cA gente tem aqui um projeto que cumpre o Plano Diretor, cumpre as Diretrizes Urban\u00edsticas, j\u00e1 nasce prevendo \u00e1reas para Equipamentos P\u00fablicos Comunit\u00e1rios (EPCs) e Espa\u00e7os Livres de Uso P\u00fablico (ELUPs), com um sistema vi\u00e1rio ideal, que contempla ciclovias e possui infraestrutura para os servi\u00e7os p\u00fablicos\u201d, ressaltou o secret\u00e1rio da Seduh, Marcelo Vaz.<\/p>\n<p style=\"text-align: justify;\">J\u00e1 a conselheira Maria Silva, representante da Secretaria de Meio Ambiente (Sema), ressaltou que o empreendimento pode criar uma nova centralidade capaz de reduzir a depend\u00eancia dessa regi\u00e3o de outras \u00e1reas. \u201cEstamos no caminho certo, \u00e9 um grande avan\u00e7o\u201d, concluiu.<\/p>\n<p style=\"text-align: justify;\">Para o diretor presidente da Codhab, Jo\u00e3o Monteiro, a aprova\u00e7\u00e3o desse parcelamento representa uma vit\u00f3ria para o Governo do Distrito Federal. \u201cTrata-se de um empreendimento concebido dentro dos mais modernos conceitos da arquitetura e do urbanismo, al\u00e9m de atender \u00e0s condicionantes ambientais exigidas. \u00c9 um passo importante porque vai contribuir para reduzir a press\u00e3o da popula\u00e7\u00e3o por moradia\u201d, explicou Jo\u00e3o Monteiro.<\/p>\n<p style=\"text-align: justify;\"><em>*Com informa\u00e7\u00f5es da Seduh-DF<\/em><\/p>\n","protected":false},"excerpt":{"rendered":"<p>Novo conjunto habitacional em \u00e1rea de interesse social com mais de 110 hectares ter\u00e1 7.004 unidades residenciais, espa\u00e7o para com\u00e9rcio, equipamentos p\u00fablicos e \u00e1rea verde. A cria\u00e7\u00e3o do novo parcelamento denominado Alto do Mangueiral, em S\u00e3o Sebasti\u00e3o, foi aprovada, por unanimidade, pelo Conselho de Planejamento Territorial e Urbano do DF (Conplan) em reuni\u00e3o online, nesta [&hellip;]<\/p>\n","protected":false},"author":2,"featured_media":26216,"comment_status":"open","ping_status":"open","sticky":false,"template":"","format":"standard","meta":{"footnotes":""},"categories":[1],"tags":[],"class_list":{"0":"post-26215","1":"post","2":"type-post","3":"status-publish","4":"format-standard","5":"has-post-thumbnail","7":"category-outros"},"yoast_head":"<!-- This site is optimized with the Yoast SEO Premium plugin v24.5 (Yoast SEO v27.5) - https:\/\/yoast.com\/product\/yoast-seo-premium-wordpress\/ -->\n<title>Bairro Alto do Mangueiral \u00e9 aprovado e abrigar\u00e1 mais de 23 mil pessoas. - P31<\/title>\n<meta name=\"robots\" content=\"index, follow, max-snippet:-1, max-image-preview:large, max-video-preview:-1\" \/>\n<link rel=\"canonical\" href=\"https:\/\/www.p31noticias.com.br\/?p=26215\" \/>\n<meta property=\"og:locale\" content=\"pt_BR\" \/>\n<meta property=\"og:type\" content=\"article\" \/>\n<meta property=\"og:title\" content=\"Bairro Alto do Mangueiral \u00e9 aprovado e abrigar\u00e1 mais de 23 mil pessoas.\" \/>\n<meta property=\"og:description\" content=\"Novo conjunto habitacional em \u00e1rea de interesse social com mais de 110 hectares ter\u00e1 7.004 unidades residenciais, espa\u00e7o para com\u00e9rcio, equipamentos p\u00fablicos e \u00e1rea verde. A cria\u00e7\u00e3o do novo parcelamento denominado Alto do Mangueiral, em S\u00e3o Sebasti\u00e3o, foi aprovada, por unanimidade, pelo Conselho de Planejamento Territorial e Urbano do DF (Conplan) em reuni\u00e3o online, nesta [&hellip;]\" \/>\n<meta property=\"og:url\" content=\"https:\/\/www.p31noticias.com.br\/?p=26215\" \/>\n<meta property=\"og:site_name\" content=\"P31\" \/>\n<meta property=\"article:published_time\" content=\"2022-06-10T04:01:00+00:00\" \/>\n<meta property=\"og:image\" content=\"https:\/\/www.p31noticias.com.br\/wp-content\/uploads\/2022\/06\/WhatsApp-Image-2022-06-09-at-17.24.01-1-1.jpeg\" \/>\n\t<meta property=\"og:image:width\" content=\"1072\" \/>\n\t<meta property=\"og:image:height\" content=\"650\" \/>\n\t<meta property=\"og:image:type\" content=\"image\/jpeg\" \/>\n<meta name=\"author\" content=\"Gon\u00e7alves Junior\" \/>\n<meta name=\"twitter:card\" content=\"summary_large_image\" \/>\n<meta name=\"twitter:label1\" content=\"Escrito por\" \/>\n\t<meta name=\"twitter:data1\" content=\"Gon\u00e7alves Junior\" \/>\n\t<meta name=\"twitter:label2\" content=\"Est. tempo de leitura\" \/>\n\t<meta name=\"twitter:data2\" content=\"2 minutos\" \/>\n<script type=\"application\/ld+json\" class=\"yoast-schema-graph\">{\"@context\":\"https:\\\/\\\/schema.org\",\"@graph\":[{\"@type\":\"Article\",\"@id\":\"https:\\\/\\\/www.p31noticias.com.br\\\/?p=26215#article\",\"isPartOf\":{\"@id\":\"https:\\\/\\\/www.p31noticias.com.br\\\/?p=26215\"},\"author\":{\"name\":\"Gon\u00e7alves Junior\",\"@id\":\"https:\\\/\\\/www.p31noticias.com.br\\\/#\\\/schema\\\/person\\\/95f2ece30e3b4132065b915150cd0f94\"},\"headline\":\"Bairro Alto do Mangueiral \u00e9 aprovado e abrigar\u00e1 mais de 23 mil pessoas.\",\"datePublished\":\"2022-06-10T04:01:00+00:00\",\"mainEntityOfPage\":{\"@id\":\"https:\\\/\\\/www.p31noticias.com.br\\\/?p=26215\"},\"wordCount\":474,\"commentCount\":0,\"image\":{\"@id\":\"https:\\\/\\\/www.p31noticias.com.br\\\/?p=26215#primaryimage\"},\"thumbnailUrl\":\"https:\\\/\\\/www.p31noticias.com.br\\\/wp-content\\\/uploads\\\/2022\\\/06\\\/WhatsApp-Image-2022-06-09-at-17.24.01-1-1.jpeg\",\"articleSection\":[\"Outros\"],\"inLanguage\":\"pt-BR\",\"potentialAction\":[{\"@type\":\"CommentAction\",\"name\":\"Comment\",\"target\":[\"https:\\\/\\\/www.p31noticias.com.br\\\/?p=26215#respond\"]}],\"copyrightYear\":\"2022\",\"copyrightHolder\":{\"@id\":\"https:\\\/\\\/www.p31noticias.com.br\\\/#organization\"}},{\"@type\":\"WebPage\",\"@id\":\"https:\\\/\\\/www.p31noticias.com.br\\\/?p=26215\",\"url\":\"https:\\\/\\\/www.p31noticias.com.br\\\/?p=26215\",\"name\":\"Bairro Alto do Mangueiral \u00e9 aprovado e abrigar\u00e1 mais de 23 mil pessoas. - P31\",\"isPartOf\":{\"@id\":\"https:\\\/\\\/www.p31noticias.com.br\\\/#website\"},\"primaryImageOfPage\":{\"@id\":\"https:\\\/\\\/www.p31noticias.com.br\\\/?p=26215#primaryimage\"},\"image\":{\"@id\":\"https:\\\/\\\/www.p31noticias.com.br\\\/?p=26215#primaryimage\"},\"thumbnailUrl\":\"https:\\\/\\\/www.p31noticias.com.br\\\/wp-content\\\/uploads\\\/2022\\\/06\\\/WhatsApp-Image-2022-06-09-at-17.24.01-1-1.jpeg\",\"datePublished\":\"2022-06-10T04:01:00+00:00\",\"author\":{\"@id\":\"https:\\\/\\\/www.p31noticias.com.br\\\/#\\\/schema\\\/person\\\/95f2ece30e3b4132065b915150cd0f94\"},\"breadcrumb\":{\"@id\":\"https:\\\/\\\/www.p31noticias.com.br\\\/?p=26215#breadcrumb\"},\"inLanguage\":\"pt-BR\",\"potentialAction\":[{\"@type\":\"ReadAction\",\"target\":[\"https:\\\/\\\/www.p31noticias.com.br\\\/?p=26215\"]}]},{\"@type\":\"ImageObject\",\"inLanguage\":\"pt-BR\",\"@id\":\"https:\\\/\\\/www.p31noticias.com.br\\\/?p=26215#primaryimage\",\"url\":\"https:\\\/\\\/www.p31noticias.com.br\\\/wp-content\\\/uploads\\\/2022\\\/06\\\/WhatsApp-Image-2022-06-09-at-17.24.01-1-1.jpeg\",\"contentUrl\":\"https:\\\/\\\/www.p31noticias.com.br\\\/wp-content\\\/uploads\\\/2022\\\/06\\\/WhatsApp-Image-2022-06-09-at-17.24.01-1-1.jpeg\",\"width\":1072,\"height\":650},{\"@type\":\"BreadcrumbList\",\"@id\":\"https:\\\/\\\/www.p31noticias.com.br\\\/?p=26215#breadcrumb\",\"itemListElement\":[{\"@type\":\"ListItem\",\"position\":1,\"name\":\"In\u00edcio\",\"item\":\"https:\\\/\\\/www.p31noticias.com.br\\\/\"},{\"@type\":\"ListItem\",\"position\":2,\"name\":\"Bairro Alto do Mangueiral \u00e9 aprovado e abrigar\u00e1 mais de 23 mil pessoas.\"}]},{\"@type\":\"WebSite\",\"@id\":\"https:\\\/\\\/www.p31noticias.com.br\\\/#website\",\"url\":\"https:\\\/\\\/www.p31noticias.com.br\\\/\",\"name\":\"P31\",\"description\":\"NOT\u00cdCIAS\",\"potentialAction\":[{\"@type\":\"SearchAction\",\"target\":{\"@type\":\"EntryPoint\",\"urlTemplate\":\"https:\\\/\\\/www.p31noticias.com.br\\\/?s={search_term_string}\"},\"query-input\":{\"@type\":\"PropertyValueSpecification\",\"valueRequired\":true,\"valueName\":\"search_term_string\"}}],\"inLanguage\":\"pt-BR\"},{\"@type\":\"Person\",\"@id\":\"https:\\\/\\\/www.p31noticias.com.br\\\/#\\\/schema\\\/person\\\/95f2ece30e3b4132065b915150cd0f94\",\"name\":\"Gon\u00e7alves Junior\",\"image\":{\"@type\":\"ImageObject\",\"inLanguage\":\"pt-BR\",\"@id\":\"https:\\\/\\\/secure.gravatar.com\\\/avatar\\\/6711f350116a89762687a48d66f723c799e5438a5b7578508d4294cd7a5d0800?s=96&d=mm&r=g\",\"url\":\"https:\\\/\\\/secure.gravatar.com\\\/avatar\\\/6711f350116a89762687a48d66f723c799e5438a5b7578508d4294cd7a5d0800?s=96&d=mm&r=g\",\"contentUrl\":\"https:\\\/\\\/secure.gravatar.com\\\/avatar\\\/6711f350116a89762687a48d66f723c799e5438a5b7578508d4294cd7a5d0800?s=96&d=mm&r=g\",\"caption\":\"Gon\u00e7alves Junior\"},\"url\":\"https:\\\/\\\/www.p31noticias.com.br\\\/?author=2\"}]}<\/script>\n<!-- \/ Yoast SEO Premium plugin. -->","yoast_head_json":{"title":"Bairro Alto do Mangueiral \u00e9 aprovado e abrigar\u00e1 mais de 23 mil pessoas. - P31","robots":{"index":"index","follow":"follow","max-snippet":"max-snippet:-1","max-image-preview":"max-image-preview:large","max-video-preview":"max-video-preview:-1"},"canonical":"https:\/\/www.p31noticias.com.br\/?p=26215","og_locale":"pt_BR","og_type":"article","og_title":"Bairro Alto do Mangueiral \u00e9 aprovado e abrigar\u00e1 mais de 23 mil pessoas.","og_description":"Novo conjunto habitacional em \u00e1rea de interesse social com mais de 110 hectares ter\u00e1 7.004 unidades residenciais, espa\u00e7o para com\u00e9rcio, equipamentos p\u00fablicos e \u00e1rea verde. A cria\u00e7\u00e3o do novo parcelamento denominado Alto do Mangueiral, em S\u00e3o Sebasti\u00e3o, foi aprovada, por unanimidade, pelo Conselho de Planejamento Territorial e Urbano do DF (Conplan) em reuni\u00e3o online, nesta [&hellip;]","og_url":"https:\/\/www.p31noticias.com.br\/?p=26215","og_site_name":"P31","article_published_time":"2022-06-10T04:01:00+00:00","og_image":[{"width":1072,"height":650,"url":"https:\/\/www.p31noticias.com.br\/wp-content\/uploads\/2022\/06\/WhatsApp-Image-2022-06-09-at-17.24.01-1-1.jpeg","type":"image\/jpeg"}],"author":"Gon\u00e7alves Junior","twitter_card":"summary_large_image","twitter_misc":{"Escrito por":"Gon\u00e7alves Junior","Est. tempo de leitura":"2 minutos"},"schema":{"@context":"https:\/\/schema.org","@graph":[{"@type":"Article","@id":"https:\/\/www.p31noticias.com.br\/?p=26215#article","isPartOf":{"@id":"https:\/\/www.p31noticias.com.br\/?p=26215"},"author":{"name":"Gon\u00e7alves Junior","@id":"https:\/\/www.p31noticias.com.br\/#\/schema\/person\/95f2ece30e3b4132065b915150cd0f94"},"headline":"Bairro Alto do Mangueiral \u00e9 aprovado e abrigar\u00e1 mais de 23 mil pessoas.","datePublished":"2022-06-10T04:01:00+00:00","mainEntityOfPage":{"@id":"https:\/\/www.p31noticias.com.br\/?p=26215"},"wordCount":474,"commentCount":0,"image":{"@id":"https:\/\/www.p31noticias.com.br\/?p=26215#primaryimage"},"thumbnailUrl":"https:\/\/www.p31noticias.com.br\/wp-content\/uploads\/2022\/06\/WhatsApp-Image-2022-06-09-at-17.24.01-1-1.jpeg","articleSection":["Outros"],"inLanguage":"pt-BR","potentialAction":[{"@type":"CommentAction","name":"Comment","target":["https:\/\/www.p31noticias.com.br\/?p=26215#respond"]}],"copyrightYear":"2022","copyrightHolder":{"@id":"https:\/\/www.p31noticias.com.br\/#organization"}},{"@type":"WebPage","@id":"https:\/\/www.p31noticias.com.br\/?p=26215","url":"https:\/\/www.p31noticias.com.br\/?p=26215","name":"Bairro Alto do Mangueiral \u00e9 aprovado e abrigar\u00e1 mais de 23 mil pessoas. - P31","isPartOf":{"@id":"https:\/\/www.p31noticias.com.br\/#website"},"primaryImageOfPage":{"@id":"https:\/\/www.p31noticias.com.br\/?p=26215#primaryimage"},"image":{"@id":"https:\/\/www.p31noticias.com.br\/?p=26215#primaryimage"},"thumbnailUrl":"https:\/\/www.p31noticias.com.br\/wp-content\/uploads\/2022\/06\/WhatsApp-Image-2022-06-09-at-17.24.01-1-1.jpeg","datePublished":"2022-06-10T04:01:00+00:00","author":{"@id":"https:\/\/www.p31noticias.com.br\/#\/schema\/person\/95f2ece30e3b4132065b915150cd0f94"},"breadcrumb":{"@id":"https:\/\/www.p31noticias.com.br\/?p=26215#breadcrumb"},"inLanguage":"pt-BR","potentialAction":[{"@type":"ReadAction","target":["https:\/\/www.p31noticias.com.br\/?p=26215"]}]},{"@type":"ImageObject","inLanguage":"pt-BR","@id":"https:\/\/www.p31noticias.com.br\/?p=26215#primaryimage","url":"https:\/\/www.p31noticias.com.br\/wp-content\/uploads\/2022\/06\/WhatsApp-Image-2022-06-09-at-17.24.01-1-1.jpeg","contentUrl":"https:\/\/www.p31noticias.com.br\/wp-content\/uploads\/2022\/06\/WhatsApp-Image-2022-06-09-at-17.24.01-1-1.jpeg","width":1072,"height":650},{"@type":"BreadcrumbList","@id":"https:\/\/www.p31noticias.com.br\/?p=26215#breadcrumb","itemListElement":[{"@type":"ListItem","position":1,"name":"In\u00edcio","item":"https:\/\/www.p31noticias.com.br\/"},{"@type":"ListItem","position":2,"name":"Bairro Alto do Mangueiral \u00e9 aprovado e abrigar\u00e1 mais de 23 mil pessoas."}]},{"@type":"WebSite","@id":"https:\/\/www.p31noticias.com.br\/#website","url":"https:\/\/www.p31noticias.com.br\/","name":"P31","description":"NOT\u00cdCIAS","potentialAction":[{"@type":"SearchAction","target":{"@type":"EntryPoint","urlTemplate":"https:\/\/www.p31noticias.com.br\/?s={search_term_string}"},"query-input":{"@type":"PropertyValueSpecification","valueRequired":true,"valueName":"search_term_string"}}],"inLanguage":"pt-BR"},{"@type":"Person","@id":"https:\/\/www.p31noticias.com.br\/#\/schema\/person\/95f2ece30e3b4132065b915150cd0f94","name":"Gon\u00e7alves Junior","image":{"@type":"ImageObject","inLanguage":"pt-BR","@id":"https:\/\/secure.gravatar.com\/avatar\/6711f350116a89762687a48d66f723c799e5438a5b7578508d4294cd7a5d0800?s=96&d=mm&r=g","url":"https:\/\/secure.gravatar.com\/avatar\/6711f350116a89762687a48d66f723c799e5438a5b7578508d4294cd7a5d0800?s=96&d=mm&r=g","contentUrl":"https:\/\/secure.gravatar.com\/avatar\/6711f350116a89762687a48d66f723c799e5438a5b7578508d4294cd7a5d0800?s=96&d=mm&r=g","caption":"Gon\u00e7alves Junior"},"url":"https:\/\/www.p31noticias.com.br\/?author=2"}]}},"amp_enabled":true,"_links":{"self":[{"href":"https:\/\/www.p31noticias.com.br\/index.php?rest_route=\/wp\/v2\/posts\/26215","targetHints":{"allow":["GET"]}}],"collection":[{"href":"https:\/\/www.p31noticias.com.br\/index.php?rest_route=\/wp\/v2\/posts"}],"about":[{"href":"https:\/\/www.p31noticias.com.br\/index.php?rest_route=\/wp\/v2\/types\/post"}],"author":[{"embeddable":true,"href":"https:\/\/www.p31noticias.com.br\/index.php?rest_route=\/wp\/v2\/users\/2"}],"replies":[{"embeddable":true,"href":"https:\/\/www.p31noticias.com.br\/index.php?rest_route=%2Fwp%2Fv2%2Fcomments&post=26215"}],"version-history":[{"count":1,"href":"https:\/\/www.p31noticias.com.br\/index.php?rest_route=\/wp\/v2\/posts\/26215\/revisions"}],"predecessor-version":[{"id":26217,"href":"https:\/\/www.p31noticias.com.br\/index.php?rest_route=\/wp\/v2\/posts\/26215\/revisions\/26217"}],"wp:featuredmedia":[{"embeddable":true,"href":"https:\/\/www.p31noticias.com.br\/index.php?rest_route=\/wp\/v2\/media\/26216"}],"wp:attachment":[{"href":"https:\/\/www.p31noticias.com.br\/index.php?rest_route=%2Fwp%2Fv2%2Fmedia&parent=26215"}],"wp:term":[{"taxonomy":"category","embeddable":true,"href":"https:\/\/www.p31noticias.com.br\/index.php?rest_route=%2Fwp%2Fv2%2Fcategories&post=26215"},{"taxonomy":"post_tag","embeddable":true,"href":"https:\/\/www.p31noticias.com.br\/index.php?rest_route=%2Fwp%2Fv2%2Ftags&post=26215"}],"curies":[{"name":"wp","href":"https:\/\/api.w.org\/{rel}","templated":true}]}}