{"id":26212,"date":"2022-06-10T00:57:19","date_gmt":"2022-06-10T03:57:19","guid":{"rendered":"https:\/\/p31noticias.com.br\/?p=26212"},"modified":"2022-06-10T00:57:19","modified_gmt":"2022-06-10T03:57:19","slug":"estado-de-sao-paulo-confirma-o-primeiro-caso-de-variola-dos-macacos-no-brasil","status":"publish","type":"post","link":"https:\/\/www.p31noticias.com.br\/?p=26212","title":{"rendered":"Estado de S\u00e3o Paulo confirma o primeiro caso de var\u00edola dos macacos no Brasil."},"content":{"rendered":"<p style=\"text-align: justify;\"><em><strong>Prefeitura de S\u00e3o Paulo j\u00e1 havia informado que um homem de 41 anos foi diagnosticado com o v\u00edrus, mas faltava a an\u00e1lise do Instituto Adolfo Lutz.<\/strong><\/em><\/p>\n<p style=\"text-align: justify;\">A Secretaria de Estado da Sa\u00fade de S\u00e3o Paulo divulgou comunicado em que confirmou o primeiro caso de <a href=\"https:\/\/jovempan.com.br\/tag\/variola-dos-macacos\"><strong>var\u00edola dos macacos<\/strong><\/a>\u00a0no Brasil. A\u00a0<a href=\"https:\/\/jovempan.com.br\/tag\/prefeitura-de-sao-paulo\"><strong>prefeitura da capital paulista<\/strong><\/a>\u00a0j\u00e1 havia informado ontem que um homem de 41 anos foi diagnosticado com o v\u00edrus, mas faltava a an\u00e1lise do Instituto Adolfo Lutz. O exame RT-PCR deu negativo para o v\u00edrus Varicela Zoster (causador da catapora e da herpes zoster). J\u00e1 a an\u00e1lise metagen\u00f4mica do material gen\u00e9tico confirmou o genoma do v\u00edrus da var\u00edola dos macacos.<\/p>\n<div class=\"context\" style=\"text-align: justify;\">\n<p>O homem, que n\u00e3o teve a identidade revelada, mora na cidade de S\u00e3o Paulo e esteve recentemente em\u00a0<a href=\"https:\/\/jovempan.com.br\/tag\/portugal\"><strong>Portugal<\/strong><\/a>\u00a0e na\u00a0<a href=\"https:\/\/jovempan.com.br\/tag\/espanha\"><strong>Espanha<\/strong><\/a>, pa\u00edses que lidam com surto da doen\u00e7a. Ele est\u00e1 internado no Instituto de Infectologia Em\u00edlio Ribas (zona oeste da capital), em bom estado cl\u00ednico, de acordo com a secretaria. Todos os contatos do paciente est\u00e3o sendo monitorados pelas equipes de vigil\u00e2ncia sanit\u00e1ria do Estado. A capital paulista ainda tem outro caso suspeito, de uma mulher de 26 anos. Cear\u00e1, Mato Grosso do Sul, Rio Grande do Sul, Rond\u00f4nia e Santa Catarina tamb\u00e9m acompanham poss\u00edveis infectados.<\/p>\n<p>Os principais sintomas da doen\u00e7a \u2014 que j\u00e1 teve casos positivos em pa\u00edses da \u00c1frica Ocidental e Europa, al\u00e9m de\u00a0<strong><a href=\"https:\/\/jovempan.com.br\/tag\/estados-unidos\">Estados Unidos<\/a><\/strong>,\u00a0<a href=\"https:\/\/jovempan.com.br\/tag\/canada\"><strong>Canad\u00e1<\/strong><\/a>\u00a0e\u00a0<a href=\"https:\/\/jovempan.com.br\/tag\/argentina\"><strong>Argentina<\/strong><\/a>\u00a0\u2014 aparecem de 7 a 21 dias ap\u00f3s a infec\u00e7\u00e3o. Os pacientes costumam apresentar febre, dores de cabe\u00e7a e musculares, incha\u00e7o dos g\u00e2nglios linf\u00e1ticos e erup\u00e7\u00f5es cut\u00e2neas. As feridas iniciam-se no rosto e depois se espalham por outras partes do corpo. O contato pr\u00f3ximo entre seres humanos costuma ser a principal via de transmiss\u00e3o da var\u00edola dos macacos, mas pode ocorrer atrav\u00e9s do compartilhamento de roupas pessoais, roupas de cama, tosses e espirros.<\/p>\n<\/div>\n<div class=\"meta\">\n<div class=\"row\">\n<div class=\"col-md-12\">\n<p style=\"text-align: justify;\">JP NEWS.<\/p>\n<\/div>\n<\/div>\n<\/div>\n","protected":false},"excerpt":{"rendered":"<p>Prefeitura de S\u00e3o Paulo j\u00e1 havia informado que um homem de 41 anos foi diagnosticado com o v\u00edrus, mas faltava a an\u00e1lise do Instituto Adolfo Lutz. A Secretaria de Estado da Sa\u00fade de S\u00e3o Paulo divulgou comunicado em que confirmou o primeiro caso de var\u00edola dos macacos\u00a0no Brasil. A\u00a0prefeitura da capital paulista\u00a0j\u00e1 havia informado ontem [&hellip;]<\/p>\n","protected":false},"author":2,"featured_media":26213,"comment_status":"open","ping_status":"open","sticky":false,"template":"","format":"standard","meta":{"footnotes":""},"categories":[68,124],"tags":[],"class_list":{"0":"post-26212","1":"post","2":"type-post","3":"status-publish","4":"format-standard","5":"has-post-thumbnail","7":"category-brasil","8":"category-saude"},"yoast_head":"<!-- This site is optimized with the Yoast SEO Premium plugin v24.5 (Yoast SEO v27.5) - https:\/\/yoast.com\/product\/yoast-seo-premium-wordpress\/ -->\n<title>Estado de S\u00e3o Paulo confirma o primeiro caso de var\u00edola dos macacos no Brasil. - P31<\/title>\n<meta name=\"robots\" content=\"index, follow, max-snippet:-1, max-image-preview:large, max-video-preview:-1\" \/>\n<link rel=\"canonical\" href=\"https:\/\/www.p31noticias.com.br\/?p=26212\" \/>\n<meta property=\"og:locale\" content=\"pt_BR\" \/>\n<meta property=\"og:type\" content=\"article\" \/>\n<meta property=\"og:title\" content=\"Estado de S\u00e3o Paulo confirma o primeiro caso de var\u00edola dos macacos no Brasil.\" \/>\n<meta property=\"og:description\" content=\"Prefeitura de S\u00e3o Paulo j\u00e1 havia informado que um homem de 41 anos foi diagnosticado com o v\u00edrus, mas faltava a an\u00e1lise do Instituto Adolfo Lutz. A Secretaria de Estado da Sa\u00fade de S\u00e3o Paulo divulgou comunicado em que confirmou o primeiro caso de var\u00edola dos macacos\u00a0no Brasil. A\u00a0prefeitura da capital paulista\u00a0j\u00e1 havia informado ontem [&hellip;]\" \/>\n<meta property=\"og:url\" content=\"https:\/\/www.p31noticias.com.br\/?p=26212\" \/>\n<meta property=\"og:site_name\" content=\"P31\" \/>\n<meta property=\"article:published_time\" content=\"2022-06-10T03:57:19+00:00\" \/>\n<meta property=\"og:image\" content=\"https:\/\/www.p31noticias.com.br\/wp-content\/uploads\/2022\/06\/cjp20220608003-676x450-1.jpg\" \/>\n\t<meta property=\"og:image:width\" content=\"676\" \/>\n\t<meta property=\"og:image:height\" content=\"450\" \/>\n\t<meta property=\"og:image:type\" content=\"image\/jpeg\" \/>\n<meta name=\"author\" content=\"Gon\u00e7alves Junior\" \/>\n<meta name=\"twitter:card\" content=\"summary_large_image\" \/>\n<meta name=\"twitter:label1\" content=\"Escrito por\" \/>\n\t<meta name=\"twitter:data1\" content=\"Gon\u00e7alves Junior\" \/>\n\t<meta name=\"twitter:label2\" content=\"Est. tempo de leitura\" \/>\n\t<meta name=\"twitter:data2\" content=\"2 minutos\" \/>\n<script type=\"application\/ld+json\" class=\"yoast-schema-graph\">{\"@context\":\"https:\\\/\\\/schema.org\",\"@graph\":[{\"@type\":\"Article\",\"@id\":\"https:\\\/\\\/www.p31noticias.com.br\\\/?p=26212#article\",\"isPartOf\":{\"@id\":\"https:\\\/\\\/www.p31noticias.com.br\\\/?p=26212\"},\"author\":{\"name\":\"Gon\u00e7alves Junior\",\"@id\":\"https:\\\/\\\/www.p31noticias.com.br\\\/#\\\/schema\\\/person\\\/95f2ece30e3b4132065b915150cd0f94\"},\"headline\":\"Estado de S\u00e3o Paulo confirma o primeiro caso de var\u00edola dos macacos no Brasil.\",\"datePublished\":\"2022-06-10T03:57:19+00:00\",\"mainEntityOfPage\":{\"@id\":\"https:\\\/\\\/www.p31noticias.com.br\\\/?p=26212\"},\"wordCount\":357,\"commentCount\":0,\"image\":{\"@id\":\"https:\\\/\\\/www.p31noticias.com.br\\\/?p=26212#primaryimage\"},\"thumbnailUrl\":\"https:\\\/\\\/www.p31noticias.com.br\\\/wp-content\\\/uploads\\\/2022\\\/06\\\/cjp20220608003-676x450-1.jpg\",\"articleSection\":[\"Brasil\",\"Sa\u00fade\"],\"inLanguage\":\"pt-BR\",\"potentialAction\":[{\"@type\":\"CommentAction\",\"name\":\"Comment\",\"target\":[\"https:\\\/\\\/www.p31noticias.com.br\\\/?p=26212#respond\"]}],\"copyrightYear\":\"2022\",\"copyrightHolder\":{\"@id\":\"https:\\\/\\\/www.p31noticias.com.br\\\/#organization\"}},{\"@type\":\"WebPage\",\"@id\":\"https:\\\/\\\/www.p31noticias.com.br\\\/?p=26212\",\"url\":\"https:\\\/\\\/www.p31noticias.com.br\\\/?p=26212\",\"name\":\"Estado de S\u00e3o Paulo confirma o primeiro caso de var\u00edola dos macacos no Brasil. - P31\",\"isPartOf\":{\"@id\":\"https:\\\/\\\/www.p31noticias.com.br\\\/#website\"},\"primaryImageOfPage\":{\"@id\":\"https:\\\/\\\/www.p31noticias.com.br\\\/?p=26212#primaryimage\"},\"image\":{\"@id\":\"https:\\\/\\\/www.p31noticias.com.br\\\/?p=26212#primaryimage\"},\"thumbnailUrl\":\"https:\\\/\\\/www.p31noticias.com.br\\\/wp-content\\\/uploads\\\/2022\\\/06\\\/cjp20220608003-676x450-1.jpg\",\"datePublished\":\"2022-06-10T03:57:19+00:00\",\"author\":{\"@id\":\"https:\\\/\\\/www.p31noticias.com.br\\\/#\\\/schema\\\/person\\\/95f2ece30e3b4132065b915150cd0f94\"},\"breadcrumb\":{\"@id\":\"https:\\\/\\\/www.p31noticias.com.br\\\/?p=26212#breadcrumb\"},\"inLanguage\":\"pt-BR\",\"potentialAction\":[{\"@type\":\"ReadAction\",\"target\":[\"https:\\\/\\\/www.p31noticias.com.br\\\/?p=26212\"]}]},{\"@type\":\"ImageObject\",\"inLanguage\":\"pt-BR\",\"@id\":\"https:\\\/\\\/www.p31noticias.com.br\\\/?p=26212#primaryimage\",\"url\":\"https:\\\/\\\/www.p31noticias.com.br\\\/wp-content\\\/uploads\\\/2022\\\/06\\\/cjp20220608003-676x450-1.jpg\",\"contentUrl\":\"https:\\\/\\\/www.p31noticias.com.br\\\/wp-content\\\/uploads\\\/2022\\\/06\\\/cjp20220608003-676x450-1.jpg\",\"width\":676,\"height\":450},{\"@type\":\"BreadcrumbList\",\"@id\":\"https:\\\/\\\/www.p31noticias.com.br\\\/?p=26212#breadcrumb\",\"itemListElement\":[{\"@type\":\"ListItem\",\"position\":1,\"name\":\"In\u00edcio\",\"item\":\"https:\\\/\\\/www.p31noticias.com.br\\\/\"},{\"@type\":\"ListItem\",\"position\":2,\"name\":\"Estado de S\u00e3o Paulo confirma o primeiro caso de var\u00edola dos macacos no Brasil.\"}]},{\"@type\":\"WebSite\",\"@id\":\"https:\\\/\\\/www.p31noticias.com.br\\\/#website\",\"url\":\"https:\\\/\\\/www.p31noticias.com.br\\\/\",\"name\":\"P31\",\"description\":\"NOT\u00cdCIAS\",\"potentialAction\":[{\"@type\":\"SearchAction\",\"target\":{\"@type\":\"EntryPoint\",\"urlTemplate\":\"https:\\\/\\\/www.p31noticias.com.br\\\/?s={search_term_string}\"},\"query-input\":{\"@type\":\"PropertyValueSpecification\",\"valueRequired\":true,\"valueName\":\"search_term_string\"}}],\"inLanguage\":\"pt-BR\"},{\"@type\":\"Person\",\"@id\":\"https:\\\/\\\/www.p31noticias.com.br\\\/#\\\/schema\\\/person\\\/95f2ece30e3b4132065b915150cd0f94\",\"name\":\"Gon\u00e7alves Junior\",\"image\":{\"@type\":\"ImageObject\",\"inLanguage\":\"pt-BR\",\"@id\":\"https:\\\/\\\/secure.gravatar.com\\\/avatar\\\/6711f350116a89762687a48d66f723c799e5438a5b7578508d4294cd7a5d0800?s=96&d=mm&r=g\",\"url\":\"https:\\\/\\\/secure.gravatar.com\\\/avatar\\\/6711f350116a89762687a48d66f723c799e5438a5b7578508d4294cd7a5d0800?s=96&d=mm&r=g\",\"contentUrl\":\"https:\\\/\\\/secure.gravatar.com\\\/avatar\\\/6711f350116a89762687a48d66f723c799e5438a5b7578508d4294cd7a5d0800?s=96&d=mm&r=g\",\"caption\":\"Gon\u00e7alves Junior\"},\"url\":\"https:\\\/\\\/www.p31noticias.com.br\\\/?author=2\"}]}<\/script>\n<!-- \/ Yoast SEO Premium plugin. -->","yoast_head_json":{"title":"Estado de S\u00e3o Paulo confirma o primeiro caso de var\u00edola dos macacos no Brasil. - P31","robots":{"index":"index","follow":"follow","max-snippet":"max-snippet:-1","max-image-preview":"max-image-preview:large","max-video-preview":"max-video-preview:-1"},"canonical":"https:\/\/www.p31noticias.com.br\/?p=26212","og_locale":"pt_BR","og_type":"article","og_title":"Estado de S\u00e3o Paulo confirma o primeiro caso de var\u00edola dos macacos no Brasil.","og_description":"Prefeitura de S\u00e3o Paulo j\u00e1 havia informado que um homem de 41 anos foi diagnosticado com o v\u00edrus, mas faltava a an\u00e1lise do Instituto Adolfo Lutz. A Secretaria de Estado da Sa\u00fade de S\u00e3o Paulo divulgou comunicado em que confirmou o primeiro caso de var\u00edola dos macacos\u00a0no Brasil. A\u00a0prefeitura da capital paulista\u00a0j\u00e1 havia informado ontem [&hellip;]","og_url":"https:\/\/www.p31noticias.com.br\/?p=26212","og_site_name":"P31","article_published_time":"2022-06-10T03:57:19+00:00","og_image":[{"width":676,"height":450,"url":"https:\/\/www.p31noticias.com.br\/wp-content\/uploads\/2022\/06\/cjp20220608003-676x450-1.jpg","type":"image\/jpeg"}],"author":"Gon\u00e7alves Junior","twitter_card":"summary_large_image","twitter_misc":{"Escrito por":"Gon\u00e7alves Junior","Est. tempo de leitura":"2 minutos"},"schema":{"@context":"https:\/\/schema.org","@graph":[{"@type":"Article","@id":"https:\/\/www.p31noticias.com.br\/?p=26212#article","isPartOf":{"@id":"https:\/\/www.p31noticias.com.br\/?p=26212"},"author":{"name":"Gon\u00e7alves Junior","@id":"https:\/\/www.p31noticias.com.br\/#\/schema\/person\/95f2ece30e3b4132065b915150cd0f94"},"headline":"Estado de S\u00e3o Paulo confirma o primeiro caso de var\u00edola dos macacos no Brasil.","datePublished":"2022-06-10T03:57:19+00:00","mainEntityOfPage":{"@id":"https:\/\/www.p31noticias.com.br\/?p=26212"},"wordCount":357,"commentCount":0,"image":{"@id":"https:\/\/www.p31noticias.com.br\/?p=26212#primaryimage"},"thumbnailUrl":"https:\/\/www.p31noticias.com.br\/wp-content\/uploads\/2022\/06\/cjp20220608003-676x450-1.jpg","articleSection":["Brasil","Sa\u00fade"],"inLanguage":"pt-BR","potentialAction":[{"@type":"CommentAction","name":"Comment","target":["https:\/\/www.p31noticias.com.br\/?p=26212#respond"]}],"copyrightYear":"2022","copyrightHolder":{"@id":"https:\/\/www.p31noticias.com.br\/#organization"}},{"@type":"WebPage","@id":"https:\/\/www.p31noticias.com.br\/?p=26212","url":"https:\/\/www.p31noticias.com.br\/?p=26212","name":"Estado de S\u00e3o Paulo confirma o primeiro caso de var\u00edola dos macacos no Brasil. - P31","isPartOf":{"@id":"https:\/\/www.p31noticias.com.br\/#website"},"primaryImageOfPage":{"@id":"https:\/\/www.p31noticias.com.br\/?p=26212#primaryimage"},"image":{"@id":"https:\/\/www.p31noticias.com.br\/?p=26212#primaryimage"},"thumbnailUrl":"https:\/\/www.p31noticias.com.br\/wp-content\/uploads\/2022\/06\/cjp20220608003-676x450-1.jpg","datePublished":"2022-06-10T03:57:19+00:00","author":{"@id":"https:\/\/www.p31noticias.com.br\/#\/schema\/person\/95f2ece30e3b4132065b915150cd0f94"},"breadcrumb":{"@id":"https:\/\/www.p31noticias.com.br\/?p=26212#breadcrumb"},"inLanguage":"pt-BR","potentialAction":[{"@type":"ReadAction","target":["https:\/\/www.p31noticias.com.br\/?p=26212"]}]},{"@type":"ImageObject","inLanguage":"pt-BR","@id":"https:\/\/www.p31noticias.com.br\/?p=26212#primaryimage","url":"https:\/\/www.p31noticias.com.br\/wp-content\/uploads\/2022\/06\/cjp20220608003-676x450-1.jpg","contentUrl":"https:\/\/www.p31noticias.com.br\/wp-content\/uploads\/2022\/06\/cjp20220608003-676x450-1.jpg","width":676,"height":450},{"@type":"BreadcrumbList","@id":"https:\/\/www.p31noticias.com.br\/?p=26212#breadcrumb","itemListElement":[{"@type":"ListItem","position":1,"name":"In\u00edcio","item":"https:\/\/www.p31noticias.com.br\/"},{"@type":"ListItem","position":2,"name":"Estado de S\u00e3o Paulo confirma o primeiro caso de var\u00edola dos macacos no Brasil."}]},{"@type":"WebSite","@id":"https:\/\/www.p31noticias.com.br\/#website","url":"https:\/\/www.p31noticias.com.br\/","name":"P31","description":"NOT\u00cdCIAS","potentialAction":[{"@type":"SearchAction","target":{"@type":"EntryPoint","urlTemplate":"https:\/\/www.p31noticias.com.br\/?s={search_term_string}"},"query-input":{"@type":"PropertyValueSpecification","valueRequired":true,"valueName":"search_term_string"}}],"inLanguage":"pt-BR"},{"@type":"Person","@id":"https:\/\/www.p31noticias.com.br\/#\/schema\/person\/95f2ece30e3b4132065b915150cd0f94","name":"Gon\u00e7alves Junior","image":{"@type":"ImageObject","inLanguage":"pt-BR","@id":"https:\/\/secure.gravatar.com\/avatar\/6711f350116a89762687a48d66f723c799e5438a5b7578508d4294cd7a5d0800?s=96&d=mm&r=g","url":"https:\/\/secure.gravatar.com\/avatar\/6711f350116a89762687a48d66f723c799e5438a5b7578508d4294cd7a5d0800?s=96&d=mm&r=g","contentUrl":"https:\/\/secure.gravatar.com\/avatar\/6711f350116a89762687a48d66f723c799e5438a5b7578508d4294cd7a5d0800?s=96&d=mm&r=g","caption":"Gon\u00e7alves Junior"},"url":"https:\/\/www.p31noticias.com.br\/?author=2"}]}},"amp_enabled":true,"_links":{"self":[{"href":"https:\/\/www.p31noticias.com.br\/index.php?rest_route=\/wp\/v2\/posts\/26212","targetHints":{"allow":["GET"]}}],"collection":[{"href":"https:\/\/www.p31noticias.com.br\/index.php?rest_route=\/wp\/v2\/posts"}],"about":[{"href":"https:\/\/www.p31noticias.com.br\/index.php?rest_route=\/wp\/v2\/types\/post"}],"author":[{"embeddable":true,"href":"https:\/\/www.p31noticias.com.br\/index.php?rest_route=\/wp\/v2\/users\/2"}],"replies":[{"embeddable":true,"href":"https:\/\/www.p31noticias.com.br\/index.php?rest_route=%2Fwp%2Fv2%2Fcomments&post=26212"}],"version-history":[{"count":1,"href":"https:\/\/www.p31noticias.com.br\/index.php?rest_route=\/wp\/v2\/posts\/26212\/revisions"}],"predecessor-version":[{"id":26214,"href":"https:\/\/www.p31noticias.com.br\/index.php?rest_route=\/wp\/v2\/posts\/26212\/revisions\/26214"}],"wp:featuredmedia":[{"embeddable":true,"href":"https:\/\/www.p31noticias.com.br\/index.php?rest_route=\/wp\/v2\/media\/26213"}],"wp:attachment":[{"href":"https:\/\/www.p31noticias.com.br\/index.php?rest_route=%2Fwp%2Fv2%2Fmedia&parent=26212"}],"wp:term":[{"taxonomy":"category","embeddable":true,"href":"https:\/\/www.p31noticias.com.br\/index.php?rest_route=%2Fwp%2Fv2%2Fcategories&post=26212"},{"taxonomy":"post_tag","embeddable":true,"href":"https:\/\/www.p31noticias.com.br\/index.php?rest_route=%2Fwp%2Fv2%2Ftags&post=26212"}],"curies":[{"name":"wp","href":"https:\/\/api.w.org\/{rel}","templated":true}]}}