{"id":26203,"date":"2022-06-09T10:27:50","date_gmt":"2022-06-09T13:27:50","guid":{"rendered":"https:\/\/p31noticias.com.br\/?p=26203"},"modified":"2022-06-09T11:07:33","modified_gmt":"2022-06-09T14:07:33","slug":"adolescente-morto-carro","status":"publish","type":"post","link":"https:\/\/www.p31noticias.com.br\/?p=26203","title":{"rendered":"Adolescente \u00e9 morto em Bras\u00edlia por criticar um carro"},"content":{"rendered":"<p>A pol\u00edcia investigou o caso que est\u00e1 classificado como duplamente qualificado, &#8220;motivo f\u00fatil&#8221; e &#8220;uso de recurso que dificultou a defesa da v\u00edtima&#8221;. At\u00e9 essa quinta-feira (9\/6), o suspeito est\u00e1 foragido.<\/p>\n<p>Pol\u00edcia Civil do Distrito Federal procura um homem suspeito de matar um adolescente, de 16 anos, em Brazl\u00e2ndia, no \u00faltimo dia 25 de maio, ap\u00f3s o jovem criticar as condi\u00e7\u00f5es do carro dele. Erisvan Rodrigues da Silva, de 34 anos, est\u00e1 foragido desde a data do crime.<\/p>\n<p><img loading=\"lazy\" decoding=\"async\" class=\"alignnone size-medium wp-image-26204\" src=\"https:\/\/p31noticias.com.br\/wp-content\/uploads\/2022\/06\/assassino-300x227.png\" alt=\"\" width=\"300\" height=\"227\" srcset=\"https:\/\/www.p31noticias.com.br\/wp-content\/uploads\/2022\/06\/assassino-300x227.png 300w, https:\/\/www.p31noticias.com.br\/wp-content\/uploads\/2022\/06\/assassino-150x113.png 150w, https:\/\/www.p31noticias.com.br\/wp-content\/uploads\/2022\/06\/assassino.png 638w\" sizes=\"auto, (max-width: 300px) 100vw, 300px\" \/><\/p>\n<p>Segundo a investiga\u00e7\u00e3o, o jovem fez coment\u00e1rios &#8220;desdenhando&#8221; o carro de Erisvan, depois que o motorista pediu ajuda para empurrar o ve\u00edculo, que n\u00e3o funcionava. O caso \u00e9 investigado como homic\u00eddio duplamente qualificado &#8220;pelo motivo f\u00fatil e emprego de recurso que dificultou a defesa da v\u00edtima&#8221;.<\/p>\n<p>De acordo com o delegado Mozeli da Silva, da 18\u00aa Delegacia de Pol\u00edcia, antes do crime, Erisvan, o adolescente e outras pessoas acenderam uma fogueira em uma \u00e1rea aberta, em Brazl\u00e2ndia. Quando decidiram ir embora, Erisvan pediu ajuda para o adolescente e um amigo, para empurrar e dar partida no carro dele.<\/p>\n<p>Nesse momento, segundo a pol\u00edcia, o jovem fez um coment\u00e1rio sobre o estado do ve\u00edculo. Erisvan, ent\u00e3o, esfaqueou o adolescente no est\u00f4mago. O jovem morreu na hora.<\/p>\n<p>Conforme a Pol\u00edcia Civil, antes de fugir, Erisvan ainda usou a faca para amea\u00e7ar as outras pessoas que estavam no local. A partir das provas levantadas, a Pol\u00edcia Civil pediu a pris\u00e3o preventiva do suspeito, que foi acatada pela Justi\u00e7a do DF.<\/p>\n<p>At\u00e9 a publica\u00e7\u00e3o desta reportagem, o homem ainda n\u00e3o havia sido encontrado. A Pol\u00edcia Civil pede que quem tiver informa\u00e7\u00f5es sobre o paradeiro do suspeito ligue para o n\u00famero 197, do disque den\u00fancia.<\/p>\n","protected":false},"excerpt":{"rendered":"<p>A pol\u00edcia investigou o caso que est\u00e1 classificado como duplamente qualificado, &#8220;motivo f\u00fatil&#8221; e &#8220;uso de recurso que dificultou a defesa da v\u00edtima&#8221;. At\u00e9 essa quinta-feira (9\/6), o suspeito est\u00e1 foragido. Pol\u00edcia Civil do Distrito Federal procura um homem suspeito de matar um adolescente, de 16 anos, em Brazl\u00e2ndia, no \u00faltimo dia 25 de maio, [&hellip;]<\/p>\n","protected":false},"author":18,"featured_media":26204,"comment_status":"open","ping_status":"open","sticky":false,"template":"","format":"standard","meta":{"footnotes":""},"categories":[21],"tags":[750],"class_list":{"0":"post-26203","1":"post","2":"type-post","3":"status-publish","4":"format-standard","5":"has-post-thumbnail","7":"category-brasilia","8":"tag-homicidio"},"yoast_head":"<!-- This site is optimized with the Yoast SEO Premium plugin v24.5 (Yoast SEO v27.5) - https:\/\/yoast.com\/product\/yoast-seo-premium-wordpress\/ -->\n<title>Adolescente \u00e9 morto em Bras\u00edlia por criticar um carro - P31<\/title>\n<meta name=\"robots\" content=\"index, follow, max-snippet:-1, max-image-preview:large, max-video-preview:-1\" \/>\n<link rel=\"canonical\" href=\"https:\/\/www.p31noticias.com.br\/?p=26203\" \/>\n<meta property=\"og:locale\" content=\"pt_BR\" \/>\n<meta property=\"og:type\" content=\"article\" \/>\n<meta property=\"og:title\" content=\"Adolescente \u00e9 morto em Bras\u00edlia por criticar um carro\" \/>\n<meta property=\"og:description\" content=\"A pol\u00edcia investigou o caso que est\u00e1 classificado como duplamente qualificado, &#8220;motivo f\u00fatil&#8221; e &#8220;uso de recurso que dificultou a defesa da v\u00edtima&#8221;. At\u00e9 essa quinta-feira (9\/6), o suspeito est\u00e1 foragido. Pol\u00edcia Civil do Distrito Federal procura um homem suspeito de matar um adolescente, de 16 anos, em Brazl\u00e2ndia, no \u00faltimo dia 25 de maio, [&hellip;]\" \/>\n<meta property=\"og:url\" content=\"https:\/\/www.p31noticias.com.br\/?p=26203\" \/>\n<meta property=\"og:site_name\" content=\"P31\" \/>\n<meta property=\"article:published_time\" content=\"2022-06-09T13:27:50+00:00\" \/>\n<meta property=\"article:modified_time\" content=\"2022-06-09T14:07:33+00:00\" \/>\n<meta property=\"og:image\" content=\"https:\/\/www.p31noticias.com.br\/wp-content\/uploads\/2022\/06\/assassino.png\" \/>\n\t<meta property=\"og:image:width\" content=\"638\" \/>\n\t<meta property=\"og:image:height\" content=\"482\" \/>\n\t<meta property=\"og:image:type\" content=\"image\/png\" \/>\n<meta name=\"author\" content=\"Reda\u00e7\u00e3o JBN\" \/>\n<meta name=\"twitter:card\" content=\"summary_large_image\" \/>\n<meta name=\"twitter:label1\" content=\"Escrito por\" \/>\n\t<meta name=\"twitter:data1\" content=\"Reda\u00e7\u00e3o JBN\" \/>\n\t<meta name=\"twitter:label2\" content=\"Est. tempo de leitura\" \/>\n\t<meta name=\"twitter:data2\" content=\"2 minutos\" \/>\n<script type=\"application\/ld+json\" class=\"yoast-schema-graph\">{\"@context\":\"https:\\\/\\\/schema.org\",\"@graph\":[{\"@type\":\"Article\",\"@id\":\"https:\\\/\\\/www.p31noticias.com.br\\\/?p=26203#article\",\"isPartOf\":{\"@id\":\"https:\\\/\\\/www.p31noticias.com.br\\\/?p=26203\"},\"author\":{\"name\":\"Reda\u00e7\u00e3o JBN\",\"@id\":\"https:\\\/\\\/www.p31noticias.com.br\\\/#\\\/schema\\\/person\\\/77d6b186c710ac38937c6ec204fdd387\"},\"headline\":\"Adolescente \u00e9 morto em Bras\u00edlia por criticar um carro\",\"datePublished\":\"2022-06-09T13:27:50+00:00\",\"dateModified\":\"2022-06-09T14:07:33+00:00\",\"mainEntityOfPage\":{\"@id\":\"https:\\\/\\\/www.p31noticias.com.br\\\/?p=26203\"},\"wordCount\":312,\"commentCount\":0,\"image\":{\"@id\":\"https:\\\/\\\/www.p31noticias.com.br\\\/?p=26203#primaryimage\"},\"thumbnailUrl\":\"https:\\\/\\\/www.p31noticias.com.br\\\/wp-content\\\/uploads\\\/2022\\\/06\\\/assassino.png\",\"keywords\":[\"homic\u00eddio\"],\"articleSection\":[\"Bras\u00edlia\"],\"inLanguage\":\"pt-BR\",\"potentialAction\":[{\"@type\":\"CommentAction\",\"name\":\"Comment\",\"target\":[\"https:\\\/\\\/www.p31noticias.com.br\\\/?p=26203#respond\"]}],\"copyrightYear\":\"2022\",\"copyrightHolder\":{\"@id\":\"https:\\\/\\\/www.p31noticias.com.br\\\/#organization\"}},{\"@type\":\"WebPage\",\"@id\":\"https:\\\/\\\/www.p31noticias.com.br\\\/?p=26203\",\"url\":\"https:\\\/\\\/www.p31noticias.com.br\\\/?p=26203\",\"name\":\"Adolescente \u00e9 morto em Bras\u00edlia por criticar um carro - P31\",\"isPartOf\":{\"@id\":\"https:\\\/\\\/www.p31noticias.com.br\\\/#website\"},\"primaryImageOfPage\":{\"@id\":\"https:\\\/\\\/www.p31noticias.com.br\\\/?p=26203#primaryimage\"},\"image\":{\"@id\":\"https:\\\/\\\/www.p31noticias.com.br\\\/?p=26203#primaryimage\"},\"thumbnailUrl\":\"https:\\\/\\\/www.p31noticias.com.br\\\/wp-content\\\/uploads\\\/2022\\\/06\\\/assassino.png\",\"datePublished\":\"2022-06-09T13:27:50+00:00\",\"dateModified\":\"2022-06-09T14:07:33+00:00\",\"author\":{\"@id\":\"https:\\\/\\\/www.p31noticias.com.br\\\/#\\\/schema\\\/person\\\/77d6b186c710ac38937c6ec204fdd387\"},\"breadcrumb\":{\"@id\":\"https:\\\/\\\/www.p31noticias.com.br\\\/?p=26203#breadcrumb\"},\"inLanguage\":\"pt-BR\",\"potentialAction\":[{\"@type\":\"ReadAction\",\"target\":[\"https:\\\/\\\/www.p31noticias.com.br\\\/?p=26203\"]}]},{\"@type\":\"ImageObject\",\"inLanguage\":\"pt-BR\",\"@id\":\"https:\\\/\\\/www.p31noticias.com.br\\\/?p=26203#primaryimage\",\"url\":\"https:\\\/\\\/www.p31noticias.com.br\\\/wp-content\\\/uploads\\\/2022\\\/06\\\/assassino.png\",\"contentUrl\":\"https:\\\/\\\/www.p31noticias.com.br\\\/wp-content\\\/uploads\\\/2022\\\/06\\\/assassino.png\",\"width\":638,\"height\":482},{\"@type\":\"BreadcrumbList\",\"@id\":\"https:\\\/\\\/www.p31noticias.com.br\\\/?p=26203#breadcrumb\",\"itemListElement\":[{\"@type\":\"ListItem\",\"position\":1,\"name\":\"In\u00edcio\",\"item\":\"https:\\\/\\\/www.p31noticias.com.br\\\/\"},{\"@type\":\"ListItem\",\"position\":2,\"name\":\"Adolescente \u00e9 morto em Bras\u00edlia por criticar um carro\"}]},{\"@type\":\"WebSite\",\"@id\":\"https:\\\/\\\/www.p31noticias.com.br\\\/#website\",\"url\":\"https:\\\/\\\/www.p31noticias.com.br\\\/\",\"name\":\"P31\",\"description\":\"NOT\u00cdCIAS\",\"potentialAction\":[{\"@type\":\"SearchAction\",\"target\":{\"@type\":\"EntryPoint\",\"urlTemplate\":\"https:\\\/\\\/www.p31noticias.com.br\\\/?s={search_term_string}\"},\"query-input\":{\"@type\":\"PropertyValueSpecification\",\"valueRequired\":true,\"valueName\":\"search_term_string\"}}],\"inLanguage\":\"pt-BR\"},{\"@type\":\"Person\",\"@id\":\"https:\\\/\\\/www.p31noticias.com.br\\\/#\\\/schema\\\/person\\\/77d6b186c710ac38937c6ec204fdd387\",\"name\":\"Reda\u00e7\u00e3o JBN\",\"image\":{\"@type\":\"ImageObject\",\"inLanguage\":\"pt-BR\",\"@id\":\"https:\\\/\\\/secure.gravatar.com\\\/avatar\\\/10fcdb93211f98cce3d64c0795b0915a9a4a21dc0f279238995a3dbfafcad090?s=96&d=mm&r=g\",\"url\":\"https:\\\/\\\/secure.gravatar.com\\\/avatar\\\/10fcdb93211f98cce3d64c0795b0915a9a4a21dc0f279238995a3dbfafcad090?s=96&d=mm&r=g\",\"contentUrl\":\"https:\\\/\\\/secure.gravatar.com\\\/avatar\\\/10fcdb93211f98cce3d64c0795b0915a9a4a21dc0f279238995a3dbfafcad090?s=96&d=mm&r=g\",\"caption\":\"Reda\u00e7\u00e3o JBN\"},\"sameAs\":[\"https:\\\/\\\/p31noticias.com.br\"],\"url\":\"https:\\\/\\\/www.p31noticias.com.br\\\/?author=18\"}]}<\/script>\n<!-- \/ Yoast SEO Premium plugin. -->","yoast_head_json":{"title":"Adolescente \u00e9 morto em Bras\u00edlia por criticar um carro - P31","robots":{"index":"index","follow":"follow","max-snippet":"max-snippet:-1","max-image-preview":"max-image-preview:large","max-video-preview":"max-video-preview:-1"},"canonical":"https:\/\/www.p31noticias.com.br\/?p=26203","og_locale":"pt_BR","og_type":"article","og_title":"Adolescente \u00e9 morto em Bras\u00edlia por criticar um carro","og_description":"A pol\u00edcia investigou o caso que est\u00e1 classificado como duplamente qualificado, &#8220;motivo f\u00fatil&#8221; e &#8220;uso de recurso que dificultou a defesa da v\u00edtima&#8221;. At\u00e9 essa quinta-feira (9\/6), o suspeito est\u00e1 foragido. Pol\u00edcia Civil do Distrito Federal procura um homem suspeito de matar um adolescente, de 16 anos, em Brazl\u00e2ndia, no \u00faltimo dia 25 de maio, [&hellip;]","og_url":"https:\/\/www.p31noticias.com.br\/?p=26203","og_site_name":"P31","article_published_time":"2022-06-09T13:27:50+00:00","article_modified_time":"2022-06-09T14:07:33+00:00","og_image":[{"width":638,"height":482,"url":"https:\/\/www.p31noticias.com.br\/wp-content\/uploads\/2022\/06\/assassino.png","type":"image\/png"}],"author":"Reda\u00e7\u00e3o JBN","twitter_card":"summary_large_image","twitter_misc":{"Escrito por":"Reda\u00e7\u00e3o JBN","Est. tempo de leitura":"2 minutos"},"schema":{"@context":"https:\/\/schema.org","@graph":[{"@type":"Article","@id":"https:\/\/www.p31noticias.com.br\/?p=26203#article","isPartOf":{"@id":"https:\/\/www.p31noticias.com.br\/?p=26203"},"author":{"name":"Reda\u00e7\u00e3o JBN","@id":"https:\/\/www.p31noticias.com.br\/#\/schema\/person\/77d6b186c710ac38937c6ec204fdd387"},"headline":"Adolescente \u00e9 morto em Bras\u00edlia por criticar um carro","datePublished":"2022-06-09T13:27:50+00:00","dateModified":"2022-06-09T14:07:33+00:00","mainEntityOfPage":{"@id":"https:\/\/www.p31noticias.com.br\/?p=26203"},"wordCount":312,"commentCount":0,"image":{"@id":"https:\/\/www.p31noticias.com.br\/?p=26203#primaryimage"},"thumbnailUrl":"https:\/\/www.p31noticias.com.br\/wp-content\/uploads\/2022\/06\/assassino.png","keywords":["homic\u00eddio"],"articleSection":["Bras\u00edlia"],"inLanguage":"pt-BR","potentialAction":[{"@type":"CommentAction","name":"Comment","target":["https:\/\/www.p31noticias.com.br\/?p=26203#respond"]}],"copyrightYear":"2022","copyrightHolder":{"@id":"https:\/\/www.p31noticias.com.br\/#organization"}},{"@type":"WebPage","@id":"https:\/\/www.p31noticias.com.br\/?p=26203","url":"https:\/\/www.p31noticias.com.br\/?p=26203","name":"Adolescente \u00e9 morto em Bras\u00edlia por criticar um carro - P31","isPartOf":{"@id":"https:\/\/www.p31noticias.com.br\/#website"},"primaryImageOfPage":{"@id":"https:\/\/www.p31noticias.com.br\/?p=26203#primaryimage"},"image":{"@id":"https:\/\/www.p31noticias.com.br\/?p=26203#primaryimage"},"thumbnailUrl":"https:\/\/www.p31noticias.com.br\/wp-content\/uploads\/2022\/06\/assassino.png","datePublished":"2022-06-09T13:27:50+00:00","dateModified":"2022-06-09T14:07:33+00:00","author":{"@id":"https:\/\/www.p31noticias.com.br\/#\/schema\/person\/77d6b186c710ac38937c6ec204fdd387"},"breadcrumb":{"@id":"https:\/\/www.p31noticias.com.br\/?p=26203#breadcrumb"},"inLanguage":"pt-BR","potentialAction":[{"@type":"ReadAction","target":["https:\/\/www.p31noticias.com.br\/?p=26203"]}]},{"@type":"ImageObject","inLanguage":"pt-BR","@id":"https:\/\/www.p31noticias.com.br\/?p=26203#primaryimage","url":"https:\/\/www.p31noticias.com.br\/wp-content\/uploads\/2022\/06\/assassino.png","contentUrl":"https:\/\/www.p31noticias.com.br\/wp-content\/uploads\/2022\/06\/assassino.png","width":638,"height":482},{"@type":"BreadcrumbList","@id":"https:\/\/www.p31noticias.com.br\/?p=26203#breadcrumb","itemListElement":[{"@type":"ListItem","position":1,"name":"In\u00edcio","item":"https:\/\/www.p31noticias.com.br\/"},{"@type":"ListItem","position":2,"name":"Adolescente \u00e9 morto em Bras\u00edlia por criticar um carro"}]},{"@type":"WebSite","@id":"https:\/\/www.p31noticias.com.br\/#website","url":"https:\/\/www.p31noticias.com.br\/","name":"P31","description":"NOT\u00cdCIAS","potentialAction":[{"@type":"SearchAction","target":{"@type":"EntryPoint","urlTemplate":"https:\/\/www.p31noticias.com.br\/?s={search_term_string}"},"query-input":{"@type":"PropertyValueSpecification","valueRequired":true,"valueName":"search_term_string"}}],"inLanguage":"pt-BR"},{"@type":"Person","@id":"https:\/\/www.p31noticias.com.br\/#\/schema\/person\/77d6b186c710ac38937c6ec204fdd387","name":"Reda\u00e7\u00e3o JBN","image":{"@type":"ImageObject","inLanguage":"pt-BR","@id":"https:\/\/secure.gravatar.com\/avatar\/10fcdb93211f98cce3d64c0795b0915a9a4a21dc0f279238995a3dbfafcad090?s=96&d=mm&r=g","url":"https:\/\/secure.gravatar.com\/avatar\/10fcdb93211f98cce3d64c0795b0915a9a4a21dc0f279238995a3dbfafcad090?s=96&d=mm&r=g","contentUrl":"https:\/\/secure.gravatar.com\/avatar\/10fcdb93211f98cce3d64c0795b0915a9a4a21dc0f279238995a3dbfafcad090?s=96&d=mm&r=g","caption":"Reda\u00e7\u00e3o JBN"},"sameAs":["https:\/\/p31noticias.com.br"],"url":"https:\/\/www.p31noticias.com.br\/?author=18"}]}},"amp_enabled":true,"_links":{"self":[{"href":"https:\/\/www.p31noticias.com.br\/index.php?rest_route=\/wp\/v2\/posts\/26203","targetHints":{"allow":["GET"]}}],"collection":[{"href":"https:\/\/www.p31noticias.com.br\/index.php?rest_route=\/wp\/v2\/posts"}],"about":[{"href":"https:\/\/www.p31noticias.com.br\/index.php?rest_route=\/wp\/v2\/types\/post"}],"author":[{"embeddable":true,"href":"https:\/\/www.p31noticias.com.br\/index.php?rest_route=\/wp\/v2\/users\/18"}],"replies":[{"embeddable":true,"href":"https:\/\/www.p31noticias.com.br\/index.php?rest_route=%2Fwp%2Fv2%2Fcomments&post=26203"}],"version-history":[{"count":2,"href":"https:\/\/www.p31noticias.com.br\/index.php?rest_route=\/wp\/v2\/posts\/26203\/revisions"}],"predecessor-version":[{"id":26206,"href":"https:\/\/www.p31noticias.com.br\/index.php?rest_route=\/wp\/v2\/posts\/26203\/revisions\/26206"}],"wp:featuredmedia":[{"embeddable":true,"href":"https:\/\/www.p31noticias.com.br\/index.php?rest_route=\/wp\/v2\/media\/26204"}],"wp:attachment":[{"href":"https:\/\/www.p31noticias.com.br\/index.php?rest_route=%2Fwp%2Fv2%2Fmedia&parent=26203"}],"wp:term":[{"taxonomy":"category","embeddable":true,"href":"https:\/\/www.p31noticias.com.br\/index.php?rest_route=%2Fwp%2Fv2%2Fcategories&post=26203"},{"taxonomy":"post_tag","embeddable":true,"href":"https:\/\/www.p31noticias.com.br\/index.php?rest_route=%2Fwp%2Fv2%2Ftags&post=26203"}],"curies":[{"name":"wp","href":"https:\/\/api.w.org\/{rel}","templated":true}]}}