{"id":26186,"date":"2022-06-08T18:03:05","date_gmt":"2022-06-08T21:03:05","guid":{"rendered":"https:\/\/p31noticias.com.br\/?p=26186"},"modified":"2022-06-08T18:03:05","modified_gmt":"2022-06-08T21:03:05","slug":"governo-propoe-compensar-estados-por-reducao-a-zero-do-icms-sobre-combustiveis","status":"publish","type":"post","link":"https:\/\/www.p31noticias.com.br\/?p=26186","title":{"rendered":"Governo prop\u00f5e compensar estados por redu\u00e7\u00e3o a zero do ICMS sobre combust\u00edveis"},"content":{"rendered":"<h1 class=\"documentFirstHeading\">Governo prop\u00f5e compensar estados por redu\u00e7\u00e3o a zero do ICMS sobre combust\u00edveis<\/h1>\n<p>De acordo com o <a href=\"https:\/\/www.gov.br\/economia\/pt-br\/assuntos\/noticias\/2022\/junho\/governo-propoe-compensar-estados-por-reducao-a-zero-do-icms-sobre-combustiveis\">Minist\u00e9rio da Economia:<\/a><\/p>\n<p>O governo federal anunciou nesta segunda-feira (6\/6) que, se o Projeto de Lei Complementar (PLP) 18\/22, em tramita\u00e7\u00e3o no Senado, for aprovado, ressarcir\u00e1 os estados para que n\u00e3o tenham perda de arrecada\u00e7\u00e3o, com a condi\u00e7\u00e3o de que os entes federativos zerem a al\u00edquota do Imposto sobre Circula\u00e7\u00e3o de Mercadorias e Servi\u00e7os (ICMS) sobre o diesel e o g\u00e1s de cozinha. O PLP 18 considera que combust\u00edveis, energia, g\u00e1s natural, comunica\u00e7\u00f5es e transportes coletivos s\u00e3o, para fins de tributa\u00e7\u00e3o, itens essenciais e indispens\u00e1veis e fixa um teto de 17% para a incid\u00eancia sobre eles. A compensa\u00e7\u00e3o extraordin\u00e1ria, segundo o ministro da Economia, Paulo Guedes, ser\u00e1 feita at\u00e9 31 de dezembro de 2022, caso os governos estaduais aceitem a proposta, e o valor a ser compensado pelo governo ser\u00e1 definido em breve. Al\u00e9m disso, o governo tamb\u00e9m cortaria impostos federais (PIS-Cofins e Cide) sobre a gasolina e o etanol.<\/p>\n<p>\u201cA inten\u00e7\u00e3o \u00e9 que uma parte que venha por esse teto de 17% seja colabora\u00e7\u00e3o dos estados e munic\u00edpios, e o governo federal, por outro lado, transferindo recursos para qualquer redu\u00e7\u00e3o de imposto que v\u00e1 al\u00e9m disso\u201d, disse Paulo Guedes.<\/p>\n<p>\u201cO governo federal se disp\u00f5e a transferir recursos, que \u00e9 uma forma de fazer o repasse para estados e munic\u00edpios, ressarcindo, transferindo receitas para eles, de forma que n\u00e3o tenham perda de arrecada\u00e7\u00e3o por estarem contribuindo para atenuar o impacto sobre o povo dessa segunda grande guerra que n\u00f3s estamos enfrentando, que come\u00e7ou h\u00e1 100 dias\u201d, acrescentou o ministro, referindo-se ao conflito entre R\u00fassia e Ucr\u00e2nia.<\/p>\n<p>Paulo Guedes frisou que o compromisso com a responsabilidade fiscal continua sendo seguido com completo rigor. \u201cTemos receitas or\u00e7ament\u00e1rias extraordin\u00e1rias que ainda n\u00e3o foram lan\u00e7adas no or\u00e7amento, e essa expans\u00e3o de transfer\u00eancia de recursos para outros entes federativos estar\u00e1 limitada a essas receitas extraordin\u00e1rias. Tudo o que, pelo vigor da recupera\u00e7\u00e3o econ\u00f4mica, est\u00e1 vindo como recursos extraordin\u00e1rios, acima das nossas previs\u00f5es, ser\u00e1 repassado para a popula\u00e7\u00e3o brasileira por meio da redu\u00e7\u00e3o de impostos, pelos estados. Tecnicamente \u00e9 isso.\u201d<\/p>\n<p><b>Essencialidade<\/b><\/p>\n<p>\u201cO PLP 18, que a C\u00e2mara aprovou, de certa forma diz o seguinte: tem um crit\u00e9rio de essencialidade e todos t\u00eam que se engajar nesse combate, todos t\u00eam que colaborar, principalmente se receberam recursos abundantes\u201d, disse o ministro Paulo Guedes. \u201cN\u00f3s gastamos quase R$ 700 bilh\u00f5es. Estados e munic\u00edpios est\u00e3o numa situa\u00e7\u00e3o em que nunca estiveram antes, todos em equil\u00edbrio, com as contas em dia. A guerra que est\u00e1 vindo agora \u00e9 a guerra do pre\u00e7o da comida e da energia\u201d, acrescentou.<\/p>\n<p>A proposta do governo federal foi objeto de uma reuni\u00e3o entre o presidente Jair Bolsonaro, o ministro Paulo Guedes, o ministro-chefe da Casa Civil, Ciro Nogueira, o ministro das Minas e Energia, Adolfo Sachsida, o ministro-chefe do Gabinete de Seguran\u00e7a Institucional, Augusto Heleno, o presidente do Senado, Rodrigo Pacheco, o presidente da C\u00e2mara, Arthur Lira, e o relator do PLP 18 no Senado, Fernando Bezerra Coelho. Na sequ\u00eancia do encontro foi feita uma declara\u00e7\u00e3o \u00e0 imprensa, no Sal\u00e3o Leste do Pal\u00e1cio do Planalto.<\/p>\n<p>\u201cJ\u00e1 no ano passado, o presidente tinha manifestado interesse nesse compartilhamento de custos. Se a economia voltou forte, e a arrecada\u00e7\u00e3o est\u00e1 aumentando, tem um comportamento que \u00e9 justamente transferir uma parte desse aumento de arrecada\u00e7\u00e3o para a popula\u00e7\u00e3o\u201d, disse Paulo Guedes. \u201cEstamos renovando nosso compromisso de prote\u00e7\u00e3o da popula\u00e7\u00e3o brasileira, com a coopera\u00e7\u00e3o dos entes federativos e das duas Casas, o Senado e da C\u00e2mara\u201d, acrescentou.<\/p>\n<p>O ministro reiterou que o governo federal est\u00e1 mantendo o \u201cduplo compromisso\u201d. Segundo Paulo Guedes, o governo federal vai transferir recursos e n\u00e3o dar subs\u00eddio. \u201cVamos transferir recursos exatamente para permitir redu\u00e7\u00e3o de impostos, que sempre foi o nosso programa. \u00c9 o que n\u00f3s estamos fazendo e \u00e9 muito parecido como o que fizemos com a cess\u00e3o onerosa. Transferimos recursos para estados, para que eles possam transferir uma parte do aumento de arrecada\u00e7\u00e3o para a popula\u00e7\u00e3o brasileira\u201d, ressaltou. \u201cBaixar a carga tribut\u00e1ria \u00e9 um esfor\u00e7o cooperativo entre os entes federativos\u201d, disse.<\/p>\n","protected":false},"excerpt":{"rendered":"<p>Governo prop\u00f5e compensar estados por redu\u00e7\u00e3o a zero do ICMS sobre combust\u00edveis De acordo com o Minist\u00e9rio da Economia: O governo federal anunciou nesta segunda-feira (6\/6) que, se o Projeto de Lei Complementar (PLP) 18\/22, em tramita\u00e7\u00e3o no Senado, for aprovado, ressarcir\u00e1 os estados para que n\u00e3o tenham perda de arrecada\u00e7\u00e3o, com a condi\u00e7\u00e3o de [&hellip;]<\/p>\n","protected":false},"author":18,"featured_media":26187,"comment_status":"open","ping_status":"open","sticky":false,"template":"","format":"standard","meta":{"footnotes":""},"categories":[68,637],"tags":[745,746,743,744,747],"class_list":{"0":"post-26186","1":"post","2":"type-post","3":"status-publish","4":"format-standard","5":"has-post-thumbnail","7":"category-brasil","8":"category-economia","9":"tag-combustivel","10":"tag-gasolina","11":"tag-guedes","12":"tag-icms","13":"tag-imposto"},"yoast_head":"<!-- This site is optimized with the Yoast SEO Premium plugin v24.5 (Yoast SEO v27.5) - https:\/\/yoast.com\/product\/yoast-seo-premium-wordpress\/ -->\n<title>Governo prop\u00f5e compensar estados por redu\u00e7\u00e3o a zero do ICMS sobre combust\u00edveis - P31<\/title>\n<meta name=\"robots\" content=\"index, follow, max-snippet:-1, max-image-preview:large, max-video-preview:-1\" \/>\n<link rel=\"canonical\" href=\"https:\/\/www.p31noticias.com.br\/?p=26186\" \/>\n<meta property=\"og:locale\" content=\"pt_BR\" \/>\n<meta property=\"og:type\" content=\"article\" \/>\n<meta property=\"og:title\" content=\"Governo prop\u00f5e compensar estados por redu\u00e7\u00e3o a zero do ICMS sobre combust\u00edveis\" \/>\n<meta property=\"og:description\" content=\"Governo prop\u00f5e compensar estados por redu\u00e7\u00e3o a zero do ICMS sobre combust\u00edveis De acordo com o Minist\u00e9rio da Economia: O governo federal anunciou nesta segunda-feira (6\/6) que, se o Projeto de Lei Complementar (PLP) 18\/22, em tramita\u00e7\u00e3o no Senado, for aprovado, ressarcir\u00e1 os estados para que n\u00e3o tenham perda de arrecada\u00e7\u00e3o, com a condi\u00e7\u00e3o de [&hellip;]\" \/>\n<meta property=\"og:url\" content=\"https:\/\/www.p31noticias.com.br\/?p=26186\" \/>\n<meta property=\"og:site_name\" content=\"P31\" \/>\n<meta property=\"article:published_time\" content=\"2022-06-08T21:03:05+00:00\" \/>\n<meta property=\"og:image\" content=\"https:\/\/www.p31noticias.com.br\/wp-content\/uploads\/2022\/06\/minECO.png\" \/>\n\t<meta property=\"og:image:width\" content=\"1134\" \/>\n\t<meta property=\"og:image:height\" content=\"598\" \/>\n\t<meta property=\"og:image:type\" content=\"image\/png\" \/>\n<meta name=\"author\" content=\"Reda\u00e7\u00e3o JBN\" \/>\n<meta name=\"twitter:card\" content=\"summary_large_image\" \/>\n<meta name=\"twitter:label1\" content=\"Escrito por\" \/>\n\t<meta name=\"twitter:data1\" content=\"Reda\u00e7\u00e3o JBN\" \/>\n\t<meta name=\"twitter:label2\" content=\"Est. tempo de leitura\" \/>\n\t<meta name=\"twitter:data2\" content=\"4 minutos\" \/>\n<script type=\"application\/ld+json\" class=\"yoast-schema-graph\">{\"@context\":\"https:\\\/\\\/schema.org\",\"@graph\":[{\"@type\":\"Article\",\"@id\":\"https:\\\/\\\/www.p31noticias.com.br\\\/?p=26186#article\",\"isPartOf\":{\"@id\":\"https:\\\/\\\/www.p31noticias.com.br\\\/?p=26186\"},\"author\":{\"name\":\"Reda\u00e7\u00e3o JBN\",\"@id\":\"https:\\\/\\\/www.p31noticias.com.br\\\/#\\\/schema\\\/person\\\/77d6b186c710ac38937c6ec204fdd387\"},\"headline\":\"Governo prop\u00f5e compensar estados por redu\u00e7\u00e3o a zero do ICMS sobre combust\u00edveis\",\"datePublished\":\"2022-06-08T21:03:05+00:00\",\"mainEntityOfPage\":{\"@id\":\"https:\\\/\\\/www.p31noticias.com.br\\\/?p=26186\"},\"wordCount\":754,\"commentCount\":0,\"image\":{\"@id\":\"https:\\\/\\\/www.p31noticias.com.br\\\/?p=26186#primaryimage\"},\"thumbnailUrl\":\"https:\\\/\\\/www.p31noticias.com.br\\\/wp-content\\\/uploads\\\/2022\\\/06\\\/minECO.png\",\"keywords\":[\"combust\u00edvel\",\"gasolina\",\"guedes\",\"ICMS\",\"imposto\"],\"articleSection\":[\"Brasil\",\"Economia\"],\"inLanguage\":\"pt-BR\",\"potentialAction\":[{\"@type\":\"CommentAction\",\"name\":\"Comment\",\"target\":[\"https:\\\/\\\/www.p31noticias.com.br\\\/?p=26186#respond\"]}],\"copyrightYear\":\"2022\",\"copyrightHolder\":{\"@id\":\"https:\\\/\\\/www.p31noticias.com.br\\\/#organization\"}},{\"@type\":\"WebPage\",\"@id\":\"https:\\\/\\\/www.p31noticias.com.br\\\/?p=26186\",\"url\":\"https:\\\/\\\/www.p31noticias.com.br\\\/?p=26186\",\"name\":\"Governo prop\u00f5e compensar estados por redu\u00e7\u00e3o a zero do ICMS sobre combust\u00edveis - P31\",\"isPartOf\":{\"@id\":\"https:\\\/\\\/www.p31noticias.com.br\\\/#website\"},\"primaryImageOfPage\":{\"@id\":\"https:\\\/\\\/www.p31noticias.com.br\\\/?p=26186#primaryimage\"},\"image\":{\"@id\":\"https:\\\/\\\/www.p31noticias.com.br\\\/?p=26186#primaryimage\"},\"thumbnailUrl\":\"https:\\\/\\\/www.p31noticias.com.br\\\/wp-content\\\/uploads\\\/2022\\\/06\\\/minECO.png\",\"datePublished\":\"2022-06-08T21:03:05+00:00\",\"author\":{\"@id\":\"https:\\\/\\\/www.p31noticias.com.br\\\/#\\\/schema\\\/person\\\/77d6b186c710ac38937c6ec204fdd387\"},\"breadcrumb\":{\"@id\":\"https:\\\/\\\/www.p31noticias.com.br\\\/?p=26186#breadcrumb\"},\"inLanguage\":\"pt-BR\",\"potentialAction\":[{\"@type\":\"ReadAction\",\"target\":[\"https:\\\/\\\/www.p31noticias.com.br\\\/?p=26186\"]}]},{\"@type\":\"ImageObject\",\"inLanguage\":\"pt-BR\",\"@id\":\"https:\\\/\\\/www.p31noticias.com.br\\\/?p=26186#primaryimage\",\"url\":\"https:\\\/\\\/www.p31noticias.com.br\\\/wp-content\\\/uploads\\\/2022\\\/06\\\/minECO.png\",\"contentUrl\":\"https:\\\/\\\/www.p31noticias.com.br\\\/wp-content\\\/uploads\\\/2022\\\/06\\\/minECO.png\",\"width\":1134,\"height\":598},{\"@type\":\"BreadcrumbList\",\"@id\":\"https:\\\/\\\/www.p31noticias.com.br\\\/?p=26186#breadcrumb\",\"itemListElement\":[{\"@type\":\"ListItem\",\"position\":1,\"name\":\"In\u00edcio\",\"item\":\"https:\\\/\\\/www.p31noticias.com.br\\\/\"},{\"@type\":\"ListItem\",\"position\":2,\"name\":\"Governo prop\u00f5e compensar estados por redu\u00e7\u00e3o a zero do ICMS sobre combust\u00edveis\"}]},{\"@type\":\"WebSite\",\"@id\":\"https:\\\/\\\/www.p31noticias.com.br\\\/#website\",\"url\":\"https:\\\/\\\/www.p31noticias.com.br\\\/\",\"name\":\"P31\",\"description\":\"NOT\u00cdCIAS\",\"potentialAction\":[{\"@type\":\"SearchAction\",\"target\":{\"@type\":\"EntryPoint\",\"urlTemplate\":\"https:\\\/\\\/www.p31noticias.com.br\\\/?s={search_term_string}\"},\"query-input\":{\"@type\":\"PropertyValueSpecification\",\"valueRequired\":true,\"valueName\":\"search_term_string\"}}],\"inLanguage\":\"pt-BR\"},{\"@type\":\"Person\",\"@id\":\"https:\\\/\\\/www.p31noticias.com.br\\\/#\\\/schema\\\/person\\\/77d6b186c710ac38937c6ec204fdd387\",\"name\":\"Reda\u00e7\u00e3o JBN\",\"image\":{\"@type\":\"ImageObject\",\"inLanguage\":\"pt-BR\",\"@id\":\"https:\\\/\\\/secure.gravatar.com\\\/avatar\\\/10fcdb93211f98cce3d64c0795b0915a9a4a21dc0f279238995a3dbfafcad090?s=96&d=mm&r=g\",\"url\":\"https:\\\/\\\/secure.gravatar.com\\\/avatar\\\/10fcdb93211f98cce3d64c0795b0915a9a4a21dc0f279238995a3dbfafcad090?s=96&d=mm&r=g\",\"contentUrl\":\"https:\\\/\\\/secure.gravatar.com\\\/avatar\\\/10fcdb93211f98cce3d64c0795b0915a9a4a21dc0f279238995a3dbfafcad090?s=96&d=mm&r=g\",\"caption\":\"Reda\u00e7\u00e3o JBN\"},\"sameAs\":[\"https:\\\/\\\/p31noticias.com.br\"],\"url\":\"https:\\\/\\\/www.p31noticias.com.br\\\/?author=18\"}]}<\/script>\n<!-- \/ Yoast SEO Premium plugin. -->","yoast_head_json":{"title":"Governo prop\u00f5e compensar estados por redu\u00e7\u00e3o a zero do ICMS sobre combust\u00edveis - P31","robots":{"index":"index","follow":"follow","max-snippet":"max-snippet:-1","max-image-preview":"max-image-preview:large","max-video-preview":"max-video-preview:-1"},"canonical":"https:\/\/www.p31noticias.com.br\/?p=26186","og_locale":"pt_BR","og_type":"article","og_title":"Governo prop\u00f5e compensar estados por redu\u00e7\u00e3o a zero do ICMS sobre combust\u00edveis","og_description":"Governo prop\u00f5e compensar estados por redu\u00e7\u00e3o a zero do ICMS sobre combust\u00edveis De acordo com o Minist\u00e9rio da Economia: O governo federal anunciou nesta segunda-feira (6\/6) que, se o Projeto de Lei Complementar (PLP) 18\/22, em tramita\u00e7\u00e3o no Senado, for aprovado, ressarcir\u00e1 os estados para que n\u00e3o tenham perda de arrecada\u00e7\u00e3o, com a condi\u00e7\u00e3o de [&hellip;]","og_url":"https:\/\/www.p31noticias.com.br\/?p=26186","og_site_name":"P31","article_published_time":"2022-06-08T21:03:05+00:00","og_image":[{"width":1134,"height":598,"url":"https:\/\/www.p31noticias.com.br\/wp-content\/uploads\/2022\/06\/minECO.png","type":"image\/png"}],"author":"Reda\u00e7\u00e3o JBN","twitter_card":"summary_large_image","twitter_misc":{"Escrito por":"Reda\u00e7\u00e3o JBN","Est. tempo de leitura":"4 minutos"},"schema":{"@context":"https:\/\/schema.org","@graph":[{"@type":"Article","@id":"https:\/\/www.p31noticias.com.br\/?p=26186#article","isPartOf":{"@id":"https:\/\/www.p31noticias.com.br\/?p=26186"},"author":{"name":"Reda\u00e7\u00e3o JBN","@id":"https:\/\/www.p31noticias.com.br\/#\/schema\/person\/77d6b186c710ac38937c6ec204fdd387"},"headline":"Governo prop\u00f5e compensar estados por redu\u00e7\u00e3o a zero do ICMS sobre combust\u00edveis","datePublished":"2022-06-08T21:03:05+00:00","mainEntityOfPage":{"@id":"https:\/\/www.p31noticias.com.br\/?p=26186"},"wordCount":754,"commentCount":0,"image":{"@id":"https:\/\/www.p31noticias.com.br\/?p=26186#primaryimage"},"thumbnailUrl":"https:\/\/www.p31noticias.com.br\/wp-content\/uploads\/2022\/06\/minECO.png","keywords":["combust\u00edvel","gasolina","guedes","ICMS","imposto"],"articleSection":["Brasil","Economia"],"inLanguage":"pt-BR","potentialAction":[{"@type":"CommentAction","name":"Comment","target":["https:\/\/www.p31noticias.com.br\/?p=26186#respond"]}],"copyrightYear":"2022","copyrightHolder":{"@id":"https:\/\/www.p31noticias.com.br\/#organization"}},{"@type":"WebPage","@id":"https:\/\/www.p31noticias.com.br\/?p=26186","url":"https:\/\/www.p31noticias.com.br\/?p=26186","name":"Governo prop\u00f5e compensar estados por redu\u00e7\u00e3o a zero do ICMS sobre combust\u00edveis - P31","isPartOf":{"@id":"https:\/\/www.p31noticias.com.br\/#website"},"primaryImageOfPage":{"@id":"https:\/\/www.p31noticias.com.br\/?p=26186#primaryimage"},"image":{"@id":"https:\/\/www.p31noticias.com.br\/?p=26186#primaryimage"},"thumbnailUrl":"https:\/\/www.p31noticias.com.br\/wp-content\/uploads\/2022\/06\/minECO.png","datePublished":"2022-06-08T21:03:05+00:00","author":{"@id":"https:\/\/www.p31noticias.com.br\/#\/schema\/person\/77d6b186c710ac38937c6ec204fdd387"},"breadcrumb":{"@id":"https:\/\/www.p31noticias.com.br\/?p=26186#breadcrumb"},"inLanguage":"pt-BR","potentialAction":[{"@type":"ReadAction","target":["https:\/\/www.p31noticias.com.br\/?p=26186"]}]},{"@type":"ImageObject","inLanguage":"pt-BR","@id":"https:\/\/www.p31noticias.com.br\/?p=26186#primaryimage","url":"https:\/\/www.p31noticias.com.br\/wp-content\/uploads\/2022\/06\/minECO.png","contentUrl":"https:\/\/www.p31noticias.com.br\/wp-content\/uploads\/2022\/06\/minECO.png","width":1134,"height":598},{"@type":"BreadcrumbList","@id":"https:\/\/www.p31noticias.com.br\/?p=26186#breadcrumb","itemListElement":[{"@type":"ListItem","position":1,"name":"In\u00edcio","item":"https:\/\/www.p31noticias.com.br\/"},{"@type":"ListItem","position":2,"name":"Governo prop\u00f5e compensar estados por redu\u00e7\u00e3o a zero do ICMS sobre combust\u00edveis"}]},{"@type":"WebSite","@id":"https:\/\/www.p31noticias.com.br\/#website","url":"https:\/\/www.p31noticias.com.br\/","name":"P31","description":"NOT\u00cdCIAS","potentialAction":[{"@type":"SearchAction","target":{"@type":"EntryPoint","urlTemplate":"https:\/\/www.p31noticias.com.br\/?s={search_term_string}"},"query-input":{"@type":"PropertyValueSpecification","valueRequired":true,"valueName":"search_term_string"}}],"inLanguage":"pt-BR"},{"@type":"Person","@id":"https:\/\/www.p31noticias.com.br\/#\/schema\/person\/77d6b186c710ac38937c6ec204fdd387","name":"Reda\u00e7\u00e3o JBN","image":{"@type":"ImageObject","inLanguage":"pt-BR","@id":"https:\/\/secure.gravatar.com\/avatar\/10fcdb93211f98cce3d64c0795b0915a9a4a21dc0f279238995a3dbfafcad090?s=96&d=mm&r=g","url":"https:\/\/secure.gravatar.com\/avatar\/10fcdb93211f98cce3d64c0795b0915a9a4a21dc0f279238995a3dbfafcad090?s=96&d=mm&r=g","contentUrl":"https:\/\/secure.gravatar.com\/avatar\/10fcdb93211f98cce3d64c0795b0915a9a4a21dc0f279238995a3dbfafcad090?s=96&d=mm&r=g","caption":"Reda\u00e7\u00e3o JBN"},"sameAs":["https:\/\/p31noticias.com.br"],"url":"https:\/\/www.p31noticias.com.br\/?author=18"}]}},"amp_enabled":true,"_links":{"self":[{"href":"https:\/\/www.p31noticias.com.br\/index.php?rest_route=\/wp\/v2\/posts\/26186","targetHints":{"allow":["GET"]}}],"collection":[{"href":"https:\/\/www.p31noticias.com.br\/index.php?rest_route=\/wp\/v2\/posts"}],"about":[{"href":"https:\/\/www.p31noticias.com.br\/index.php?rest_route=\/wp\/v2\/types\/post"}],"author":[{"embeddable":true,"href":"https:\/\/www.p31noticias.com.br\/index.php?rest_route=\/wp\/v2\/users\/18"}],"replies":[{"embeddable":true,"href":"https:\/\/www.p31noticias.com.br\/index.php?rest_route=%2Fwp%2Fv2%2Fcomments&post=26186"}],"version-history":[{"count":1,"href":"https:\/\/www.p31noticias.com.br\/index.php?rest_route=\/wp\/v2\/posts\/26186\/revisions"}],"predecessor-version":[{"id":26188,"href":"https:\/\/www.p31noticias.com.br\/index.php?rest_route=\/wp\/v2\/posts\/26186\/revisions\/26188"}],"wp:featuredmedia":[{"embeddable":true,"href":"https:\/\/www.p31noticias.com.br\/index.php?rest_route=\/wp\/v2\/media\/26187"}],"wp:attachment":[{"href":"https:\/\/www.p31noticias.com.br\/index.php?rest_route=%2Fwp%2Fv2%2Fmedia&parent=26186"}],"wp:term":[{"taxonomy":"category","embeddable":true,"href":"https:\/\/www.p31noticias.com.br\/index.php?rest_route=%2Fwp%2Fv2%2Fcategories&post=26186"},{"taxonomy":"post_tag","embeddable":true,"href":"https:\/\/www.p31noticias.com.br\/index.php?rest_route=%2Fwp%2Fv2%2Ftags&post=26186"}],"curies":[{"name":"wp","href":"https:\/\/api.w.org\/{rel}","templated":true}]}}