{"id":26182,"date":"2022-06-08T17:56:28","date_gmt":"2022-06-08T20:56:28","guid":{"rendered":"https:\/\/p31noticias.com.br\/?p=26182"},"modified":"2022-06-08T17:56:28","modified_gmt":"2022-06-08T20:56:28","slug":"beneficios-sociais-para-vida-digna-e-prioridade-no-df","status":"publish","type":"post","link":"https:\/\/www.p31noticias.com.br\/?p=26182","title":{"rendered":"Benef\u00edcios sociais para vida digna \u00e9 prioridade no DF"},"content":{"rendered":"<h2>Al\u00e9m do Cart\u00e3o Prato Cheio, que j\u00e1 contempla 35 mil fam\u00edlias e chegar\u00e1 a 60 mil, cidad\u00e3os em vulnerabilidade contam com ajuda do governo para manter uma vida digna.<\/h2>\n<p>Fonte:<a href=\"https:\/\/www.agenciabrasilia.df.gov.br\/2022\/06\/08\/no-df-beneficios-sociais-estao-na-casa-de-quem-precisa\/\"> Ag\u00eancia Bras\u00edlia<\/a><\/p>\n<p>Para muito al\u00e9m de obras grandiosas como o T\u00fanel de Taguatinga ou o Viaduto do Recanto das Emas\/Riacho Fundo II, o Governo do Distrito Federal (GDF) cuida de pessoas ao garantir acesso \u00e0 educa\u00e7\u00e3o, alimenta\u00e7\u00e3o, trabalho e benef\u00edcios sociais que atendem a fam\u00edlias inteiras, incluindo pais, filhos e av\u00f3s. Os n\u00fameros mostram que os programas sociais do governo t\u00eam mudado a vida da popula\u00e7\u00e3o brasiliense.<\/p>\n<blockquote class=\"olho direita\"><p><span class=\"olho__texto h2 clearfix\">\u201cO Cart\u00e3o G\u00e1s deixou de ser um programa emergencial para se tornar uma lei, mostrando o qu\u00e3o importante \u00e9 para a popula\u00e7\u00e3o\u201d<\/span><span class=\"olho__assinatura block\">Mayara Noronha Rocha, secret\u00e1ria de Desenvolvimento Social<\/span><\/p><\/blockquote>\n<p>O Cart\u00e3o Prato Cheio e o Cart\u00e3o G\u00e1s foram criados pela atual gest\u00e3o para que a comida n\u00e3o falte na mesa de milhares de fam\u00edlias. O primeiro j\u00e1 alcan\u00e7a 35 mil fam\u00edlias que recebem R$ 250 em um cart\u00e3o para compras em supermercados durante nove meses. J\u00e1 o segundo oferece um benef\u00edcio de R$ 100 para a compra do g\u00e1s de cozinha, item de aquisi\u00e7\u00e3o cada vez mais dif\u00edcil para pessoas de baixa renda.<\/p>\n<figure id=\"attachment_414294\" class=\"wp-caption aligncenter\" aria-describedby=\"caption-attachment-414294\"><figcaption id=\"caption-attachment-414294\" class=\"wp-caption-text\">Cinthia Santana com a fam\u00edlia: \u201cA gente quer o melhor para os filhos, que eles tenham a oportunidade de ter uma profiss\u00e3o, algo que n\u00e3o consegui\u201d | Fotos: Renato Ara\u00fajo\/Ag\u00eancia Bras\u00edlia<\/figcaption><\/figure>\n<p>Al\u00e9m desses benef\u00edcios, h\u00e1 14 restaurantes comunit\u00e1rios espalhados pelo DF. O card\u00e1pio oferece comida saud\u00e1vel e balanceada a R$ 1, al\u00e9m do caf\u00e9 da manh\u00e3 dispon\u00edvel na maioria das unidades. J\u00e1 s\u00e3o mais de 28 milh\u00f5es de refei\u00e7\u00f5es servidas at\u00e9 o in\u00edcio deste m\u00eas \u2013 o que representa um refor\u00e7o na alimenta\u00e7\u00e3o dentro ou fora de casa.<\/p>\n<p>\u201cFomos a primeira unidade da Federa\u00e7\u00e3o a instituir o Cart\u00e3o G\u00e1s\u201d, lembra a secret\u00e1ria de Desenvolvimento Social, Mayara Noronha Rocha . \u201cUma forma de complementar as a\u00e7\u00f5es voltadas para a seguran\u00e7a alimentar e nutricional das pessoas, o benef\u00edcio deixou de ser um programa emergencial para se tornar uma lei, mostrando o qu\u00e3o importante \u00e9 para a popula\u00e7\u00e3o\u201d.<\/p>\n<p><strong>A cada dois meses, dinheiro para o g\u00e1s<br \/>\n<\/strong><br \/>\nJ\u00e1 s\u00e3o 350 mil donas de casa atendidas com o Cart\u00e3o G\u00e1s. Entre elas, a desempregada Lindaura Alvarenga, 38, moradora de Planaltina. Ela veio do Piau\u00ed em 2000 e mora com as duas filhas de 2 e 11 anos. \u201cMeu botij\u00e3o de g\u00e1s dura mais ou menos tr\u00eas meses e preciso muito para fazer a comida para a minha filha menor\u201d, conta. \u201cSem trabalhar, como seria para mim?\u201d<\/p>\n<p>Lindaura recebe ainda o DF Social, no valor de R$ 150, e foi beneficiada com parcelas do Prato Cheio em 2021. \u201cO Prato Cheio tornou-se um dos principais programas da gest\u00e3o\u201d, pontua Mayara Noronha Rocha. \u201cS\u00e3o cerca de 35 mil fam\u00edlias que recebem atualmente e que, em breve, v\u00e3o se tornar 60 mil. Outro grande feito recente foi passar de seis para nove meses o tempo de concess\u00e3o\u201d.<\/p>\n<p><strong>Dignidade e melhor aprendizado<br \/>\n<\/strong><\/p>\n<figure id=\"attachment_414298\" class=\"wp-caption alignleft\" aria-describedby=\"caption-attachment-414298\"><img loading=\"lazy\" decoding=\"async\" class=\" wp-image-414298\" src=\"http:\/\/agenciabrasilia.df.gov.br\/wp-conteudo\/uploads\/2022\/06\/Zesita-P.-Cruz-300x199.jpg\" sizes=\"auto, (max-width: 470px) 100vw, 470px\" srcset=\"https:\/\/www.agenciabrasilia.df.gov.br\/wp-conteudo\/uploads\/2022\/06\/Zesita-P.-Cruz-300x199.jpg 300w, https:\/\/www.agenciabrasilia.df.gov.br\/wp-conteudo\/uploads\/2022\/06\/Zesita-P.-Cruz-1024x680.jpg 1024w, https:\/\/www.agenciabrasilia.df.gov.br\/wp-conteudo\/uploads\/2022\/06\/Zesita-P.-Cruz-768x510.jpg 768w, https:\/\/www.agenciabrasilia.df.gov.br\/wp-conteudo\/uploads\/2022\/06\/Zesita-P.-Cruz-1536x1020.jpg 1536w, https:\/\/www.agenciabrasilia.df.gov.br\/wp-conteudo\/uploads\/2022\/06\/Zesita-P.-Cruz-2048x1360.jpg 2048w\" alt=\"\" width=\"470\" height=\"312\" \/><figcaption id=\"caption-attachment-414298\" class=\"wp-caption-text\">Zesita Cruz recebe aux\u00edlio do GDF para a filha Lorena Santana:\u00a0 \u201cAgrade\u00e7o demais ao governo, porque, se n\u00e3o fosse o cart\u00e3o escolar, ela ficaria sem material\u201d<\/figcaption><\/figure>\n<p>Na casa da diarista Cinthia Santana, em Santa Luzia, bairro da Estrutural, s\u00e3o tr\u00eas crian\u00e7as em idade escolar: as filhas Cindy, 14, Lara, 10, e a neta Agatha, de 3 anos. Todas estudam em escolas da regi\u00e3o administrativa, com direito a mochila, l\u00e1pis novos e cadernos para o aprendizado. Tudo proporcionado pelo Cart\u00e3o Material Escolar (CME), que libera R$ 320 para cada uma das alunas todo in\u00edcio de ano.<\/p>\n<p>\u201cChega ali em fevereiro, Lara j\u00e1 pergunta se o cart\u00e3o est\u00e1 liberado; elas ficam ansiosas para ter o material de estudo\u201d, revela Cinthia. \u201cA gente quer o melhor para os filhos, que elas tenham a oportunidade de ter uma profiss\u00e3o, algo que n\u00e3o consegui\u201d.<\/p>\n<p>Vizinha de Cinthia, Zesita Cruz, 54, \u00e9 faxineira e vive com a filha Lorena Santana, 7. Aluna da Escola Classe 1 da Estrutural, a menina \u00e9 uma estudante dedicada e tamb\u00e9m teve o material comprado com o aux\u00edlio vindo do cart\u00e3o.<\/p>\n<p>\u201cAgrade\u00e7o demais ao governo, porque, se n\u00e3o fosse o cart\u00e3o escolar, ela ficaria sem material\u201d, conta Zesita, tamb\u00e9m benefici\u00e1ria do Cart\u00e3o G\u00e1s. \u201cN\u00e3o tenho condi\u00e7\u00f5es financeiras, a pandemia foi muito dif\u00edcil para a gente. Assim, n\u00e3o tenho como tirar dinheiro da comida para comprar as coisas da escola\u201d. Zesita diz ainda ter recebido cestas emergenciais ao longo dos \u00faltimos dois anos, ap\u00f3s solicit\u00e1-las no Centro de Refer\u00eancia de Assist\u00eancia Social (Cras) perto de sua casa.<\/p>\n<div class=\"relacionadas text-uppercase  direita\">\n<p>Aux\u00edlio proporcionado pela Secretaria de Educa\u00e7\u00e3o (SEE), o Cart\u00e3o Material Escolar n\u00e3o somente mant\u00e9m a crian\u00e7a na escola \u2013 significa, igualmente, inclus\u00e3o. \u201cTemos a quest\u00e3o econ\u00f4mico-financeira, mas tamb\u00e9m o sentimento de pertencimento, o resgate da autoestima do aluno\u201d, avalia o subsecret\u00e1rio de Apoio \u00e0s Pol\u00edticas Educacionais da SEE, Nivaldo F\u00e9lix. \u201cA crian\u00e7a quer ter um bom material, assim como o colega de sala. Olhamos para a diminui\u00e7\u00e3o da desigualdade. Isso reflete na parte pedag\u00f3gica, estimula o bom aprendizado daquela crian\u00e7a\u201d.<\/p>\n<\/div>\n<p>H\u00e1 ainda o Cart\u00e3o Creche, que atende crian\u00e7as de at\u00e9 3 anos. Criado em 2020, o benef\u00edcio \u00e9 disponibilizado para o pagamento mensal a uma institui\u00e7\u00e3o privada, abrindo vagas complementares \u00e0 rede p\u00fablica do DF. Nada menos do que 15 mil vagas surgiram nos centros infantis ap\u00f3s a cria\u00e7\u00e3o do Cart\u00e3o Creche, em 2020.<\/p>\n<p>&nbsp;<\/p>\n","protected":false},"excerpt":{"rendered":"<p>Al\u00e9m do Cart\u00e3o Prato Cheio, que j\u00e1 contempla 35 mil fam\u00edlias e chegar\u00e1 a 60 mil, cidad\u00e3os em vulnerabilidade contam com ajuda do governo para manter uma vida digna. Fonte: Ag\u00eancia Bras\u00edlia Para muito al\u00e9m de obras grandiosas como o T\u00fanel de Taguatinga ou o Viaduto do Recanto das Emas\/Riacho Fundo II, o Governo do [&hellip;]<\/p>\n","protected":false},"author":18,"featured_media":26183,"comment_status":"open","ping_status":"open","sticky":false,"template":"","format":"standard","meta":{"footnotes":""},"categories":[21,57],"tags":[742,35],"class_list":{"0":"post-26182","1":"post","2":"type-post","3":"status-publish","4":"format-standard","5":"has-post-thumbnail","7":"category-brasilia","8":"category-politica","9":"tag-beneficio-sociais","10":"tag-gdf"},"yoast_head":"<!-- This site is optimized with the Yoast SEO Premium plugin v24.5 (Yoast SEO v27.5) - https:\/\/yoast.com\/product\/yoast-seo-premium-wordpress\/ -->\n<title>Benef\u00edcios sociais para vida digna \u00e9 prioridade no DF - P31<\/title>\n<meta name=\"robots\" content=\"index, follow, max-snippet:-1, max-image-preview:large, max-video-preview:-1\" \/>\n<link rel=\"canonical\" href=\"https:\/\/www.p31noticias.com.br\/?p=26182\" \/>\n<meta property=\"og:locale\" content=\"pt_BR\" \/>\n<meta property=\"og:type\" content=\"article\" \/>\n<meta property=\"og:title\" content=\"Benef\u00edcios sociais para vida digna \u00e9 prioridade no DF\" \/>\n<meta property=\"og:description\" content=\"Al\u00e9m do Cart\u00e3o Prato Cheio, que j\u00e1 contempla 35 mil fam\u00edlias e chegar\u00e1 a 60 mil, cidad\u00e3os em vulnerabilidade contam com ajuda do governo para manter uma vida digna. Fonte: Ag\u00eancia Bras\u00edlia Para muito al\u00e9m de obras grandiosas como o T\u00fanel de Taguatinga ou o Viaduto do Recanto das Emas\/Riacho Fundo II, o Governo do [&hellip;]\" \/>\n<meta property=\"og:url\" content=\"https:\/\/www.p31noticias.com.br\/?p=26182\" \/>\n<meta property=\"og:site_name\" content=\"P31\" \/>\n<meta property=\"article:published_time\" content=\"2022-06-08T20:56:28+00:00\" \/>\n<meta property=\"og:image\" content=\"https:\/\/www.p31noticias.com.br\/wp-content\/uploads\/2022\/06\/df.jpg\" \/>\n\t<meta property=\"og:image:width\" content=\"768\" \/>\n\t<meta property=\"og:image:height\" content=\"510\" \/>\n\t<meta property=\"og:image:type\" content=\"image\/jpeg\" \/>\n<meta name=\"author\" content=\"Reda\u00e7\u00e3o JBN\" \/>\n<meta name=\"twitter:card\" content=\"summary_large_image\" \/>\n<meta name=\"twitter:label1\" content=\"Escrito por\" \/>\n\t<meta name=\"twitter:data1\" content=\"Reda\u00e7\u00e3o JBN\" \/>\n\t<meta name=\"twitter:label2\" content=\"Est. tempo de leitura\" \/>\n\t<meta name=\"twitter:data2\" content=\"5 minutos\" \/>\n<script type=\"application\/ld+json\" class=\"yoast-schema-graph\">{\"@context\":\"https:\\\/\\\/schema.org\",\"@graph\":[{\"@type\":\"Article\",\"@id\":\"https:\\\/\\\/www.p31noticias.com.br\\\/?p=26182#article\",\"isPartOf\":{\"@id\":\"https:\\\/\\\/www.p31noticias.com.br\\\/?p=26182\"},\"author\":{\"name\":\"Reda\u00e7\u00e3o JBN\",\"@id\":\"https:\\\/\\\/www.p31noticias.com.br\\\/#\\\/schema\\\/person\\\/77d6b186c710ac38937c6ec204fdd387\"},\"headline\":\"Benef\u00edcios sociais para vida digna \u00e9 prioridade no DF\",\"datePublished\":\"2022-06-08T20:56:28+00:00\",\"mainEntityOfPage\":{\"@id\":\"https:\\\/\\\/www.p31noticias.com.br\\\/?p=26182\"},\"wordCount\":987,\"commentCount\":0,\"image\":{\"@id\":\"https:\\\/\\\/www.p31noticias.com.br\\\/?p=26182#primaryimage\"},\"thumbnailUrl\":\"https:\\\/\\\/www.p31noticias.com.br\\\/wp-content\\\/uploads\\\/2022\\\/06\\\/df.jpg\",\"keywords\":[\"benef\u00edcio sociais\",\"gdf\"],\"articleSection\":[\"Bras\u00edlia\",\"Pol\u00edtica\"],\"inLanguage\":\"pt-BR\",\"potentialAction\":[{\"@type\":\"CommentAction\",\"name\":\"Comment\",\"target\":[\"https:\\\/\\\/www.p31noticias.com.br\\\/?p=26182#respond\"]}],\"copyrightYear\":\"2022\",\"copyrightHolder\":{\"@id\":\"https:\\\/\\\/www.p31noticias.com.br\\\/#organization\"}},{\"@type\":\"WebPage\",\"@id\":\"https:\\\/\\\/www.p31noticias.com.br\\\/?p=26182\",\"url\":\"https:\\\/\\\/www.p31noticias.com.br\\\/?p=26182\",\"name\":\"Benef\u00edcios sociais para vida digna \u00e9 prioridade no DF - P31\",\"isPartOf\":{\"@id\":\"https:\\\/\\\/www.p31noticias.com.br\\\/#website\"},\"primaryImageOfPage\":{\"@id\":\"https:\\\/\\\/www.p31noticias.com.br\\\/?p=26182#primaryimage\"},\"image\":{\"@id\":\"https:\\\/\\\/www.p31noticias.com.br\\\/?p=26182#primaryimage\"},\"thumbnailUrl\":\"https:\\\/\\\/www.p31noticias.com.br\\\/wp-content\\\/uploads\\\/2022\\\/06\\\/df.jpg\",\"datePublished\":\"2022-06-08T20:56:28+00:00\",\"author\":{\"@id\":\"https:\\\/\\\/www.p31noticias.com.br\\\/#\\\/schema\\\/person\\\/77d6b186c710ac38937c6ec204fdd387\"},\"breadcrumb\":{\"@id\":\"https:\\\/\\\/www.p31noticias.com.br\\\/?p=26182#breadcrumb\"},\"inLanguage\":\"pt-BR\",\"potentialAction\":[{\"@type\":\"ReadAction\",\"target\":[\"https:\\\/\\\/www.p31noticias.com.br\\\/?p=26182\"]}]},{\"@type\":\"ImageObject\",\"inLanguage\":\"pt-BR\",\"@id\":\"https:\\\/\\\/www.p31noticias.com.br\\\/?p=26182#primaryimage\",\"url\":\"https:\\\/\\\/www.p31noticias.com.br\\\/wp-content\\\/uploads\\\/2022\\\/06\\\/df.jpg\",\"contentUrl\":\"https:\\\/\\\/www.p31noticias.com.br\\\/wp-content\\\/uploads\\\/2022\\\/06\\\/df.jpg\",\"width\":768,\"height\":510},{\"@type\":\"BreadcrumbList\",\"@id\":\"https:\\\/\\\/www.p31noticias.com.br\\\/?p=26182#breadcrumb\",\"itemListElement\":[{\"@type\":\"ListItem\",\"position\":1,\"name\":\"In\u00edcio\",\"item\":\"https:\\\/\\\/www.p31noticias.com.br\\\/\"},{\"@type\":\"ListItem\",\"position\":2,\"name\":\"Benef\u00edcios sociais para vida digna \u00e9 prioridade no DF\"}]},{\"@type\":\"WebSite\",\"@id\":\"https:\\\/\\\/www.p31noticias.com.br\\\/#website\",\"url\":\"https:\\\/\\\/www.p31noticias.com.br\\\/\",\"name\":\"P31\",\"description\":\"NOT\u00cdCIAS\",\"potentialAction\":[{\"@type\":\"SearchAction\",\"target\":{\"@type\":\"EntryPoint\",\"urlTemplate\":\"https:\\\/\\\/www.p31noticias.com.br\\\/?s={search_term_string}\"},\"query-input\":{\"@type\":\"PropertyValueSpecification\",\"valueRequired\":true,\"valueName\":\"search_term_string\"}}],\"inLanguage\":\"pt-BR\"},{\"@type\":\"Person\",\"@id\":\"https:\\\/\\\/www.p31noticias.com.br\\\/#\\\/schema\\\/person\\\/77d6b186c710ac38937c6ec204fdd387\",\"name\":\"Reda\u00e7\u00e3o JBN\",\"image\":{\"@type\":\"ImageObject\",\"inLanguage\":\"pt-BR\",\"@id\":\"https:\\\/\\\/secure.gravatar.com\\\/avatar\\\/10fcdb93211f98cce3d64c0795b0915a9a4a21dc0f279238995a3dbfafcad090?s=96&d=mm&r=g\",\"url\":\"https:\\\/\\\/secure.gravatar.com\\\/avatar\\\/10fcdb93211f98cce3d64c0795b0915a9a4a21dc0f279238995a3dbfafcad090?s=96&d=mm&r=g\",\"contentUrl\":\"https:\\\/\\\/secure.gravatar.com\\\/avatar\\\/10fcdb93211f98cce3d64c0795b0915a9a4a21dc0f279238995a3dbfafcad090?s=96&d=mm&r=g\",\"caption\":\"Reda\u00e7\u00e3o JBN\"},\"sameAs\":[\"https:\\\/\\\/p31noticias.com.br\"],\"url\":\"https:\\\/\\\/www.p31noticias.com.br\\\/?author=18\"}]}<\/script>\n<!-- \/ Yoast SEO Premium plugin. -->","yoast_head_json":{"title":"Benef\u00edcios sociais para vida digna \u00e9 prioridade no DF - P31","robots":{"index":"index","follow":"follow","max-snippet":"max-snippet:-1","max-image-preview":"max-image-preview:large","max-video-preview":"max-video-preview:-1"},"canonical":"https:\/\/www.p31noticias.com.br\/?p=26182","og_locale":"pt_BR","og_type":"article","og_title":"Benef\u00edcios sociais para vida digna \u00e9 prioridade no DF","og_description":"Al\u00e9m do Cart\u00e3o Prato Cheio, que j\u00e1 contempla 35 mil fam\u00edlias e chegar\u00e1 a 60 mil, cidad\u00e3os em vulnerabilidade contam com ajuda do governo para manter uma vida digna. Fonte: Ag\u00eancia Bras\u00edlia Para muito al\u00e9m de obras grandiosas como o T\u00fanel de Taguatinga ou o Viaduto do Recanto das Emas\/Riacho Fundo II, o Governo do [&hellip;]","og_url":"https:\/\/www.p31noticias.com.br\/?p=26182","og_site_name":"P31","article_published_time":"2022-06-08T20:56:28+00:00","og_image":[{"width":768,"height":510,"url":"https:\/\/www.p31noticias.com.br\/wp-content\/uploads\/2022\/06\/df.jpg","type":"image\/jpeg"}],"author":"Reda\u00e7\u00e3o JBN","twitter_card":"summary_large_image","twitter_misc":{"Escrito por":"Reda\u00e7\u00e3o JBN","Est. tempo de leitura":"5 minutos"},"schema":{"@context":"https:\/\/schema.org","@graph":[{"@type":"Article","@id":"https:\/\/www.p31noticias.com.br\/?p=26182#article","isPartOf":{"@id":"https:\/\/www.p31noticias.com.br\/?p=26182"},"author":{"name":"Reda\u00e7\u00e3o JBN","@id":"https:\/\/www.p31noticias.com.br\/#\/schema\/person\/77d6b186c710ac38937c6ec204fdd387"},"headline":"Benef\u00edcios sociais para vida digna \u00e9 prioridade no DF","datePublished":"2022-06-08T20:56:28+00:00","mainEntityOfPage":{"@id":"https:\/\/www.p31noticias.com.br\/?p=26182"},"wordCount":987,"commentCount":0,"image":{"@id":"https:\/\/www.p31noticias.com.br\/?p=26182#primaryimage"},"thumbnailUrl":"https:\/\/www.p31noticias.com.br\/wp-content\/uploads\/2022\/06\/df.jpg","keywords":["benef\u00edcio sociais","gdf"],"articleSection":["Bras\u00edlia","Pol\u00edtica"],"inLanguage":"pt-BR","potentialAction":[{"@type":"CommentAction","name":"Comment","target":["https:\/\/www.p31noticias.com.br\/?p=26182#respond"]}],"copyrightYear":"2022","copyrightHolder":{"@id":"https:\/\/www.p31noticias.com.br\/#organization"}},{"@type":"WebPage","@id":"https:\/\/www.p31noticias.com.br\/?p=26182","url":"https:\/\/www.p31noticias.com.br\/?p=26182","name":"Benef\u00edcios sociais para vida digna \u00e9 prioridade no DF - P31","isPartOf":{"@id":"https:\/\/www.p31noticias.com.br\/#website"},"primaryImageOfPage":{"@id":"https:\/\/www.p31noticias.com.br\/?p=26182#primaryimage"},"image":{"@id":"https:\/\/www.p31noticias.com.br\/?p=26182#primaryimage"},"thumbnailUrl":"https:\/\/www.p31noticias.com.br\/wp-content\/uploads\/2022\/06\/df.jpg","datePublished":"2022-06-08T20:56:28+00:00","author":{"@id":"https:\/\/www.p31noticias.com.br\/#\/schema\/person\/77d6b186c710ac38937c6ec204fdd387"},"breadcrumb":{"@id":"https:\/\/www.p31noticias.com.br\/?p=26182#breadcrumb"},"inLanguage":"pt-BR","potentialAction":[{"@type":"ReadAction","target":["https:\/\/www.p31noticias.com.br\/?p=26182"]}]},{"@type":"ImageObject","inLanguage":"pt-BR","@id":"https:\/\/www.p31noticias.com.br\/?p=26182#primaryimage","url":"https:\/\/www.p31noticias.com.br\/wp-content\/uploads\/2022\/06\/df.jpg","contentUrl":"https:\/\/www.p31noticias.com.br\/wp-content\/uploads\/2022\/06\/df.jpg","width":768,"height":510},{"@type":"BreadcrumbList","@id":"https:\/\/www.p31noticias.com.br\/?p=26182#breadcrumb","itemListElement":[{"@type":"ListItem","position":1,"name":"In\u00edcio","item":"https:\/\/www.p31noticias.com.br\/"},{"@type":"ListItem","position":2,"name":"Benef\u00edcios sociais para vida digna \u00e9 prioridade no DF"}]},{"@type":"WebSite","@id":"https:\/\/www.p31noticias.com.br\/#website","url":"https:\/\/www.p31noticias.com.br\/","name":"P31","description":"NOT\u00cdCIAS","potentialAction":[{"@type":"SearchAction","target":{"@type":"EntryPoint","urlTemplate":"https:\/\/www.p31noticias.com.br\/?s={search_term_string}"},"query-input":{"@type":"PropertyValueSpecification","valueRequired":true,"valueName":"search_term_string"}}],"inLanguage":"pt-BR"},{"@type":"Person","@id":"https:\/\/www.p31noticias.com.br\/#\/schema\/person\/77d6b186c710ac38937c6ec204fdd387","name":"Reda\u00e7\u00e3o JBN","image":{"@type":"ImageObject","inLanguage":"pt-BR","@id":"https:\/\/secure.gravatar.com\/avatar\/10fcdb93211f98cce3d64c0795b0915a9a4a21dc0f279238995a3dbfafcad090?s=96&d=mm&r=g","url":"https:\/\/secure.gravatar.com\/avatar\/10fcdb93211f98cce3d64c0795b0915a9a4a21dc0f279238995a3dbfafcad090?s=96&d=mm&r=g","contentUrl":"https:\/\/secure.gravatar.com\/avatar\/10fcdb93211f98cce3d64c0795b0915a9a4a21dc0f279238995a3dbfafcad090?s=96&d=mm&r=g","caption":"Reda\u00e7\u00e3o JBN"},"sameAs":["https:\/\/p31noticias.com.br"],"url":"https:\/\/www.p31noticias.com.br\/?author=18"}]}},"amp_enabled":true,"_links":{"self":[{"href":"https:\/\/www.p31noticias.com.br\/index.php?rest_route=\/wp\/v2\/posts\/26182","targetHints":{"allow":["GET"]}}],"collection":[{"href":"https:\/\/www.p31noticias.com.br\/index.php?rest_route=\/wp\/v2\/posts"}],"about":[{"href":"https:\/\/www.p31noticias.com.br\/index.php?rest_route=\/wp\/v2\/types\/post"}],"author":[{"embeddable":true,"href":"https:\/\/www.p31noticias.com.br\/index.php?rest_route=\/wp\/v2\/users\/18"}],"replies":[{"embeddable":true,"href":"https:\/\/www.p31noticias.com.br\/index.php?rest_route=%2Fwp%2Fv2%2Fcomments&post=26182"}],"version-history":[{"count":1,"href":"https:\/\/www.p31noticias.com.br\/index.php?rest_route=\/wp\/v2\/posts\/26182\/revisions"}],"predecessor-version":[{"id":26184,"href":"https:\/\/www.p31noticias.com.br\/index.php?rest_route=\/wp\/v2\/posts\/26182\/revisions\/26184"}],"wp:featuredmedia":[{"embeddable":true,"href":"https:\/\/www.p31noticias.com.br\/index.php?rest_route=\/wp\/v2\/media\/26183"}],"wp:attachment":[{"href":"https:\/\/www.p31noticias.com.br\/index.php?rest_route=%2Fwp%2Fv2%2Fmedia&parent=26182"}],"wp:term":[{"taxonomy":"category","embeddable":true,"href":"https:\/\/www.p31noticias.com.br\/index.php?rest_route=%2Fwp%2Fv2%2Fcategories&post=26182"},{"taxonomy":"post_tag","embeddable":true,"href":"https:\/\/www.p31noticias.com.br\/index.php?rest_route=%2Fwp%2Fv2%2Ftags&post=26182"}],"curies":[{"name":"wp","href":"https:\/\/api.w.org\/{rel}","templated":true}]}}