{"id":26174,"date":"2022-06-07T00:02:26","date_gmt":"2022-06-07T03:02:26","guid":{"rendered":"https:\/\/p31noticias.com.br\/?p=26174"},"modified":"2022-06-07T00:02:26","modified_gmt":"2022-06-07T03:02:26","slug":"para-conter-escalada-dos-precos-governo-propoe-zerar-imposto-federal-da-gasolina-e-do-etanol","status":"publish","type":"post","link":"https:\/\/www.p31noticias.com.br\/?p=26174","title":{"rendered":"Para conter escalada dos pre\u00e7os, governo prop\u00f5e zerar imposto federal da gasolina e do etanol."},"content":{"rendered":"<p style=\"text-align: justify;\"><em><strong>Em contrapartida, Uni\u00e3o pede que governadores zerem o ICMS dos combust\u00edveis e se disp\u00f5e a compensar os Estados pela perda de arrecada\u00e7\u00e3o.<\/strong><\/em><\/p>\n<p style=\"text-align: justify;\">Tr\u00eas meses depois de zerar as al\u00edquotas de PIS e Cofins, tributos federais, sobre o g\u00e1s de cozinha e o diesel at\u00e9 dezembro deste ano, o presidente\u00a0<strong><a href=\"https:\/\/jovempan.com.br\/tag\/jair-bolsonaro\">Jair Bolsonaro<\/a><\/strong>\u00a0(PL) anunciou, na noite desta segunda-feira, 6, a amplia\u00e7\u00e3o da medida para a gasolina e o etanol. Em pronunciamento \u00e0 imprensa no Pal\u00e1cio do Planalto, o chefe do Executivo federal tamb\u00e9m afirmou que a Uni\u00e3o est\u00e1 disposta a repassar recursos para os Estados que zerarem o Imposto Sobre Circula\u00e7\u00e3o de Mercadorias e Servi\u00e7os (ICMS) do diesel e do g\u00e1s de cozinha. Para viabilizar a transfer\u00eancia de verba, o Planalto buscar\u00e1 a aprova\u00e7\u00e3o de uma Proposta de Emenda \u00e0 Constitui\u00e7\u00e3o (PEC) que ir\u00e1 autorizar que essa despesa fique fora do teto de gastos.\u00a0\u201cEssas propostas foram colocadas na mesa aos presidentes das Casas [Artur Lira (PP-AL), da C\u00e2mara dos Deputados, e Rodrigo Pacheco (PSD-MG), do Senado], e eles levar\u00e3o aos senhores deputados e senadores. Havendo entendimento, o projeto de lei complementar [do ICMS] e promulgando uma emenda \u00e0 Constitui\u00e7\u00e3o, se faria valer imediatamente na ponta da linha aos consumidores para enfrentarmos esse problema de fora do Brasil [a guerra da R\u00fassia contra a Ucr\u00e2nia] que t\u00eam reflexos aqui dentro\u201d, disse Bolsonaro.<\/p>\n<div class=\"clearfix text-center advert\" style=\"text-align: justify;\">\n<div id=\"ad-middle1\" class=\"ads-gam\" data-google-query-id=\"CLrD4NqWmvgCFTQuuQYd1rILlQ\">\n<div id=\"google_ads_iframe_\/173743064\/jovempan\/web\/politica_3__container__\">A PEC anunciada pelo governo nesta segunda-feira, 6, \u00e9 a alternativa ao decreto de calamidade p\u00fablica, que vinha sendo defendido pela ala pol\u00edtica do Planalto e que encontrava resist\u00eancia na equipe econ\u00f4mica, liderada pelo ministro Paulo Guedes. Antes do envio da proposta de emenda \u00e0 Constitui\u00e7\u00e3o, Bolsonaro disse esperar que os senadores aprovem o projeto de lei complementar (PLP) que estabelece teto de 17% para o ICMS dos combust\u00edveis e da energia el\u00e9trica. Depois da institui\u00e7\u00e3o deste limite, o governo prop\u00f5e que os Estados zerem a al\u00edquota do imposto; em contrapartida, a Uni\u00e3o repassaria recursos para compensar esta perda de arrecada\u00e7\u00e3o. \u201cUma vez aprovado o projeto de lei complementar, zere o ICMS do diesel e n\u00f3s pagar\u00edamos o que deixar\u00e3o de arrecadar. Na gasolina e no etanol, no projeto de lei complementar, cai para 17% [o limite de incid\u00eancia do ICMS] e o governo se disp\u00f5es a zerar o seu tributo de PIS, Cofins e CIDE. Ou seja, a gasolina tamb\u00e9m deixaria de ter imposto federal\u201d, disse Bolsonaro.<\/div>\n<\/div>\n<\/div>\n<p style=\"text-align: justify;\">O presidente da C\u00e2mara, Arthur Lira (PP-AL), esteve presente e comentou sobre a proposta \u2013 que j\u00e1 tramitou na Casa e agora segue para an\u00e1lise dos senadores. \u201cA iniciativa avan\u00e7a no sentido de diminui\u00e7\u00e3o dos \u00edndices inflacion\u00e1rios e um acalento na vida das pessoas que est\u00e3o na ponta, no sofrimento, no dia a dia e nas cidades humildes. Afeta a classe m\u00e9dia, tira o humor da classe mais alta, mas massacra os mais humildes\u201d, alegou. Estiveram presentes o ministro-chefe da Casa Civil,\u00a0<strong><a href=\"https:\/\/jovempan.com.br\/tag\/ciro-nogueira\">Ciro Nogueira<\/a><\/strong>\u00a0(PP-PI); o presidente da C\u00e2mara dos Deputados, Arthur Lira (PP-PL); o presidente do Senado Federal, Rodrigo Pacheco (PSD-MG); ministro do Gabinete de Seguran\u00e7a Institucional (GSI), General Heleno; o ministro da Justi\u00e7a, Anderson Torres; ministro da Economia,\u00a0<strong><a href=\"https:\/\/jovempan.com.br\/tag\/paulo-guedes\">Paulo Guedes<\/a><\/strong>; ministro de Minas e Energia, Adolfo Sachsida; e o senador relator do PL 18\/2022, Fernando Bezerra (MDB-PE).<\/p>\n<p>JP NEWS.<\/p>\n","protected":false},"excerpt":{"rendered":"<p>Em contrapartida, Uni\u00e3o pede que governadores zerem o ICMS dos combust\u00edveis e se disp\u00f5e a compensar os Estados pela perda de arrecada\u00e7\u00e3o. Tr\u00eas meses depois de zerar as al\u00edquotas de PIS e Cofins, tributos federais, sobre o g\u00e1s de cozinha e o diesel at\u00e9 dezembro deste ano, o presidente\u00a0Jair Bolsonaro\u00a0(PL) anunciou, na noite desta segunda-feira, [&hellip;]<\/p>\n","protected":false},"author":2,"featured_media":26175,"comment_status":"open","ping_status":"open","sticky":false,"template":"","format":"standard","meta":{"footnotes":""},"categories":[68,637],"tags":[],"class_list":{"0":"post-26174","1":"post","2":"type-post","3":"status-publish","4":"format-standard","5":"has-post-thumbnail","7":"category-brasil","8":"category-economia"},"yoast_head":"<!-- This site is optimized with the Yoast SEO Premium plugin v24.5 (Yoast SEO v27.5) - https:\/\/yoast.com\/product\/yoast-seo-premium-wordpress\/ -->\n<title>Para conter escalada dos pre\u00e7os, governo prop\u00f5e zerar imposto federal da gasolina e do etanol. - P31<\/title>\n<meta name=\"robots\" content=\"index, follow, max-snippet:-1, max-image-preview:large, max-video-preview:-1\" \/>\n<link rel=\"canonical\" href=\"https:\/\/www.p31noticias.com.br\/?p=26174\" \/>\n<meta property=\"og:locale\" content=\"pt_BR\" \/>\n<meta property=\"og:type\" content=\"article\" \/>\n<meta property=\"og:title\" content=\"Para conter escalada dos pre\u00e7os, governo prop\u00f5e zerar imposto federal da gasolina e do etanol.\" \/>\n<meta property=\"og:description\" content=\"Em contrapartida, Uni\u00e3o pede que governadores zerem o ICMS dos combust\u00edveis e se disp\u00f5e a compensar os Estados pela perda de arrecada\u00e7\u00e3o. Tr\u00eas meses depois de zerar as al\u00edquotas de PIS e Cofins, tributos federais, sobre o g\u00e1s de cozinha e o diesel at\u00e9 dezembro deste ano, o presidente\u00a0Jair Bolsonaro\u00a0(PL) anunciou, na noite desta segunda-feira, [&hellip;]\" \/>\n<meta property=\"og:url\" content=\"https:\/\/www.p31noticias.com.br\/?p=26174\" \/>\n<meta property=\"og:site_name\" content=\"P31\" \/>\n<meta property=\"article:published_time\" content=\"2022-06-07T03:02:26+00:00\" \/>\n<meta property=\"og:image\" content=\"https:\/\/www.p31noticias.com.br\/wp-content\/uploads\/2022\/06\/52115063543_eb71f26859_k-675x450-1.jpg\" \/>\n\t<meta property=\"og:image:width\" content=\"675\" \/>\n\t<meta property=\"og:image:height\" content=\"450\" \/>\n\t<meta property=\"og:image:type\" content=\"image\/jpeg\" \/>\n<meta name=\"author\" content=\"Gon\u00e7alves Junior\" \/>\n<meta name=\"twitter:card\" content=\"summary_large_image\" \/>\n<meta name=\"twitter:label1\" content=\"Escrito por\" \/>\n\t<meta name=\"twitter:data1\" content=\"Gon\u00e7alves Junior\" \/>\n\t<meta name=\"twitter:label2\" content=\"Est. tempo de leitura\" \/>\n\t<meta name=\"twitter:data2\" content=\"3 minutos\" \/>\n<script type=\"application\/ld+json\" class=\"yoast-schema-graph\">{\"@context\":\"https:\\\/\\\/schema.org\",\"@graph\":[{\"@type\":\"Article\",\"@id\":\"https:\\\/\\\/www.p31noticias.com.br\\\/?p=26174#article\",\"isPartOf\":{\"@id\":\"https:\\\/\\\/www.p31noticias.com.br\\\/?p=26174\"},\"author\":{\"name\":\"Gon\u00e7alves Junior\",\"@id\":\"https:\\\/\\\/www.p31noticias.com.br\\\/#\\\/schema\\\/person\\\/95f2ece30e3b4132065b915150cd0f94\"},\"headline\":\"Para conter escalada dos pre\u00e7os, governo prop\u00f5e zerar imposto federal da gasolina e do etanol.\",\"datePublished\":\"2022-06-07T03:02:26+00:00\",\"mainEntityOfPage\":{\"@id\":\"https:\\\/\\\/www.p31noticias.com.br\\\/?p=26174\"},\"wordCount\":587,\"commentCount\":0,\"image\":{\"@id\":\"https:\\\/\\\/www.p31noticias.com.br\\\/?p=26174#primaryimage\"},\"thumbnailUrl\":\"https:\\\/\\\/www.p31noticias.com.br\\\/wp-content\\\/uploads\\\/2022\\\/06\\\/52115063543_eb71f26859_k-675x450-1.jpg\",\"articleSection\":[\"Brasil\",\"Economia\"],\"inLanguage\":\"pt-BR\",\"potentialAction\":[{\"@type\":\"CommentAction\",\"name\":\"Comment\",\"target\":[\"https:\\\/\\\/www.p31noticias.com.br\\\/?p=26174#respond\"]}],\"copyrightYear\":\"2022\",\"copyrightHolder\":{\"@id\":\"https:\\\/\\\/www.p31noticias.com.br\\\/#organization\"}},{\"@type\":\"WebPage\",\"@id\":\"https:\\\/\\\/www.p31noticias.com.br\\\/?p=26174\",\"url\":\"https:\\\/\\\/www.p31noticias.com.br\\\/?p=26174\",\"name\":\"Para conter escalada dos pre\u00e7os, governo prop\u00f5e zerar imposto federal da gasolina e do etanol. - P31\",\"isPartOf\":{\"@id\":\"https:\\\/\\\/www.p31noticias.com.br\\\/#website\"},\"primaryImageOfPage\":{\"@id\":\"https:\\\/\\\/www.p31noticias.com.br\\\/?p=26174#primaryimage\"},\"image\":{\"@id\":\"https:\\\/\\\/www.p31noticias.com.br\\\/?p=26174#primaryimage\"},\"thumbnailUrl\":\"https:\\\/\\\/www.p31noticias.com.br\\\/wp-content\\\/uploads\\\/2022\\\/06\\\/52115063543_eb71f26859_k-675x450-1.jpg\",\"datePublished\":\"2022-06-07T03:02:26+00:00\",\"author\":{\"@id\":\"https:\\\/\\\/www.p31noticias.com.br\\\/#\\\/schema\\\/person\\\/95f2ece30e3b4132065b915150cd0f94\"},\"breadcrumb\":{\"@id\":\"https:\\\/\\\/www.p31noticias.com.br\\\/?p=26174#breadcrumb\"},\"inLanguage\":\"pt-BR\",\"potentialAction\":[{\"@type\":\"ReadAction\",\"target\":[\"https:\\\/\\\/www.p31noticias.com.br\\\/?p=26174\"]}]},{\"@type\":\"ImageObject\",\"inLanguage\":\"pt-BR\",\"@id\":\"https:\\\/\\\/www.p31noticias.com.br\\\/?p=26174#primaryimage\",\"url\":\"https:\\\/\\\/www.p31noticias.com.br\\\/wp-content\\\/uploads\\\/2022\\\/06\\\/52115063543_eb71f26859_k-675x450-1.jpg\",\"contentUrl\":\"https:\\\/\\\/www.p31noticias.com.br\\\/wp-content\\\/uploads\\\/2022\\\/06\\\/52115063543_eb71f26859_k-675x450-1.jpg\",\"width\":675,\"height\":450},{\"@type\":\"BreadcrumbList\",\"@id\":\"https:\\\/\\\/www.p31noticias.com.br\\\/?p=26174#breadcrumb\",\"itemListElement\":[{\"@type\":\"ListItem\",\"position\":1,\"name\":\"In\u00edcio\",\"item\":\"https:\\\/\\\/www.p31noticias.com.br\\\/\"},{\"@type\":\"ListItem\",\"position\":2,\"name\":\"Para conter escalada dos pre\u00e7os, governo prop\u00f5e zerar imposto federal da gasolina e do etanol.\"}]},{\"@type\":\"WebSite\",\"@id\":\"https:\\\/\\\/www.p31noticias.com.br\\\/#website\",\"url\":\"https:\\\/\\\/www.p31noticias.com.br\\\/\",\"name\":\"P31\",\"description\":\"NOT\u00cdCIAS\",\"potentialAction\":[{\"@type\":\"SearchAction\",\"target\":{\"@type\":\"EntryPoint\",\"urlTemplate\":\"https:\\\/\\\/www.p31noticias.com.br\\\/?s={search_term_string}\"},\"query-input\":{\"@type\":\"PropertyValueSpecification\",\"valueRequired\":true,\"valueName\":\"search_term_string\"}}],\"inLanguage\":\"pt-BR\"},{\"@type\":\"Person\",\"@id\":\"https:\\\/\\\/www.p31noticias.com.br\\\/#\\\/schema\\\/person\\\/95f2ece30e3b4132065b915150cd0f94\",\"name\":\"Gon\u00e7alves Junior\",\"image\":{\"@type\":\"ImageObject\",\"inLanguage\":\"pt-BR\",\"@id\":\"https:\\\/\\\/secure.gravatar.com\\\/avatar\\\/6711f350116a89762687a48d66f723c799e5438a5b7578508d4294cd7a5d0800?s=96&d=mm&r=g\",\"url\":\"https:\\\/\\\/secure.gravatar.com\\\/avatar\\\/6711f350116a89762687a48d66f723c799e5438a5b7578508d4294cd7a5d0800?s=96&d=mm&r=g\",\"contentUrl\":\"https:\\\/\\\/secure.gravatar.com\\\/avatar\\\/6711f350116a89762687a48d66f723c799e5438a5b7578508d4294cd7a5d0800?s=96&d=mm&r=g\",\"caption\":\"Gon\u00e7alves Junior\"},\"url\":\"https:\\\/\\\/www.p31noticias.com.br\\\/?author=2\"}]}<\/script>\n<!-- \/ Yoast SEO Premium plugin. -->","yoast_head_json":{"title":"Para conter escalada dos pre\u00e7os, governo prop\u00f5e zerar imposto federal da gasolina e do etanol. - P31","robots":{"index":"index","follow":"follow","max-snippet":"max-snippet:-1","max-image-preview":"max-image-preview:large","max-video-preview":"max-video-preview:-1"},"canonical":"https:\/\/www.p31noticias.com.br\/?p=26174","og_locale":"pt_BR","og_type":"article","og_title":"Para conter escalada dos pre\u00e7os, governo prop\u00f5e zerar imposto federal da gasolina e do etanol.","og_description":"Em contrapartida, Uni\u00e3o pede que governadores zerem o ICMS dos combust\u00edveis e se disp\u00f5e a compensar os Estados pela perda de arrecada\u00e7\u00e3o. Tr\u00eas meses depois de zerar as al\u00edquotas de PIS e Cofins, tributos federais, sobre o g\u00e1s de cozinha e o diesel at\u00e9 dezembro deste ano, o presidente\u00a0Jair Bolsonaro\u00a0(PL) anunciou, na noite desta segunda-feira, [&hellip;]","og_url":"https:\/\/www.p31noticias.com.br\/?p=26174","og_site_name":"P31","article_published_time":"2022-06-07T03:02:26+00:00","og_image":[{"width":675,"height":450,"url":"https:\/\/www.p31noticias.com.br\/wp-content\/uploads\/2022\/06\/52115063543_eb71f26859_k-675x450-1.jpg","type":"image\/jpeg"}],"author":"Gon\u00e7alves Junior","twitter_card":"summary_large_image","twitter_misc":{"Escrito por":"Gon\u00e7alves Junior","Est. tempo de leitura":"3 minutos"},"schema":{"@context":"https:\/\/schema.org","@graph":[{"@type":"Article","@id":"https:\/\/www.p31noticias.com.br\/?p=26174#article","isPartOf":{"@id":"https:\/\/www.p31noticias.com.br\/?p=26174"},"author":{"name":"Gon\u00e7alves Junior","@id":"https:\/\/www.p31noticias.com.br\/#\/schema\/person\/95f2ece30e3b4132065b915150cd0f94"},"headline":"Para conter escalada dos pre\u00e7os, governo prop\u00f5e zerar imposto federal da gasolina e do etanol.","datePublished":"2022-06-07T03:02:26+00:00","mainEntityOfPage":{"@id":"https:\/\/www.p31noticias.com.br\/?p=26174"},"wordCount":587,"commentCount":0,"image":{"@id":"https:\/\/www.p31noticias.com.br\/?p=26174#primaryimage"},"thumbnailUrl":"https:\/\/www.p31noticias.com.br\/wp-content\/uploads\/2022\/06\/52115063543_eb71f26859_k-675x450-1.jpg","articleSection":["Brasil","Economia"],"inLanguage":"pt-BR","potentialAction":[{"@type":"CommentAction","name":"Comment","target":["https:\/\/www.p31noticias.com.br\/?p=26174#respond"]}],"copyrightYear":"2022","copyrightHolder":{"@id":"https:\/\/www.p31noticias.com.br\/#organization"}},{"@type":"WebPage","@id":"https:\/\/www.p31noticias.com.br\/?p=26174","url":"https:\/\/www.p31noticias.com.br\/?p=26174","name":"Para conter escalada dos pre\u00e7os, governo prop\u00f5e zerar imposto federal da gasolina e do etanol. - P31","isPartOf":{"@id":"https:\/\/www.p31noticias.com.br\/#website"},"primaryImageOfPage":{"@id":"https:\/\/www.p31noticias.com.br\/?p=26174#primaryimage"},"image":{"@id":"https:\/\/www.p31noticias.com.br\/?p=26174#primaryimage"},"thumbnailUrl":"https:\/\/www.p31noticias.com.br\/wp-content\/uploads\/2022\/06\/52115063543_eb71f26859_k-675x450-1.jpg","datePublished":"2022-06-07T03:02:26+00:00","author":{"@id":"https:\/\/www.p31noticias.com.br\/#\/schema\/person\/95f2ece30e3b4132065b915150cd0f94"},"breadcrumb":{"@id":"https:\/\/www.p31noticias.com.br\/?p=26174#breadcrumb"},"inLanguage":"pt-BR","potentialAction":[{"@type":"ReadAction","target":["https:\/\/www.p31noticias.com.br\/?p=26174"]}]},{"@type":"ImageObject","inLanguage":"pt-BR","@id":"https:\/\/www.p31noticias.com.br\/?p=26174#primaryimage","url":"https:\/\/www.p31noticias.com.br\/wp-content\/uploads\/2022\/06\/52115063543_eb71f26859_k-675x450-1.jpg","contentUrl":"https:\/\/www.p31noticias.com.br\/wp-content\/uploads\/2022\/06\/52115063543_eb71f26859_k-675x450-1.jpg","width":675,"height":450},{"@type":"BreadcrumbList","@id":"https:\/\/www.p31noticias.com.br\/?p=26174#breadcrumb","itemListElement":[{"@type":"ListItem","position":1,"name":"In\u00edcio","item":"https:\/\/www.p31noticias.com.br\/"},{"@type":"ListItem","position":2,"name":"Para conter escalada dos pre\u00e7os, governo prop\u00f5e zerar imposto federal da gasolina e do etanol."}]},{"@type":"WebSite","@id":"https:\/\/www.p31noticias.com.br\/#website","url":"https:\/\/www.p31noticias.com.br\/","name":"P31","description":"NOT\u00cdCIAS","potentialAction":[{"@type":"SearchAction","target":{"@type":"EntryPoint","urlTemplate":"https:\/\/www.p31noticias.com.br\/?s={search_term_string}"},"query-input":{"@type":"PropertyValueSpecification","valueRequired":true,"valueName":"search_term_string"}}],"inLanguage":"pt-BR"},{"@type":"Person","@id":"https:\/\/www.p31noticias.com.br\/#\/schema\/person\/95f2ece30e3b4132065b915150cd0f94","name":"Gon\u00e7alves Junior","image":{"@type":"ImageObject","inLanguage":"pt-BR","@id":"https:\/\/secure.gravatar.com\/avatar\/6711f350116a89762687a48d66f723c799e5438a5b7578508d4294cd7a5d0800?s=96&d=mm&r=g","url":"https:\/\/secure.gravatar.com\/avatar\/6711f350116a89762687a48d66f723c799e5438a5b7578508d4294cd7a5d0800?s=96&d=mm&r=g","contentUrl":"https:\/\/secure.gravatar.com\/avatar\/6711f350116a89762687a48d66f723c799e5438a5b7578508d4294cd7a5d0800?s=96&d=mm&r=g","caption":"Gon\u00e7alves Junior"},"url":"https:\/\/www.p31noticias.com.br\/?author=2"}]}},"amp_enabled":true,"_links":{"self":[{"href":"https:\/\/www.p31noticias.com.br\/index.php?rest_route=\/wp\/v2\/posts\/26174","targetHints":{"allow":["GET"]}}],"collection":[{"href":"https:\/\/www.p31noticias.com.br\/index.php?rest_route=\/wp\/v2\/posts"}],"about":[{"href":"https:\/\/www.p31noticias.com.br\/index.php?rest_route=\/wp\/v2\/types\/post"}],"author":[{"embeddable":true,"href":"https:\/\/www.p31noticias.com.br\/index.php?rest_route=\/wp\/v2\/users\/2"}],"replies":[{"embeddable":true,"href":"https:\/\/www.p31noticias.com.br\/index.php?rest_route=%2Fwp%2Fv2%2Fcomments&post=26174"}],"version-history":[{"count":1,"href":"https:\/\/www.p31noticias.com.br\/index.php?rest_route=\/wp\/v2\/posts\/26174\/revisions"}],"predecessor-version":[{"id":26176,"href":"https:\/\/www.p31noticias.com.br\/index.php?rest_route=\/wp\/v2\/posts\/26174\/revisions\/26176"}],"wp:featuredmedia":[{"embeddable":true,"href":"https:\/\/www.p31noticias.com.br\/index.php?rest_route=\/wp\/v2\/media\/26175"}],"wp:attachment":[{"href":"https:\/\/www.p31noticias.com.br\/index.php?rest_route=%2Fwp%2Fv2%2Fmedia&parent=26174"}],"wp:term":[{"taxonomy":"category","embeddable":true,"href":"https:\/\/www.p31noticias.com.br\/index.php?rest_route=%2Fwp%2Fv2%2Fcategories&post=26174"},{"taxonomy":"post_tag","embeddable":true,"href":"https:\/\/www.p31noticias.com.br\/index.php?rest_route=%2Fwp%2Fv2%2Ftags&post=26174"}],"curies":[{"name":"wp","href":"https:\/\/api.w.org\/{rel}","templated":true}]}}