{"id":26171,"date":"2022-06-05T12:47:08","date_gmt":"2022-06-05T15:47:08","guid":{"rendered":"https:\/\/p31noticias.com.br\/?p=26171"},"modified":"2022-06-05T12:47:08","modified_gmt":"2022-06-05T15:47:08","slug":"renata-daguiar-promove-encontro-para-alinhamento-de-ideias","status":"publish","type":"post","link":"https:\/\/www.p31noticias.com.br\/?p=26171","title":{"rendered":"*Renata d\u2019Aguiar promove encontro para alinhamento de ideias*."},"content":{"rendered":"<p style=\"text-align: justify;\"><em><strong>A\u00e7\u00e3o contou com a participa\u00e7\u00e3o de cerca de 200 pessoas, entre elas, o deputado federal J\u00falio C\u00e9sar e a ex-ministra Damares Alves.<\/strong><\/em><\/p>\n<p style=\"text-align: justify;\">Empregabilidade, sa\u00fade, educa\u00e7\u00e3o, prote\u00e7\u00e3o da mulher e seguran\u00e7a p\u00fablica, esses foram alguns dos temas debatidos na manh\u00e3 deste domingo (5) durante encontro para alinhamento de ideias. Mediado pela pr\u00e9-candidata a deputada distrital Renata d\u2019Aguiar (PMN), o bate-papo contou com cerca de 200 pessoas, entre elas, o deputado federal J\u00falio C\u00e9sar e a ex-ministra e pr\u00e9-candidato ao Senado, Damares Alves, ambos pelo Republicanos.<\/p>\n<p><img decoding=\"async\" src=\"https:\/\/mail.google.com\/mail\/u\/0?ui=2&amp;ik=e51c0b2605&amp;attid=0.1.1&amp;permmsgid=msg-f:1734807935818900814&amp;th=181346a05003a54e&amp;view=fimg&amp;fur=ip&amp;sz=s0-l75-ft&amp;attbid=ANGjdJ8qChiLkurEaVACidOVgCtLvHxrLXaNWlYtYYtcDu9JpvvV0HetxR77fTNhxJ-kGWhI3tD-HjjH0mHW2Fv0X42wVW1lwH8qoQWe94kfBDk4nGAEyNZHDFN11dA&amp;disp=emb\" \/><\/p>\n<p>A a\u00e7\u00e3o ocorreu no audit\u00f3rio da Faculdade Republicana, na Asa Sul. \u201cFoi uma troca de experi\u00eancia de suma import\u00e2ncia. Estamos construindo um planejamento robusto, ouvindo as pessoas, sondando a necessidade da popula\u00e7\u00e3o e anotando ideias para serem colocadas em pr\u00e1tica\u201d, destaca Renata d\u2019Aguiar, fundadora do Instituto Reciclando o Futuro, respons\u00e1vel por atuar, principalmente, junto a mulheres em situa\u00e7\u00e3o de vulnerabilidade e a catadores de materiais recicl\u00e1veis.<\/p>\n<p style=\"text-align: justify;\"><img decoding=\"async\" src=\"https:\/\/mail.google.com\/mail\/u\/0?ui=2&amp;ik=e51c0b2605&amp;attid=0.1.1&amp;permmsgid=msg-f:1734807996492611594&amp;th=181346ae7073000a&amp;view=fimg&amp;fur=ip&amp;sz=s0-l75-ft&amp;attbid=ANGjdJ-EmYciVVykVq5UHRHBcX-A0mWh-Bj3ngMa9AQCzjBtEnmr2fbAsEIxvPFM3x3rMz7aDYPa_C941xnIiU6xlwisK07yFAN7PniySupQxtlod5WH2qJaUqcWYto&amp;disp=emb\" \/><\/p>\n<p>Damares Alves, ap\u00f3s a experi\u00eancia adquirida nos \u00faltimos anos enquanto ministra da Mulher, enfatizou a necessidade da prote\u00e7\u00e3o social da fam\u00edlia, com foco na maternidade e na inf\u00e2ncia. \u201cMilhares de crian\u00e7as ainda sofrem com casos de todo o tipo de viol\u00eancia di\u00e1ria e dentro de casa. Precisamos resguardar cada vez mais a seguran\u00e7a dessas fam\u00edlias\u201d, aponta.<\/p>\n<p><img decoding=\"async\" src=\"https:\/\/mail.google.com\/mail\/u\/0?ui=2&amp;ik=e51c0b2605&amp;attid=0.1.1&amp;permmsgid=msg-f:1734808018279950031&amp;th=181346b3831366cf&amp;view=fimg&amp;fur=ip&amp;sz=s0-l75-ft&amp;attbid=ANGjdJ9fNFVYT-wE7bMSjyIU4Hag_P9qx36C3-SALxC5AtJT_OoACplrKBh0u_nNXtslWhbZi6Ew2zj6lAqxp7LQfZVf0Xy8isSpqj6koc542nZDoPLCHXOVSMY_wtU&amp;disp=emb\" \/><\/p>\n<p>J\u00falio C\u00e9sar enfatizou a necessidade de fortalecer cada vez mais a representa\u00e7\u00e3o pol\u00edtica brasiliense no cen\u00e1rio local e nacional. \u201c\u00c9 uma uni\u00e3o de esfor\u00e7os. Estamos construindo um grande projeto\u201d, aponta o parlamentar.<\/p>\n<p><img decoding=\"async\" src=\"https:\/\/mail.google.com\/mail\/u\/0?ui=2&amp;ik=e51c0b2605&amp;attid=0.1.1&amp;permmsgid=msg-f:1734808347215197133&amp;th=181347001924f3cd&amp;view=fimg&amp;fur=ip&amp;sz=s0-l75-ft&amp;attbid=ANGjdJ_ipP0Pdo626XWz469K7cG3geiQRSM15k885Ts8lMU4zz3mY3JkR95vBfj8m37gClZ1w5AuoZPdZNCiBM2BzsDvXuG6vHqPLlv2-rMMrj-76S4NsSlWbESOgGA&amp;disp=emb\" \/><\/p>\n<p>Da Reda\u00e7\u00e3o.<\/p>\n","protected":false},"excerpt":{"rendered":"<p>A\u00e7\u00e3o contou com a participa\u00e7\u00e3o de cerca de 200 pessoas, entre elas, o deputado federal J\u00falio C\u00e9sar e a ex-ministra Damares Alves. Empregabilidade, sa\u00fade, educa\u00e7\u00e3o, prote\u00e7\u00e3o da mulher e seguran\u00e7a p\u00fablica, esses foram alguns dos temas debatidos na manh\u00e3 deste domingo (5) durante encontro para alinhamento de ideias. Mediado pela pr\u00e9-candidata a deputada distrital Renata [&hellip;]<\/p>\n","protected":false},"author":2,"featured_media":26172,"comment_status":"open","ping_status":"open","sticky":false,"template":"","format":"standard","meta":{"footnotes":""},"categories":[21,57],"tags":[],"class_list":{"0":"post-26171","1":"post","2":"type-post","3":"status-publish","4":"format-standard","5":"has-post-thumbnail","7":"category-brasilia","8":"category-politica"},"yoast_head":"<!-- This site is optimized with the Yoast SEO Premium plugin v24.5 (Yoast SEO v27.5) - https:\/\/yoast.com\/product\/yoast-seo-premium-wordpress\/ -->\n<title>*Renata d\u2019Aguiar promove encontro para alinhamento de ideias*. - P31<\/title>\n<meta name=\"robots\" content=\"index, follow, max-snippet:-1, max-image-preview:large, max-video-preview:-1\" \/>\n<link rel=\"canonical\" href=\"https:\/\/www.p31noticias.com.br\/?p=26171\" \/>\n<meta property=\"og:locale\" content=\"pt_BR\" \/>\n<meta property=\"og:type\" content=\"article\" \/>\n<meta property=\"og:title\" content=\"*Renata d\u2019Aguiar promove encontro para alinhamento de ideias*.\" \/>\n<meta property=\"og:description\" content=\"A\u00e7\u00e3o contou com a participa\u00e7\u00e3o de cerca de 200 pessoas, entre elas, o deputado federal J\u00falio C\u00e9sar e a ex-ministra Damares Alves. Empregabilidade, sa\u00fade, educa\u00e7\u00e3o, prote\u00e7\u00e3o da mulher e seguran\u00e7a p\u00fablica, esses foram alguns dos temas debatidos na manh\u00e3 deste domingo (5) durante encontro para alinhamento de ideias. Mediado pela pr\u00e9-candidata a deputada distrital Renata [&hellip;]\" \/>\n<meta property=\"og:url\" content=\"https:\/\/www.p31noticias.com.br\/?p=26171\" \/>\n<meta property=\"og:site_name\" content=\"P31\" \/>\n<meta property=\"article:published_time\" content=\"2022-06-05T15:47:08+00:00\" \/>\n<meta property=\"og:image\" content=\"https:\/\/www.p31noticias.com.br\/wp-content\/uploads\/2022\/06\/unnamed-32.jpg\" \/>\n\t<meta property=\"og:image:width\" content=\"1600\" \/>\n\t<meta property=\"og:image:height\" content=\"1200\" \/>\n\t<meta property=\"og:image:type\" content=\"image\/jpeg\" \/>\n<meta name=\"author\" content=\"Gon\u00e7alves Junior\" \/>\n<meta name=\"twitter:card\" content=\"summary_large_image\" \/>\n<meta name=\"twitter:label1\" content=\"Escrito por\" \/>\n\t<meta name=\"twitter:data1\" content=\"Gon\u00e7alves Junior\" \/>\n\t<meta name=\"twitter:label2\" content=\"Est. tempo de leitura\" \/>\n\t<meta name=\"twitter:data2\" content=\"1 minuto\" \/>\n<script type=\"application\/ld+json\" class=\"yoast-schema-graph\">{\"@context\":\"https:\\\/\\\/schema.org\",\"@graph\":[{\"@type\":\"Article\",\"@id\":\"https:\\\/\\\/www.p31noticias.com.br\\\/?p=26171#article\",\"isPartOf\":{\"@id\":\"https:\\\/\\\/www.p31noticias.com.br\\\/?p=26171\"},\"author\":{\"name\":\"Gon\u00e7alves Junior\",\"@id\":\"https:\\\/\\\/www.p31noticias.com.br\\\/#\\\/schema\\\/person\\\/95f2ece30e3b4132065b915150cd0f94\"},\"headline\":\"*Renata d\u2019Aguiar promove encontro para alinhamento de ideias*.\",\"datePublished\":\"2022-06-05T15:47:08+00:00\",\"mainEntityOfPage\":{\"@id\":\"https:\\\/\\\/www.p31noticias.com.br\\\/?p=26171\"},\"wordCount\":287,\"commentCount\":0,\"image\":{\"@id\":\"https:\\\/\\\/www.p31noticias.com.br\\\/?p=26171#primaryimage\"},\"thumbnailUrl\":\"https:\\\/\\\/www.p31noticias.com.br\\\/wp-content\\\/uploads\\\/2022\\\/06\\\/unnamed-32.jpg\",\"articleSection\":[\"Bras\u00edlia\",\"Pol\u00edtica\"],\"inLanguage\":\"pt-BR\",\"potentialAction\":[{\"@type\":\"CommentAction\",\"name\":\"Comment\",\"target\":[\"https:\\\/\\\/www.p31noticias.com.br\\\/?p=26171#respond\"]}],\"copyrightYear\":\"2022\",\"copyrightHolder\":{\"@id\":\"https:\\\/\\\/www.p31noticias.com.br\\\/#organization\"}},{\"@type\":\"WebPage\",\"@id\":\"https:\\\/\\\/www.p31noticias.com.br\\\/?p=26171\",\"url\":\"https:\\\/\\\/www.p31noticias.com.br\\\/?p=26171\",\"name\":\"*Renata d\u2019Aguiar promove encontro para alinhamento de ideias*. - P31\",\"isPartOf\":{\"@id\":\"https:\\\/\\\/www.p31noticias.com.br\\\/#website\"},\"primaryImageOfPage\":{\"@id\":\"https:\\\/\\\/www.p31noticias.com.br\\\/?p=26171#primaryimage\"},\"image\":{\"@id\":\"https:\\\/\\\/www.p31noticias.com.br\\\/?p=26171#primaryimage\"},\"thumbnailUrl\":\"https:\\\/\\\/www.p31noticias.com.br\\\/wp-content\\\/uploads\\\/2022\\\/06\\\/unnamed-32.jpg\",\"datePublished\":\"2022-06-05T15:47:08+00:00\",\"author\":{\"@id\":\"https:\\\/\\\/www.p31noticias.com.br\\\/#\\\/schema\\\/person\\\/95f2ece30e3b4132065b915150cd0f94\"},\"breadcrumb\":{\"@id\":\"https:\\\/\\\/www.p31noticias.com.br\\\/?p=26171#breadcrumb\"},\"inLanguage\":\"pt-BR\",\"potentialAction\":[{\"@type\":\"ReadAction\",\"target\":[\"https:\\\/\\\/www.p31noticias.com.br\\\/?p=26171\"]}]},{\"@type\":\"ImageObject\",\"inLanguage\":\"pt-BR\",\"@id\":\"https:\\\/\\\/www.p31noticias.com.br\\\/?p=26171#primaryimage\",\"url\":\"https:\\\/\\\/www.p31noticias.com.br\\\/wp-content\\\/uploads\\\/2022\\\/06\\\/unnamed-32.jpg\",\"contentUrl\":\"https:\\\/\\\/www.p31noticias.com.br\\\/wp-content\\\/uploads\\\/2022\\\/06\\\/unnamed-32.jpg\",\"width\":1600,\"height\":1200},{\"@type\":\"BreadcrumbList\",\"@id\":\"https:\\\/\\\/www.p31noticias.com.br\\\/?p=26171#breadcrumb\",\"itemListElement\":[{\"@type\":\"ListItem\",\"position\":1,\"name\":\"In\u00edcio\",\"item\":\"https:\\\/\\\/www.p31noticias.com.br\\\/\"},{\"@type\":\"ListItem\",\"position\":2,\"name\":\"*Renata d\u2019Aguiar promove encontro para alinhamento de ideias*.\"}]},{\"@type\":\"WebSite\",\"@id\":\"https:\\\/\\\/www.p31noticias.com.br\\\/#website\",\"url\":\"https:\\\/\\\/www.p31noticias.com.br\\\/\",\"name\":\"P31\",\"description\":\"NOT\u00cdCIAS\",\"potentialAction\":[{\"@type\":\"SearchAction\",\"target\":{\"@type\":\"EntryPoint\",\"urlTemplate\":\"https:\\\/\\\/www.p31noticias.com.br\\\/?s={search_term_string}\"},\"query-input\":{\"@type\":\"PropertyValueSpecification\",\"valueRequired\":true,\"valueName\":\"search_term_string\"}}],\"inLanguage\":\"pt-BR\"},{\"@type\":\"Person\",\"@id\":\"https:\\\/\\\/www.p31noticias.com.br\\\/#\\\/schema\\\/person\\\/95f2ece30e3b4132065b915150cd0f94\",\"name\":\"Gon\u00e7alves Junior\",\"image\":{\"@type\":\"ImageObject\",\"inLanguage\":\"pt-BR\",\"@id\":\"https:\\\/\\\/secure.gravatar.com\\\/avatar\\\/6711f350116a89762687a48d66f723c799e5438a5b7578508d4294cd7a5d0800?s=96&d=mm&r=g\",\"url\":\"https:\\\/\\\/secure.gravatar.com\\\/avatar\\\/6711f350116a89762687a48d66f723c799e5438a5b7578508d4294cd7a5d0800?s=96&d=mm&r=g\",\"contentUrl\":\"https:\\\/\\\/secure.gravatar.com\\\/avatar\\\/6711f350116a89762687a48d66f723c799e5438a5b7578508d4294cd7a5d0800?s=96&d=mm&r=g\",\"caption\":\"Gon\u00e7alves Junior\"},\"url\":\"https:\\\/\\\/www.p31noticias.com.br\\\/?author=2\"}]}<\/script>\n<!-- \/ Yoast SEO Premium plugin. -->","yoast_head_json":{"title":"*Renata d\u2019Aguiar promove encontro para alinhamento de ideias*. - P31","robots":{"index":"index","follow":"follow","max-snippet":"max-snippet:-1","max-image-preview":"max-image-preview:large","max-video-preview":"max-video-preview:-1"},"canonical":"https:\/\/www.p31noticias.com.br\/?p=26171","og_locale":"pt_BR","og_type":"article","og_title":"*Renata d\u2019Aguiar promove encontro para alinhamento de ideias*.","og_description":"A\u00e7\u00e3o contou com a participa\u00e7\u00e3o de cerca de 200 pessoas, entre elas, o deputado federal J\u00falio C\u00e9sar e a ex-ministra Damares Alves. Empregabilidade, sa\u00fade, educa\u00e7\u00e3o, prote\u00e7\u00e3o da mulher e seguran\u00e7a p\u00fablica, esses foram alguns dos temas debatidos na manh\u00e3 deste domingo (5) durante encontro para alinhamento de ideias. Mediado pela pr\u00e9-candidata a deputada distrital Renata [&hellip;]","og_url":"https:\/\/www.p31noticias.com.br\/?p=26171","og_site_name":"P31","article_published_time":"2022-06-05T15:47:08+00:00","og_image":[{"width":1600,"height":1200,"url":"https:\/\/www.p31noticias.com.br\/wp-content\/uploads\/2022\/06\/unnamed-32.jpg","type":"image\/jpeg"}],"author":"Gon\u00e7alves Junior","twitter_card":"summary_large_image","twitter_misc":{"Escrito por":"Gon\u00e7alves Junior","Est. tempo de leitura":"1 minuto"},"schema":{"@context":"https:\/\/schema.org","@graph":[{"@type":"Article","@id":"https:\/\/www.p31noticias.com.br\/?p=26171#article","isPartOf":{"@id":"https:\/\/www.p31noticias.com.br\/?p=26171"},"author":{"name":"Gon\u00e7alves Junior","@id":"https:\/\/www.p31noticias.com.br\/#\/schema\/person\/95f2ece30e3b4132065b915150cd0f94"},"headline":"*Renata d\u2019Aguiar promove encontro para alinhamento de ideias*.","datePublished":"2022-06-05T15:47:08+00:00","mainEntityOfPage":{"@id":"https:\/\/www.p31noticias.com.br\/?p=26171"},"wordCount":287,"commentCount":0,"image":{"@id":"https:\/\/www.p31noticias.com.br\/?p=26171#primaryimage"},"thumbnailUrl":"https:\/\/www.p31noticias.com.br\/wp-content\/uploads\/2022\/06\/unnamed-32.jpg","articleSection":["Bras\u00edlia","Pol\u00edtica"],"inLanguage":"pt-BR","potentialAction":[{"@type":"CommentAction","name":"Comment","target":["https:\/\/www.p31noticias.com.br\/?p=26171#respond"]}],"copyrightYear":"2022","copyrightHolder":{"@id":"https:\/\/www.p31noticias.com.br\/#organization"}},{"@type":"WebPage","@id":"https:\/\/www.p31noticias.com.br\/?p=26171","url":"https:\/\/www.p31noticias.com.br\/?p=26171","name":"*Renata d\u2019Aguiar promove encontro para alinhamento de ideias*. - P31","isPartOf":{"@id":"https:\/\/www.p31noticias.com.br\/#website"},"primaryImageOfPage":{"@id":"https:\/\/www.p31noticias.com.br\/?p=26171#primaryimage"},"image":{"@id":"https:\/\/www.p31noticias.com.br\/?p=26171#primaryimage"},"thumbnailUrl":"https:\/\/www.p31noticias.com.br\/wp-content\/uploads\/2022\/06\/unnamed-32.jpg","datePublished":"2022-06-05T15:47:08+00:00","author":{"@id":"https:\/\/www.p31noticias.com.br\/#\/schema\/person\/95f2ece30e3b4132065b915150cd0f94"},"breadcrumb":{"@id":"https:\/\/www.p31noticias.com.br\/?p=26171#breadcrumb"},"inLanguage":"pt-BR","potentialAction":[{"@type":"ReadAction","target":["https:\/\/www.p31noticias.com.br\/?p=26171"]}]},{"@type":"ImageObject","inLanguage":"pt-BR","@id":"https:\/\/www.p31noticias.com.br\/?p=26171#primaryimage","url":"https:\/\/www.p31noticias.com.br\/wp-content\/uploads\/2022\/06\/unnamed-32.jpg","contentUrl":"https:\/\/www.p31noticias.com.br\/wp-content\/uploads\/2022\/06\/unnamed-32.jpg","width":1600,"height":1200},{"@type":"BreadcrumbList","@id":"https:\/\/www.p31noticias.com.br\/?p=26171#breadcrumb","itemListElement":[{"@type":"ListItem","position":1,"name":"In\u00edcio","item":"https:\/\/www.p31noticias.com.br\/"},{"@type":"ListItem","position":2,"name":"*Renata d\u2019Aguiar promove encontro para alinhamento de ideias*."}]},{"@type":"WebSite","@id":"https:\/\/www.p31noticias.com.br\/#website","url":"https:\/\/www.p31noticias.com.br\/","name":"P31","description":"NOT\u00cdCIAS","potentialAction":[{"@type":"SearchAction","target":{"@type":"EntryPoint","urlTemplate":"https:\/\/www.p31noticias.com.br\/?s={search_term_string}"},"query-input":{"@type":"PropertyValueSpecification","valueRequired":true,"valueName":"search_term_string"}}],"inLanguage":"pt-BR"},{"@type":"Person","@id":"https:\/\/www.p31noticias.com.br\/#\/schema\/person\/95f2ece30e3b4132065b915150cd0f94","name":"Gon\u00e7alves Junior","image":{"@type":"ImageObject","inLanguage":"pt-BR","@id":"https:\/\/secure.gravatar.com\/avatar\/6711f350116a89762687a48d66f723c799e5438a5b7578508d4294cd7a5d0800?s=96&d=mm&r=g","url":"https:\/\/secure.gravatar.com\/avatar\/6711f350116a89762687a48d66f723c799e5438a5b7578508d4294cd7a5d0800?s=96&d=mm&r=g","contentUrl":"https:\/\/secure.gravatar.com\/avatar\/6711f350116a89762687a48d66f723c799e5438a5b7578508d4294cd7a5d0800?s=96&d=mm&r=g","caption":"Gon\u00e7alves Junior"},"url":"https:\/\/www.p31noticias.com.br\/?author=2"}]}},"amp_enabled":true,"_links":{"self":[{"href":"https:\/\/www.p31noticias.com.br\/index.php?rest_route=\/wp\/v2\/posts\/26171","targetHints":{"allow":["GET"]}}],"collection":[{"href":"https:\/\/www.p31noticias.com.br\/index.php?rest_route=\/wp\/v2\/posts"}],"about":[{"href":"https:\/\/www.p31noticias.com.br\/index.php?rest_route=\/wp\/v2\/types\/post"}],"author":[{"embeddable":true,"href":"https:\/\/www.p31noticias.com.br\/index.php?rest_route=\/wp\/v2\/users\/2"}],"replies":[{"embeddable":true,"href":"https:\/\/www.p31noticias.com.br\/index.php?rest_route=%2Fwp%2Fv2%2Fcomments&post=26171"}],"version-history":[{"count":1,"href":"https:\/\/www.p31noticias.com.br\/index.php?rest_route=\/wp\/v2\/posts\/26171\/revisions"}],"predecessor-version":[{"id":26173,"href":"https:\/\/www.p31noticias.com.br\/index.php?rest_route=\/wp\/v2\/posts\/26171\/revisions\/26173"}],"wp:featuredmedia":[{"embeddable":true,"href":"https:\/\/www.p31noticias.com.br\/index.php?rest_route=\/wp\/v2\/media\/26172"}],"wp:attachment":[{"href":"https:\/\/www.p31noticias.com.br\/index.php?rest_route=%2Fwp%2Fv2%2Fmedia&parent=26171"}],"wp:term":[{"taxonomy":"category","embeddable":true,"href":"https:\/\/www.p31noticias.com.br\/index.php?rest_route=%2Fwp%2Fv2%2Fcategories&post=26171"},{"taxonomy":"post_tag","embeddable":true,"href":"https:\/\/www.p31noticias.com.br\/index.php?rest_route=%2Fwp%2Fv2%2Ftags&post=26171"}],"curies":[{"name":"wp","href":"https:\/\/api.w.org\/{rel}","templated":true}]}}