{"id":26160,"date":"2022-06-03T07:49:56","date_gmt":"2022-06-03T10:49:56","guid":{"rendered":"https:\/\/p31noticias.com.br\/?p=26160"},"modified":"2022-06-03T07:49:56","modified_gmt":"2022-06-03T10:49:56","slug":"reserva-de-acoes-da-eletrobras-com-recursos-do-fgts-comeca-hoje","status":"publish","type":"post","link":"https:\/\/www.p31noticias.com.br\/?p=26160","title":{"rendered":"Reserva de a\u00e7\u00f5es da Eletrobras com recursos do FGTS come\u00e7a hoje."},"content":{"rendered":"<h3 class=\"col-10 offset-1 animated fadeInDown dealy-900 display-8 display-md-8 alt-font font-italic my-1 text-center\" style=\"text-align: justify;\"><em><strong>At\u00e9 8 de junho, trabalhador poder\u00e1 pedir compra de pap\u00e9is da estatal.<\/strong><\/em><\/h3>\n<p style=\"text-align: justify;\">A partir de\u00a0hoje\u00a0(3) at\u00e9 a pr\u00f3xima\u00a0quarta-feira (8), os trabalhadores com carteira assinada poder\u00e3o manifestar\u00a0interesse em comprar a\u00e7\u00f5es da Eletrobras com recursos do Fundo de Garantia do Tempo de Servi\u00e7o (FGTS). Come\u00e7a o prazo para reservar a\u00e7\u00f5es da companhia estatal, que passa por processo de privatiza\u00e7\u00e3o.<img decoding=\"async\" src=\"https:\/\/agenciabrasil.ebc.com.br\/ebc.png?id=1463527&amp;o=node\" \/><img decoding=\"async\" src=\"https:\/\/agenciabrasil.ebc.com.br\/ebc.gif?id=1463527&amp;o=node\" \/><\/p>\n<p style=\"text-align: justify;\">A opera\u00e7\u00e3o n\u00e3o representa a compra efetiva das a\u00e7\u00f5es, que ocorrer\u00e1 somente quando for realizado\u00a0o leil\u00e3o da companhia el\u00e9trica. O procedimento, no entanto, \u00e9 necess\u00e1rio para confirmar o interesse pelas a\u00e7\u00f5es da estatal. Com a privatiza\u00e7\u00e3o, o governo federal quer reduzir a participa\u00e7\u00e3o na Eletrobras de 72% para, no m\u00e1ximo, 45%.<\/p>\n<p style=\"text-align: justify;\">O trabalhador poder\u00e1 usar de R$ 20 mil a R$ 50 mil do FGTS na opera\u00e7\u00e3o. Tamb\u00e9m existe um limite de 50% do saldo da conta do Fundo de Garantia. Dessa forma, quem tiver saldo de R$ 40 mil no FGTS s\u00f3 poder\u00e1 destinar R$ 20 mil para a compra das a\u00e7\u00f5es da Eletrobras. No caso de o empregado\u00a0ter\u00a0mais de uma conta no FGTS, poder\u00e1 usar at\u00e9 50% do saldo de cada uma.<\/p>\n<p>O pedido de reserva dever\u00e1 ser feito diretamente nas p\u00e1ginas de bancos e de corretoras que mant\u00eam Fundos M\u00fatuos de Privatiza\u00e7\u00e3o ligados ao FGTS (FMP-FGTS). Atualmente, as institui\u00e7\u00f5es financeiras t\u00eam p\u00e1ginas na internet com o prospecto preliminar e os avisos ao mercado.<\/p>\n<h2 style=\"text-align: justify;\">Autoriza\u00e7\u00e3o para consulta<\/h2>\n<p style=\"text-align: justify;\">Antes de fazer a opera\u00e7\u00e3o de reserva, o trabalhador dever\u00e1 autorizar que as institui\u00e7\u00f5es financeiras consultem os saldos do FGTS e efetuem a reserva dos valores para a aplica\u00e7\u00e3o no FMP-FGTS. O procedimento deve ser feito no aplicativo FGTS, da Caixa Econ\u00f4mica Federal, dispon\u00edvel para\u00a0<em>smartphones<\/em>\u00a0e\u00a0<em>tablets.<\/em><\/p>\n<p style=\"text-align: justify;\">Ao abrir o aplicativo, o trabalhador deve clicar no bot\u00e3o \u201cAutorizar bancos a consultarem seu FGTS\u201d. Em seguida, deve escolher a op\u00e7\u00e3o \u201cAplica\u00e7\u00e3o nos fundos m\u00fatuos de privatiza\u00e7\u00e3o FGTS\u201d, selecionar a op\u00e7\u00e3o \u201cFMP Eletrobras\u201d e escolher uma das dezenas de administradoras (bancos e corretoras que operam o FMP) que aparecerem. A institui\u00e7\u00e3o financeira escolhida deve ser a mesma em que o trabalhador far\u00e1 a reserva.<\/p>\n<p>Na mesma tela, \u00e9 poss\u00edvel simular a aplica\u00e7\u00e3o no FMP-FGTS. O pr\u00f3prio aplicativo esclarece que s\u00f3 \u00e9 permitida a aplica\u00e7\u00e3o com valores inteiros. Dessa forma, o saldo m\u00e1ximo de 50% do valor de cada conta vinculada do FGTS deve ser arredondado para baixo, desconsiderando os centavos.<\/p>\n<h2 style=\"text-align: justify;\">Precifica\u00e7\u00e3o<\/h2>\n<p style=\"text-align: justify;\">O pre\u00e7o de cada a\u00e7\u00e3o na oferta ser\u00e1 definido apenas em\u00a09 de junho, um dia ap\u00f3s o fim do prazo de reserva.\u00a0Ontem\u00a0(2), a a\u00e7\u00e3o da estatal encerrou o dia cotada em torno de R$ 43 na bolsa, mas o valor da oferta s\u00f3 ser\u00e1 definido ap\u00f3s negocia\u00e7\u00f5es entre os fundos de investimento (entre os quais os FMP), os bancos e a Eletrobras. As pessoas f\u00edsicas n\u00e3o participa\u00e7\u00e3o do processo.<\/p>\n<p style=\"text-align: justify;\">A Eletrobras destinou R$ 6 bilh\u00f5es para a venda de a\u00e7\u00f5es a investidores que pretendem usar recursos do FGTS. O uso do Fundo de Garantia representa apenas uma das formas pelas quais pessoas f\u00edsicas podem participar do leil\u00e3o, previsto para ocorrer no segundo semestre. Caso a pessoa f\u00edsica queira comprar a\u00e7\u00f5es diretamente no dia do leil\u00e3o, sem usar o FGTS, poder\u00e1\u00a0desembolsar entre R$ 1 mil e R$ 1 milh\u00e3o, cada uma.<\/p>\n<h2 style=\"text-align: justify;\">Varia\u00e7\u00e3o e riscos<\/h2>\n<p style=\"text-align: justify;\">O trabalhador deve ficar atento aos riscos da opera\u00e7\u00e3o. Como o mercado de a\u00e7\u00f5es \u00e9 vari\u00e1vel, os pap\u00e9is da Eletrobras estar\u00e3o sujeitos \u00e0s oscila\u00e7\u00f5es do mercado financeiro. Ser\u00e1 preciso\u00a0ter\u00a0paci\u00eancia e observar a evolu\u00e7\u00e3o dos pap\u00e9is no longo prazo, antes de vender as a\u00e7\u00f5es quando as cota\u00e7\u00f5es baixarem e sair no preju\u00edzo.<\/p>\n<p style=\"text-align: justify;\">O investimento tem prazo m\u00ednimo de um ano. Quem comprar a\u00e7\u00f5es da Eletrobras com o FGTS\u00a0ter\u00e1 de esperar pelo menos 12 meses para desfazer-se dos pap\u00e9is. Ap\u00f3s a venda, o dinheiro voltar\u00e1 para a conta do FGTS e s\u00f3 poder\u00e1 ser sacado nas regras atuais, como demiss\u00e3o sem justa causa, financiamentos de im\u00f3veis, doen\u00e7as graves ou o saque anivers\u00e1rio (saque que ocorre uma vez por ano em troca de n\u00e3o\u00a0ter\u00a0direito a receber o saldo em caso de demiss\u00e3o).<\/p>\n<p>Agencia Brasil.<\/p>\n","protected":false},"excerpt":{"rendered":"<p>At\u00e9 8 de junho, trabalhador poder\u00e1 pedir compra de pap\u00e9is da estatal. A partir de\u00a0hoje\u00a0(3) at\u00e9 a pr\u00f3xima\u00a0quarta-feira (8), os trabalhadores com carteira assinada poder\u00e3o manifestar\u00a0interesse em comprar a\u00e7\u00f5es da Eletrobras com recursos do Fundo de Garantia do Tempo de Servi\u00e7o (FGTS). Come\u00e7a o prazo para reservar a\u00e7\u00f5es da companhia estatal, que passa por processo [&hellip;]<\/p>\n","protected":false},"author":2,"featured_media":26161,"comment_status":"open","ping_status":"open","sticky":false,"template":"","format":"standard","meta":{"footnotes":""},"categories":[68,637],"tags":[],"class_list":{"0":"post-26160","1":"post","2":"type-post","3":"status-publish","4":"format-standard","5":"has-post-thumbnail","7":"category-brasil","8":"category-economia"},"yoast_head":"<!-- This site is optimized with the Yoast SEO Premium plugin v24.5 (Yoast SEO v27.5) - https:\/\/yoast.com\/product\/yoast-seo-premium-wordpress\/ -->\n<title>Reserva de a\u00e7\u00f5es da Eletrobras com recursos do FGTS come\u00e7a hoje. - P31<\/title>\n<meta name=\"robots\" content=\"index, follow, max-snippet:-1, max-image-preview:large, max-video-preview:-1\" \/>\n<link rel=\"canonical\" href=\"https:\/\/www.p31noticias.com.br\/?p=26160\" \/>\n<meta property=\"og:locale\" content=\"pt_BR\" \/>\n<meta property=\"og:type\" content=\"article\" \/>\n<meta property=\"og:title\" content=\"Reserva de a\u00e7\u00f5es da Eletrobras com recursos do FGTS come\u00e7a hoje.\" \/>\n<meta property=\"og:description\" content=\"At\u00e9 8 de junho, trabalhador poder\u00e1 pedir compra de pap\u00e9is da estatal. A partir de\u00a0hoje\u00a0(3) at\u00e9 a pr\u00f3xima\u00a0quarta-feira (8), os trabalhadores com carteira assinada poder\u00e3o manifestar\u00a0interesse em comprar a\u00e7\u00f5es da Eletrobras com recursos do Fundo de Garantia do Tempo de Servi\u00e7o (FGTS). Come\u00e7a o prazo para reservar a\u00e7\u00f5es da companhia estatal, que passa por processo [&hellip;]\" \/>\n<meta property=\"og:url\" content=\"https:\/\/www.p31noticias.com.br\/?p=26160\" \/>\n<meta property=\"og:site_name\" content=\"P31\" \/>\n<meta property=\"article:published_time\" content=\"2022-06-03T10:49:56+00:00\" \/>\n<meta property=\"og:image\" content=\"https:\/\/www.p31noticias.com.br\/wp-content\/uploads\/2022\/06\/2019-01-03t153608z_1732379578_rc1de41f4690_rtrmadp_3_brazil-eletrobras-1.jpg\" \/>\n\t<meta property=\"og:image:width\" content=\"1170\" \/>\n\t<meta property=\"og:image:height\" content=\"700\" \/>\n\t<meta property=\"og:image:type\" content=\"image\/jpeg\" \/>\n<meta name=\"author\" content=\"Gon\u00e7alves Junior\" \/>\n<meta name=\"twitter:card\" content=\"summary_large_image\" \/>\n<meta name=\"twitter:label1\" content=\"Escrito por\" \/>\n\t<meta name=\"twitter:data1\" content=\"Gon\u00e7alves Junior\" \/>\n\t<meta name=\"twitter:label2\" content=\"Est. tempo de leitura\" \/>\n\t<meta name=\"twitter:data2\" content=\"4 minutos\" \/>\n<script type=\"application\/ld+json\" class=\"yoast-schema-graph\">{\"@context\":\"https:\\\/\\\/schema.org\",\"@graph\":[{\"@type\":\"Article\",\"@id\":\"https:\\\/\\\/www.p31noticias.com.br\\\/?p=26160#article\",\"isPartOf\":{\"@id\":\"https:\\\/\\\/www.p31noticias.com.br\\\/?p=26160\"},\"author\":{\"name\":\"Gon\u00e7alves Junior\",\"@id\":\"https:\\\/\\\/www.p31noticias.com.br\\\/#\\\/schema\\\/person\\\/95f2ece30e3b4132065b915150cd0f94\"},\"headline\":\"Reserva de a\u00e7\u00f5es da Eletrobras com recursos do FGTS come\u00e7a hoje.\",\"datePublished\":\"2022-06-03T10:49:56+00:00\",\"mainEntityOfPage\":{\"@id\":\"https:\\\/\\\/www.p31noticias.com.br\\\/?p=26160\"},\"wordCount\":753,\"commentCount\":0,\"image\":{\"@id\":\"https:\\\/\\\/www.p31noticias.com.br\\\/?p=26160#primaryimage\"},\"thumbnailUrl\":\"https:\\\/\\\/www.p31noticias.com.br\\\/wp-content\\\/uploads\\\/2022\\\/06\\\/2019-01-03t153608z_1732379578_rc1de41f4690_rtrmadp_3_brazil-eletrobras-1.jpg\",\"articleSection\":[\"Brasil\",\"Economia\"],\"inLanguage\":\"pt-BR\",\"potentialAction\":[{\"@type\":\"CommentAction\",\"name\":\"Comment\",\"target\":[\"https:\\\/\\\/www.p31noticias.com.br\\\/?p=26160#respond\"]}],\"copyrightYear\":\"2022\",\"copyrightHolder\":{\"@id\":\"https:\\\/\\\/www.p31noticias.com.br\\\/#organization\"}},{\"@type\":\"WebPage\",\"@id\":\"https:\\\/\\\/www.p31noticias.com.br\\\/?p=26160\",\"url\":\"https:\\\/\\\/www.p31noticias.com.br\\\/?p=26160\",\"name\":\"Reserva de a\u00e7\u00f5es da Eletrobras com recursos do FGTS come\u00e7a hoje. - P31\",\"isPartOf\":{\"@id\":\"https:\\\/\\\/www.p31noticias.com.br\\\/#website\"},\"primaryImageOfPage\":{\"@id\":\"https:\\\/\\\/www.p31noticias.com.br\\\/?p=26160#primaryimage\"},\"image\":{\"@id\":\"https:\\\/\\\/www.p31noticias.com.br\\\/?p=26160#primaryimage\"},\"thumbnailUrl\":\"https:\\\/\\\/www.p31noticias.com.br\\\/wp-content\\\/uploads\\\/2022\\\/06\\\/2019-01-03t153608z_1732379578_rc1de41f4690_rtrmadp_3_brazil-eletrobras-1.jpg\",\"datePublished\":\"2022-06-03T10:49:56+00:00\",\"author\":{\"@id\":\"https:\\\/\\\/www.p31noticias.com.br\\\/#\\\/schema\\\/person\\\/95f2ece30e3b4132065b915150cd0f94\"},\"breadcrumb\":{\"@id\":\"https:\\\/\\\/www.p31noticias.com.br\\\/?p=26160#breadcrumb\"},\"inLanguage\":\"pt-BR\",\"potentialAction\":[{\"@type\":\"ReadAction\",\"target\":[\"https:\\\/\\\/www.p31noticias.com.br\\\/?p=26160\"]}]},{\"@type\":\"ImageObject\",\"inLanguage\":\"pt-BR\",\"@id\":\"https:\\\/\\\/www.p31noticias.com.br\\\/?p=26160#primaryimage\",\"url\":\"https:\\\/\\\/www.p31noticias.com.br\\\/wp-content\\\/uploads\\\/2022\\\/06\\\/2019-01-03t153608z_1732379578_rc1de41f4690_rtrmadp_3_brazil-eletrobras-1.jpg\",\"contentUrl\":\"https:\\\/\\\/www.p31noticias.com.br\\\/wp-content\\\/uploads\\\/2022\\\/06\\\/2019-01-03t153608z_1732379578_rc1de41f4690_rtrmadp_3_brazil-eletrobras-1.jpg\",\"width\":1170,\"height\":700,\"caption\":\"Fachada de um pr\u00e9dio da Eletrobras.\"},{\"@type\":\"BreadcrumbList\",\"@id\":\"https:\\\/\\\/www.p31noticias.com.br\\\/?p=26160#breadcrumb\",\"itemListElement\":[{\"@type\":\"ListItem\",\"position\":1,\"name\":\"In\u00edcio\",\"item\":\"https:\\\/\\\/www.p31noticias.com.br\\\/\"},{\"@type\":\"ListItem\",\"position\":2,\"name\":\"Reserva de a\u00e7\u00f5es da Eletrobras com recursos do FGTS come\u00e7a hoje.\"}]},{\"@type\":\"WebSite\",\"@id\":\"https:\\\/\\\/www.p31noticias.com.br\\\/#website\",\"url\":\"https:\\\/\\\/www.p31noticias.com.br\\\/\",\"name\":\"P31\",\"description\":\"NOT\u00cdCIAS\",\"potentialAction\":[{\"@type\":\"SearchAction\",\"target\":{\"@type\":\"EntryPoint\",\"urlTemplate\":\"https:\\\/\\\/www.p31noticias.com.br\\\/?s={search_term_string}\"},\"query-input\":{\"@type\":\"PropertyValueSpecification\",\"valueRequired\":true,\"valueName\":\"search_term_string\"}}],\"inLanguage\":\"pt-BR\"},{\"@type\":\"Person\",\"@id\":\"https:\\\/\\\/www.p31noticias.com.br\\\/#\\\/schema\\\/person\\\/95f2ece30e3b4132065b915150cd0f94\",\"name\":\"Gon\u00e7alves Junior\",\"image\":{\"@type\":\"ImageObject\",\"inLanguage\":\"pt-BR\",\"@id\":\"https:\\\/\\\/secure.gravatar.com\\\/avatar\\\/6711f350116a89762687a48d66f723c799e5438a5b7578508d4294cd7a5d0800?s=96&d=mm&r=g\",\"url\":\"https:\\\/\\\/secure.gravatar.com\\\/avatar\\\/6711f350116a89762687a48d66f723c799e5438a5b7578508d4294cd7a5d0800?s=96&d=mm&r=g\",\"contentUrl\":\"https:\\\/\\\/secure.gravatar.com\\\/avatar\\\/6711f350116a89762687a48d66f723c799e5438a5b7578508d4294cd7a5d0800?s=96&d=mm&r=g\",\"caption\":\"Gon\u00e7alves Junior\"},\"url\":\"https:\\\/\\\/www.p31noticias.com.br\\\/?author=2\"}]}<\/script>\n<!-- \/ Yoast SEO Premium plugin. -->","yoast_head_json":{"title":"Reserva de a\u00e7\u00f5es da Eletrobras com recursos do FGTS come\u00e7a hoje. - P31","robots":{"index":"index","follow":"follow","max-snippet":"max-snippet:-1","max-image-preview":"max-image-preview:large","max-video-preview":"max-video-preview:-1"},"canonical":"https:\/\/www.p31noticias.com.br\/?p=26160","og_locale":"pt_BR","og_type":"article","og_title":"Reserva de a\u00e7\u00f5es da Eletrobras com recursos do FGTS come\u00e7a hoje.","og_description":"At\u00e9 8 de junho, trabalhador poder\u00e1 pedir compra de pap\u00e9is da estatal. A partir de\u00a0hoje\u00a0(3) at\u00e9 a pr\u00f3xima\u00a0quarta-feira (8), os trabalhadores com carteira assinada poder\u00e3o manifestar\u00a0interesse em comprar a\u00e7\u00f5es da Eletrobras com recursos do Fundo de Garantia do Tempo de Servi\u00e7o (FGTS). Come\u00e7a o prazo para reservar a\u00e7\u00f5es da companhia estatal, que passa por processo [&hellip;]","og_url":"https:\/\/www.p31noticias.com.br\/?p=26160","og_site_name":"P31","article_published_time":"2022-06-03T10:49:56+00:00","og_image":[{"width":1170,"height":700,"url":"https:\/\/www.p31noticias.com.br\/wp-content\/uploads\/2022\/06\/2019-01-03t153608z_1732379578_rc1de41f4690_rtrmadp_3_brazil-eletrobras-1.jpg","type":"image\/jpeg"}],"author":"Gon\u00e7alves Junior","twitter_card":"summary_large_image","twitter_misc":{"Escrito por":"Gon\u00e7alves Junior","Est. tempo de leitura":"4 minutos"},"schema":{"@context":"https:\/\/schema.org","@graph":[{"@type":"Article","@id":"https:\/\/www.p31noticias.com.br\/?p=26160#article","isPartOf":{"@id":"https:\/\/www.p31noticias.com.br\/?p=26160"},"author":{"name":"Gon\u00e7alves Junior","@id":"https:\/\/www.p31noticias.com.br\/#\/schema\/person\/95f2ece30e3b4132065b915150cd0f94"},"headline":"Reserva de a\u00e7\u00f5es da Eletrobras com recursos do FGTS come\u00e7a hoje.","datePublished":"2022-06-03T10:49:56+00:00","mainEntityOfPage":{"@id":"https:\/\/www.p31noticias.com.br\/?p=26160"},"wordCount":753,"commentCount":0,"image":{"@id":"https:\/\/www.p31noticias.com.br\/?p=26160#primaryimage"},"thumbnailUrl":"https:\/\/www.p31noticias.com.br\/wp-content\/uploads\/2022\/06\/2019-01-03t153608z_1732379578_rc1de41f4690_rtrmadp_3_brazil-eletrobras-1.jpg","articleSection":["Brasil","Economia"],"inLanguage":"pt-BR","potentialAction":[{"@type":"CommentAction","name":"Comment","target":["https:\/\/www.p31noticias.com.br\/?p=26160#respond"]}],"copyrightYear":"2022","copyrightHolder":{"@id":"https:\/\/www.p31noticias.com.br\/#organization"}},{"@type":"WebPage","@id":"https:\/\/www.p31noticias.com.br\/?p=26160","url":"https:\/\/www.p31noticias.com.br\/?p=26160","name":"Reserva de a\u00e7\u00f5es da Eletrobras com recursos do FGTS come\u00e7a hoje. - P31","isPartOf":{"@id":"https:\/\/www.p31noticias.com.br\/#website"},"primaryImageOfPage":{"@id":"https:\/\/www.p31noticias.com.br\/?p=26160#primaryimage"},"image":{"@id":"https:\/\/www.p31noticias.com.br\/?p=26160#primaryimage"},"thumbnailUrl":"https:\/\/www.p31noticias.com.br\/wp-content\/uploads\/2022\/06\/2019-01-03t153608z_1732379578_rc1de41f4690_rtrmadp_3_brazil-eletrobras-1.jpg","datePublished":"2022-06-03T10:49:56+00:00","author":{"@id":"https:\/\/www.p31noticias.com.br\/#\/schema\/person\/95f2ece30e3b4132065b915150cd0f94"},"breadcrumb":{"@id":"https:\/\/www.p31noticias.com.br\/?p=26160#breadcrumb"},"inLanguage":"pt-BR","potentialAction":[{"@type":"ReadAction","target":["https:\/\/www.p31noticias.com.br\/?p=26160"]}]},{"@type":"ImageObject","inLanguage":"pt-BR","@id":"https:\/\/www.p31noticias.com.br\/?p=26160#primaryimage","url":"https:\/\/www.p31noticias.com.br\/wp-content\/uploads\/2022\/06\/2019-01-03t153608z_1732379578_rc1de41f4690_rtrmadp_3_brazil-eletrobras-1.jpg","contentUrl":"https:\/\/www.p31noticias.com.br\/wp-content\/uploads\/2022\/06\/2019-01-03t153608z_1732379578_rc1de41f4690_rtrmadp_3_brazil-eletrobras-1.jpg","width":1170,"height":700,"caption":"Fachada de um pr\u00e9dio da Eletrobras."},{"@type":"BreadcrumbList","@id":"https:\/\/www.p31noticias.com.br\/?p=26160#breadcrumb","itemListElement":[{"@type":"ListItem","position":1,"name":"In\u00edcio","item":"https:\/\/www.p31noticias.com.br\/"},{"@type":"ListItem","position":2,"name":"Reserva de a\u00e7\u00f5es da Eletrobras com recursos do FGTS come\u00e7a hoje."}]},{"@type":"WebSite","@id":"https:\/\/www.p31noticias.com.br\/#website","url":"https:\/\/www.p31noticias.com.br\/","name":"P31","description":"NOT\u00cdCIAS","potentialAction":[{"@type":"SearchAction","target":{"@type":"EntryPoint","urlTemplate":"https:\/\/www.p31noticias.com.br\/?s={search_term_string}"},"query-input":{"@type":"PropertyValueSpecification","valueRequired":true,"valueName":"search_term_string"}}],"inLanguage":"pt-BR"},{"@type":"Person","@id":"https:\/\/www.p31noticias.com.br\/#\/schema\/person\/95f2ece30e3b4132065b915150cd0f94","name":"Gon\u00e7alves Junior","image":{"@type":"ImageObject","inLanguage":"pt-BR","@id":"https:\/\/secure.gravatar.com\/avatar\/6711f350116a89762687a48d66f723c799e5438a5b7578508d4294cd7a5d0800?s=96&d=mm&r=g","url":"https:\/\/secure.gravatar.com\/avatar\/6711f350116a89762687a48d66f723c799e5438a5b7578508d4294cd7a5d0800?s=96&d=mm&r=g","contentUrl":"https:\/\/secure.gravatar.com\/avatar\/6711f350116a89762687a48d66f723c799e5438a5b7578508d4294cd7a5d0800?s=96&d=mm&r=g","caption":"Gon\u00e7alves Junior"},"url":"https:\/\/www.p31noticias.com.br\/?author=2"}]}},"amp_enabled":true,"_links":{"self":[{"href":"https:\/\/www.p31noticias.com.br\/index.php?rest_route=\/wp\/v2\/posts\/26160","targetHints":{"allow":["GET"]}}],"collection":[{"href":"https:\/\/www.p31noticias.com.br\/index.php?rest_route=\/wp\/v2\/posts"}],"about":[{"href":"https:\/\/www.p31noticias.com.br\/index.php?rest_route=\/wp\/v2\/types\/post"}],"author":[{"embeddable":true,"href":"https:\/\/www.p31noticias.com.br\/index.php?rest_route=\/wp\/v2\/users\/2"}],"replies":[{"embeddable":true,"href":"https:\/\/www.p31noticias.com.br\/index.php?rest_route=%2Fwp%2Fv2%2Fcomments&post=26160"}],"version-history":[{"count":1,"href":"https:\/\/www.p31noticias.com.br\/index.php?rest_route=\/wp\/v2\/posts\/26160\/revisions"}],"predecessor-version":[{"id":26162,"href":"https:\/\/www.p31noticias.com.br\/index.php?rest_route=\/wp\/v2\/posts\/26160\/revisions\/26162"}],"wp:featuredmedia":[{"embeddable":true,"href":"https:\/\/www.p31noticias.com.br\/index.php?rest_route=\/wp\/v2\/media\/26161"}],"wp:attachment":[{"href":"https:\/\/www.p31noticias.com.br\/index.php?rest_route=%2Fwp%2Fv2%2Fmedia&parent=26160"}],"wp:term":[{"taxonomy":"category","embeddable":true,"href":"https:\/\/www.p31noticias.com.br\/index.php?rest_route=%2Fwp%2Fv2%2Fcategories&post=26160"},{"taxonomy":"post_tag","embeddable":true,"href":"https:\/\/www.p31noticias.com.br\/index.php?rest_route=%2Fwp%2Fv2%2Ftags&post=26160"}],"curies":[{"name":"wp","href":"https:\/\/api.w.org\/{rel}","templated":true}]}}