{"id":26144,"date":"2022-05-31T20:02:30","date_gmt":"2022-05-31T23:02:30","guid":{"rendered":"https:\/\/p31noticias.com.br\/?p=26144"},"modified":"2022-05-31T20:02:30","modified_gmt":"2022-05-31T23:02:30","slug":"bolsonaro-faz-aceno-ao-uniao-brasil-gostaria-que-viesse-conosco","status":"publish","type":"post","link":"https:\/\/www.p31noticias.com.br\/?p=26144","title":{"rendered":"Bolsonaro faz aceno ao Uni\u00e3o Brasil: \u2018Gostaria que viesse conosco\u2019."},"content":{"rendered":"<p style=\"text-align: justify;\">Presidente da Rep\u00fablica sinaliza \u00e0 legenda que conta com fundo eleitoral e partid\u00e1rio de R$ 1 bilh\u00e3o, mas ressalta que a \u2018decis\u00e3o \u00e9 interna do partido\u2019.<\/p>\n<p style=\"text-align: justify;\">O presidente\u00a0<strong><a href=\"https:\/\/jovempan.com.br\/tag\/jair-bolsonaro\">Jair Bolsonaro<\/a><\/strong> (PL) realizou um aceno ao Uni\u00e3o Brasil durante entrevista. Ao ser questionado sobre o cen\u00e1rio pol\u00edtico, o mandat\u00e1rio alegou que \u2018a decis\u00e3o \u00e9 interna do partido [<strong><a href=\"https:\/\/jovempan.com.br\/tag\/uniao-brasil\">Uni\u00e3o Brasil<\/a><\/strong>], mas gostaria que ele viesse conosco\u201d. O deputado federal\u00a0<strong><a href=\"https:\/\/jovempan.com.br\/tag\/luciano-bivar\">Luciano Bivar<\/a><\/strong>\u00a0(Uni\u00e3o Brasil-PE) atualmente ocupa o cargo de presidente nacional da legenda e \u00e9 pr\u00e9-candidato na corrida ao Planalto nas elei\u00e7\u00f5es deste ano. Em 2018, Bivar comandava o PSL \u2013 partido que cedeu a chapa presidencial a Bolsonaro e sigla pelo qual Jair tornou-se chefe do Executivo federal. Ap\u00f3s diverg\u00eancias, o mandat\u00e1rio se desfiliou do PSL e o partido se uniu ao DEM para formar o Uni\u00e3o Brasil.<\/p>\n<p style=\"text-align: justify;\">Bolsonaro ainda alegou que Bivar tinha \u201cum sonho\u201d de concorrer \u00e0 presid\u00eancia da Rep\u00fablica como vice quando ambos ainda eram colegas de legenda. \u201cAgora (o sonho) de ser a voz (do partido) e ser candidato a presidente\u201d, afirmou o comandante do Planalto. O chefe do Executivo ressaltou ainda que a terceira via \u201cdificilmente\u201d ter\u00e1 sucesso e que a sa\u00edda da pr\u00e9-candidatura do ex-governador de\u00a0<strong><a href=\"https:\/\/jovempan.com.br\/tag\/joao-doria\">Jo\u00e3o Doria<\/a><\/strong>\u00a0(PSDB) da corrida eleitoral \u201cn\u00e3o fez diferen\u00e7a\u201d. \u201cEle estava na casa de 1%. O eleitor que decide. Est\u00e1 polarizado, dificilmente teremos uma terceira via no Brasil. O eleitor do Doria que decide entre eu e o Lula\u201d, argumentou.<\/p>\n<p>JP NEWS.<\/p>\n","protected":false},"excerpt":{"rendered":"<p>Presidente da Rep\u00fablica sinaliza \u00e0 legenda que conta com fundo eleitoral e partid\u00e1rio de R$ 1 bilh\u00e3o, mas ressalta que a \u2018decis\u00e3o \u00e9 interna do partido\u2019. O presidente\u00a0Jair Bolsonaro (PL) realizou um aceno ao Uni\u00e3o Brasil durante entrevista. Ao ser questionado sobre o cen\u00e1rio pol\u00edtico, o mandat\u00e1rio alegou que \u2018a decis\u00e3o \u00e9 interna do partido [&hellip;]<\/p>\n","protected":false},"author":2,"featured_media":26145,"comment_status":"open","ping_status":"open","sticky":false,"template":"","format":"standard","meta":{"footnotes":""},"categories":[68,57],"tags":[],"class_list":{"0":"post-26144","1":"post","2":"type-post","3":"status-publish","4":"format-standard","5":"has-post-thumbnail","7":"category-brasil","8":"category-politica"},"yoast_head":"<!-- This site is optimized with the Yoast SEO Premium plugin v24.5 (Yoast SEO v27.5) - https:\/\/yoast.com\/product\/yoast-seo-premium-wordpress\/ -->\n<title>Bolsonaro faz aceno ao Uni\u00e3o Brasil: \u2018Gostaria que viesse conosco\u2019. - P31<\/title>\n<meta name=\"robots\" content=\"index, follow, max-snippet:-1, max-image-preview:large, max-video-preview:-1\" \/>\n<link rel=\"canonical\" href=\"https:\/\/www.p31noticias.com.br\/?p=26144\" \/>\n<meta property=\"og:locale\" content=\"pt_BR\" \/>\n<meta property=\"og:type\" content=\"article\" \/>\n<meta property=\"og:title\" content=\"Bolsonaro faz aceno ao Uni\u00e3o Brasil: \u2018Gostaria que viesse conosco\u2019.\" \/>\n<meta property=\"og:description\" content=\"Presidente da Rep\u00fablica sinaliza \u00e0 legenda que conta com fundo eleitoral e partid\u00e1rio de R$ 1 bilh\u00e3o, mas ressalta que a \u2018decis\u00e3o \u00e9 interna do partido\u2019. O presidente\u00a0Jair Bolsonaro (PL) realizou um aceno ao Uni\u00e3o Brasil durante entrevista. Ao ser questionado sobre o cen\u00e1rio pol\u00edtico, o mandat\u00e1rio alegou que \u2018a decis\u00e3o \u00e9 interna do partido [&hellip;]\" \/>\n<meta property=\"og:url\" content=\"https:\/\/www.p31noticias.com.br\/?p=26144\" \/>\n<meta property=\"og:site_name\" content=\"P31\" \/>\n<meta property=\"article:published_time\" content=\"2022-05-31T23:02:30+00:00\" \/>\n<meta property=\"og:image\" content=\"https:\/\/www.p31noticias.com.br\/wp-content\/uploads\/2022\/05\/52103810550_0803778a03_k-675x450-1.jpg\" \/>\n\t<meta property=\"og:image:width\" content=\"675\" \/>\n\t<meta property=\"og:image:height\" content=\"450\" \/>\n\t<meta property=\"og:image:type\" content=\"image\/jpeg\" \/>\n<meta name=\"author\" content=\"Gon\u00e7alves Junior\" \/>\n<meta name=\"twitter:card\" content=\"summary_large_image\" \/>\n<meta name=\"twitter:label1\" content=\"Escrito por\" \/>\n\t<meta name=\"twitter:data1\" content=\"Gon\u00e7alves Junior\" \/>\n\t<meta name=\"twitter:label2\" content=\"Est. tempo de leitura\" \/>\n\t<meta name=\"twitter:data2\" content=\"1 minuto\" \/>\n<script type=\"application\/ld+json\" class=\"yoast-schema-graph\">{\"@context\":\"https:\\\/\\\/schema.org\",\"@graph\":[{\"@type\":\"Article\",\"@id\":\"https:\\\/\\\/www.p31noticias.com.br\\\/?p=26144#article\",\"isPartOf\":{\"@id\":\"https:\\\/\\\/www.p31noticias.com.br\\\/?p=26144\"},\"author\":{\"name\":\"Gon\u00e7alves Junior\",\"@id\":\"https:\\\/\\\/www.p31noticias.com.br\\\/#\\\/schema\\\/person\\\/95f2ece30e3b4132065b915150cd0f94\"},\"headline\":\"Bolsonaro faz aceno ao Uni\u00e3o Brasil: \u2018Gostaria que viesse conosco\u2019.\",\"datePublished\":\"2022-05-31T23:02:30+00:00\",\"mainEntityOfPage\":{\"@id\":\"https:\\\/\\\/www.p31noticias.com.br\\\/?p=26144\"},\"wordCount\":268,\"commentCount\":0,\"image\":{\"@id\":\"https:\\\/\\\/www.p31noticias.com.br\\\/?p=26144#primaryimage\"},\"thumbnailUrl\":\"https:\\\/\\\/www.p31noticias.com.br\\\/wp-content\\\/uploads\\\/2022\\\/05\\\/52103810550_0803778a03_k-675x450-1.jpg\",\"articleSection\":[\"Brasil\",\"Pol\u00edtica\"],\"inLanguage\":\"pt-BR\",\"potentialAction\":[{\"@type\":\"CommentAction\",\"name\":\"Comment\",\"target\":[\"https:\\\/\\\/www.p31noticias.com.br\\\/?p=26144#respond\"]}],\"copyrightYear\":\"2022\",\"copyrightHolder\":{\"@id\":\"https:\\\/\\\/www.p31noticias.com.br\\\/#organization\"}},{\"@type\":\"WebPage\",\"@id\":\"https:\\\/\\\/www.p31noticias.com.br\\\/?p=26144\",\"url\":\"https:\\\/\\\/www.p31noticias.com.br\\\/?p=26144\",\"name\":\"Bolsonaro faz aceno ao Uni\u00e3o Brasil: \u2018Gostaria que viesse conosco\u2019. - P31\",\"isPartOf\":{\"@id\":\"https:\\\/\\\/www.p31noticias.com.br\\\/#website\"},\"primaryImageOfPage\":{\"@id\":\"https:\\\/\\\/www.p31noticias.com.br\\\/?p=26144#primaryimage\"},\"image\":{\"@id\":\"https:\\\/\\\/www.p31noticias.com.br\\\/?p=26144#primaryimage\"},\"thumbnailUrl\":\"https:\\\/\\\/www.p31noticias.com.br\\\/wp-content\\\/uploads\\\/2022\\\/05\\\/52103810550_0803778a03_k-675x450-1.jpg\",\"datePublished\":\"2022-05-31T23:02:30+00:00\",\"author\":{\"@id\":\"https:\\\/\\\/www.p31noticias.com.br\\\/#\\\/schema\\\/person\\\/95f2ece30e3b4132065b915150cd0f94\"},\"breadcrumb\":{\"@id\":\"https:\\\/\\\/www.p31noticias.com.br\\\/?p=26144#breadcrumb\"},\"inLanguage\":\"pt-BR\",\"potentialAction\":[{\"@type\":\"ReadAction\",\"target\":[\"https:\\\/\\\/www.p31noticias.com.br\\\/?p=26144\"]}]},{\"@type\":\"ImageObject\",\"inLanguage\":\"pt-BR\",\"@id\":\"https:\\\/\\\/www.p31noticias.com.br\\\/?p=26144#primaryimage\",\"url\":\"https:\\\/\\\/www.p31noticias.com.br\\\/wp-content\\\/uploads\\\/2022\\\/05\\\/52103810550_0803778a03_k-675x450-1.jpg\",\"contentUrl\":\"https:\\\/\\\/www.p31noticias.com.br\\\/wp-content\\\/uploads\\\/2022\\\/05\\\/52103810550_0803778a03_k-675x450-1.jpg\",\"width\":675,\"height\":450},{\"@type\":\"BreadcrumbList\",\"@id\":\"https:\\\/\\\/www.p31noticias.com.br\\\/?p=26144#breadcrumb\",\"itemListElement\":[{\"@type\":\"ListItem\",\"position\":1,\"name\":\"In\u00edcio\",\"item\":\"https:\\\/\\\/www.p31noticias.com.br\\\/\"},{\"@type\":\"ListItem\",\"position\":2,\"name\":\"Bolsonaro faz aceno ao Uni\u00e3o Brasil: \u2018Gostaria que viesse conosco\u2019.\"}]},{\"@type\":\"WebSite\",\"@id\":\"https:\\\/\\\/www.p31noticias.com.br\\\/#website\",\"url\":\"https:\\\/\\\/www.p31noticias.com.br\\\/\",\"name\":\"P31\",\"description\":\"NOT\u00cdCIAS\",\"potentialAction\":[{\"@type\":\"SearchAction\",\"target\":{\"@type\":\"EntryPoint\",\"urlTemplate\":\"https:\\\/\\\/www.p31noticias.com.br\\\/?s={search_term_string}\"},\"query-input\":{\"@type\":\"PropertyValueSpecification\",\"valueRequired\":true,\"valueName\":\"search_term_string\"}}],\"inLanguage\":\"pt-BR\"},{\"@type\":\"Person\",\"@id\":\"https:\\\/\\\/www.p31noticias.com.br\\\/#\\\/schema\\\/person\\\/95f2ece30e3b4132065b915150cd0f94\",\"name\":\"Gon\u00e7alves Junior\",\"image\":{\"@type\":\"ImageObject\",\"inLanguage\":\"pt-BR\",\"@id\":\"https:\\\/\\\/secure.gravatar.com\\\/avatar\\\/6711f350116a89762687a48d66f723c799e5438a5b7578508d4294cd7a5d0800?s=96&d=mm&r=g\",\"url\":\"https:\\\/\\\/secure.gravatar.com\\\/avatar\\\/6711f350116a89762687a48d66f723c799e5438a5b7578508d4294cd7a5d0800?s=96&d=mm&r=g\",\"contentUrl\":\"https:\\\/\\\/secure.gravatar.com\\\/avatar\\\/6711f350116a89762687a48d66f723c799e5438a5b7578508d4294cd7a5d0800?s=96&d=mm&r=g\",\"caption\":\"Gon\u00e7alves Junior\"},\"url\":\"https:\\\/\\\/www.p31noticias.com.br\\\/?author=2\"}]}<\/script>\n<!-- \/ Yoast SEO Premium plugin. -->","yoast_head_json":{"title":"Bolsonaro faz aceno ao Uni\u00e3o Brasil: \u2018Gostaria que viesse conosco\u2019. - P31","robots":{"index":"index","follow":"follow","max-snippet":"max-snippet:-1","max-image-preview":"max-image-preview:large","max-video-preview":"max-video-preview:-1"},"canonical":"https:\/\/www.p31noticias.com.br\/?p=26144","og_locale":"pt_BR","og_type":"article","og_title":"Bolsonaro faz aceno ao Uni\u00e3o Brasil: \u2018Gostaria que viesse conosco\u2019.","og_description":"Presidente da Rep\u00fablica sinaliza \u00e0 legenda que conta com fundo eleitoral e partid\u00e1rio de R$ 1 bilh\u00e3o, mas ressalta que a \u2018decis\u00e3o \u00e9 interna do partido\u2019. O presidente\u00a0Jair Bolsonaro (PL) realizou um aceno ao Uni\u00e3o Brasil durante entrevista. Ao ser questionado sobre o cen\u00e1rio pol\u00edtico, o mandat\u00e1rio alegou que \u2018a decis\u00e3o \u00e9 interna do partido [&hellip;]","og_url":"https:\/\/www.p31noticias.com.br\/?p=26144","og_site_name":"P31","article_published_time":"2022-05-31T23:02:30+00:00","og_image":[{"width":675,"height":450,"url":"https:\/\/www.p31noticias.com.br\/wp-content\/uploads\/2022\/05\/52103810550_0803778a03_k-675x450-1.jpg","type":"image\/jpeg"}],"author":"Gon\u00e7alves Junior","twitter_card":"summary_large_image","twitter_misc":{"Escrito por":"Gon\u00e7alves Junior","Est. tempo de leitura":"1 minuto"},"schema":{"@context":"https:\/\/schema.org","@graph":[{"@type":"Article","@id":"https:\/\/www.p31noticias.com.br\/?p=26144#article","isPartOf":{"@id":"https:\/\/www.p31noticias.com.br\/?p=26144"},"author":{"name":"Gon\u00e7alves Junior","@id":"https:\/\/www.p31noticias.com.br\/#\/schema\/person\/95f2ece30e3b4132065b915150cd0f94"},"headline":"Bolsonaro faz aceno ao Uni\u00e3o Brasil: \u2018Gostaria que viesse conosco\u2019.","datePublished":"2022-05-31T23:02:30+00:00","mainEntityOfPage":{"@id":"https:\/\/www.p31noticias.com.br\/?p=26144"},"wordCount":268,"commentCount":0,"image":{"@id":"https:\/\/www.p31noticias.com.br\/?p=26144#primaryimage"},"thumbnailUrl":"https:\/\/www.p31noticias.com.br\/wp-content\/uploads\/2022\/05\/52103810550_0803778a03_k-675x450-1.jpg","articleSection":["Brasil","Pol\u00edtica"],"inLanguage":"pt-BR","potentialAction":[{"@type":"CommentAction","name":"Comment","target":["https:\/\/www.p31noticias.com.br\/?p=26144#respond"]}],"copyrightYear":"2022","copyrightHolder":{"@id":"https:\/\/www.p31noticias.com.br\/#organization"}},{"@type":"WebPage","@id":"https:\/\/www.p31noticias.com.br\/?p=26144","url":"https:\/\/www.p31noticias.com.br\/?p=26144","name":"Bolsonaro faz aceno ao Uni\u00e3o Brasil: \u2018Gostaria que viesse conosco\u2019. - P31","isPartOf":{"@id":"https:\/\/www.p31noticias.com.br\/#website"},"primaryImageOfPage":{"@id":"https:\/\/www.p31noticias.com.br\/?p=26144#primaryimage"},"image":{"@id":"https:\/\/www.p31noticias.com.br\/?p=26144#primaryimage"},"thumbnailUrl":"https:\/\/www.p31noticias.com.br\/wp-content\/uploads\/2022\/05\/52103810550_0803778a03_k-675x450-1.jpg","datePublished":"2022-05-31T23:02:30+00:00","author":{"@id":"https:\/\/www.p31noticias.com.br\/#\/schema\/person\/95f2ece30e3b4132065b915150cd0f94"},"breadcrumb":{"@id":"https:\/\/www.p31noticias.com.br\/?p=26144#breadcrumb"},"inLanguage":"pt-BR","potentialAction":[{"@type":"ReadAction","target":["https:\/\/www.p31noticias.com.br\/?p=26144"]}]},{"@type":"ImageObject","inLanguage":"pt-BR","@id":"https:\/\/www.p31noticias.com.br\/?p=26144#primaryimage","url":"https:\/\/www.p31noticias.com.br\/wp-content\/uploads\/2022\/05\/52103810550_0803778a03_k-675x450-1.jpg","contentUrl":"https:\/\/www.p31noticias.com.br\/wp-content\/uploads\/2022\/05\/52103810550_0803778a03_k-675x450-1.jpg","width":675,"height":450},{"@type":"BreadcrumbList","@id":"https:\/\/www.p31noticias.com.br\/?p=26144#breadcrumb","itemListElement":[{"@type":"ListItem","position":1,"name":"In\u00edcio","item":"https:\/\/www.p31noticias.com.br\/"},{"@type":"ListItem","position":2,"name":"Bolsonaro faz aceno ao Uni\u00e3o Brasil: \u2018Gostaria que viesse conosco\u2019."}]},{"@type":"WebSite","@id":"https:\/\/www.p31noticias.com.br\/#website","url":"https:\/\/www.p31noticias.com.br\/","name":"P31","description":"NOT\u00cdCIAS","potentialAction":[{"@type":"SearchAction","target":{"@type":"EntryPoint","urlTemplate":"https:\/\/www.p31noticias.com.br\/?s={search_term_string}"},"query-input":{"@type":"PropertyValueSpecification","valueRequired":true,"valueName":"search_term_string"}}],"inLanguage":"pt-BR"},{"@type":"Person","@id":"https:\/\/www.p31noticias.com.br\/#\/schema\/person\/95f2ece30e3b4132065b915150cd0f94","name":"Gon\u00e7alves Junior","image":{"@type":"ImageObject","inLanguage":"pt-BR","@id":"https:\/\/secure.gravatar.com\/avatar\/6711f350116a89762687a48d66f723c799e5438a5b7578508d4294cd7a5d0800?s=96&d=mm&r=g","url":"https:\/\/secure.gravatar.com\/avatar\/6711f350116a89762687a48d66f723c799e5438a5b7578508d4294cd7a5d0800?s=96&d=mm&r=g","contentUrl":"https:\/\/secure.gravatar.com\/avatar\/6711f350116a89762687a48d66f723c799e5438a5b7578508d4294cd7a5d0800?s=96&d=mm&r=g","caption":"Gon\u00e7alves Junior"},"url":"https:\/\/www.p31noticias.com.br\/?author=2"}]}},"amp_enabled":true,"_links":{"self":[{"href":"https:\/\/www.p31noticias.com.br\/index.php?rest_route=\/wp\/v2\/posts\/26144","targetHints":{"allow":["GET"]}}],"collection":[{"href":"https:\/\/www.p31noticias.com.br\/index.php?rest_route=\/wp\/v2\/posts"}],"about":[{"href":"https:\/\/www.p31noticias.com.br\/index.php?rest_route=\/wp\/v2\/types\/post"}],"author":[{"embeddable":true,"href":"https:\/\/www.p31noticias.com.br\/index.php?rest_route=\/wp\/v2\/users\/2"}],"replies":[{"embeddable":true,"href":"https:\/\/www.p31noticias.com.br\/index.php?rest_route=%2Fwp%2Fv2%2Fcomments&post=26144"}],"version-history":[{"count":1,"href":"https:\/\/www.p31noticias.com.br\/index.php?rest_route=\/wp\/v2\/posts\/26144\/revisions"}],"predecessor-version":[{"id":26146,"href":"https:\/\/www.p31noticias.com.br\/index.php?rest_route=\/wp\/v2\/posts\/26144\/revisions\/26146"}],"wp:featuredmedia":[{"embeddable":true,"href":"https:\/\/www.p31noticias.com.br\/index.php?rest_route=\/wp\/v2\/media\/26145"}],"wp:attachment":[{"href":"https:\/\/www.p31noticias.com.br\/index.php?rest_route=%2Fwp%2Fv2%2Fmedia&parent=26144"}],"wp:term":[{"taxonomy":"category","embeddable":true,"href":"https:\/\/www.p31noticias.com.br\/index.php?rest_route=%2Fwp%2Fv2%2Fcategories&post=26144"},{"taxonomy":"post_tag","embeddable":true,"href":"https:\/\/www.p31noticias.com.br\/index.php?rest_route=%2Fwp%2Fv2%2Ftags&post=26144"}],"curies":[{"name":"wp","href":"https:\/\/api.w.org\/{rel}","templated":true}]}}