{"id":26138,"date":"2022-05-31T19:43:12","date_gmt":"2022-05-31T22:43:12","guid":{"rendered":"https:\/\/p31noticias.com.br\/?p=26138"},"modified":"2022-05-31T19:43:12","modified_gmt":"2022-05-31T22:43:12","slug":"sobe-para-106-o-numero-de-mortos-em-pernambuco-em-decorrencia-das-chuvas","status":"publish","type":"post","link":"https:\/\/www.p31noticias.com.br\/?p=26138","title":{"rendered":"Sobe para 106 o n\u00famero de mortos em Pernambuco em decorr\u00eancia das chuvas."},"content":{"rendered":"<p style=\"text-align: justify;\"><em><strong>Ao todo, 6.198 pessoas est\u00e3o desabrigadas e ao menos 10 continuam desaparecidas no Estado; apesar da chuva continuar com intensidade moderada, buscas est\u00e3o mantidas.<\/strong><\/em><\/p>\n<p style=\"text-align: justify;\">Sobe para\u00a0<strong>106<\/strong>\u00a0o n\u00famero de mortos em\u00a0<a href=\"https:\/\/jovempan.com.br\/tag\/pernambuco\"><strong>Pernambuco<\/strong><\/a>\u00a0por consequ\u00eancia de enxurradas e deslizamento de terra provocadas pelas fortes chuvas que atingem o Estado desde a semana passada. Ao todo,\u00a0<strong>10<\/strong>\u00a0<strong>pessoas continuam desaparecidas<\/strong>\u00a0e outras\u00a0<strong>6.198<\/strong>\u00a0<strong>est\u00e3o desabrigadas<\/strong>\u00a0no momento. Destes, oito foram identificados e a identidade de outras duas pessoas segue sendo investigada, j\u00e1 que faltam informa\u00e7\u00f5es oficiais.\u00a0 O boletim atualizado cont\u00e9m n\u00fameros da Central de Oppessoas era\u00e7\u00f5es da Coordenadoria de Defesa Civil do Estado (Codecipe) e foi divulgado nesta ter\u00e7a-feira, 31. A\u00a0<strong><a href=\"https:\/\/jovempan.com.br\/tag\/defesa-civil\">Defesa Civil<\/a>\u00a0<\/strong>mant\u00e9m o alerta para deslizamentos, por conta das condi\u00e7\u00f5es do solo, ainda encharcado nas \u00e1reas afetadas.<\/p>\n<p style=\"text-align: justify;\">\u201cPara se chegar a esse n\u00famero [de mortos], cruzamos uma s\u00e9rie de informa\u00e7\u00f5es dispon\u00edveis, como as ocorr\u00eancias geradas no Centro Integrado de Opera\u00e7\u00f5es de Defesa Social (Ciods), os resgates feitos nas \u00e1reas afetadas, per\u00edcias realizadas no Instituto de Medicina Legal (IML) e relatos de familiares aos servi\u00e7os de Defesa Civil e assist\u00eancia social. H\u00e1 um esfor\u00e7o de todos para, al\u00e9m de termos precis\u00e3o no monitoramento e atualiza\u00e7\u00e3o da situa\u00e7\u00e3o, tamb\u00e9m fornecer o apoio necess\u00e1rio \u00e0s v\u00edtimas e familiares neste momento de dor\u201d, ressaltou o secret\u00e1rio de Defesa Social, Humberto Freire. J\u00e1 os desaparecidos est\u00e3o sendo totalizados a partir dos relatos de cidad\u00e3os, 14 deles est\u00e3o confirmados e outros dois s\u00e3o imprecisos.<\/p>\n<p style=\"text-align: justify;\">As for\u00e7as de seguran\u00e7a p\u00fablica e defesa social, lideradas pelo Corpo de Bombeiros Militar de Pernambuco (CBMPE) e compostas pela Defesa Civil, For\u00e7as Armadas, Samu, PRF e \u00f3rg\u00e3os municipais, est\u00e3o atuando nesta ter\u00e7a em quatro \u00e1reas de deslizamento e dois locais onde duas pessoas teriam sido levadas pelas enxurradas. Ao todo, 436 profissionais atuam nas buscas, entre\u00a0 bombeiros de Pernambuco e de outros Estados, demais for\u00e7as amigas, com emprego de embarca\u00e7\u00f5es, c\u00e3es de busca, aeronaves e todos os recursos dispon\u00edveis. Todas as ocorr\u00eancias est\u00e3o na RMR.<\/p>\n<p style=\"text-align: justify;\">Ao todo, 24 munic\u00edpios decretaram situa\u00e7\u00e3o de emerg\u00eancia: Recife, Olinda, Jaboat\u00e3o dos Guararapes, S\u00e3o Jos\u00e9 da Coroa Grande, Moreno, Nazar\u00e9 da Mata, Macaparana, Cabo de Santo Agostinho, S\u00e3o Vicente Ferrer, Paudalho, Paulista, Goiana, Timba\u00faba, Camaragibe, S\u00e3o Louren\u00e7o da Mata, Abreu e Lima, Ara\u00e7oiaba, Igarassu, Alian\u00e7a, Gl\u00f3ria do Goit\u00e1, Vic\u00eancia, Bom Jardim, Limoeiro e Passira. Na madrugada e primeiras horas da manh\u00e3 desta ter\u00e7a foram observadas chuvas moderadas, com maiores volumes registrados em Goiana (65 mm), Cabo de Santo Agostinho (63 mm), Paulista (35 mm) e Recife (30 mm). A\u00a0<a href=\"https:\/\/jovempan.com.br\/tag\/apac\"><strong>Ag\u00eancia Pernambucana de \u00e1guas e Clima<\/strong><\/a>\u00a0(Apac) prev\u00ea a continuidade de chuvas r\u00e1pidas ao longo do dia, ainda com volumes moderados, tanto na Regi\u00e3o Metropolitana do Recife (RMR) como na Mata Norte. Na Mata Sul, Agreste e Sert\u00e3o as chuvas ser\u00e3o isoladas e com poucos acumulados. A mesma previs\u00e3o \u00e9 v\u00e1lida para a quarta-feira, 1\u00ba de junho.<\/p>\n<p style=\"text-align: justify;\">Ainda segundo a Defesa Civil, nas \u00faltimas 24 horas, alguns pontos da Rede de Alerta de Rios atingiram a cota de alerta para acumulados de chuva. Foram emitidos dois novos avisos hidrol\u00f3gicos para os rios Sirigi (Vic\u00eancia) e Capibaribe Mirim (Timba\u00faba), ambos na Bacia do Goiana. O reservat\u00f3rio de Goit\u00e1, que cumpriu sua fun\u00e7\u00e3o no plano de conten\u00e7\u00e3o de cheias, acumulando cerca de 75% de sua capacidade total, teve a abertura parcial de uma das comportas, dentro dos protocolos previstos.<\/p>\n<p style=\"text-align: justify;\">JP NEWS<\/p>\n","protected":false},"excerpt":{"rendered":"<p>Ao todo, 6.198 pessoas est\u00e3o desabrigadas e ao menos 10 continuam desaparecidas no Estado; apesar da chuva continuar com intensidade moderada, buscas est\u00e3o mantidas. Sobe para\u00a0106\u00a0o n\u00famero de mortos em\u00a0Pernambuco\u00a0por consequ\u00eancia de enxurradas e deslizamento de terra provocadas pelas fortes chuvas que atingem o Estado desde a semana passada. Ao todo,\u00a010\u00a0pessoas continuam desaparecidas\u00a0e outras\u00a06.198\u00a0est\u00e3o desabrigadas\u00a0no [&hellip;]<\/p>\n","protected":false},"author":2,"featured_media":26139,"comment_status":"open","ping_status":"open","sticky":false,"template":"","format":"standard","meta":{"footnotes":""},"categories":[68],"tags":[],"class_list":{"0":"post-26138","1":"post","2":"type-post","3":"status-publish","4":"format-standard","5":"has-post-thumbnail","7":"category-brasil"},"yoast_head":"<!-- This site is optimized with the Yoast SEO Premium plugin v24.5 (Yoast SEO v27.5) - https:\/\/yoast.com\/product\/yoast-seo-premium-wordpress\/ -->\n<title>Sobe para 106 o n\u00famero de mortos em Pernambuco em decorr\u00eancia das chuvas. - P31<\/title>\n<meta name=\"robots\" content=\"index, follow, max-snippet:-1, max-image-preview:large, max-video-preview:-1\" \/>\n<link rel=\"canonical\" href=\"https:\/\/www.p31noticias.com.br\/?p=26138\" \/>\n<meta property=\"og:locale\" content=\"pt_BR\" \/>\n<meta property=\"og:type\" content=\"article\" \/>\n<meta property=\"og:title\" content=\"Sobe para 106 o n\u00famero de mortos em Pernambuco em decorr\u00eancia das chuvas.\" \/>\n<meta property=\"og:description\" content=\"Ao todo, 6.198 pessoas est\u00e3o desabrigadas e ao menos 10 continuam desaparecidas no Estado; apesar da chuva continuar com intensidade moderada, buscas est\u00e3o mantidas. Sobe para\u00a0106\u00a0o n\u00famero de mortos em\u00a0Pernambuco\u00a0por consequ\u00eancia de enxurradas e deslizamento de terra provocadas pelas fortes chuvas que atingem o Estado desde a semana passada. Ao todo,\u00a010\u00a0pessoas continuam desaparecidas\u00a0e outras\u00a06.198\u00a0est\u00e3o desabrigadas\u00a0no [&hellip;]\" \/>\n<meta property=\"og:url\" content=\"https:\/\/www.p31noticias.com.br\/?p=26138\" \/>\n<meta property=\"og:site_name\" content=\"P31\" \/>\n<meta property=\"article:published_time\" content=\"2022-05-31T22:43:12+00:00\" \/>\n<meta property=\"og:image\" content=\"https:\/\/www.p31noticias.com.br\/wp-content\/uploads\/2022\/05\/design-sem-nome-1-3-750x450-1.png\" \/>\n\t<meta property=\"og:image:width\" content=\"750\" \/>\n\t<meta property=\"og:image:height\" content=\"450\" \/>\n\t<meta property=\"og:image:type\" content=\"image\/png\" \/>\n<meta name=\"author\" content=\"Gon\u00e7alves Junior\" \/>\n<meta name=\"twitter:card\" content=\"summary_large_image\" \/>\n<meta name=\"twitter:label1\" content=\"Escrito por\" \/>\n\t<meta name=\"twitter:data1\" content=\"Gon\u00e7alves Junior\" \/>\n\t<meta name=\"twitter:label2\" content=\"Est. tempo de leitura\" \/>\n\t<meta name=\"twitter:data2\" content=\"3 minutos\" \/>\n<script type=\"application\/ld+json\" class=\"yoast-schema-graph\">{\"@context\":\"https:\\\/\\\/schema.org\",\"@graph\":[{\"@type\":\"Article\",\"@id\":\"https:\\\/\\\/www.p31noticias.com.br\\\/?p=26138#article\",\"isPartOf\":{\"@id\":\"https:\\\/\\\/www.p31noticias.com.br\\\/?p=26138\"},\"author\":{\"name\":\"Gon\u00e7alves Junior\",\"@id\":\"https:\\\/\\\/www.p31noticias.com.br\\\/#\\\/schema\\\/person\\\/95f2ece30e3b4132065b915150cd0f94\"},\"headline\":\"Sobe para 106 o n\u00famero de mortos em Pernambuco em decorr\u00eancia das chuvas.\",\"datePublished\":\"2022-05-31T22:43:12+00:00\",\"mainEntityOfPage\":{\"@id\":\"https:\\\/\\\/www.p31noticias.com.br\\\/?p=26138\"},\"wordCount\":624,\"commentCount\":0,\"image\":{\"@id\":\"https:\\\/\\\/www.p31noticias.com.br\\\/?p=26138#primaryimage\"},\"thumbnailUrl\":\"https:\\\/\\\/www.p31noticias.com.br\\\/wp-content\\\/uploads\\\/2022\\\/05\\\/design-sem-nome-1-3-750x450-1.png\",\"articleSection\":[\"Brasil\"],\"inLanguage\":\"pt-BR\",\"potentialAction\":[{\"@type\":\"CommentAction\",\"name\":\"Comment\",\"target\":[\"https:\\\/\\\/www.p31noticias.com.br\\\/?p=26138#respond\"]}],\"copyrightYear\":\"2022\",\"copyrightHolder\":{\"@id\":\"https:\\\/\\\/www.p31noticias.com.br\\\/#organization\"}},{\"@type\":\"WebPage\",\"@id\":\"https:\\\/\\\/www.p31noticias.com.br\\\/?p=26138\",\"url\":\"https:\\\/\\\/www.p31noticias.com.br\\\/?p=26138\",\"name\":\"Sobe para 106 o n\u00famero de mortos em Pernambuco em decorr\u00eancia das chuvas. - P31\",\"isPartOf\":{\"@id\":\"https:\\\/\\\/www.p31noticias.com.br\\\/#website\"},\"primaryImageOfPage\":{\"@id\":\"https:\\\/\\\/www.p31noticias.com.br\\\/?p=26138#primaryimage\"},\"image\":{\"@id\":\"https:\\\/\\\/www.p31noticias.com.br\\\/?p=26138#primaryimage\"},\"thumbnailUrl\":\"https:\\\/\\\/www.p31noticias.com.br\\\/wp-content\\\/uploads\\\/2022\\\/05\\\/design-sem-nome-1-3-750x450-1.png\",\"datePublished\":\"2022-05-31T22:43:12+00:00\",\"author\":{\"@id\":\"https:\\\/\\\/www.p31noticias.com.br\\\/#\\\/schema\\\/person\\\/95f2ece30e3b4132065b915150cd0f94\"},\"breadcrumb\":{\"@id\":\"https:\\\/\\\/www.p31noticias.com.br\\\/?p=26138#breadcrumb\"},\"inLanguage\":\"pt-BR\",\"potentialAction\":[{\"@type\":\"ReadAction\",\"target\":[\"https:\\\/\\\/www.p31noticias.com.br\\\/?p=26138\"]}]},{\"@type\":\"ImageObject\",\"inLanguage\":\"pt-BR\",\"@id\":\"https:\\\/\\\/www.p31noticias.com.br\\\/?p=26138#primaryimage\",\"url\":\"https:\\\/\\\/www.p31noticias.com.br\\\/wp-content\\\/uploads\\\/2022\\\/05\\\/design-sem-nome-1-3-750x450-1.png\",\"contentUrl\":\"https:\\\/\\\/www.p31noticias.com.br\\\/wp-content\\\/uploads\\\/2022\\\/05\\\/design-sem-nome-1-3-750x450-1.png\",\"width\":750,\"height\":450},{\"@type\":\"BreadcrumbList\",\"@id\":\"https:\\\/\\\/www.p31noticias.com.br\\\/?p=26138#breadcrumb\",\"itemListElement\":[{\"@type\":\"ListItem\",\"position\":1,\"name\":\"In\u00edcio\",\"item\":\"https:\\\/\\\/www.p31noticias.com.br\\\/\"},{\"@type\":\"ListItem\",\"position\":2,\"name\":\"Sobe para 106 o n\u00famero de mortos em Pernambuco em decorr\u00eancia das chuvas.\"}]},{\"@type\":\"WebSite\",\"@id\":\"https:\\\/\\\/www.p31noticias.com.br\\\/#website\",\"url\":\"https:\\\/\\\/www.p31noticias.com.br\\\/\",\"name\":\"P31\",\"description\":\"NOT\u00cdCIAS\",\"potentialAction\":[{\"@type\":\"SearchAction\",\"target\":{\"@type\":\"EntryPoint\",\"urlTemplate\":\"https:\\\/\\\/www.p31noticias.com.br\\\/?s={search_term_string}\"},\"query-input\":{\"@type\":\"PropertyValueSpecification\",\"valueRequired\":true,\"valueName\":\"search_term_string\"}}],\"inLanguage\":\"pt-BR\"},{\"@type\":\"Person\",\"@id\":\"https:\\\/\\\/www.p31noticias.com.br\\\/#\\\/schema\\\/person\\\/95f2ece30e3b4132065b915150cd0f94\",\"name\":\"Gon\u00e7alves Junior\",\"image\":{\"@type\":\"ImageObject\",\"inLanguage\":\"pt-BR\",\"@id\":\"https:\\\/\\\/secure.gravatar.com\\\/avatar\\\/6711f350116a89762687a48d66f723c799e5438a5b7578508d4294cd7a5d0800?s=96&d=mm&r=g\",\"url\":\"https:\\\/\\\/secure.gravatar.com\\\/avatar\\\/6711f350116a89762687a48d66f723c799e5438a5b7578508d4294cd7a5d0800?s=96&d=mm&r=g\",\"contentUrl\":\"https:\\\/\\\/secure.gravatar.com\\\/avatar\\\/6711f350116a89762687a48d66f723c799e5438a5b7578508d4294cd7a5d0800?s=96&d=mm&r=g\",\"caption\":\"Gon\u00e7alves Junior\"},\"url\":\"https:\\\/\\\/www.p31noticias.com.br\\\/?author=2\"}]}<\/script>\n<!-- \/ Yoast SEO Premium plugin. -->","yoast_head_json":{"title":"Sobe para 106 o n\u00famero de mortos em Pernambuco em decorr\u00eancia das chuvas. - P31","robots":{"index":"index","follow":"follow","max-snippet":"max-snippet:-1","max-image-preview":"max-image-preview:large","max-video-preview":"max-video-preview:-1"},"canonical":"https:\/\/www.p31noticias.com.br\/?p=26138","og_locale":"pt_BR","og_type":"article","og_title":"Sobe para 106 o n\u00famero de mortos em Pernambuco em decorr\u00eancia das chuvas.","og_description":"Ao todo, 6.198 pessoas est\u00e3o desabrigadas e ao menos 10 continuam desaparecidas no Estado; apesar da chuva continuar com intensidade moderada, buscas est\u00e3o mantidas. Sobe para\u00a0106\u00a0o n\u00famero de mortos em\u00a0Pernambuco\u00a0por consequ\u00eancia de enxurradas e deslizamento de terra provocadas pelas fortes chuvas que atingem o Estado desde a semana passada. Ao todo,\u00a010\u00a0pessoas continuam desaparecidas\u00a0e outras\u00a06.198\u00a0est\u00e3o desabrigadas\u00a0no [&hellip;]","og_url":"https:\/\/www.p31noticias.com.br\/?p=26138","og_site_name":"P31","article_published_time":"2022-05-31T22:43:12+00:00","og_image":[{"width":750,"height":450,"url":"https:\/\/www.p31noticias.com.br\/wp-content\/uploads\/2022\/05\/design-sem-nome-1-3-750x450-1.png","type":"image\/png"}],"author":"Gon\u00e7alves Junior","twitter_card":"summary_large_image","twitter_misc":{"Escrito por":"Gon\u00e7alves Junior","Est. tempo de leitura":"3 minutos"},"schema":{"@context":"https:\/\/schema.org","@graph":[{"@type":"Article","@id":"https:\/\/www.p31noticias.com.br\/?p=26138#article","isPartOf":{"@id":"https:\/\/www.p31noticias.com.br\/?p=26138"},"author":{"name":"Gon\u00e7alves Junior","@id":"https:\/\/www.p31noticias.com.br\/#\/schema\/person\/95f2ece30e3b4132065b915150cd0f94"},"headline":"Sobe para 106 o n\u00famero de mortos em Pernambuco em decorr\u00eancia das chuvas.","datePublished":"2022-05-31T22:43:12+00:00","mainEntityOfPage":{"@id":"https:\/\/www.p31noticias.com.br\/?p=26138"},"wordCount":624,"commentCount":0,"image":{"@id":"https:\/\/www.p31noticias.com.br\/?p=26138#primaryimage"},"thumbnailUrl":"https:\/\/www.p31noticias.com.br\/wp-content\/uploads\/2022\/05\/design-sem-nome-1-3-750x450-1.png","articleSection":["Brasil"],"inLanguage":"pt-BR","potentialAction":[{"@type":"CommentAction","name":"Comment","target":["https:\/\/www.p31noticias.com.br\/?p=26138#respond"]}],"copyrightYear":"2022","copyrightHolder":{"@id":"https:\/\/www.p31noticias.com.br\/#organization"}},{"@type":"WebPage","@id":"https:\/\/www.p31noticias.com.br\/?p=26138","url":"https:\/\/www.p31noticias.com.br\/?p=26138","name":"Sobe para 106 o n\u00famero de mortos em Pernambuco em decorr\u00eancia das chuvas. - P31","isPartOf":{"@id":"https:\/\/www.p31noticias.com.br\/#website"},"primaryImageOfPage":{"@id":"https:\/\/www.p31noticias.com.br\/?p=26138#primaryimage"},"image":{"@id":"https:\/\/www.p31noticias.com.br\/?p=26138#primaryimage"},"thumbnailUrl":"https:\/\/www.p31noticias.com.br\/wp-content\/uploads\/2022\/05\/design-sem-nome-1-3-750x450-1.png","datePublished":"2022-05-31T22:43:12+00:00","author":{"@id":"https:\/\/www.p31noticias.com.br\/#\/schema\/person\/95f2ece30e3b4132065b915150cd0f94"},"breadcrumb":{"@id":"https:\/\/www.p31noticias.com.br\/?p=26138#breadcrumb"},"inLanguage":"pt-BR","potentialAction":[{"@type":"ReadAction","target":["https:\/\/www.p31noticias.com.br\/?p=26138"]}]},{"@type":"ImageObject","inLanguage":"pt-BR","@id":"https:\/\/www.p31noticias.com.br\/?p=26138#primaryimage","url":"https:\/\/www.p31noticias.com.br\/wp-content\/uploads\/2022\/05\/design-sem-nome-1-3-750x450-1.png","contentUrl":"https:\/\/www.p31noticias.com.br\/wp-content\/uploads\/2022\/05\/design-sem-nome-1-3-750x450-1.png","width":750,"height":450},{"@type":"BreadcrumbList","@id":"https:\/\/www.p31noticias.com.br\/?p=26138#breadcrumb","itemListElement":[{"@type":"ListItem","position":1,"name":"In\u00edcio","item":"https:\/\/www.p31noticias.com.br\/"},{"@type":"ListItem","position":2,"name":"Sobe para 106 o n\u00famero de mortos em Pernambuco em decorr\u00eancia das chuvas."}]},{"@type":"WebSite","@id":"https:\/\/www.p31noticias.com.br\/#website","url":"https:\/\/www.p31noticias.com.br\/","name":"P31","description":"NOT\u00cdCIAS","potentialAction":[{"@type":"SearchAction","target":{"@type":"EntryPoint","urlTemplate":"https:\/\/www.p31noticias.com.br\/?s={search_term_string}"},"query-input":{"@type":"PropertyValueSpecification","valueRequired":true,"valueName":"search_term_string"}}],"inLanguage":"pt-BR"},{"@type":"Person","@id":"https:\/\/www.p31noticias.com.br\/#\/schema\/person\/95f2ece30e3b4132065b915150cd0f94","name":"Gon\u00e7alves Junior","image":{"@type":"ImageObject","inLanguage":"pt-BR","@id":"https:\/\/secure.gravatar.com\/avatar\/6711f350116a89762687a48d66f723c799e5438a5b7578508d4294cd7a5d0800?s=96&d=mm&r=g","url":"https:\/\/secure.gravatar.com\/avatar\/6711f350116a89762687a48d66f723c799e5438a5b7578508d4294cd7a5d0800?s=96&d=mm&r=g","contentUrl":"https:\/\/secure.gravatar.com\/avatar\/6711f350116a89762687a48d66f723c799e5438a5b7578508d4294cd7a5d0800?s=96&d=mm&r=g","caption":"Gon\u00e7alves Junior"},"url":"https:\/\/www.p31noticias.com.br\/?author=2"}]}},"amp_enabled":true,"_links":{"self":[{"href":"https:\/\/www.p31noticias.com.br\/index.php?rest_route=\/wp\/v2\/posts\/26138","targetHints":{"allow":["GET"]}}],"collection":[{"href":"https:\/\/www.p31noticias.com.br\/index.php?rest_route=\/wp\/v2\/posts"}],"about":[{"href":"https:\/\/www.p31noticias.com.br\/index.php?rest_route=\/wp\/v2\/types\/post"}],"author":[{"embeddable":true,"href":"https:\/\/www.p31noticias.com.br\/index.php?rest_route=\/wp\/v2\/users\/2"}],"replies":[{"embeddable":true,"href":"https:\/\/www.p31noticias.com.br\/index.php?rest_route=%2Fwp%2Fv2%2Fcomments&post=26138"}],"version-history":[{"count":1,"href":"https:\/\/www.p31noticias.com.br\/index.php?rest_route=\/wp\/v2\/posts\/26138\/revisions"}],"predecessor-version":[{"id":26140,"href":"https:\/\/www.p31noticias.com.br\/index.php?rest_route=\/wp\/v2\/posts\/26138\/revisions\/26140"}],"wp:featuredmedia":[{"embeddable":true,"href":"https:\/\/www.p31noticias.com.br\/index.php?rest_route=\/wp\/v2\/media\/26139"}],"wp:attachment":[{"href":"https:\/\/www.p31noticias.com.br\/index.php?rest_route=%2Fwp%2Fv2%2Fmedia&parent=26138"}],"wp:term":[{"taxonomy":"category","embeddable":true,"href":"https:\/\/www.p31noticias.com.br\/index.php?rest_route=%2Fwp%2Fv2%2Fcategories&post=26138"},{"taxonomy":"post_tag","embeddable":true,"href":"https:\/\/www.p31noticias.com.br\/index.php?rest_route=%2Fwp%2Fv2%2Ftags&post=26138"}],"curies":[{"name":"wp","href":"https:\/\/api.w.org\/{rel}","templated":true}]}}