{"id":26132,"date":"2022-05-30T16:46:38","date_gmt":"2022-05-30T19:46:38","guid":{"rendered":"https:\/\/p31noticias.com.br\/?p=26132"},"modified":"2022-05-30T16:46:38","modified_gmt":"2022-05-30T19:46:38","slug":"senado-esta-surdo-mudo-e-cego-para-as-demandas-da-sociedade-diz-eduardo-girao","status":"publish","type":"post","link":"https:\/\/www.p31noticias.com.br\/?p=26132","title":{"rendered":"Senado est\u00e1 surdo, mudo e cego para as demandas da sociedade\u2019, diz Eduardo Gir\u00e3o."},"content":{"rendered":"<p style=\"text-align: justify;\"><em><strong>Parlamentar criticou omiss\u00e3o da Casa frente a \u2018arbitrariedades\u2019 de ministros do Supremo Tribunal Federal e falou em \u2018jogo de prote\u00e7\u00e3o\u2019 entre os poderes: \u2018Um depende do outro.<\/strong><\/em><\/p>\n<p style=\"text-align: justify;\">O senador<a href=\"https:\/\/jovempan.com.br\/tag\/eduardo-girao\">\u00a0<b>Eduardo Gir\u00e3o<\/b><\/a>\u00a0(Podemos) defende a continuidade do processo de desestabiliza\u00e7\u00e3o da<a href=\"https:\/\/jovempan.com.br\/tag\/eletrobras\">\u00a0<b>Eletrobras<\/b><\/a>\u00a0e dos\u00a0<b>Correios<\/b>. Segundo ele, ainda que cr\u00edticos apontem uma a venda da estatal de energia pode elevar o pre\u00e7o da conta de luz, uma \u201cm\u00e1 privatiza\u00e7\u00e3o \u00e9 melhor que n\u00e3o privatizar\u201d. \u201cO Brasil precisa cada vez mais vender suas empresas estatais, que servem historicamente como\u00a0<strong>cabide de empregos<\/strong>\u00a0e\u00a0<strong>manipula\u00e7\u00e3o pol\u00edtica<\/strong>. Isso atrasa o pa\u00eds e fica ruim para o consumidor\u201d, resumiu o parlamentar nesta segunda-feira, 30, durante entrevista ao Jornal da Manh\u00e3, da\u00a0<b>Jovem Pan News<\/b>, ao citar conversa com o relator da privatiza\u00e7\u00e3o da Eletrobras do Senado, Marcos Rog\u00e9rio. \u201cEle me garantiu que o pre\u00e7o a longo prazo iria diminuir. Mas todo esse movimento, inclusive est\u00e1 travado no Senado a venda dos Correios, que j\u00e1 foi aprovada na C\u00e2mara e n\u00e3o entendo porqu\u00ea n\u00e3o entra na pauta, se \u00e9 um desejo da popula\u00e7\u00e3o\u201d, completou.<\/p>\n<div class=\"clearfix text-center advert\" style=\"text-align: justify;\">\n<div id=\"ad-middle1\" class=\"ads-gam\"><\/div>\n<\/div>\n<p style=\"text-align: justify;\">Eduardo Gir\u00e3o criticou o que chamou de \u201cjogo pol\u00edtico que joga contra na\u00e7\u00e3o\u201d e falou em atua\u00e7\u00e3o pol\u00edtica do<a href=\"https:\/\/jovempan.com.br\/tag\/tribunal-de-contas-da-uniao\">\u00a0<b>Tribunal de Contas da Uni\u00e3o<\/b><\/a>\u00a0(TCU), o que estaria provocando a demora no processo. \u201cA<a href=\"https:\/\/jovempan.com.br\/tag\/privatizacao\">\u00a0<b>privatiza\u00e7\u00e3o<\/b><\/a>\u00a0da Eletrobras para gente tinha sido consumada desde junho do ano passado. Um ano nesse imbr\u00f3glio junto ao TCU, vai o relator pega, come\u00e7a a criar problema. \u00c9 um TCU pol\u00edtico. Inclusive, apoio uma PEC [Proposta de Emenda \u00e0 Constitui\u00e7\u00e3o] para que haja mandato para tribunais como STF, STJ, e que as indica\u00e7\u00f5es n\u00e3o sejam pol\u00edticas, haja concurso p\u00fablico para essas fun\u00e7\u00f5es\u201d, completou o senador. Questionado sobre o clima pol\u00edtico nos bastidores do Senado para andamento das privatiza\u00e7\u00f5es e outras propostas, Gir\u00e3o tamb\u00e9m criticou a omiss\u00e3o da Casa frente ao que chamou de \u201carbitrariedades do Supremo Tribunal Federal\u201d.<\/p>\n<p style=\"text-align: justify;\">\u201cGrande parte da popula\u00e7\u00e3o percebe que o<b>\u00a0Senado est\u00e1 surdo, mudo e cego para demandas leg\u00edtimas e urgentes da sociedade.<\/b>\u00a0Tenho colocado isso sempre que posso na tribuna, em entrevistas, isso est\u00e1 pegando muito mal. A imagem do Senado, que j\u00e1 n\u00e3o era boa na \u00e9poca do presidente Davi Alcolumbre, ali\u00e1s, que vem h\u00e1 muitos anos, e infelizmente caiu no descr\u00e9dito da popula\u00e7\u00e3o quando se v\u00ea arbitrariedades pelos Supremo, desrespeitando o Senado, invadindo a compet\u00eancia com falas pol\u00edticas e o Senado n\u00e3o se move, assiste tudo de camarote. \u00c9 um sil\u00eancio ensurdecedor e isso \u00e9 algo muito ruim para a democracia\u201d, afirmou o parlamentar, ampliando sua cr\u00edtica a ministros, que tem \u201cbarbarizado uma s\u00e9rie de medidas ilegais\u201d. \u201cE o Senado deixa isso acontecer, acredito que pelo foro privilegiado.\u00a0 Todo processo que um senador tenha, ou de correligion\u00e1rios, caiu no Supremo e da\u00ed fica um jogo de prote\u00e7\u00e3o. Um poder acaba protegendo o outro porque um depende do outro e a popula\u00e7\u00e3o acaba perdendo com tudo isso que n\u00e3o v\u00ea realmente uma a\u00e7\u00e3o forte do Senado para que tenhamos harmonia entre os poderes.\u201d<\/p>\n<p style=\"text-align: justify;\">JP NEWS.<\/p>\n","protected":false},"excerpt":{"rendered":"<p>Parlamentar criticou omiss\u00e3o da Casa frente a \u2018arbitrariedades\u2019 de ministros do Supremo Tribunal Federal e falou em \u2018jogo de prote\u00e7\u00e3o\u2019 entre os poderes: \u2018Um depende do outro. O senador\u00a0Eduardo Gir\u00e3o\u00a0(Podemos) defende a continuidade do processo de desestabiliza\u00e7\u00e3o da\u00a0Eletrobras\u00a0e dos\u00a0Correios. Segundo ele, ainda que cr\u00edticos apontem uma a venda da estatal de energia pode elevar o [&hellip;]<\/p>\n","protected":false},"author":2,"featured_media":26133,"comment_status":"open","ping_status":"open","sticky":false,"template":"","format":"standard","meta":{"footnotes":""},"categories":[68,57],"tags":[],"class_list":{"0":"post-26132","1":"post","2":"type-post","3":"status-publish","4":"format-standard","5":"has-post-thumbnail","7":"category-brasil","8":"category-politica"},"yoast_head":"<!-- This site is optimized with the Yoast SEO Premium plugin v24.5 (Yoast SEO v27.5) - https:\/\/yoast.com\/product\/yoast-seo-premium-wordpress\/ -->\n<title>Senado est\u00e1 surdo, mudo e cego para as demandas da sociedade\u2019, diz Eduardo Gir\u00e3o. - P31<\/title>\n<meta name=\"robots\" content=\"index, follow, max-snippet:-1, max-image-preview:large, max-video-preview:-1\" \/>\n<link rel=\"canonical\" href=\"https:\/\/www.p31noticias.com.br\/?p=26132\" \/>\n<meta property=\"og:locale\" content=\"pt_BR\" \/>\n<meta property=\"og:type\" content=\"article\" \/>\n<meta property=\"og:title\" content=\"Senado est\u00e1 surdo, mudo e cego para as demandas da sociedade\u2019, diz Eduardo Gir\u00e3o.\" \/>\n<meta property=\"og:description\" content=\"Parlamentar criticou omiss\u00e3o da Casa frente a \u2018arbitrariedades\u2019 de ministros do Supremo Tribunal Federal e falou em \u2018jogo de prote\u00e7\u00e3o\u2019 entre os poderes: \u2018Um depende do outro. O senador\u00a0Eduardo Gir\u00e3o\u00a0(Podemos) defende a continuidade do processo de desestabiliza\u00e7\u00e3o da\u00a0Eletrobras\u00a0e dos\u00a0Correios. Segundo ele, ainda que cr\u00edticos apontem uma a venda da estatal de energia pode elevar o [&hellip;]\" \/>\n<meta property=\"og:url\" content=\"https:\/\/www.p31noticias.com.br\/?p=26132\" \/>\n<meta property=\"og:site_name\" content=\"P31\" \/>\n<meta property=\"article:published_time\" content=\"2022-05-30T19:46:38+00:00\" \/>\n<meta property=\"og:image\" content=\"https:\/\/www.p31noticias.com.br\/wp-content\/uploads\/2022\/05\/eduardo-girao-1.jpg\" \/>\n\t<meta property=\"og:image:width\" content=\"1400\" \/>\n\t<meta property=\"og:image:height\" content=\"933\" \/>\n\t<meta property=\"og:image:type\" content=\"image\/jpeg\" \/>\n<meta name=\"author\" content=\"Gon\u00e7alves Junior\" \/>\n<meta name=\"twitter:card\" content=\"summary_large_image\" \/>\n<meta name=\"twitter:label1\" content=\"Escrito por\" \/>\n\t<meta name=\"twitter:data1\" content=\"Gon\u00e7alves Junior\" \/>\n\t<meta name=\"twitter:label2\" content=\"Est. tempo de leitura\" \/>\n\t<meta name=\"twitter:data2\" content=\"3 minutos\" \/>\n<script type=\"application\/ld+json\" class=\"yoast-schema-graph\">{\"@context\":\"https:\\\/\\\/schema.org\",\"@graph\":[{\"@type\":\"Article\",\"@id\":\"https:\\\/\\\/www.p31noticias.com.br\\\/?p=26132#article\",\"isPartOf\":{\"@id\":\"https:\\\/\\\/www.p31noticias.com.br\\\/?p=26132\"},\"author\":{\"name\":\"Gon\u00e7alves Junior\",\"@id\":\"https:\\\/\\\/www.p31noticias.com.br\\\/#\\\/schema\\\/person\\\/95f2ece30e3b4132065b915150cd0f94\"},\"headline\":\"Senado est\u00e1 surdo, mudo e cego para as demandas da sociedade\u2019, diz Eduardo Gir\u00e3o.\",\"datePublished\":\"2022-05-30T19:46:38+00:00\",\"mainEntityOfPage\":{\"@id\":\"https:\\\/\\\/www.p31noticias.com.br\\\/?p=26132\"},\"wordCount\":559,\"commentCount\":0,\"image\":{\"@id\":\"https:\\\/\\\/www.p31noticias.com.br\\\/?p=26132#primaryimage\"},\"thumbnailUrl\":\"https:\\\/\\\/www.p31noticias.com.br\\\/wp-content\\\/uploads\\\/2022\\\/05\\\/eduardo-girao-1.jpg\",\"articleSection\":[\"Brasil\",\"Pol\u00edtica\"],\"inLanguage\":\"pt-BR\",\"potentialAction\":[{\"@type\":\"CommentAction\",\"name\":\"Comment\",\"target\":[\"https:\\\/\\\/www.p31noticias.com.br\\\/?p=26132#respond\"]}],\"copyrightYear\":\"2022\",\"copyrightHolder\":{\"@id\":\"https:\\\/\\\/www.p31noticias.com.br\\\/#organization\"}},{\"@type\":\"WebPage\",\"@id\":\"https:\\\/\\\/www.p31noticias.com.br\\\/?p=26132\",\"url\":\"https:\\\/\\\/www.p31noticias.com.br\\\/?p=26132\",\"name\":\"Senado est\u00e1 surdo, mudo e cego para as demandas da sociedade\u2019, diz Eduardo Gir\u00e3o. - P31\",\"isPartOf\":{\"@id\":\"https:\\\/\\\/www.p31noticias.com.br\\\/#website\"},\"primaryImageOfPage\":{\"@id\":\"https:\\\/\\\/www.p31noticias.com.br\\\/?p=26132#primaryimage\"},\"image\":{\"@id\":\"https:\\\/\\\/www.p31noticias.com.br\\\/?p=26132#primaryimage\"},\"thumbnailUrl\":\"https:\\\/\\\/www.p31noticias.com.br\\\/wp-content\\\/uploads\\\/2022\\\/05\\\/eduardo-girao-1.jpg\",\"datePublished\":\"2022-05-30T19:46:38+00:00\",\"author\":{\"@id\":\"https:\\\/\\\/www.p31noticias.com.br\\\/#\\\/schema\\\/person\\\/95f2ece30e3b4132065b915150cd0f94\"},\"breadcrumb\":{\"@id\":\"https:\\\/\\\/www.p31noticias.com.br\\\/?p=26132#breadcrumb\"},\"inLanguage\":\"pt-BR\",\"potentialAction\":[{\"@type\":\"ReadAction\",\"target\":[\"https:\\\/\\\/www.p31noticias.com.br\\\/?p=26132\"]}]},{\"@type\":\"ImageObject\",\"inLanguage\":\"pt-BR\",\"@id\":\"https:\\\/\\\/www.p31noticias.com.br\\\/?p=26132#primaryimage\",\"url\":\"https:\\\/\\\/www.p31noticias.com.br\\\/wp-content\\\/uploads\\\/2022\\\/05\\\/eduardo-girao-1.jpg\",\"contentUrl\":\"https:\\\/\\\/www.p31noticias.com.br\\\/wp-content\\\/uploads\\\/2022\\\/05\\\/eduardo-girao-1.jpg\",\"width\":1400,\"height\":933},{\"@type\":\"BreadcrumbList\",\"@id\":\"https:\\\/\\\/www.p31noticias.com.br\\\/?p=26132#breadcrumb\",\"itemListElement\":[{\"@type\":\"ListItem\",\"position\":1,\"name\":\"In\u00edcio\",\"item\":\"https:\\\/\\\/www.p31noticias.com.br\\\/\"},{\"@type\":\"ListItem\",\"position\":2,\"name\":\"Senado est\u00e1 surdo, mudo e cego para as demandas da sociedade\u2019, diz Eduardo Gir\u00e3o.\"}]},{\"@type\":\"WebSite\",\"@id\":\"https:\\\/\\\/www.p31noticias.com.br\\\/#website\",\"url\":\"https:\\\/\\\/www.p31noticias.com.br\\\/\",\"name\":\"P31\",\"description\":\"NOT\u00cdCIAS\",\"potentialAction\":[{\"@type\":\"SearchAction\",\"target\":{\"@type\":\"EntryPoint\",\"urlTemplate\":\"https:\\\/\\\/www.p31noticias.com.br\\\/?s={search_term_string}\"},\"query-input\":{\"@type\":\"PropertyValueSpecification\",\"valueRequired\":true,\"valueName\":\"search_term_string\"}}],\"inLanguage\":\"pt-BR\"},{\"@type\":\"Person\",\"@id\":\"https:\\\/\\\/www.p31noticias.com.br\\\/#\\\/schema\\\/person\\\/95f2ece30e3b4132065b915150cd0f94\",\"name\":\"Gon\u00e7alves Junior\",\"image\":{\"@type\":\"ImageObject\",\"inLanguage\":\"pt-BR\",\"@id\":\"https:\\\/\\\/secure.gravatar.com\\\/avatar\\\/6711f350116a89762687a48d66f723c799e5438a5b7578508d4294cd7a5d0800?s=96&d=mm&r=g\",\"url\":\"https:\\\/\\\/secure.gravatar.com\\\/avatar\\\/6711f350116a89762687a48d66f723c799e5438a5b7578508d4294cd7a5d0800?s=96&d=mm&r=g\",\"contentUrl\":\"https:\\\/\\\/secure.gravatar.com\\\/avatar\\\/6711f350116a89762687a48d66f723c799e5438a5b7578508d4294cd7a5d0800?s=96&d=mm&r=g\",\"caption\":\"Gon\u00e7alves Junior\"},\"url\":\"https:\\\/\\\/www.p31noticias.com.br\\\/?author=2\"}]}<\/script>\n<!-- \/ Yoast SEO Premium plugin. -->","yoast_head_json":{"title":"Senado est\u00e1 surdo, mudo e cego para as demandas da sociedade\u2019, diz Eduardo Gir\u00e3o. - P31","robots":{"index":"index","follow":"follow","max-snippet":"max-snippet:-1","max-image-preview":"max-image-preview:large","max-video-preview":"max-video-preview:-1"},"canonical":"https:\/\/www.p31noticias.com.br\/?p=26132","og_locale":"pt_BR","og_type":"article","og_title":"Senado est\u00e1 surdo, mudo e cego para as demandas da sociedade\u2019, diz Eduardo Gir\u00e3o.","og_description":"Parlamentar criticou omiss\u00e3o da Casa frente a \u2018arbitrariedades\u2019 de ministros do Supremo Tribunal Federal e falou em \u2018jogo de prote\u00e7\u00e3o\u2019 entre os poderes: \u2018Um depende do outro. O senador\u00a0Eduardo Gir\u00e3o\u00a0(Podemos) defende a continuidade do processo de desestabiliza\u00e7\u00e3o da\u00a0Eletrobras\u00a0e dos\u00a0Correios. Segundo ele, ainda que cr\u00edticos apontem uma a venda da estatal de energia pode elevar o [&hellip;]","og_url":"https:\/\/www.p31noticias.com.br\/?p=26132","og_site_name":"P31","article_published_time":"2022-05-30T19:46:38+00:00","og_image":[{"width":1400,"height":933,"url":"https:\/\/www.p31noticias.com.br\/wp-content\/uploads\/2022\/05\/eduardo-girao-1.jpg","type":"image\/jpeg"}],"author":"Gon\u00e7alves Junior","twitter_card":"summary_large_image","twitter_misc":{"Escrito por":"Gon\u00e7alves Junior","Est. tempo de leitura":"3 minutos"},"schema":{"@context":"https:\/\/schema.org","@graph":[{"@type":"Article","@id":"https:\/\/www.p31noticias.com.br\/?p=26132#article","isPartOf":{"@id":"https:\/\/www.p31noticias.com.br\/?p=26132"},"author":{"name":"Gon\u00e7alves Junior","@id":"https:\/\/www.p31noticias.com.br\/#\/schema\/person\/95f2ece30e3b4132065b915150cd0f94"},"headline":"Senado est\u00e1 surdo, mudo e cego para as demandas da sociedade\u2019, diz Eduardo Gir\u00e3o.","datePublished":"2022-05-30T19:46:38+00:00","mainEntityOfPage":{"@id":"https:\/\/www.p31noticias.com.br\/?p=26132"},"wordCount":559,"commentCount":0,"image":{"@id":"https:\/\/www.p31noticias.com.br\/?p=26132#primaryimage"},"thumbnailUrl":"https:\/\/www.p31noticias.com.br\/wp-content\/uploads\/2022\/05\/eduardo-girao-1.jpg","articleSection":["Brasil","Pol\u00edtica"],"inLanguage":"pt-BR","potentialAction":[{"@type":"CommentAction","name":"Comment","target":["https:\/\/www.p31noticias.com.br\/?p=26132#respond"]}],"copyrightYear":"2022","copyrightHolder":{"@id":"https:\/\/www.p31noticias.com.br\/#organization"}},{"@type":"WebPage","@id":"https:\/\/www.p31noticias.com.br\/?p=26132","url":"https:\/\/www.p31noticias.com.br\/?p=26132","name":"Senado est\u00e1 surdo, mudo e cego para as demandas da sociedade\u2019, diz Eduardo Gir\u00e3o. - P31","isPartOf":{"@id":"https:\/\/www.p31noticias.com.br\/#website"},"primaryImageOfPage":{"@id":"https:\/\/www.p31noticias.com.br\/?p=26132#primaryimage"},"image":{"@id":"https:\/\/www.p31noticias.com.br\/?p=26132#primaryimage"},"thumbnailUrl":"https:\/\/www.p31noticias.com.br\/wp-content\/uploads\/2022\/05\/eduardo-girao-1.jpg","datePublished":"2022-05-30T19:46:38+00:00","author":{"@id":"https:\/\/www.p31noticias.com.br\/#\/schema\/person\/95f2ece30e3b4132065b915150cd0f94"},"breadcrumb":{"@id":"https:\/\/www.p31noticias.com.br\/?p=26132#breadcrumb"},"inLanguage":"pt-BR","potentialAction":[{"@type":"ReadAction","target":["https:\/\/www.p31noticias.com.br\/?p=26132"]}]},{"@type":"ImageObject","inLanguage":"pt-BR","@id":"https:\/\/www.p31noticias.com.br\/?p=26132#primaryimage","url":"https:\/\/www.p31noticias.com.br\/wp-content\/uploads\/2022\/05\/eduardo-girao-1.jpg","contentUrl":"https:\/\/www.p31noticias.com.br\/wp-content\/uploads\/2022\/05\/eduardo-girao-1.jpg","width":1400,"height":933},{"@type":"BreadcrumbList","@id":"https:\/\/www.p31noticias.com.br\/?p=26132#breadcrumb","itemListElement":[{"@type":"ListItem","position":1,"name":"In\u00edcio","item":"https:\/\/www.p31noticias.com.br\/"},{"@type":"ListItem","position":2,"name":"Senado est\u00e1 surdo, mudo e cego para as demandas da sociedade\u2019, diz Eduardo Gir\u00e3o."}]},{"@type":"WebSite","@id":"https:\/\/www.p31noticias.com.br\/#website","url":"https:\/\/www.p31noticias.com.br\/","name":"P31","description":"NOT\u00cdCIAS","potentialAction":[{"@type":"SearchAction","target":{"@type":"EntryPoint","urlTemplate":"https:\/\/www.p31noticias.com.br\/?s={search_term_string}"},"query-input":{"@type":"PropertyValueSpecification","valueRequired":true,"valueName":"search_term_string"}}],"inLanguage":"pt-BR"},{"@type":"Person","@id":"https:\/\/www.p31noticias.com.br\/#\/schema\/person\/95f2ece30e3b4132065b915150cd0f94","name":"Gon\u00e7alves Junior","image":{"@type":"ImageObject","inLanguage":"pt-BR","@id":"https:\/\/secure.gravatar.com\/avatar\/6711f350116a89762687a48d66f723c799e5438a5b7578508d4294cd7a5d0800?s=96&d=mm&r=g","url":"https:\/\/secure.gravatar.com\/avatar\/6711f350116a89762687a48d66f723c799e5438a5b7578508d4294cd7a5d0800?s=96&d=mm&r=g","contentUrl":"https:\/\/secure.gravatar.com\/avatar\/6711f350116a89762687a48d66f723c799e5438a5b7578508d4294cd7a5d0800?s=96&d=mm&r=g","caption":"Gon\u00e7alves Junior"},"url":"https:\/\/www.p31noticias.com.br\/?author=2"}]}},"amp_enabled":true,"_links":{"self":[{"href":"https:\/\/www.p31noticias.com.br\/index.php?rest_route=\/wp\/v2\/posts\/26132","targetHints":{"allow":["GET"]}}],"collection":[{"href":"https:\/\/www.p31noticias.com.br\/index.php?rest_route=\/wp\/v2\/posts"}],"about":[{"href":"https:\/\/www.p31noticias.com.br\/index.php?rest_route=\/wp\/v2\/types\/post"}],"author":[{"embeddable":true,"href":"https:\/\/www.p31noticias.com.br\/index.php?rest_route=\/wp\/v2\/users\/2"}],"replies":[{"embeddable":true,"href":"https:\/\/www.p31noticias.com.br\/index.php?rest_route=%2Fwp%2Fv2%2Fcomments&post=26132"}],"version-history":[{"count":1,"href":"https:\/\/www.p31noticias.com.br\/index.php?rest_route=\/wp\/v2\/posts\/26132\/revisions"}],"predecessor-version":[{"id":26134,"href":"https:\/\/www.p31noticias.com.br\/index.php?rest_route=\/wp\/v2\/posts\/26132\/revisions\/26134"}],"wp:featuredmedia":[{"embeddable":true,"href":"https:\/\/www.p31noticias.com.br\/index.php?rest_route=\/wp\/v2\/media\/26133"}],"wp:attachment":[{"href":"https:\/\/www.p31noticias.com.br\/index.php?rest_route=%2Fwp%2Fv2%2Fmedia&parent=26132"}],"wp:term":[{"taxonomy":"category","embeddable":true,"href":"https:\/\/www.p31noticias.com.br\/index.php?rest_route=%2Fwp%2Fv2%2Fcategories&post=26132"},{"taxonomy":"post_tag","embeddable":true,"href":"https:\/\/www.p31noticias.com.br\/index.php?rest_route=%2Fwp%2Fv2%2Ftags&post=26132"}],"curies":[{"name":"wp","href":"https:\/\/api.w.org\/{rel}","templated":true}]}}