{"id":26129,"date":"2022-05-30T16:42:28","date_gmt":"2022-05-30T19:42:28","guid":{"rendered":"https:\/\/p31noticias.com.br\/?p=26129"},"modified":"2022-05-30T16:42:55","modified_gmt":"2022-05-30T19:42:55","slug":"presidente-sobrevoa-areas-atingidas-por-chuva-no-grande-recife-2","status":"publish","type":"post","link":"https:\/\/www.p31noticias.com.br\/?p=26129","title":{"rendered":"Presidente sobrevoa \u00e1reas atingidas por chuva no Grande Recife."},"content":{"rendered":"<h3 class=\"col-10 offset-1 animated fadeInDown dealy-900 display-8 display-md-8 alt-font font-italic my-1 text-center\" style=\"text-align: justify;\"><em><strong>Governo anunciou antecipa\u00e7\u00e3o de BPC e pagamento do FGTS.<\/strong><\/em><\/h3>\n<p style=\"text-align: justify;\">O presidente da Rep\u00fablica, Jair Bolsonaro, sobrevoou na manh\u00e3 de hoje (30) \u00e1reas afetadas pelas fortes chuvas na regi\u00e3o metropolitana de Recife. Ap\u00f3s o sobrevoo, Bolsonaro manifestou pesar pelas v\u00edtimas e disse que o governo tem prestado aux\u00edlio \u00e0 popula\u00e7\u00e3o desde a \u00faltima sexta-feira, quando o volume de \u00e1gua que atingiu a regi\u00e3o foi mais intenso.<img decoding=\"async\" src=\"https:\/\/agenciabrasil.ebc.com.br\/ebc.png?id=1462518&amp;o=node\" \/><img decoding=\"async\" src=\"https:\/\/agenciabrasil.ebc.com.br\/ebc.gif?id=1462518&amp;o=node\" \/><\/p>\n<p style=\"text-align: justify;\">Bolsonaro saiu em sobrevoo pouco depois das 8h30 e passou por cidades do Grande Recife, afetadas pelas chuvas, em um trajeto que durou cerca de 30 minutos. Depois, o presidente voltou para a Base A\u00e9rea onde concedeu entrevista coletiva.<\/p>\n<p style=\"text-align: justify;\">\u201cFizemos um sobrevoo em parte da \u00e1rea atingida, n\u00e3o conseguimos avan\u00e7ar, tentei pousar, mas a recomenda\u00e7\u00e3o dos pilotos era que, tendo em vista a consist\u00eancia do solo, poder\u00edamos ter um incidente. Ent\u00e3o, resolvemos n\u00e3o pousar\u201d, disse.<\/p>\n<p style=\"text-align: justify;\"><a href=\"https:\/\/agenciabrasil.ebc.com.br\/geral\/noticia\/2022-05\/chuva-fez-79-mortes-em-pernambuco\">A atualiza\u00e7\u00e3o mais recente da Defesa Civil Nacional elevou para 79 o n\u00famero de \u00f3bitos em Pernambuco<\/a>, em decorr\u00eancia das chuvas intensas que assolam o estado. At\u00e9 o momento, 14 munic\u00edpios encontram-se em situa\u00e7\u00e3o de emerg\u00eancia, em meio a 63 munic\u00edpios que est\u00e3o sob monitoramento. H\u00e1, ainda, 3.957 desabrigados em pontos de apoio localizados pr\u00f3ximos \u00e0s regi\u00f5es afetadas.<\/p>\n<p style=\"text-align: justify;\">\u201cTodos estamos, obviamente, tristes, manifestamos nosso voto de pesar aos familiares. Nosso objetivo maior \u00e9 confortar os familiares e, com meios materiais, tamb\u00e9m atender a popula\u00e7\u00e3o\u201d, disse Bolsonaro. \u201cTivemos problemas semelhantes em Petr\u00f3polis, no sul da Bahia, mais ao norte de Minas [Gerais], estive ano passado no Acre tamb\u00e9m. Infelizmente essas cat\u00e1strofes acontecem\u201d, afirmou durante coletiva de imprensa para apresentar as respostas do governo.<\/p>\n<p style=\"text-align: justify;\">O presidente estava acompanhado dos ministros do Desenvolvimento Regional, Daniel Ferreira, do Turismo, Carlos Brito, da Sa\u00fade, Marcelo Queiroga, da Justi\u00e7a e Seguran\u00e7a P\u00fablica, Anderson Torres, da Cidadania, Ronaldo Bento, al\u00e9m do presidente da Caixa Econ\u00f4mica Federal, Pedro Guimar\u00e3es e outras autoridades, que prestaram conta das a\u00e7\u00f5es para amparar a popula\u00e7\u00e3o.<\/p>\n<p style=\"text-align: justify;\">O ministro Daniel Ferreira foi o primeiro a falar e lembrou que ainda est\u00e3o previstas mais chuvas para a regi\u00e3o e, por isso, \u00e9 preciso que as pessoas prestem aten\u00e7\u00e3o nas orienta\u00e7\u00f5es das autoridades.<\/p>\n<p style=\"text-align: justify;\">\u201cA primeira coisa \u00e9 que ainda tem previs\u00e3o de chuvas para os pr\u00f3ximos dias. Ent\u00e3o, as medidas de autoprote\u00e7\u00e3o t\u00eam que ser mantidas. As pessoas t\u00eam que receber e respeitar os alertas da Defesa Civil, tanto municipal, quanto estadual\u201d, orientou.<\/p>\n<h2 style=\"text-align: justify;\">Cr\u00e9dito especial<\/h2>\n<p style=\"text-align: justify;\">Ferreira informou que sair\u00e1 uma edi\u00e7\u00e3o extra do\u00a0<em>Di\u00e1rio Oficial da Uni\u00e3o<\/em>\u00a0(DOU) com o reconhecimento de decretos de emerg\u00eancia j\u00e1 expedidos pelos munic\u00edpios. A medida vai facilitar a libera\u00e7\u00e3o de recursos do governo federal.<\/p>\n<p style=\"text-align: justify;\">\u201cHoje ser\u00e3o publicados em edi\u00e7\u00e3o extra\u00a0<em>Di\u00e1rio Oficial da Uni\u00e3o<\/em>\u00a0o reconhecimento federal de todos os decretos publicados e inseridos no sistema\u201d, disse.<\/p>\n<p style=\"text-align: justify;\">Segundo Ferreira, duas medidas provis\u00f3rias, publicadas no in\u00edcio do per\u00edodo de chuvas, abriram\u00a0<a href=\"https:\/\/agenciabrasil.ebc.com.br\/geral\/noticia\/2022-05\/governo-disponibiliza-r-1-bilhao-para-acoes-de-socorro-em-desastres\">cr\u00e9dito especial de cerca de R$ 1 bilh\u00e3o<\/a>\u00a0para atender os munic\u00edpios de todo o pa\u00eds atingidos por esse tipo de cat\u00e1strofe.<\/p>\n<p style=\"text-align: justify;\">Parte dos recursos ser\u00e1 usada para prestar atendimento humanit\u00e1rio para a popula\u00e7\u00e3o afetada com a doa\u00e7\u00e3o de cestas b\u00e1sicas,<em>\u00a0kits<\/em>\u00a0de higiene, colch\u00f5es para os desabrigados. Os recursos tamb\u00e9m ser\u00e3o aplicados no restabelecimento de servi\u00e7os essenciais, como energia el\u00e9trica, abastecimento de \u00e1gua, limpeza urbana, entre outros.<\/p>\n<p style=\"text-align: justify;\">\u201cEm um momento posterior, a gente parte para a reconstru\u00e7\u00e3o de infraestrutura p\u00fablica destru\u00edda e tamb\u00e9m nas casas que foram parcial ou totalmente destru\u00eddas pelo desastre\u201d, disse o ministro.<\/p>\n<h2 style=\"text-align: justify;\">Adiantamento do BPC<\/h2>\n<p style=\"text-align: justify;\">O ministro da Cidadania, Ronaldo Bento, disse que a pasta est\u00e1 oferecendo alojamentos provis\u00f3rios para as fam\u00edlias atingidas. Bento tamb\u00e9m afirmou que o governo oferecer\u00e1 a antecipa\u00e7\u00e3o do Benef\u00edcio de Presta\u00e7\u00e3o Continuada (BPC), al\u00e9m do adiantamento de um pagamento do benef\u00edcio, em forma de empr\u00e9stimo, sem juros. Esse adiantamento poder\u00e1 ser devolvido em 36 vezes.<\/p>\n<p style=\"text-align: justify;\">\u201cVamos colocar \u00e0 disposi\u00e7\u00e3o dos benefici\u00e1rios do BPC para que fa\u00e7am a antecipa\u00e7\u00e3o, bem como peguem mais uma parcela do benef\u00edcio\u201d, destacou o ministro.<\/p>\n<h2 style=\"text-align: justify;\">Pagamento do FGTS<\/h2>\n<p style=\"text-align: justify;\">O governo tamb\u00e9m vai liberar o pagamento do Fundo de Garantia do Tempo de Servi\u00e7o (FGTS). O pagamento, de acordo com o presidente da Caixa Econ\u00f4mica, Pedro Guimar\u00e3es, ocorrer\u00e1 logo ap\u00f3s a confirma\u00e7\u00e3o do estado de emerg\u00eancia por parte do Minist\u00e9rio do Desenvolvimento Regional.<\/p>\n<p style=\"text-align: justify;\">\u201cHoje a Caixa est\u00e1 atuando em 107 munic\u00edpios em todo o pa\u00eds, ou seja, todos os munic\u00edpios que j\u00e1 tenham comunica\u00e7\u00e3o do estado e do MDR faremos imediatamente libera\u00e7\u00e3o do FGTS em at\u00e9 cinco dias\u201d, disse Guimar\u00e3es que informou ainda que o banco vai adiar por tr\u00eas meses o recebimento de parcelas de empr\u00e9stimos de pessoas f\u00edsicas, micro e pequenas empresas.<\/p>\n<h2 style=\"text-align: justify;\">Visita<\/h2>\n<p style=\"text-align: justify;\">Bolsonaro citou a aus\u00eancia do governador de Pernambuco, Paulo C\u00e2mara, na coletiva de imprensa. Ontem (29), o governador disse, ao fazer um balan\u00e7o do temporal, que n\u00e3o recebeu nenhum aviso oficial sobre a visita do presidente ao Estado. Ao responder uma pergunta, Bolsonaro disse que faltou ao governador \u201ciniciativa\u201d.<\/p>\n<p style=\"text-align: justify;\">\u201cEm todos os momentos em que os governadores ou prefeitos nos procuraram n\u00f3s atendemos. Acho que faltou iniciativa da parte dele tamb\u00e9m\u201d, afirmou. \u201cSe o governador estava fazendo alguma coisa, n\u00e3o sei. Talvez, achava melhor n\u00e3o estar aqui. No momento de crise, voc\u00ea vai atr\u00e1s para ajudar, n\u00e3o fica esperando ser chamado dentro de casa. Caso o governador estivesse presente, poderia, com muito mais propriedade, expor a situa\u00e7\u00e3o\u201d, disse o presidente, acrescentando que falar\u00e1 com C\u00e2mara se receber liga\u00e7\u00e3o.<\/p>\n<p>Ag\u00eancia Brasil.<\/p>\n","protected":false},"excerpt":{"rendered":"<p>Governo anunciou antecipa\u00e7\u00e3o de BPC e pagamento do FGTS. O presidente da Rep\u00fablica, Jair Bolsonaro, sobrevoou na manh\u00e3 de hoje (30) \u00e1reas afetadas pelas fortes chuvas na regi\u00e3o metropolitana de Recife. Ap\u00f3s o sobrevoo, Bolsonaro manifestou pesar pelas v\u00edtimas e disse que o governo tem prestado aux\u00edlio \u00e0 popula\u00e7\u00e3o desde a \u00faltima sexta-feira, quando o [&hellip;]<\/p>\n","protected":false},"author":2,"featured_media":26130,"comment_status":"open","ping_status":"open","sticky":false,"template":"","format":"standard","meta":{"footnotes":""},"categories":[1],"tags":[],"class_list":{"0":"post-26129","1":"post","2":"type-post","3":"status-publish","4":"format-standard","5":"has-post-thumbnail","7":"category-outros"},"yoast_head":"<!-- This site is optimized with the Yoast SEO Premium plugin v24.5 (Yoast SEO v27.5) - https:\/\/yoast.com\/product\/yoast-seo-premium-wordpress\/ -->\n<title>Presidente sobrevoa \u00e1reas atingidas por chuva no Grande Recife. - P31<\/title>\n<meta name=\"robots\" content=\"index, follow, max-snippet:-1, max-image-preview:large, max-video-preview:-1\" \/>\n<link rel=\"canonical\" href=\"https:\/\/www.p31noticias.com.br\/?p=26129\" \/>\n<meta property=\"og:locale\" content=\"pt_BR\" \/>\n<meta property=\"og:type\" content=\"article\" \/>\n<meta property=\"og:title\" content=\"Presidente sobrevoa \u00e1reas atingidas por chuva no Grande Recife.\" \/>\n<meta property=\"og:description\" content=\"Governo anunciou antecipa\u00e7\u00e3o de BPC e pagamento do FGTS. O presidente da Rep\u00fablica, Jair Bolsonaro, sobrevoou na manh\u00e3 de hoje (30) \u00e1reas afetadas pelas fortes chuvas na regi\u00e3o metropolitana de Recife. Ap\u00f3s o sobrevoo, Bolsonaro manifestou pesar pelas v\u00edtimas e disse que o governo tem prestado aux\u00edlio \u00e0 popula\u00e7\u00e3o desde a \u00faltima sexta-feira, quando o [&hellip;]\" \/>\n<meta property=\"og:url\" content=\"https:\/\/www.p31noticias.com.br\/?p=26129\" \/>\n<meta property=\"og:site_name\" content=\"P31\" \/>\n<meta property=\"article:published_time\" content=\"2022-05-30T19:42:28+00:00\" \/>\n<meta property=\"article:modified_time\" content=\"2022-05-30T19:42:55+00:00\" \/>\n<meta property=\"og:image\" content=\"https:\/\/www.p31noticias.com.br\/wp-content\/uploads\/2022\/05\/52109940298_fb576793ce_6k-1-1.jpg\" \/>\n\t<meta property=\"og:image:width\" content=\"1170\" \/>\n\t<meta property=\"og:image:height\" content=\"700\" \/>\n\t<meta property=\"og:image:type\" content=\"image\/jpeg\" \/>\n<meta name=\"author\" content=\"Gon\u00e7alves Junior\" \/>\n<meta name=\"twitter:card\" content=\"summary_large_image\" \/>\n<meta name=\"twitter:label1\" content=\"Escrito por\" \/>\n\t<meta name=\"twitter:data1\" content=\"Gon\u00e7alves Junior\" \/>\n\t<meta name=\"twitter:label2\" content=\"Est. tempo de leitura\" \/>\n\t<meta name=\"twitter:data2\" content=\"5 minutos\" \/>\n<script type=\"application\/ld+json\" class=\"yoast-schema-graph\">{\"@context\":\"https:\\\/\\\/schema.org\",\"@graph\":[{\"@type\":\"Article\",\"@id\":\"https:\\\/\\\/www.p31noticias.com.br\\\/?p=26129#article\",\"isPartOf\":{\"@id\":\"https:\\\/\\\/www.p31noticias.com.br\\\/?p=26129\"},\"author\":{\"name\":\"Gon\u00e7alves Junior\",\"@id\":\"https:\\\/\\\/www.p31noticias.com.br\\\/#\\\/schema\\\/person\\\/95f2ece30e3b4132065b915150cd0f94\"},\"headline\":\"Presidente sobrevoa \u00e1reas atingidas por chuva no Grande Recife.\",\"datePublished\":\"2022-05-30T19:42:28+00:00\",\"dateModified\":\"2022-05-30T19:42:55+00:00\",\"mainEntityOfPage\":{\"@id\":\"https:\\\/\\\/www.p31noticias.com.br\\\/?p=26129\"},\"wordCount\":1000,\"commentCount\":0,\"image\":{\"@id\":\"https:\\\/\\\/www.p31noticias.com.br\\\/?p=26129#primaryimage\"},\"thumbnailUrl\":\"https:\\\/\\\/www.p31noticias.com.br\\\/wp-content\\\/uploads\\\/2022\\\/05\\\/52109940298_fb576793ce_6k-1-1.jpg\",\"articleSection\":[\"Outros\"],\"inLanguage\":\"pt-BR\",\"potentialAction\":[{\"@type\":\"CommentAction\",\"name\":\"Comment\",\"target\":[\"https:\\\/\\\/www.p31noticias.com.br\\\/?p=26129#respond\"]}],\"copyrightYear\":\"2022\",\"copyrightHolder\":{\"@id\":\"https:\\\/\\\/www.p31noticias.com.br\\\/#organization\"}},{\"@type\":\"WebPage\",\"@id\":\"https:\\\/\\\/www.p31noticias.com.br\\\/?p=26129\",\"url\":\"https:\\\/\\\/www.p31noticias.com.br\\\/?p=26129\",\"name\":\"Presidente sobrevoa \u00e1reas atingidas por chuva no Grande Recife. - P31\",\"isPartOf\":{\"@id\":\"https:\\\/\\\/www.p31noticias.com.br\\\/#website\"},\"primaryImageOfPage\":{\"@id\":\"https:\\\/\\\/www.p31noticias.com.br\\\/?p=26129#primaryimage\"},\"image\":{\"@id\":\"https:\\\/\\\/www.p31noticias.com.br\\\/?p=26129#primaryimage\"},\"thumbnailUrl\":\"https:\\\/\\\/www.p31noticias.com.br\\\/wp-content\\\/uploads\\\/2022\\\/05\\\/52109940298_fb576793ce_6k-1-1.jpg\",\"datePublished\":\"2022-05-30T19:42:28+00:00\",\"dateModified\":\"2022-05-30T19:42:55+00:00\",\"author\":{\"@id\":\"https:\\\/\\\/www.p31noticias.com.br\\\/#\\\/schema\\\/person\\\/95f2ece30e3b4132065b915150cd0f94\"},\"breadcrumb\":{\"@id\":\"https:\\\/\\\/www.p31noticias.com.br\\\/?p=26129#breadcrumb\"},\"inLanguage\":\"pt-BR\",\"potentialAction\":[{\"@type\":\"ReadAction\",\"target\":[\"https:\\\/\\\/www.p31noticias.com.br\\\/?p=26129\"]}]},{\"@type\":\"ImageObject\",\"inLanguage\":\"pt-BR\",\"@id\":\"https:\\\/\\\/www.p31noticias.com.br\\\/?p=26129#primaryimage\",\"url\":\"https:\\\/\\\/www.p31noticias.com.br\\\/wp-content\\\/uploads\\\/2022\\\/05\\\/52109940298_fb576793ce_6k-1-1.jpg\",\"contentUrl\":\"https:\\\/\\\/www.p31noticias.com.br\\\/wp-content\\\/uploads\\\/2022\\\/05\\\/52109940298_fb576793ce_6k-1-1.jpg\",\"width\":1170,\"height\":700},{\"@type\":\"BreadcrumbList\",\"@id\":\"https:\\\/\\\/www.p31noticias.com.br\\\/?p=26129#breadcrumb\",\"itemListElement\":[{\"@type\":\"ListItem\",\"position\":1,\"name\":\"In\u00edcio\",\"item\":\"https:\\\/\\\/www.p31noticias.com.br\\\/\"},{\"@type\":\"ListItem\",\"position\":2,\"name\":\"Presidente sobrevoa \u00e1reas atingidas por chuva no Grande Recife.\"}]},{\"@type\":\"WebSite\",\"@id\":\"https:\\\/\\\/www.p31noticias.com.br\\\/#website\",\"url\":\"https:\\\/\\\/www.p31noticias.com.br\\\/\",\"name\":\"P31\",\"description\":\"NOT\u00cdCIAS\",\"potentialAction\":[{\"@type\":\"SearchAction\",\"target\":{\"@type\":\"EntryPoint\",\"urlTemplate\":\"https:\\\/\\\/www.p31noticias.com.br\\\/?s={search_term_string}\"},\"query-input\":{\"@type\":\"PropertyValueSpecification\",\"valueRequired\":true,\"valueName\":\"search_term_string\"}}],\"inLanguage\":\"pt-BR\"},{\"@type\":\"Person\",\"@id\":\"https:\\\/\\\/www.p31noticias.com.br\\\/#\\\/schema\\\/person\\\/95f2ece30e3b4132065b915150cd0f94\",\"name\":\"Gon\u00e7alves Junior\",\"image\":{\"@type\":\"ImageObject\",\"inLanguage\":\"pt-BR\",\"@id\":\"https:\\\/\\\/secure.gravatar.com\\\/avatar\\\/6711f350116a89762687a48d66f723c799e5438a5b7578508d4294cd7a5d0800?s=96&d=mm&r=g\",\"url\":\"https:\\\/\\\/secure.gravatar.com\\\/avatar\\\/6711f350116a89762687a48d66f723c799e5438a5b7578508d4294cd7a5d0800?s=96&d=mm&r=g\",\"contentUrl\":\"https:\\\/\\\/secure.gravatar.com\\\/avatar\\\/6711f350116a89762687a48d66f723c799e5438a5b7578508d4294cd7a5d0800?s=96&d=mm&r=g\",\"caption\":\"Gon\u00e7alves Junior\"},\"url\":\"https:\\\/\\\/www.p31noticias.com.br\\\/?author=2\"}]}<\/script>\n<!-- \/ Yoast SEO Premium plugin. -->","yoast_head_json":{"title":"Presidente sobrevoa \u00e1reas atingidas por chuva no Grande Recife. - P31","robots":{"index":"index","follow":"follow","max-snippet":"max-snippet:-1","max-image-preview":"max-image-preview:large","max-video-preview":"max-video-preview:-1"},"canonical":"https:\/\/www.p31noticias.com.br\/?p=26129","og_locale":"pt_BR","og_type":"article","og_title":"Presidente sobrevoa \u00e1reas atingidas por chuva no Grande Recife.","og_description":"Governo anunciou antecipa\u00e7\u00e3o de BPC e pagamento do FGTS. O presidente da Rep\u00fablica, Jair Bolsonaro, sobrevoou na manh\u00e3 de hoje (30) \u00e1reas afetadas pelas fortes chuvas na regi\u00e3o metropolitana de Recife. Ap\u00f3s o sobrevoo, Bolsonaro manifestou pesar pelas v\u00edtimas e disse que o governo tem prestado aux\u00edlio \u00e0 popula\u00e7\u00e3o desde a \u00faltima sexta-feira, quando o [&hellip;]","og_url":"https:\/\/www.p31noticias.com.br\/?p=26129","og_site_name":"P31","article_published_time":"2022-05-30T19:42:28+00:00","article_modified_time":"2022-05-30T19:42:55+00:00","og_image":[{"width":1170,"height":700,"url":"https:\/\/www.p31noticias.com.br\/wp-content\/uploads\/2022\/05\/52109940298_fb576793ce_6k-1-1.jpg","type":"image\/jpeg"}],"author":"Gon\u00e7alves Junior","twitter_card":"summary_large_image","twitter_misc":{"Escrito por":"Gon\u00e7alves Junior","Est. tempo de leitura":"5 minutos"},"schema":{"@context":"https:\/\/schema.org","@graph":[{"@type":"Article","@id":"https:\/\/www.p31noticias.com.br\/?p=26129#article","isPartOf":{"@id":"https:\/\/www.p31noticias.com.br\/?p=26129"},"author":{"name":"Gon\u00e7alves Junior","@id":"https:\/\/www.p31noticias.com.br\/#\/schema\/person\/95f2ece30e3b4132065b915150cd0f94"},"headline":"Presidente sobrevoa \u00e1reas atingidas por chuva no Grande Recife.","datePublished":"2022-05-30T19:42:28+00:00","dateModified":"2022-05-30T19:42:55+00:00","mainEntityOfPage":{"@id":"https:\/\/www.p31noticias.com.br\/?p=26129"},"wordCount":1000,"commentCount":0,"image":{"@id":"https:\/\/www.p31noticias.com.br\/?p=26129#primaryimage"},"thumbnailUrl":"https:\/\/www.p31noticias.com.br\/wp-content\/uploads\/2022\/05\/52109940298_fb576793ce_6k-1-1.jpg","articleSection":["Outros"],"inLanguage":"pt-BR","potentialAction":[{"@type":"CommentAction","name":"Comment","target":["https:\/\/www.p31noticias.com.br\/?p=26129#respond"]}],"copyrightYear":"2022","copyrightHolder":{"@id":"https:\/\/www.p31noticias.com.br\/#organization"}},{"@type":"WebPage","@id":"https:\/\/www.p31noticias.com.br\/?p=26129","url":"https:\/\/www.p31noticias.com.br\/?p=26129","name":"Presidente sobrevoa \u00e1reas atingidas por chuva no Grande Recife. - P31","isPartOf":{"@id":"https:\/\/www.p31noticias.com.br\/#website"},"primaryImageOfPage":{"@id":"https:\/\/www.p31noticias.com.br\/?p=26129#primaryimage"},"image":{"@id":"https:\/\/www.p31noticias.com.br\/?p=26129#primaryimage"},"thumbnailUrl":"https:\/\/www.p31noticias.com.br\/wp-content\/uploads\/2022\/05\/52109940298_fb576793ce_6k-1-1.jpg","datePublished":"2022-05-30T19:42:28+00:00","dateModified":"2022-05-30T19:42:55+00:00","author":{"@id":"https:\/\/www.p31noticias.com.br\/#\/schema\/person\/95f2ece30e3b4132065b915150cd0f94"},"breadcrumb":{"@id":"https:\/\/www.p31noticias.com.br\/?p=26129#breadcrumb"},"inLanguage":"pt-BR","potentialAction":[{"@type":"ReadAction","target":["https:\/\/www.p31noticias.com.br\/?p=26129"]}]},{"@type":"ImageObject","inLanguage":"pt-BR","@id":"https:\/\/www.p31noticias.com.br\/?p=26129#primaryimage","url":"https:\/\/www.p31noticias.com.br\/wp-content\/uploads\/2022\/05\/52109940298_fb576793ce_6k-1-1.jpg","contentUrl":"https:\/\/www.p31noticias.com.br\/wp-content\/uploads\/2022\/05\/52109940298_fb576793ce_6k-1-1.jpg","width":1170,"height":700},{"@type":"BreadcrumbList","@id":"https:\/\/www.p31noticias.com.br\/?p=26129#breadcrumb","itemListElement":[{"@type":"ListItem","position":1,"name":"In\u00edcio","item":"https:\/\/www.p31noticias.com.br\/"},{"@type":"ListItem","position":2,"name":"Presidente sobrevoa \u00e1reas atingidas por chuva no Grande Recife."}]},{"@type":"WebSite","@id":"https:\/\/www.p31noticias.com.br\/#website","url":"https:\/\/www.p31noticias.com.br\/","name":"P31","description":"NOT\u00cdCIAS","potentialAction":[{"@type":"SearchAction","target":{"@type":"EntryPoint","urlTemplate":"https:\/\/www.p31noticias.com.br\/?s={search_term_string}"},"query-input":{"@type":"PropertyValueSpecification","valueRequired":true,"valueName":"search_term_string"}}],"inLanguage":"pt-BR"},{"@type":"Person","@id":"https:\/\/www.p31noticias.com.br\/#\/schema\/person\/95f2ece30e3b4132065b915150cd0f94","name":"Gon\u00e7alves Junior","image":{"@type":"ImageObject","inLanguage":"pt-BR","@id":"https:\/\/secure.gravatar.com\/avatar\/6711f350116a89762687a48d66f723c799e5438a5b7578508d4294cd7a5d0800?s=96&d=mm&r=g","url":"https:\/\/secure.gravatar.com\/avatar\/6711f350116a89762687a48d66f723c799e5438a5b7578508d4294cd7a5d0800?s=96&d=mm&r=g","contentUrl":"https:\/\/secure.gravatar.com\/avatar\/6711f350116a89762687a48d66f723c799e5438a5b7578508d4294cd7a5d0800?s=96&d=mm&r=g","caption":"Gon\u00e7alves Junior"},"url":"https:\/\/www.p31noticias.com.br\/?author=2"}]}},"amp_enabled":true,"_links":{"self":[{"href":"https:\/\/www.p31noticias.com.br\/index.php?rest_route=\/wp\/v2\/posts\/26129","targetHints":{"allow":["GET"]}}],"collection":[{"href":"https:\/\/www.p31noticias.com.br\/index.php?rest_route=\/wp\/v2\/posts"}],"about":[{"href":"https:\/\/www.p31noticias.com.br\/index.php?rest_route=\/wp\/v2\/types\/post"}],"author":[{"embeddable":true,"href":"https:\/\/www.p31noticias.com.br\/index.php?rest_route=\/wp\/v2\/users\/2"}],"replies":[{"embeddable":true,"href":"https:\/\/www.p31noticias.com.br\/index.php?rest_route=%2Fwp%2Fv2%2Fcomments&post=26129"}],"version-history":[{"count":1,"href":"https:\/\/www.p31noticias.com.br\/index.php?rest_route=\/wp\/v2\/posts\/26129\/revisions"}],"predecessor-version":[{"id":26131,"href":"https:\/\/www.p31noticias.com.br\/index.php?rest_route=\/wp\/v2\/posts\/26129\/revisions\/26131"}],"wp:featuredmedia":[{"embeddable":true,"href":"https:\/\/www.p31noticias.com.br\/index.php?rest_route=\/wp\/v2\/media\/26130"}],"wp:attachment":[{"href":"https:\/\/www.p31noticias.com.br\/index.php?rest_route=%2Fwp%2Fv2%2Fmedia&parent=26129"}],"wp:term":[{"taxonomy":"category","embeddable":true,"href":"https:\/\/www.p31noticias.com.br\/index.php?rest_route=%2Fwp%2Fv2%2Fcategories&post=26129"},{"taxonomy":"post_tag","embeddable":true,"href":"https:\/\/www.p31noticias.com.br\/index.php?rest_route=%2Fwp%2Fv2%2Ftags&post=26129"}],"curies":[{"name":"wp","href":"https:\/\/api.w.org\/{rel}","templated":true}]}}