{"id":26126,"date":"2022-05-30T16:37:36","date_gmt":"2022-05-30T19:37:36","guid":{"rendered":"https:\/\/p31noticias.com.br\/?p=26126"},"modified":"2022-05-30T16:37:55","modified_gmt":"2022-05-30T19:37:55","slug":"ministerio-da-saude-monitora-dois-casos-suspeitos-de-variola-dos-macacos-no-brasil","status":"publish","type":"post","link":"https:\/\/www.p31noticias.com.br\/?p=26126","title":{"rendered":"Minist\u00e9rio da Sa\u00fade monitora dois casos suspeitos de var\u00edola dos macacos no Brasil."},"content":{"rendered":"<p style=\"text-align: justify;\"><em><strong>Pacientes est\u00e3o sendo monitorados pelas autoridades sanit\u00e1rias locais e federais em Santa Catarina e no Cear\u00e1.<\/strong><\/em><\/p>\n<p style=\"text-align: justify;\">O\u00a0<strong><a href=\"https:\/\/jovempan.com.br\/tag\/ministerio-da-saude\">Minist\u00e9rio da Sa\u00fade<\/a><\/strong>\u00a0est\u00e1 monitorando dois casos suspeitos de var\u00edola dos macacos (monkeypox) no\u00a0<strong><a href=\"https:\/\/jovempan.com.br\/tag\/brasil\">Brasil<\/a><\/strong>. A informa\u00e7\u00e3o foi confirmada \u00e0\u00a0<strong>Jovem Pan<\/strong>\u00a0pela pasta nesta segunda-feira, 30. Segundo o Minist\u00e9rio, um dos casos investigados \u00e9 de\u00a0<strong><a href=\"https:\/\/jovempan.com.br\/tag\/santa-catarina\">Santa Catarina<\/a><\/strong>, e outro, do\u00a0<strong><a href=\"https:\/\/jovempan.com.br\/tag\/ceara\">Cear\u00e1<\/a><\/strong>. A pasta informou que \u201cest\u00e1 em contato com os Estados para apoiar no monitoramento e a\u00e7\u00f5es de vigil\u00e2ncia em sa\u00fade\u201d e que, at\u00e9 o momento, n\u00e3o existe nenhum caso confirmado da doen\u00e7a no Brasil. A var\u00edola dos macacos vem sendo motivo de preocupa\u00e7\u00e3o no mundo depois de uma r\u00e1pida dissemina\u00e7\u00e3o em pa\u00edses ocidentais. Dentre as na\u00e7\u00f5es que j\u00e1 registraram casos est\u00e3o Estados Unidos, Fran\u00e7a, Alemanha, Su\u00ed\u00e7a e Israel.<\/p>\n<p>JP NEWS.<\/p>\n","protected":false},"excerpt":{"rendered":"<p>Pacientes est\u00e3o sendo monitorados pelas autoridades sanit\u00e1rias locais e federais em Santa Catarina e no Cear\u00e1. O\u00a0Minist\u00e9rio da Sa\u00fade\u00a0est\u00e1 monitorando dois casos suspeitos de var\u00edola dos macacos (monkeypox) no\u00a0Brasil. A informa\u00e7\u00e3o foi confirmada \u00e0\u00a0Jovem Pan\u00a0pela pasta nesta segunda-feira, 30. Segundo o Minist\u00e9rio, um dos casos investigados \u00e9 de\u00a0Santa Catarina, e outro, do\u00a0Cear\u00e1. A pasta informou [&hellip;]<\/p>\n","protected":false},"author":2,"featured_media":26127,"comment_status":"open","ping_status":"open","sticky":false,"template":"","format":"standard","meta":{"footnotes":""},"categories":[124],"tags":[],"class_list":{"0":"post-26126","1":"post","2":"type-post","3":"status-publish","4":"format-standard","5":"has-post-thumbnail","7":"category-saude"},"yoast_head":"<!-- This site is optimized with the Yoast SEO Premium plugin v24.5 (Yoast SEO v27.5) - https:\/\/yoast.com\/product\/yoast-seo-premium-wordpress\/ -->\n<title>Minist\u00e9rio da Sa\u00fade monitora dois casos suspeitos de var\u00edola dos macacos no Brasil. - P31<\/title>\n<meta name=\"robots\" content=\"index, follow, max-snippet:-1, max-image-preview:large, max-video-preview:-1\" \/>\n<link rel=\"canonical\" href=\"https:\/\/www.p31noticias.com.br\/?p=26126\" \/>\n<meta property=\"og:locale\" content=\"pt_BR\" \/>\n<meta property=\"og:type\" content=\"article\" \/>\n<meta property=\"og:title\" content=\"Minist\u00e9rio da Sa\u00fade monitora dois casos suspeitos de var\u00edola dos macacos no Brasil.\" \/>\n<meta property=\"og:description\" content=\"Pacientes est\u00e3o sendo monitorados pelas autoridades sanit\u00e1rias locais e federais em Santa Catarina e no Cear\u00e1. O\u00a0Minist\u00e9rio da Sa\u00fade\u00a0est\u00e1 monitorando dois casos suspeitos de var\u00edola dos macacos (monkeypox) no\u00a0Brasil. A informa\u00e7\u00e3o foi confirmada \u00e0\u00a0Jovem Pan\u00a0pela pasta nesta segunda-feira, 30. Segundo o Minist\u00e9rio, um dos casos investigados \u00e9 de\u00a0Santa Catarina, e outro, do\u00a0Cear\u00e1. A pasta informou [&hellip;]\" \/>\n<meta property=\"og:url\" content=\"https:\/\/www.p31noticias.com.br\/?p=26126\" \/>\n<meta property=\"og:site_name\" content=\"P31\" \/>\n<meta property=\"article:published_time\" content=\"2022-05-30T19:37:36+00:00\" \/>\n<meta property=\"article:modified_time\" content=\"2022-05-30T19:37:55+00:00\" \/>\n<meta property=\"og:image\" content=\"https:\/\/www.p31noticias.com.br\/wp-content\/uploads\/2022\/05\/2022-05-22t133954z_364798899_rc2bcu91eqhz_rtrmadp_3_health-monkeypoxw-750x500-1.jpg\" \/>\n\t<meta property=\"og:image:width\" content=\"750\" \/>\n\t<meta property=\"og:image:height\" content=\"500\" \/>\n\t<meta property=\"og:image:type\" content=\"image\/jpeg\" \/>\n<meta name=\"author\" content=\"Gon\u00e7alves Junior\" \/>\n<meta name=\"twitter:card\" content=\"summary_large_image\" \/>\n<meta name=\"twitter:label1\" content=\"Escrito por\" \/>\n\t<meta name=\"twitter:data1\" content=\"Gon\u00e7alves Junior\" \/>\n\t<meta name=\"twitter:label2\" content=\"Est. tempo de leitura\" \/>\n\t<meta name=\"twitter:data2\" content=\"1 minuto\" \/>\n<script type=\"application\/ld+json\" class=\"yoast-schema-graph\">{\"@context\":\"https:\\\/\\\/schema.org\",\"@graph\":[{\"@type\":\"Article\",\"@id\":\"https:\\\/\\\/www.p31noticias.com.br\\\/?p=26126#article\",\"isPartOf\":{\"@id\":\"https:\\\/\\\/www.p31noticias.com.br\\\/?p=26126\"},\"author\":{\"name\":\"Gon\u00e7alves Junior\",\"@id\":\"https:\\\/\\\/www.p31noticias.com.br\\\/#\\\/schema\\\/person\\\/95f2ece30e3b4132065b915150cd0f94\"},\"headline\":\"Minist\u00e9rio da Sa\u00fade monitora dois casos suspeitos de var\u00edola dos macacos no Brasil.\",\"datePublished\":\"2022-05-30T19:37:36+00:00\",\"dateModified\":\"2022-05-30T19:37:55+00:00\",\"mainEntityOfPage\":{\"@id\":\"https:\\\/\\\/www.p31noticias.com.br\\\/?p=26126\"},\"wordCount\":163,\"commentCount\":0,\"image\":{\"@id\":\"https:\\\/\\\/www.p31noticias.com.br\\\/?p=26126#primaryimage\"},\"thumbnailUrl\":\"https:\\\/\\\/www.p31noticias.com.br\\\/wp-content\\\/uploads\\\/2022\\\/05\\\/2022-05-22t133954z_364798899_rc2bcu91eqhz_rtrmadp_3_health-monkeypoxw-750x500-1.jpg\",\"articleSection\":[\"Sa\u00fade\"],\"inLanguage\":\"pt-BR\",\"potentialAction\":[{\"@type\":\"CommentAction\",\"name\":\"Comment\",\"target\":[\"https:\\\/\\\/www.p31noticias.com.br\\\/?p=26126#respond\"]}],\"copyrightYear\":\"2022\",\"copyrightHolder\":{\"@id\":\"https:\\\/\\\/www.p31noticias.com.br\\\/#organization\"}},{\"@type\":\"WebPage\",\"@id\":\"https:\\\/\\\/www.p31noticias.com.br\\\/?p=26126\",\"url\":\"https:\\\/\\\/www.p31noticias.com.br\\\/?p=26126\",\"name\":\"Minist\u00e9rio da Sa\u00fade monitora dois casos suspeitos de var\u00edola dos macacos no Brasil. - P31\",\"isPartOf\":{\"@id\":\"https:\\\/\\\/www.p31noticias.com.br\\\/#website\"},\"primaryImageOfPage\":{\"@id\":\"https:\\\/\\\/www.p31noticias.com.br\\\/?p=26126#primaryimage\"},\"image\":{\"@id\":\"https:\\\/\\\/www.p31noticias.com.br\\\/?p=26126#primaryimage\"},\"thumbnailUrl\":\"https:\\\/\\\/www.p31noticias.com.br\\\/wp-content\\\/uploads\\\/2022\\\/05\\\/2022-05-22t133954z_364798899_rc2bcu91eqhz_rtrmadp_3_health-monkeypoxw-750x500-1.jpg\",\"datePublished\":\"2022-05-30T19:37:36+00:00\",\"dateModified\":\"2022-05-30T19:37:55+00:00\",\"author\":{\"@id\":\"https:\\\/\\\/www.p31noticias.com.br\\\/#\\\/schema\\\/person\\\/95f2ece30e3b4132065b915150cd0f94\"},\"breadcrumb\":{\"@id\":\"https:\\\/\\\/www.p31noticias.com.br\\\/?p=26126#breadcrumb\"},\"inLanguage\":\"pt-BR\",\"potentialAction\":[{\"@type\":\"ReadAction\",\"target\":[\"https:\\\/\\\/www.p31noticias.com.br\\\/?p=26126\"]}]},{\"@type\":\"ImageObject\",\"inLanguage\":\"pt-BR\",\"@id\":\"https:\\\/\\\/www.p31noticias.com.br\\\/?p=26126#primaryimage\",\"url\":\"https:\\\/\\\/www.p31noticias.com.br\\\/wp-content\\\/uploads\\\/2022\\\/05\\\/2022-05-22t133954z_364798899_rc2bcu91eqhz_rtrmadp_3_health-monkeypoxw-750x500-1.jpg\",\"contentUrl\":\"https:\\\/\\\/www.p31noticias.com.br\\\/wp-content\\\/uploads\\\/2022\\\/05\\\/2022-05-22t133954z_364798899_rc2bcu91eqhz_rtrmadp_3_health-monkeypoxw-750x500-1.jpg\",\"width\":750,\"height\":500},{\"@type\":\"BreadcrumbList\",\"@id\":\"https:\\\/\\\/www.p31noticias.com.br\\\/?p=26126#breadcrumb\",\"itemListElement\":[{\"@type\":\"ListItem\",\"position\":1,\"name\":\"In\u00edcio\",\"item\":\"https:\\\/\\\/www.p31noticias.com.br\\\/\"},{\"@type\":\"ListItem\",\"position\":2,\"name\":\"Minist\u00e9rio da Sa\u00fade monitora dois casos suspeitos de var\u00edola dos macacos no Brasil.\"}]},{\"@type\":\"WebSite\",\"@id\":\"https:\\\/\\\/www.p31noticias.com.br\\\/#website\",\"url\":\"https:\\\/\\\/www.p31noticias.com.br\\\/\",\"name\":\"P31\",\"description\":\"NOT\u00cdCIAS\",\"potentialAction\":[{\"@type\":\"SearchAction\",\"target\":{\"@type\":\"EntryPoint\",\"urlTemplate\":\"https:\\\/\\\/www.p31noticias.com.br\\\/?s={search_term_string}\"},\"query-input\":{\"@type\":\"PropertyValueSpecification\",\"valueRequired\":true,\"valueName\":\"search_term_string\"}}],\"inLanguage\":\"pt-BR\"},{\"@type\":\"Person\",\"@id\":\"https:\\\/\\\/www.p31noticias.com.br\\\/#\\\/schema\\\/person\\\/95f2ece30e3b4132065b915150cd0f94\",\"name\":\"Gon\u00e7alves Junior\",\"image\":{\"@type\":\"ImageObject\",\"inLanguage\":\"pt-BR\",\"@id\":\"https:\\\/\\\/secure.gravatar.com\\\/avatar\\\/6711f350116a89762687a48d66f723c799e5438a5b7578508d4294cd7a5d0800?s=96&d=mm&r=g\",\"url\":\"https:\\\/\\\/secure.gravatar.com\\\/avatar\\\/6711f350116a89762687a48d66f723c799e5438a5b7578508d4294cd7a5d0800?s=96&d=mm&r=g\",\"contentUrl\":\"https:\\\/\\\/secure.gravatar.com\\\/avatar\\\/6711f350116a89762687a48d66f723c799e5438a5b7578508d4294cd7a5d0800?s=96&d=mm&r=g\",\"caption\":\"Gon\u00e7alves Junior\"},\"url\":\"https:\\\/\\\/www.p31noticias.com.br\\\/?author=2\"}]}<\/script>\n<!-- \/ Yoast SEO Premium plugin. -->","yoast_head_json":{"title":"Minist\u00e9rio da Sa\u00fade monitora dois casos suspeitos de var\u00edola dos macacos no Brasil. - P31","robots":{"index":"index","follow":"follow","max-snippet":"max-snippet:-1","max-image-preview":"max-image-preview:large","max-video-preview":"max-video-preview:-1"},"canonical":"https:\/\/www.p31noticias.com.br\/?p=26126","og_locale":"pt_BR","og_type":"article","og_title":"Minist\u00e9rio da Sa\u00fade monitora dois casos suspeitos de var\u00edola dos macacos no Brasil.","og_description":"Pacientes est\u00e3o sendo monitorados pelas autoridades sanit\u00e1rias locais e federais em Santa Catarina e no Cear\u00e1. O\u00a0Minist\u00e9rio da Sa\u00fade\u00a0est\u00e1 monitorando dois casos suspeitos de var\u00edola dos macacos (monkeypox) no\u00a0Brasil. A informa\u00e7\u00e3o foi confirmada \u00e0\u00a0Jovem Pan\u00a0pela pasta nesta segunda-feira, 30. Segundo o Minist\u00e9rio, um dos casos investigados \u00e9 de\u00a0Santa Catarina, e outro, do\u00a0Cear\u00e1. A pasta informou [&hellip;]","og_url":"https:\/\/www.p31noticias.com.br\/?p=26126","og_site_name":"P31","article_published_time":"2022-05-30T19:37:36+00:00","article_modified_time":"2022-05-30T19:37:55+00:00","og_image":[{"width":750,"height":500,"url":"https:\/\/www.p31noticias.com.br\/wp-content\/uploads\/2022\/05\/2022-05-22t133954z_364798899_rc2bcu91eqhz_rtrmadp_3_health-monkeypoxw-750x500-1.jpg","type":"image\/jpeg"}],"author":"Gon\u00e7alves Junior","twitter_card":"summary_large_image","twitter_misc":{"Escrito por":"Gon\u00e7alves Junior","Est. tempo de leitura":"1 minuto"},"schema":{"@context":"https:\/\/schema.org","@graph":[{"@type":"Article","@id":"https:\/\/www.p31noticias.com.br\/?p=26126#article","isPartOf":{"@id":"https:\/\/www.p31noticias.com.br\/?p=26126"},"author":{"name":"Gon\u00e7alves Junior","@id":"https:\/\/www.p31noticias.com.br\/#\/schema\/person\/95f2ece30e3b4132065b915150cd0f94"},"headline":"Minist\u00e9rio da Sa\u00fade monitora dois casos suspeitos de var\u00edola dos macacos no Brasil.","datePublished":"2022-05-30T19:37:36+00:00","dateModified":"2022-05-30T19:37:55+00:00","mainEntityOfPage":{"@id":"https:\/\/www.p31noticias.com.br\/?p=26126"},"wordCount":163,"commentCount":0,"image":{"@id":"https:\/\/www.p31noticias.com.br\/?p=26126#primaryimage"},"thumbnailUrl":"https:\/\/www.p31noticias.com.br\/wp-content\/uploads\/2022\/05\/2022-05-22t133954z_364798899_rc2bcu91eqhz_rtrmadp_3_health-monkeypoxw-750x500-1.jpg","articleSection":["Sa\u00fade"],"inLanguage":"pt-BR","potentialAction":[{"@type":"CommentAction","name":"Comment","target":["https:\/\/www.p31noticias.com.br\/?p=26126#respond"]}],"copyrightYear":"2022","copyrightHolder":{"@id":"https:\/\/www.p31noticias.com.br\/#organization"}},{"@type":"WebPage","@id":"https:\/\/www.p31noticias.com.br\/?p=26126","url":"https:\/\/www.p31noticias.com.br\/?p=26126","name":"Minist\u00e9rio da Sa\u00fade monitora dois casos suspeitos de var\u00edola dos macacos no Brasil. - P31","isPartOf":{"@id":"https:\/\/www.p31noticias.com.br\/#website"},"primaryImageOfPage":{"@id":"https:\/\/www.p31noticias.com.br\/?p=26126#primaryimage"},"image":{"@id":"https:\/\/www.p31noticias.com.br\/?p=26126#primaryimage"},"thumbnailUrl":"https:\/\/www.p31noticias.com.br\/wp-content\/uploads\/2022\/05\/2022-05-22t133954z_364798899_rc2bcu91eqhz_rtrmadp_3_health-monkeypoxw-750x500-1.jpg","datePublished":"2022-05-30T19:37:36+00:00","dateModified":"2022-05-30T19:37:55+00:00","author":{"@id":"https:\/\/www.p31noticias.com.br\/#\/schema\/person\/95f2ece30e3b4132065b915150cd0f94"},"breadcrumb":{"@id":"https:\/\/www.p31noticias.com.br\/?p=26126#breadcrumb"},"inLanguage":"pt-BR","potentialAction":[{"@type":"ReadAction","target":["https:\/\/www.p31noticias.com.br\/?p=26126"]}]},{"@type":"ImageObject","inLanguage":"pt-BR","@id":"https:\/\/www.p31noticias.com.br\/?p=26126#primaryimage","url":"https:\/\/www.p31noticias.com.br\/wp-content\/uploads\/2022\/05\/2022-05-22t133954z_364798899_rc2bcu91eqhz_rtrmadp_3_health-monkeypoxw-750x500-1.jpg","contentUrl":"https:\/\/www.p31noticias.com.br\/wp-content\/uploads\/2022\/05\/2022-05-22t133954z_364798899_rc2bcu91eqhz_rtrmadp_3_health-monkeypoxw-750x500-1.jpg","width":750,"height":500},{"@type":"BreadcrumbList","@id":"https:\/\/www.p31noticias.com.br\/?p=26126#breadcrumb","itemListElement":[{"@type":"ListItem","position":1,"name":"In\u00edcio","item":"https:\/\/www.p31noticias.com.br\/"},{"@type":"ListItem","position":2,"name":"Minist\u00e9rio da Sa\u00fade monitora dois casos suspeitos de var\u00edola dos macacos no Brasil."}]},{"@type":"WebSite","@id":"https:\/\/www.p31noticias.com.br\/#website","url":"https:\/\/www.p31noticias.com.br\/","name":"P31","description":"NOT\u00cdCIAS","potentialAction":[{"@type":"SearchAction","target":{"@type":"EntryPoint","urlTemplate":"https:\/\/www.p31noticias.com.br\/?s={search_term_string}"},"query-input":{"@type":"PropertyValueSpecification","valueRequired":true,"valueName":"search_term_string"}}],"inLanguage":"pt-BR"},{"@type":"Person","@id":"https:\/\/www.p31noticias.com.br\/#\/schema\/person\/95f2ece30e3b4132065b915150cd0f94","name":"Gon\u00e7alves Junior","image":{"@type":"ImageObject","inLanguage":"pt-BR","@id":"https:\/\/secure.gravatar.com\/avatar\/6711f350116a89762687a48d66f723c799e5438a5b7578508d4294cd7a5d0800?s=96&d=mm&r=g","url":"https:\/\/secure.gravatar.com\/avatar\/6711f350116a89762687a48d66f723c799e5438a5b7578508d4294cd7a5d0800?s=96&d=mm&r=g","contentUrl":"https:\/\/secure.gravatar.com\/avatar\/6711f350116a89762687a48d66f723c799e5438a5b7578508d4294cd7a5d0800?s=96&d=mm&r=g","caption":"Gon\u00e7alves Junior"},"url":"https:\/\/www.p31noticias.com.br\/?author=2"}]}},"amp_enabled":true,"_links":{"self":[{"href":"https:\/\/www.p31noticias.com.br\/index.php?rest_route=\/wp\/v2\/posts\/26126","targetHints":{"allow":["GET"]}}],"collection":[{"href":"https:\/\/www.p31noticias.com.br\/index.php?rest_route=\/wp\/v2\/posts"}],"about":[{"href":"https:\/\/www.p31noticias.com.br\/index.php?rest_route=\/wp\/v2\/types\/post"}],"author":[{"embeddable":true,"href":"https:\/\/www.p31noticias.com.br\/index.php?rest_route=\/wp\/v2\/users\/2"}],"replies":[{"embeddable":true,"href":"https:\/\/www.p31noticias.com.br\/index.php?rest_route=%2Fwp%2Fv2%2Fcomments&post=26126"}],"version-history":[{"count":1,"href":"https:\/\/www.p31noticias.com.br\/index.php?rest_route=\/wp\/v2\/posts\/26126\/revisions"}],"predecessor-version":[{"id":26128,"href":"https:\/\/www.p31noticias.com.br\/index.php?rest_route=\/wp\/v2\/posts\/26126\/revisions\/26128"}],"wp:featuredmedia":[{"embeddable":true,"href":"https:\/\/www.p31noticias.com.br\/index.php?rest_route=\/wp\/v2\/media\/26127"}],"wp:attachment":[{"href":"https:\/\/www.p31noticias.com.br\/index.php?rest_route=%2Fwp%2Fv2%2Fmedia&parent=26126"}],"wp:term":[{"taxonomy":"category","embeddable":true,"href":"https:\/\/www.p31noticias.com.br\/index.php?rest_route=%2Fwp%2Fv2%2Fcategories&post=26126"},{"taxonomy":"post_tag","embeddable":true,"href":"https:\/\/www.p31noticias.com.br\/index.php?rest_route=%2Fwp%2Fv2%2Ftags&post=26126"}],"curies":[{"name":"wp","href":"https:\/\/api.w.org\/{rel}","templated":true}]}}