{"id":26116,"date":"2022-05-27T22:05:13","date_gmt":"2022-05-28T01:05:13","guid":{"rendered":"https:\/\/p31noticias.com.br\/?p=26116"},"modified":"2022-05-27T22:05:13","modified_gmt":"2022-05-28T01:05:13","slug":"aras-arquiva-acao-de-bolsonaro-contra-alexandre-de-moraes","status":"publish","type":"post","link":"https:\/\/www.p31noticias.com.br\/?p=26116","title":{"rendered":"Aras arquiva a\u00e7\u00e3o de Bolsonaro contra Alexandre de Moraes."},"content":{"rendered":"<p><em><strong>Presidente pedia a abertura de investiga\u00e7\u00e3o contra o ministro do STF por suposto abuso de autoridade.<\/strong><\/em><\/p>\n<p style=\"text-align: justify;\">O procurador-geral da Rep\u00fablica,\u00a0<a href=\"https:\/\/jovempan.com.br\/tag\/augusto-aras\"><strong>Augusto Aras,<\/strong><\/a>\u00a0arquivou a not\u00edcia-crime apresentada pelo presidente\u00a0<a href=\"https:\/\/jovempan.com.br\/tag\/jair-bolsonaro\"><strong>Jair Bolsonaro<\/strong><\/a>\u00a0(PL) contra o ministro Alexandre de Moraes, do\u00a0<a href=\"https:\/\/jovempan.com.br\/tag\/supremo-tribunal-federal\"><strong>Supremo Tribunal Federal<\/strong><\/a>\u00a0(STF). O chefe do Executivo pedia a abertura de investiga\u00e7\u00e3o contra o magistrado por suposto abuso de autoridade. Na decis\u00e3o, Aras argumentou que a mesma a\u00e7\u00e3o foi apresentada no STF e negada pelo ministro Dias Toffoli. Posteriormente, Bolsonaro recorreu e pediu que o processo fosse encaminhado \u00e0 PGR ou analisado em plen\u00e1rio. \u201cEm face do exposto, tendo em vista o aspecto formal descrito e para evitar duplicidade de procedimentos, determino o arquivamento desta not\u00edcia-crime\u201d, declarou.<\/p>\n<div class=\"clearfix text-center advert\">\n<div id=\"ad-middle1\" class=\"ads-gam\" style=\"text-align: justify;\" data-google-query-id=\"CM_j4e7-gPgCFdcfuQYdKkgNoQ\">Bolsonaro foi ao STF para contestar a decis\u00e3o de\u00a0<a href=\"https:\/\/jovempan.com.br\/tag\/alexandre-de-moraes\"><strong>Moraes<\/strong><\/a>\u00a0que o incluiu como investigado no inqu\u00e9rito das Fake News, em agosto de 2021, e acusa o ministro de abuso de autoridade. O advogado do presidente, Eduardo Magalh\u00e3es, afirma que \u00e9 \u201cinjustificada a investiga\u00e7\u00e3o, quer pelo seu exagerado prazo, quer pela aus\u00eancia de fato il\u00edcito\u201d, diz que o magistrado \u201cn\u00e3o permite que a defesa tenha acesso aos autos\u201d e que a apura\u00e7\u00e3o \u201cn\u00e3o respeita o contradit\u00f3rio\u201d. Moraes determinou a investiga\u00e7\u00e3o do presidente ap\u00f3s uma\u00a0<em>live<\/em>, realizada em 29 de junho de 2021, em ele apresentou o que chamou de \u201cind\u00edcios\u201d sobre supostas irregularidades nas elei\u00e7\u00f5es de 2018 e 2020 \u2013 nenhuma fraude foi provada. O inqu\u00e9rito apura se o mandat\u00e1rio do pa\u00eds cometeu os crimes de cal\u00fania, difama\u00e7\u00e3o, inj\u00faria, incita\u00e7\u00e3o ao crime, apologia ao crime, associa\u00e7\u00e3o criminosa e denuncia\u00e7\u00e3o caluniosa.<\/div>\n<div data-google-query-id=\"CM_j4e7-gPgCFdcfuQYdKkgNoQ\"><\/div>\n<\/div>\n<div data-google-query-id=\"CM_j4e7-gPgCFdcfuQYdKkgNoQ\">JP NEWS.<\/div>\n","protected":false},"excerpt":{"rendered":"<p>Presidente pedia a abertura de investiga\u00e7\u00e3o contra o ministro do STF por suposto abuso de autoridade. O procurador-geral da Rep\u00fablica,\u00a0Augusto Aras,\u00a0arquivou a not\u00edcia-crime apresentada pelo presidente\u00a0Jair Bolsonaro\u00a0(PL) contra o ministro Alexandre de Moraes, do\u00a0Supremo Tribunal Federal\u00a0(STF). O chefe do Executivo pedia a abertura de investiga\u00e7\u00e3o contra o magistrado por suposto abuso de autoridade. Na decis\u00e3o, [&hellip;]<\/p>\n","protected":false},"author":2,"featured_media":26117,"comment_status":"open","ping_status":"open","sticky":false,"template":"","format":"standard","meta":{"footnotes":""},"categories":[57],"tags":[],"class_list":{"0":"post-26116","1":"post","2":"type-post","3":"status-publish","4":"format-standard","5":"has-post-thumbnail","7":"category-politica"},"yoast_head":"<!-- This site is optimized with the Yoast SEO Premium plugin v24.5 (Yoast SEO v27.5) - https:\/\/yoast.com\/product\/yoast-seo-premium-wordpress\/ -->\n<title>Aras arquiva a\u00e7\u00e3o de Bolsonaro contra Alexandre de Moraes. - P31<\/title>\n<meta name=\"robots\" content=\"index, follow, max-snippet:-1, max-image-preview:large, max-video-preview:-1\" \/>\n<link rel=\"canonical\" href=\"https:\/\/www.p31noticias.com.br\/?p=26116\" \/>\n<meta property=\"og:locale\" content=\"pt_BR\" \/>\n<meta property=\"og:type\" content=\"article\" \/>\n<meta property=\"og:title\" content=\"Aras arquiva a\u00e7\u00e3o de Bolsonaro contra Alexandre de Moraes.\" \/>\n<meta property=\"og:description\" content=\"Presidente pedia a abertura de investiga\u00e7\u00e3o contra o ministro do STF por suposto abuso de autoridade. O procurador-geral da Rep\u00fablica,\u00a0Augusto Aras,\u00a0arquivou a not\u00edcia-crime apresentada pelo presidente\u00a0Jair Bolsonaro\u00a0(PL) contra o ministro Alexandre de Moraes, do\u00a0Supremo Tribunal Federal\u00a0(STF). O chefe do Executivo pedia a abertura de investiga\u00e7\u00e3o contra o magistrado por suposto abuso de autoridade. Na decis\u00e3o, [&hellip;]\" \/>\n<meta property=\"og:url\" content=\"https:\/\/www.p31noticias.com.br\/?p=26116\" \/>\n<meta property=\"og:site_name\" content=\"P31\" \/>\n<meta property=\"article:published_time\" content=\"2022-05-28T01:05:13+00:00\" \/>\n<meta property=\"og:image\" content=\"https:\/\/www.p31noticias.com.br\/wp-content\/uploads\/2022\/05\/50884979508_66217a2940_k-1.webp\" \/>\n\t<meta property=\"og:image:width\" content=\"1400\" \/>\n\t<meta property=\"og:image:height\" content=\"933\" \/>\n\t<meta property=\"og:image:type\" content=\"image\/webp\" \/>\n<meta name=\"author\" content=\"Gon\u00e7alves Junior\" \/>\n<meta name=\"twitter:card\" content=\"summary_large_image\" \/>\n<meta name=\"twitter:label1\" content=\"Escrito por\" \/>\n\t<meta name=\"twitter:data1\" content=\"Gon\u00e7alves Junior\" \/>\n\t<meta name=\"twitter:label2\" content=\"Est. tempo de leitura\" \/>\n\t<meta name=\"twitter:data2\" content=\"1 minuto\" \/>\n<script type=\"application\/ld+json\" class=\"yoast-schema-graph\">{\"@context\":\"https:\\\/\\\/schema.org\",\"@graph\":[{\"@type\":\"Article\",\"@id\":\"https:\\\/\\\/www.p31noticias.com.br\\\/?p=26116#article\",\"isPartOf\":{\"@id\":\"https:\\\/\\\/www.p31noticias.com.br\\\/?p=26116\"},\"author\":{\"name\":\"Gon\u00e7alves Junior\",\"@id\":\"https:\\\/\\\/www.p31noticias.com.br\\\/#\\\/schema\\\/person\\\/95f2ece30e3b4132065b915150cd0f94\"},\"headline\":\"Aras arquiva a\u00e7\u00e3o de Bolsonaro contra Alexandre de Moraes.\",\"datePublished\":\"2022-05-28T01:05:13+00:00\",\"mainEntityOfPage\":{\"@id\":\"https:\\\/\\\/www.p31noticias.com.br\\\/?p=26116\"},\"wordCount\":291,\"commentCount\":0,\"image\":{\"@id\":\"https:\\\/\\\/www.p31noticias.com.br\\\/?p=26116#primaryimage\"},\"thumbnailUrl\":\"https:\\\/\\\/www.p31noticias.com.br\\\/wp-content\\\/uploads\\\/2022\\\/05\\\/50884979508_66217a2940_k-1.webp\",\"articleSection\":[\"Pol\u00edtica\"],\"inLanguage\":\"pt-BR\",\"potentialAction\":[{\"@type\":\"CommentAction\",\"name\":\"Comment\",\"target\":[\"https:\\\/\\\/www.p31noticias.com.br\\\/?p=26116#respond\"]}],\"copyrightYear\":\"2022\",\"copyrightHolder\":{\"@id\":\"https:\\\/\\\/www.p31noticias.com.br\\\/#organization\"}},{\"@type\":\"WebPage\",\"@id\":\"https:\\\/\\\/www.p31noticias.com.br\\\/?p=26116\",\"url\":\"https:\\\/\\\/www.p31noticias.com.br\\\/?p=26116\",\"name\":\"Aras arquiva a\u00e7\u00e3o de Bolsonaro contra Alexandre de Moraes. - P31\",\"isPartOf\":{\"@id\":\"https:\\\/\\\/www.p31noticias.com.br\\\/#website\"},\"primaryImageOfPage\":{\"@id\":\"https:\\\/\\\/www.p31noticias.com.br\\\/?p=26116#primaryimage\"},\"image\":{\"@id\":\"https:\\\/\\\/www.p31noticias.com.br\\\/?p=26116#primaryimage\"},\"thumbnailUrl\":\"https:\\\/\\\/www.p31noticias.com.br\\\/wp-content\\\/uploads\\\/2022\\\/05\\\/50884979508_66217a2940_k-1.webp\",\"datePublished\":\"2022-05-28T01:05:13+00:00\",\"author\":{\"@id\":\"https:\\\/\\\/www.p31noticias.com.br\\\/#\\\/schema\\\/person\\\/95f2ece30e3b4132065b915150cd0f94\"},\"breadcrumb\":{\"@id\":\"https:\\\/\\\/www.p31noticias.com.br\\\/?p=26116#breadcrumb\"},\"inLanguage\":\"pt-BR\",\"potentialAction\":[{\"@type\":\"ReadAction\",\"target\":[\"https:\\\/\\\/www.p31noticias.com.br\\\/?p=26116\"]}]},{\"@type\":\"ImageObject\",\"inLanguage\":\"pt-BR\",\"@id\":\"https:\\\/\\\/www.p31noticias.com.br\\\/?p=26116#primaryimage\",\"url\":\"https:\\\/\\\/www.p31noticias.com.br\\\/wp-content\\\/uploads\\\/2022\\\/05\\\/50884979508_66217a2940_k-1.webp\",\"contentUrl\":\"https:\\\/\\\/www.p31noticias.com.br\\\/wp-content\\\/uploads\\\/2022\\\/05\\\/50884979508_66217a2940_k-1.webp\",\"width\":1400,\"height\":933},{\"@type\":\"BreadcrumbList\",\"@id\":\"https:\\\/\\\/www.p31noticias.com.br\\\/?p=26116#breadcrumb\",\"itemListElement\":[{\"@type\":\"ListItem\",\"position\":1,\"name\":\"In\u00edcio\",\"item\":\"https:\\\/\\\/www.p31noticias.com.br\\\/\"},{\"@type\":\"ListItem\",\"position\":2,\"name\":\"Aras arquiva a\u00e7\u00e3o de Bolsonaro contra Alexandre de Moraes.\"}]},{\"@type\":\"WebSite\",\"@id\":\"https:\\\/\\\/www.p31noticias.com.br\\\/#website\",\"url\":\"https:\\\/\\\/www.p31noticias.com.br\\\/\",\"name\":\"P31\",\"description\":\"NOT\u00cdCIAS\",\"potentialAction\":[{\"@type\":\"SearchAction\",\"target\":{\"@type\":\"EntryPoint\",\"urlTemplate\":\"https:\\\/\\\/www.p31noticias.com.br\\\/?s={search_term_string}\"},\"query-input\":{\"@type\":\"PropertyValueSpecification\",\"valueRequired\":true,\"valueName\":\"search_term_string\"}}],\"inLanguage\":\"pt-BR\"},{\"@type\":\"Person\",\"@id\":\"https:\\\/\\\/www.p31noticias.com.br\\\/#\\\/schema\\\/person\\\/95f2ece30e3b4132065b915150cd0f94\",\"name\":\"Gon\u00e7alves Junior\",\"image\":{\"@type\":\"ImageObject\",\"inLanguage\":\"pt-BR\",\"@id\":\"https:\\\/\\\/secure.gravatar.com\\\/avatar\\\/6711f350116a89762687a48d66f723c799e5438a5b7578508d4294cd7a5d0800?s=96&d=mm&r=g\",\"url\":\"https:\\\/\\\/secure.gravatar.com\\\/avatar\\\/6711f350116a89762687a48d66f723c799e5438a5b7578508d4294cd7a5d0800?s=96&d=mm&r=g\",\"contentUrl\":\"https:\\\/\\\/secure.gravatar.com\\\/avatar\\\/6711f350116a89762687a48d66f723c799e5438a5b7578508d4294cd7a5d0800?s=96&d=mm&r=g\",\"caption\":\"Gon\u00e7alves Junior\"},\"url\":\"https:\\\/\\\/www.p31noticias.com.br\\\/?author=2\"}]}<\/script>\n<!-- \/ Yoast SEO Premium plugin. -->","yoast_head_json":{"title":"Aras arquiva a\u00e7\u00e3o de Bolsonaro contra Alexandre de Moraes. - P31","robots":{"index":"index","follow":"follow","max-snippet":"max-snippet:-1","max-image-preview":"max-image-preview:large","max-video-preview":"max-video-preview:-1"},"canonical":"https:\/\/www.p31noticias.com.br\/?p=26116","og_locale":"pt_BR","og_type":"article","og_title":"Aras arquiva a\u00e7\u00e3o de Bolsonaro contra Alexandre de Moraes.","og_description":"Presidente pedia a abertura de investiga\u00e7\u00e3o contra o ministro do STF por suposto abuso de autoridade. O procurador-geral da Rep\u00fablica,\u00a0Augusto Aras,\u00a0arquivou a not\u00edcia-crime apresentada pelo presidente\u00a0Jair Bolsonaro\u00a0(PL) contra o ministro Alexandre de Moraes, do\u00a0Supremo Tribunal Federal\u00a0(STF). O chefe do Executivo pedia a abertura de investiga\u00e7\u00e3o contra o magistrado por suposto abuso de autoridade. Na decis\u00e3o, [&hellip;]","og_url":"https:\/\/www.p31noticias.com.br\/?p=26116","og_site_name":"P31","article_published_time":"2022-05-28T01:05:13+00:00","og_image":[{"width":1400,"height":933,"url":"https:\/\/www.p31noticias.com.br\/wp-content\/uploads\/2022\/05\/50884979508_66217a2940_k-1.webp","type":"image\/webp"}],"author":"Gon\u00e7alves Junior","twitter_card":"summary_large_image","twitter_misc":{"Escrito por":"Gon\u00e7alves Junior","Est. tempo de leitura":"1 minuto"},"schema":{"@context":"https:\/\/schema.org","@graph":[{"@type":"Article","@id":"https:\/\/www.p31noticias.com.br\/?p=26116#article","isPartOf":{"@id":"https:\/\/www.p31noticias.com.br\/?p=26116"},"author":{"name":"Gon\u00e7alves Junior","@id":"https:\/\/www.p31noticias.com.br\/#\/schema\/person\/95f2ece30e3b4132065b915150cd0f94"},"headline":"Aras arquiva a\u00e7\u00e3o de Bolsonaro contra Alexandre de Moraes.","datePublished":"2022-05-28T01:05:13+00:00","mainEntityOfPage":{"@id":"https:\/\/www.p31noticias.com.br\/?p=26116"},"wordCount":291,"commentCount":0,"image":{"@id":"https:\/\/www.p31noticias.com.br\/?p=26116#primaryimage"},"thumbnailUrl":"https:\/\/www.p31noticias.com.br\/wp-content\/uploads\/2022\/05\/50884979508_66217a2940_k-1.webp","articleSection":["Pol\u00edtica"],"inLanguage":"pt-BR","potentialAction":[{"@type":"CommentAction","name":"Comment","target":["https:\/\/www.p31noticias.com.br\/?p=26116#respond"]}],"copyrightYear":"2022","copyrightHolder":{"@id":"https:\/\/www.p31noticias.com.br\/#organization"}},{"@type":"WebPage","@id":"https:\/\/www.p31noticias.com.br\/?p=26116","url":"https:\/\/www.p31noticias.com.br\/?p=26116","name":"Aras arquiva a\u00e7\u00e3o de Bolsonaro contra Alexandre de Moraes. - P31","isPartOf":{"@id":"https:\/\/www.p31noticias.com.br\/#website"},"primaryImageOfPage":{"@id":"https:\/\/www.p31noticias.com.br\/?p=26116#primaryimage"},"image":{"@id":"https:\/\/www.p31noticias.com.br\/?p=26116#primaryimage"},"thumbnailUrl":"https:\/\/www.p31noticias.com.br\/wp-content\/uploads\/2022\/05\/50884979508_66217a2940_k-1.webp","datePublished":"2022-05-28T01:05:13+00:00","author":{"@id":"https:\/\/www.p31noticias.com.br\/#\/schema\/person\/95f2ece30e3b4132065b915150cd0f94"},"breadcrumb":{"@id":"https:\/\/www.p31noticias.com.br\/?p=26116#breadcrumb"},"inLanguage":"pt-BR","potentialAction":[{"@type":"ReadAction","target":["https:\/\/www.p31noticias.com.br\/?p=26116"]}]},{"@type":"ImageObject","inLanguage":"pt-BR","@id":"https:\/\/www.p31noticias.com.br\/?p=26116#primaryimage","url":"https:\/\/www.p31noticias.com.br\/wp-content\/uploads\/2022\/05\/50884979508_66217a2940_k-1.webp","contentUrl":"https:\/\/www.p31noticias.com.br\/wp-content\/uploads\/2022\/05\/50884979508_66217a2940_k-1.webp","width":1400,"height":933},{"@type":"BreadcrumbList","@id":"https:\/\/www.p31noticias.com.br\/?p=26116#breadcrumb","itemListElement":[{"@type":"ListItem","position":1,"name":"In\u00edcio","item":"https:\/\/www.p31noticias.com.br\/"},{"@type":"ListItem","position":2,"name":"Aras arquiva a\u00e7\u00e3o de Bolsonaro contra Alexandre de Moraes."}]},{"@type":"WebSite","@id":"https:\/\/www.p31noticias.com.br\/#website","url":"https:\/\/www.p31noticias.com.br\/","name":"P31","description":"NOT\u00cdCIAS","potentialAction":[{"@type":"SearchAction","target":{"@type":"EntryPoint","urlTemplate":"https:\/\/www.p31noticias.com.br\/?s={search_term_string}"},"query-input":{"@type":"PropertyValueSpecification","valueRequired":true,"valueName":"search_term_string"}}],"inLanguage":"pt-BR"},{"@type":"Person","@id":"https:\/\/www.p31noticias.com.br\/#\/schema\/person\/95f2ece30e3b4132065b915150cd0f94","name":"Gon\u00e7alves Junior","image":{"@type":"ImageObject","inLanguage":"pt-BR","@id":"https:\/\/secure.gravatar.com\/avatar\/6711f350116a89762687a48d66f723c799e5438a5b7578508d4294cd7a5d0800?s=96&d=mm&r=g","url":"https:\/\/secure.gravatar.com\/avatar\/6711f350116a89762687a48d66f723c799e5438a5b7578508d4294cd7a5d0800?s=96&d=mm&r=g","contentUrl":"https:\/\/secure.gravatar.com\/avatar\/6711f350116a89762687a48d66f723c799e5438a5b7578508d4294cd7a5d0800?s=96&d=mm&r=g","caption":"Gon\u00e7alves Junior"},"url":"https:\/\/www.p31noticias.com.br\/?author=2"}]}},"amp_enabled":true,"_links":{"self":[{"href":"https:\/\/www.p31noticias.com.br\/index.php?rest_route=\/wp\/v2\/posts\/26116","targetHints":{"allow":["GET"]}}],"collection":[{"href":"https:\/\/www.p31noticias.com.br\/index.php?rest_route=\/wp\/v2\/posts"}],"about":[{"href":"https:\/\/www.p31noticias.com.br\/index.php?rest_route=\/wp\/v2\/types\/post"}],"author":[{"embeddable":true,"href":"https:\/\/www.p31noticias.com.br\/index.php?rest_route=\/wp\/v2\/users\/2"}],"replies":[{"embeddable":true,"href":"https:\/\/www.p31noticias.com.br\/index.php?rest_route=%2Fwp%2Fv2%2Fcomments&post=26116"}],"version-history":[{"count":1,"href":"https:\/\/www.p31noticias.com.br\/index.php?rest_route=\/wp\/v2\/posts\/26116\/revisions"}],"predecessor-version":[{"id":26118,"href":"https:\/\/www.p31noticias.com.br\/index.php?rest_route=\/wp\/v2\/posts\/26116\/revisions\/26118"}],"wp:featuredmedia":[{"embeddable":true,"href":"https:\/\/www.p31noticias.com.br\/index.php?rest_route=\/wp\/v2\/media\/26117"}],"wp:attachment":[{"href":"https:\/\/www.p31noticias.com.br\/index.php?rest_route=%2Fwp%2Fv2%2Fmedia&parent=26116"}],"wp:term":[{"taxonomy":"category","embeddable":true,"href":"https:\/\/www.p31noticias.com.br\/index.php?rest_route=%2Fwp%2Fv2%2Fcategories&post=26116"},{"taxonomy":"post_tag","embeddable":true,"href":"https:\/\/www.p31noticias.com.br\/index.php?rest_route=%2Fwp%2Fv2%2Ftags&post=26116"}],"curies":[{"name":"wp","href":"https:\/\/api.w.org\/{rel}","templated":true}]}}