{"id":26113,"date":"2022-05-27T21:55:34","date_gmt":"2022-05-28T00:55:34","guid":{"rendered":"https:\/\/p31noticias.com.br\/?p=26113"},"modified":"2022-05-27T21:55:34","modified_gmt":"2022-05-28T00:55:34","slug":"integrantes-do-exercito-tem-atuacao-destacada-na-rede-de-saude-do-df","status":"publish","type":"post","link":"https:\/\/www.p31noticias.com.br\/?p=26113","title":{"rendered":"Integrantes do Ex\u00e9rcito t\u00eam atua\u00e7\u00e3o destacada na rede de sa\u00fade do DF."},"content":{"rendered":"<p style=\"text-align: justify;\"><em><strong>Parceria entre a for\u00e7a armada e a Secretaria de Sa\u00fade foi ressaltada durante solenidade militar pelo Dia do Servi\u00e7o de Sa\u00fade, no Comando Militar do Planalto.<\/strong><\/em><\/p>\n<p style=\"text-align: justify;\">A parceria do Ex\u00e9rcito Brasileiro com a Secretaria de Sa\u00fade do Distrito Federal ficou em destaque durante a solenidade militar do Dia do Servi\u00e7o de Sa\u00fade dessa for\u00e7a armada. O evento ocorreu no Comando Militar do Planalto.<\/p>\n<figure id=\"attachment_410178\" class=\"wp-caption aligncenter\" style=\"text-align: justify;\" aria-describedby=\"caption-attachment-410178\"><img loading=\"lazy\" decoding=\"async\" class=\"size-full wp-image-410178\" src=\"http:\/\/agenciabrasilia.df.gov.br\/wp-conteudo\/uploads\/2022\/05\/Aspirante-Italo-Frota-e-Coronel-Carla-tambem-atuam-no-Sistema-Unico-de-Saude.-Foto-Tony-Winston-Agencia-Saude-DF-1.jpg\" sizes=\"auto, (max-width: 840px) 100vw, 840px\" srcset=\"https:\/\/www.agenciabrasilia.df.gov.br\/wp-conteudo\/uploads\/2022\/05\/Aspirante-Italo-Frota-e-Coronel-Carla-tambem-atuam-no-Sistema-Unico-de-Saude.-Foto-Tony-Winston-Agencia-Saude-DF-1.jpg 840w, https:\/\/www.agenciabrasilia.df.gov.br\/wp-conteudo\/uploads\/2022\/05\/Aspirante-Italo-Frota-e-Coronel-Carla-tambem-atuam-no-Sistema-Unico-de-Saude.-Foto-Tony-Winston-Agencia-Saude-DF-1-300x208.jpg 300w, https:\/\/www.agenciabrasilia.df.gov.br\/wp-conteudo\/uploads\/2022\/05\/Aspirante-Italo-Frota-e-Coronel-Carla-tambem-atuam-no-Sistema-Unico-de-Saude.-Foto-Tony-Winston-Agencia-Saude-DF-1-768x532.jpg 768w\" alt=\"\" width=\"840\" height=\"582\" \/><figcaption id=\"caption-attachment-410178\" class=\"wp-caption-text\">Os m\u00e9dicos \u00cdtalo Frota, aspirante a oficial, e Carla Maria Clausi, coronel: entre a vida militar e o cotidiano em unidades de sa\u00fade do DF | Foto Tony Winston\/Ag\u00eancia Sa\u00fade DF<\/figcaption><\/figure>\n<p style=\"text-align: justify;\">\u201cO Ex\u00e9rcito nos apoiou muito com o posto de vacina\u00e7\u00e3o noturno contra a covid-19, o primeiro do tipo a ser lan\u00e7ado no DF. Um trabalho sensacional com resultado excelente\u201d, lembrou o secret\u00e1rio de Sa\u00fade, Manoel Pafiadache, militar da reserva no posto de General de Ex\u00e9rcito, o \u00faltimo da hierarquia em tempos de paz.<\/p>\n<blockquote class=\"olho direita\"><p><span class=\"olho__texto h2 clearfix\">\u201cO mais importante de trabalhar, ao mesmo tempo, nos meios militar e civil \u00e9 que voc\u00ea utiliza os conhecimentos que adquire nos dois ambientes\u201d<\/span><span class=\"olho__assinatura block\">Carla Maria Clausi, coronel e m\u00e9dica do Hospital de Base<\/span><\/p><\/blockquote>\n<p style=\"text-align: justify;\">A parceria tamb\u00e9m envolve militares que atuam como servidores na rede p\u00fablica. Na solenidade desta sexta-feira, \u00e0 frente da tropa de militares do Corpo de Sa\u00fade estava a coronel m\u00e9dica Carla Maria Clausi. Ela concilia as atividades da carreira de militar com os plant\u00f5es no Hospital de Base do Distrito Federal.<\/p>\n<p style=\"text-align: justify;\">\u201cO mais importante de trabalhar, ao mesmo tempo, nos meios militar e civil \u00e9 que voc\u00ea utiliza os conhecimentos que adquire nos dois ambientes\u201d, avalia a m\u00e9dica militar.<\/p>\n<p style=\"text-align: justify;\">Treinada pelo Ex\u00e9rcito para atuar em casos de traumas causados em situa\u00e7\u00f5es de combate, a coronel Carla aplica esses conhecimentos no seu dia a dia no Hospital de Base. Na rede p\u00fablica, ela socorre v\u00edtimas de traumas, como os causados por acidentes automobil\u00edsticos.<\/p>\n<p style=\"text-align: justify;\">\u201cA gente transfere os conhecimentos adquiridos dentro da medicina operativa, porque a medicina operacional do Ex\u00e9rcito \u00e9 voltada para o combate, para o trauma\u201d, explica. No Minist\u00e9rio da Defesa, recentemente a m\u00e9dica atuou no enfretamento \u00e0 covid-19, na assist\u00eancia a popula\u00e7\u00f5es ind\u00edgenas, al\u00e9m de apoio em situa\u00e7\u00f5es de calamidade p\u00fablica e na miss\u00e3o de paz no Haiti.<\/p>\n<p style=\"text-align: justify;\">Quem tamb\u00e9m concilia a atua\u00e7\u00e3o militar com a presta\u00e7\u00e3o de servi\u00e7o ao Sistema \u00danico de Sa\u00fade \u00e9 o m\u00e9dico \u00cdtalo Frota. Uniformizado, ele \u00e9 aspirante a oficial. Com roupas civis, integra o quadro de uma Unidade de Pronto Atendimento (UPA) no entorno do DF. \u201cL\u00e1 a gente tem uma experi\u00eancia, em termos de contingente, bem maior, e uma variedade maior de atendimentos\u201d, relata.<\/p>\n<p style=\"text-align: justify;\">A dualidade civil-militar \u00e9 ressaltada pelo Ex\u00e9rcito Brasileiro at\u00e9 na escolha da data escolhida para celebra\u00e7\u00e3o do Dia do Servi\u00e7o de Sa\u00fade. Isso porque em 27 de maio nasceu Jo\u00e3o Severiano da Fonseca, m\u00e9dico que atingiu o posto de general de brigada e participou da Guerra do Paraguai.<\/p>\n<p style=\"text-align: justify;\">Antes, por\u00e9m, de trajar uniforme, o patrono da data foi reconhecido pelo imperador Dom Pedro II por sua atua\u00e7\u00e3o no combate \u00e0 epidemia de c\u00f3lera que assolava o Rio de Janeiro no in\u00edcio dos anos 1850. No servi\u00e7o militar, replicou esse conhecimento para enfrentar surtos de var\u00edola e tamb\u00e9m de c\u00f3lera entre soldados na \u00e1rea de conflito.<\/p>\n<p style=\"text-align: justify;\"><em>*Com informa\u00e7\u00f5es da Secretaria de Sa\u00fade do DF<\/em><\/p>\n","protected":false},"excerpt":{"rendered":"<p>Parceria entre a for\u00e7a armada e a Secretaria de Sa\u00fade foi ressaltada durante solenidade militar pelo Dia do Servi\u00e7o de Sa\u00fade, no Comando Militar do Planalto. A parceria do Ex\u00e9rcito Brasileiro com a Secretaria de Sa\u00fade do Distrito Federal ficou em destaque durante a solenidade militar do Dia do Servi\u00e7o de Sa\u00fade dessa for\u00e7a armada. [&hellip;]<\/p>\n","protected":false},"author":2,"featured_media":26114,"comment_status":"open","ping_status":"open","sticky":false,"template":"","format":"standard","meta":{"footnotes":""},"categories":[124],"tags":[],"class_list":{"0":"post-26113","1":"post","2":"type-post","3":"status-publish","4":"format-standard","5":"has-post-thumbnail","7":"category-saude"},"yoast_head":"<!-- This site is optimized with the Yoast SEO Premium plugin v24.5 (Yoast SEO v27.5) - https:\/\/yoast.com\/product\/yoast-seo-premium-wordpress\/ -->\n<title>Integrantes do Ex\u00e9rcito t\u00eam atua\u00e7\u00e3o destacada na rede de sa\u00fade do DF. - P31<\/title>\n<meta name=\"robots\" content=\"index, follow, max-snippet:-1, max-image-preview:large, max-video-preview:-1\" \/>\n<link rel=\"canonical\" href=\"https:\/\/www.p31noticias.com.br\/?p=26113\" \/>\n<meta property=\"og:locale\" content=\"pt_BR\" \/>\n<meta property=\"og:type\" content=\"article\" \/>\n<meta property=\"og:title\" content=\"Integrantes do Ex\u00e9rcito t\u00eam atua\u00e7\u00e3o destacada na rede de sa\u00fade do DF.\" \/>\n<meta property=\"og:description\" content=\"Parceria entre a for\u00e7a armada e a Secretaria de Sa\u00fade foi ressaltada durante solenidade militar pelo Dia do Servi\u00e7o de Sa\u00fade, no Comando Militar do Planalto. A parceria do Ex\u00e9rcito Brasileiro com a Secretaria de Sa\u00fade do Distrito Federal ficou em destaque durante a solenidade militar do Dia do Servi\u00e7o de Sa\u00fade dessa for\u00e7a armada. [&hellip;]\" \/>\n<meta property=\"og:url\" content=\"https:\/\/www.p31noticias.com.br\/?p=26113\" \/>\n<meta property=\"og:site_name\" content=\"P31\" \/>\n<meta property=\"article:published_time\" content=\"2022-05-28T00:55:34+00:00\" \/>\n<meta property=\"og:image\" content=\"https:\/\/www.p31noticias.com.br\/wp-content\/uploads\/2022\/05\/Secretario-de-Saude-ressalta-a-importancia-da-parceria-institucional.-Foto-Tony-Winston-Agencia-Saude-DF-1.jpg\" \/>\n\t<meta property=\"og:image:width\" content=\"840\" \/>\n\t<meta property=\"og:image:height\" content=\"573\" \/>\n\t<meta property=\"og:image:type\" content=\"image\/jpeg\" \/>\n<meta name=\"author\" content=\"Gon\u00e7alves Junior\" \/>\n<meta name=\"twitter:card\" content=\"summary_large_image\" \/>\n<meta name=\"twitter:label1\" content=\"Escrito por\" \/>\n\t<meta name=\"twitter:data1\" content=\"Gon\u00e7alves Junior\" \/>\n\t<meta name=\"twitter:label2\" content=\"Est. tempo de leitura\" \/>\n\t<meta name=\"twitter:data2\" content=\"3 minutos\" \/>\n<script type=\"application\/ld+json\" class=\"yoast-schema-graph\">{\"@context\":\"https:\\\/\\\/schema.org\",\"@graph\":[{\"@type\":\"Article\",\"@id\":\"https:\\\/\\\/www.p31noticias.com.br\\\/?p=26113#article\",\"isPartOf\":{\"@id\":\"https:\\\/\\\/www.p31noticias.com.br\\\/?p=26113\"},\"author\":{\"name\":\"Gon\u00e7alves Junior\",\"@id\":\"https:\\\/\\\/www.p31noticias.com.br\\\/#\\\/schema\\\/person\\\/95f2ece30e3b4132065b915150cd0f94\"},\"headline\":\"Integrantes do Ex\u00e9rcito t\u00eam atua\u00e7\u00e3o destacada na rede de sa\u00fade do DF.\",\"datePublished\":\"2022-05-28T00:55:34+00:00\",\"mainEntityOfPage\":{\"@id\":\"https:\\\/\\\/www.p31noticias.com.br\\\/?p=26113\"},\"wordCount\":605,\"commentCount\":0,\"image\":{\"@id\":\"https:\\\/\\\/www.p31noticias.com.br\\\/?p=26113#primaryimage\"},\"thumbnailUrl\":\"https:\\\/\\\/www.p31noticias.com.br\\\/wp-content\\\/uploads\\\/2022\\\/05\\\/Secretario-de-Saude-ressalta-a-importancia-da-parceria-institucional.-Foto-Tony-Winston-Agencia-Saude-DF-1.jpg\",\"articleSection\":[\"Sa\u00fade\"],\"inLanguage\":\"pt-BR\",\"potentialAction\":[{\"@type\":\"CommentAction\",\"name\":\"Comment\",\"target\":[\"https:\\\/\\\/www.p31noticias.com.br\\\/?p=26113#respond\"]}],\"copyrightYear\":\"2022\",\"copyrightHolder\":{\"@id\":\"https:\\\/\\\/www.p31noticias.com.br\\\/#organization\"}},{\"@type\":\"WebPage\",\"@id\":\"https:\\\/\\\/www.p31noticias.com.br\\\/?p=26113\",\"url\":\"https:\\\/\\\/www.p31noticias.com.br\\\/?p=26113\",\"name\":\"Integrantes do Ex\u00e9rcito t\u00eam atua\u00e7\u00e3o destacada na rede de sa\u00fade do DF. - P31\",\"isPartOf\":{\"@id\":\"https:\\\/\\\/www.p31noticias.com.br\\\/#website\"},\"primaryImageOfPage\":{\"@id\":\"https:\\\/\\\/www.p31noticias.com.br\\\/?p=26113#primaryimage\"},\"image\":{\"@id\":\"https:\\\/\\\/www.p31noticias.com.br\\\/?p=26113#primaryimage\"},\"thumbnailUrl\":\"https:\\\/\\\/www.p31noticias.com.br\\\/wp-content\\\/uploads\\\/2022\\\/05\\\/Secretario-de-Saude-ressalta-a-importancia-da-parceria-institucional.-Foto-Tony-Winston-Agencia-Saude-DF-1.jpg\",\"datePublished\":\"2022-05-28T00:55:34+00:00\",\"author\":{\"@id\":\"https:\\\/\\\/www.p31noticias.com.br\\\/#\\\/schema\\\/person\\\/95f2ece30e3b4132065b915150cd0f94\"},\"breadcrumb\":{\"@id\":\"https:\\\/\\\/www.p31noticias.com.br\\\/?p=26113#breadcrumb\"},\"inLanguage\":\"pt-BR\",\"potentialAction\":[{\"@type\":\"ReadAction\",\"target\":[\"https:\\\/\\\/www.p31noticias.com.br\\\/?p=26113\"]}]},{\"@type\":\"ImageObject\",\"inLanguage\":\"pt-BR\",\"@id\":\"https:\\\/\\\/www.p31noticias.com.br\\\/?p=26113#primaryimage\",\"url\":\"https:\\\/\\\/www.p31noticias.com.br\\\/wp-content\\\/uploads\\\/2022\\\/05\\\/Secretario-de-Saude-ressalta-a-importancia-da-parceria-institucional.-Foto-Tony-Winston-Agencia-Saude-DF-1.jpg\",\"contentUrl\":\"https:\\\/\\\/www.p31noticias.com.br\\\/wp-content\\\/uploads\\\/2022\\\/05\\\/Secretario-de-Saude-ressalta-a-importancia-da-parceria-institucional.-Foto-Tony-Winston-Agencia-Saude-DF-1.jpg\",\"width\":840,\"height\":573},{\"@type\":\"BreadcrumbList\",\"@id\":\"https:\\\/\\\/www.p31noticias.com.br\\\/?p=26113#breadcrumb\",\"itemListElement\":[{\"@type\":\"ListItem\",\"position\":1,\"name\":\"In\u00edcio\",\"item\":\"https:\\\/\\\/www.p31noticias.com.br\\\/\"},{\"@type\":\"ListItem\",\"position\":2,\"name\":\"Integrantes do Ex\u00e9rcito t\u00eam atua\u00e7\u00e3o destacada na rede de sa\u00fade do DF.\"}]},{\"@type\":\"WebSite\",\"@id\":\"https:\\\/\\\/www.p31noticias.com.br\\\/#website\",\"url\":\"https:\\\/\\\/www.p31noticias.com.br\\\/\",\"name\":\"P31\",\"description\":\"NOT\u00cdCIAS\",\"potentialAction\":[{\"@type\":\"SearchAction\",\"target\":{\"@type\":\"EntryPoint\",\"urlTemplate\":\"https:\\\/\\\/www.p31noticias.com.br\\\/?s={search_term_string}\"},\"query-input\":{\"@type\":\"PropertyValueSpecification\",\"valueRequired\":true,\"valueName\":\"search_term_string\"}}],\"inLanguage\":\"pt-BR\"},{\"@type\":\"Person\",\"@id\":\"https:\\\/\\\/www.p31noticias.com.br\\\/#\\\/schema\\\/person\\\/95f2ece30e3b4132065b915150cd0f94\",\"name\":\"Gon\u00e7alves Junior\",\"image\":{\"@type\":\"ImageObject\",\"inLanguage\":\"pt-BR\",\"@id\":\"https:\\\/\\\/secure.gravatar.com\\\/avatar\\\/6711f350116a89762687a48d66f723c799e5438a5b7578508d4294cd7a5d0800?s=96&d=mm&r=g\",\"url\":\"https:\\\/\\\/secure.gravatar.com\\\/avatar\\\/6711f350116a89762687a48d66f723c799e5438a5b7578508d4294cd7a5d0800?s=96&d=mm&r=g\",\"contentUrl\":\"https:\\\/\\\/secure.gravatar.com\\\/avatar\\\/6711f350116a89762687a48d66f723c799e5438a5b7578508d4294cd7a5d0800?s=96&d=mm&r=g\",\"caption\":\"Gon\u00e7alves Junior\"},\"url\":\"https:\\\/\\\/www.p31noticias.com.br\\\/?author=2\"}]}<\/script>\n<!-- \/ Yoast SEO Premium plugin. -->","yoast_head_json":{"title":"Integrantes do Ex\u00e9rcito t\u00eam atua\u00e7\u00e3o destacada na rede de sa\u00fade do DF. - P31","robots":{"index":"index","follow":"follow","max-snippet":"max-snippet:-1","max-image-preview":"max-image-preview:large","max-video-preview":"max-video-preview:-1"},"canonical":"https:\/\/www.p31noticias.com.br\/?p=26113","og_locale":"pt_BR","og_type":"article","og_title":"Integrantes do Ex\u00e9rcito t\u00eam atua\u00e7\u00e3o destacada na rede de sa\u00fade do DF.","og_description":"Parceria entre a for\u00e7a armada e a Secretaria de Sa\u00fade foi ressaltada durante solenidade militar pelo Dia do Servi\u00e7o de Sa\u00fade, no Comando Militar do Planalto. A parceria do Ex\u00e9rcito Brasileiro com a Secretaria de Sa\u00fade do Distrito Federal ficou em destaque durante a solenidade militar do Dia do Servi\u00e7o de Sa\u00fade dessa for\u00e7a armada. [&hellip;]","og_url":"https:\/\/www.p31noticias.com.br\/?p=26113","og_site_name":"P31","article_published_time":"2022-05-28T00:55:34+00:00","og_image":[{"width":840,"height":573,"url":"https:\/\/www.p31noticias.com.br\/wp-content\/uploads\/2022\/05\/Secretario-de-Saude-ressalta-a-importancia-da-parceria-institucional.-Foto-Tony-Winston-Agencia-Saude-DF-1.jpg","type":"image\/jpeg"}],"author":"Gon\u00e7alves Junior","twitter_card":"summary_large_image","twitter_misc":{"Escrito por":"Gon\u00e7alves Junior","Est. tempo de leitura":"3 minutos"},"schema":{"@context":"https:\/\/schema.org","@graph":[{"@type":"Article","@id":"https:\/\/www.p31noticias.com.br\/?p=26113#article","isPartOf":{"@id":"https:\/\/www.p31noticias.com.br\/?p=26113"},"author":{"name":"Gon\u00e7alves Junior","@id":"https:\/\/www.p31noticias.com.br\/#\/schema\/person\/95f2ece30e3b4132065b915150cd0f94"},"headline":"Integrantes do Ex\u00e9rcito t\u00eam atua\u00e7\u00e3o destacada na rede de sa\u00fade do DF.","datePublished":"2022-05-28T00:55:34+00:00","mainEntityOfPage":{"@id":"https:\/\/www.p31noticias.com.br\/?p=26113"},"wordCount":605,"commentCount":0,"image":{"@id":"https:\/\/www.p31noticias.com.br\/?p=26113#primaryimage"},"thumbnailUrl":"https:\/\/www.p31noticias.com.br\/wp-content\/uploads\/2022\/05\/Secretario-de-Saude-ressalta-a-importancia-da-parceria-institucional.-Foto-Tony-Winston-Agencia-Saude-DF-1.jpg","articleSection":["Sa\u00fade"],"inLanguage":"pt-BR","potentialAction":[{"@type":"CommentAction","name":"Comment","target":["https:\/\/www.p31noticias.com.br\/?p=26113#respond"]}],"copyrightYear":"2022","copyrightHolder":{"@id":"https:\/\/www.p31noticias.com.br\/#organization"}},{"@type":"WebPage","@id":"https:\/\/www.p31noticias.com.br\/?p=26113","url":"https:\/\/www.p31noticias.com.br\/?p=26113","name":"Integrantes do Ex\u00e9rcito t\u00eam atua\u00e7\u00e3o destacada na rede de sa\u00fade do DF. - P31","isPartOf":{"@id":"https:\/\/www.p31noticias.com.br\/#website"},"primaryImageOfPage":{"@id":"https:\/\/www.p31noticias.com.br\/?p=26113#primaryimage"},"image":{"@id":"https:\/\/www.p31noticias.com.br\/?p=26113#primaryimage"},"thumbnailUrl":"https:\/\/www.p31noticias.com.br\/wp-content\/uploads\/2022\/05\/Secretario-de-Saude-ressalta-a-importancia-da-parceria-institucional.-Foto-Tony-Winston-Agencia-Saude-DF-1.jpg","datePublished":"2022-05-28T00:55:34+00:00","author":{"@id":"https:\/\/www.p31noticias.com.br\/#\/schema\/person\/95f2ece30e3b4132065b915150cd0f94"},"breadcrumb":{"@id":"https:\/\/www.p31noticias.com.br\/?p=26113#breadcrumb"},"inLanguage":"pt-BR","potentialAction":[{"@type":"ReadAction","target":["https:\/\/www.p31noticias.com.br\/?p=26113"]}]},{"@type":"ImageObject","inLanguage":"pt-BR","@id":"https:\/\/www.p31noticias.com.br\/?p=26113#primaryimage","url":"https:\/\/www.p31noticias.com.br\/wp-content\/uploads\/2022\/05\/Secretario-de-Saude-ressalta-a-importancia-da-parceria-institucional.-Foto-Tony-Winston-Agencia-Saude-DF-1.jpg","contentUrl":"https:\/\/www.p31noticias.com.br\/wp-content\/uploads\/2022\/05\/Secretario-de-Saude-ressalta-a-importancia-da-parceria-institucional.-Foto-Tony-Winston-Agencia-Saude-DF-1.jpg","width":840,"height":573},{"@type":"BreadcrumbList","@id":"https:\/\/www.p31noticias.com.br\/?p=26113#breadcrumb","itemListElement":[{"@type":"ListItem","position":1,"name":"In\u00edcio","item":"https:\/\/www.p31noticias.com.br\/"},{"@type":"ListItem","position":2,"name":"Integrantes do Ex\u00e9rcito t\u00eam atua\u00e7\u00e3o destacada na rede de sa\u00fade do DF."}]},{"@type":"WebSite","@id":"https:\/\/www.p31noticias.com.br\/#website","url":"https:\/\/www.p31noticias.com.br\/","name":"P31","description":"NOT\u00cdCIAS","potentialAction":[{"@type":"SearchAction","target":{"@type":"EntryPoint","urlTemplate":"https:\/\/www.p31noticias.com.br\/?s={search_term_string}"},"query-input":{"@type":"PropertyValueSpecification","valueRequired":true,"valueName":"search_term_string"}}],"inLanguage":"pt-BR"},{"@type":"Person","@id":"https:\/\/www.p31noticias.com.br\/#\/schema\/person\/95f2ece30e3b4132065b915150cd0f94","name":"Gon\u00e7alves Junior","image":{"@type":"ImageObject","inLanguage":"pt-BR","@id":"https:\/\/secure.gravatar.com\/avatar\/6711f350116a89762687a48d66f723c799e5438a5b7578508d4294cd7a5d0800?s=96&d=mm&r=g","url":"https:\/\/secure.gravatar.com\/avatar\/6711f350116a89762687a48d66f723c799e5438a5b7578508d4294cd7a5d0800?s=96&d=mm&r=g","contentUrl":"https:\/\/secure.gravatar.com\/avatar\/6711f350116a89762687a48d66f723c799e5438a5b7578508d4294cd7a5d0800?s=96&d=mm&r=g","caption":"Gon\u00e7alves Junior"},"url":"https:\/\/www.p31noticias.com.br\/?author=2"}]}},"amp_enabled":true,"_links":{"self":[{"href":"https:\/\/www.p31noticias.com.br\/index.php?rest_route=\/wp\/v2\/posts\/26113","targetHints":{"allow":["GET"]}}],"collection":[{"href":"https:\/\/www.p31noticias.com.br\/index.php?rest_route=\/wp\/v2\/posts"}],"about":[{"href":"https:\/\/www.p31noticias.com.br\/index.php?rest_route=\/wp\/v2\/types\/post"}],"author":[{"embeddable":true,"href":"https:\/\/www.p31noticias.com.br\/index.php?rest_route=\/wp\/v2\/users\/2"}],"replies":[{"embeddable":true,"href":"https:\/\/www.p31noticias.com.br\/index.php?rest_route=%2Fwp%2Fv2%2Fcomments&post=26113"}],"version-history":[{"count":1,"href":"https:\/\/www.p31noticias.com.br\/index.php?rest_route=\/wp\/v2\/posts\/26113\/revisions"}],"predecessor-version":[{"id":26115,"href":"https:\/\/www.p31noticias.com.br\/index.php?rest_route=\/wp\/v2\/posts\/26113\/revisions\/26115"}],"wp:featuredmedia":[{"embeddable":true,"href":"https:\/\/www.p31noticias.com.br\/index.php?rest_route=\/wp\/v2\/media\/26114"}],"wp:attachment":[{"href":"https:\/\/www.p31noticias.com.br\/index.php?rest_route=%2Fwp%2Fv2%2Fmedia&parent=26113"}],"wp:term":[{"taxonomy":"category","embeddable":true,"href":"https:\/\/www.p31noticias.com.br\/index.php?rest_route=%2Fwp%2Fv2%2Fcategories&post=26113"},{"taxonomy":"post_tag","embeddable":true,"href":"https:\/\/www.p31noticias.com.br\/index.php?rest_route=%2Fwp%2Fv2%2Ftags&post=26113"}],"curies":[{"name":"wp","href":"https:\/\/api.w.org\/{rel}","templated":true}]}}