{"id":26110,"date":"2022-05-27T21:43:30","date_gmt":"2022-05-28T00:43:30","guid":{"rendered":"https:\/\/p31noticias.com.br\/?p=26110"},"modified":"2022-05-27T21:43:30","modified_gmt":"2022-05-28T00:43:30","slug":"senado-aprova-medida-provisoria-que-estabelece-salario-minimo-em-r-1-212","status":"publish","type":"post","link":"https:\/\/www.p31noticias.com.br\/?p=26110","title":{"rendered":"Senado aprova medida provis\u00f3ria que estabelece sal\u00e1rio m\u00ednimo em R$ 1.212."},"content":{"rendered":"<p style=\"text-align: justify;\"><em><strong>Reajuste apenas inclui a corre\u00e7\u00e3o inflacion\u00e1ria e n\u00e3o dar\u00e1 um aumento real aos recebimentos dos trabalhadores; texto segue para promulga\u00e7\u00e3o do presidente Jair Bolsonaro.<\/strong><\/em><\/p>\n<p style=\"text-align: justify;\">O\u00a0<strong><a href=\"https:\/\/jovempan.com.br\/tag\/senado\">Senado Federal<\/a><\/strong> aprovou\u00a0 a medida provis\u00f3ria 1.091\/2021 que estabelece o\u00a0<strong><a href=\"https:\/\/jovempan.com.br\/tag\/salario-minimo\">sal\u00e1rio m\u00ednimo<\/a><\/strong>\u00a0no valor de R$ 1.212 neste ano. N\u00e3o haver\u00e1 aumento real, apenas a corre\u00e7\u00e3o inflacion\u00e1ria de 10,18% referente o \u00cdndice Nacional de Pre\u00e7os ao Consumidor (INPC) \u2013 base do governo para corre\u00e7\u00e3o anual do sal\u00e1rio m\u00ednimo. Publicada pelo governo federal no Di\u00e1rio Oficial da Uni\u00e3o em 31 de dezembro do \u00faltimo ano, a medida precisava ser aprovada pelo\u00a0<strong><a href=\"https:\/\/jovempan.com.br\/tag\/congresso\">Congresso Nacional<\/a><\/strong>\u00a0para tornar-se lei definitiva. A C\u00e2mara dos Deputados j\u00e1 havia aprovado e, com a sinaliza\u00e7\u00e3o positiva do Senado, o texto segue para promulga\u00e7\u00e3o do presidente\u00a0<strong><a href=\"https:\/\/jovempan.com.br\/tag\/jair-bolsonaro\">Jair Bolsonaro<\/a><\/strong>\u00a0(PL).<\/p>\n<div class=\"context\">\n<p style=\"text-align: justify;\">O senador\u00a0<strong><a href=\"https:\/\/jovempan.com.br\/tag\/jorge-kajuru\">Jorge Kajuru<\/a><\/strong>\u00a0(Podemos-GO) havia apresentado uma emenda para que o reajuste passasse a ser de R$ 1.300 a partir de julho. A relatora da medida, Soraya Thronicke, negociou a proposta apresentada pelo parlamentar, mas o Minist\u00e9rio da Economia vetou e argumentou que n\u00e3o haveria fundos para que a emenda avan\u00e7asse. Segundo a pasta, o impacto nos cofres p\u00fablicos seria de mais de R$ 16 bilh\u00f5es at\u00e9 dezembro.\u00a0<strong><a href=\"https:\/\/jovempan.com.br\/tag\/rodrigo-pacheco\">Rodrigo Pacheco<\/a><\/strong> (PSD-MG), presidente do Senado, elogiou as manifesta\u00e7\u00f5es de que o sal\u00e1rio m\u00ednimo \u00e9 um valor pequeno e alertou que os problemas do Brasil s\u00e3o os \u2018dois d\u00edgitos\u2019. \u201cDois d\u00edgitos na infla\u00e7\u00e3o, nos juros, no desemprego e na gasolina, que se aproxima de R$ 10 j\u00e1 em algumas cidades. Esses s\u00e3o os problemas reais, que precisam de solu\u00e7\u00f5es verdadeiras\u201d, argumentou.<\/p>\n<p style=\"text-align: justify;\">JP NEWS.<\/p>\n<\/div>\n","protected":false},"excerpt":{"rendered":"<p>Reajuste apenas inclui a corre\u00e7\u00e3o inflacion\u00e1ria e n\u00e3o dar\u00e1 um aumento real aos recebimentos dos trabalhadores; texto segue para promulga\u00e7\u00e3o do presidente Jair Bolsonaro. O\u00a0Senado Federal aprovou\u00a0 a medida provis\u00f3ria 1.091\/2021 que estabelece o\u00a0sal\u00e1rio m\u00ednimo\u00a0no valor de R$ 1.212 neste ano. N\u00e3o haver\u00e1 aumento real, apenas a corre\u00e7\u00e3o inflacion\u00e1ria de 10,18% referente o \u00cdndice Nacional [&hellip;]<\/p>\n","protected":false},"author":2,"featured_media":26111,"comment_status":"open","ping_status":"open","sticky":false,"template":"","format":"standard","meta":{"footnotes":""},"categories":[68,637],"tags":[],"class_list":{"0":"post-26110","1":"post","2":"type-post","3":"status-publish","4":"format-standard","5":"has-post-thumbnail","7":"category-brasil","8":"category-economia"},"yoast_head":"<!-- This site is optimized with the Yoast SEO Premium plugin v24.5 (Yoast SEO v27.5) - https:\/\/yoast.com\/product\/yoast-seo-premium-wordpress\/ -->\n<title>Senado aprova medida provis\u00f3ria que estabelece sal\u00e1rio m\u00ednimo em R$ 1.212. - P31<\/title>\n<meta name=\"robots\" content=\"index, follow, max-snippet:-1, max-image-preview:large, max-video-preview:-1\" \/>\n<link rel=\"canonical\" href=\"https:\/\/www.p31noticias.com.br\/?p=26110\" \/>\n<meta property=\"og:locale\" content=\"pt_BR\" \/>\n<meta property=\"og:type\" content=\"article\" \/>\n<meta property=\"og:title\" content=\"Senado aprova medida provis\u00f3ria que estabelece sal\u00e1rio m\u00ednimo em R$ 1.212.\" \/>\n<meta property=\"og:description\" content=\"Reajuste apenas inclui a corre\u00e7\u00e3o inflacion\u00e1ria e n\u00e3o dar\u00e1 um aumento real aos recebimentos dos trabalhadores; texto segue para promulga\u00e7\u00e3o do presidente Jair Bolsonaro. O\u00a0Senado Federal aprovou\u00a0 a medida provis\u00f3ria 1.091\/2021 que estabelece o\u00a0sal\u00e1rio m\u00ednimo\u00a0no valor de R$ 1.212 neste ano. N\u00e3o haver\u00e1 aumento real, apenas a corre\u00e7\u00e3o inflacion\u00e1ria de 10,18% referente o \u00cdndice Nacional [&hellip;]\" \/>\n<meta property=\"og:url\" content=\"https:\/\/www.p31noticias.com.br\/?p=26110\" \/>\n<meta property=\"og:site_name\" content=\"P31\" \/>\n<meta property=\"article:published_time\" content=\"2022-05-28T00:43:30+00:00\" \/>\n<meta property=\"og:image\" content=\"https:\/\/www.p31noticias.com.br\/wp-content\/uploads\/2022\/05\/note-13666.webp\" \/>\n\t<meta property=\"og:image:width\" content=\"1280\" \/>\n\t<meta property=\"og:image:height\" content=\"960\" \/>\n\t<meta property=\"og:image:type\" content=\"image\/webp\" \/>\n<meta name=\"author\" content=\"Gon\u00e7alves Junior\" \/>\n<meta name=\"twitter:card\" content=\"summary_large_image\" \/>\n<meta name=\"twitter:label1\" content=\"Escrito por\" \/>\n\t<meta name=\"twitter:data1\" content=\"Gon\u00e7alves Junior\" \/>\n\t<meta name=\"twitter:label2\" content=\"Est. tempo de leitura\" \/>\n\t<meta name=\"twitter:data2\" content=\"1 minuto\" \/>\n<script type=\"application\/ld+json\" class=\"yoast-schema-graph\">{\"@context\":\"https:\\\/\\\/schema.org\",\"@graph\":[{\"@type\":\"Article\",\"@id\":\"https:\\\/\\\/www.p31noticias.com.br\\\/?p=26110#article\",\"isPartOf\":{\"@id\":\"https:\\\/\\\/www.p31noticias.com.br\\\/?p=26110\"},\"author\":{\"name\":\"Gon\u00e7alves Junior\",\"@id\":\"https:\\\/\\\/www.p31noticias.com.br\\\/#\\\/schema\\\/person\\\/95f2ece30e3b4132065b915150cd0f94\"},\"headline\":\"Senado aprova medida provis\u00f3ria que estabelece sal\u00e1rio m\u00ednimo em R$ 1.212.\",\"datePublished\":\"2022-05-28T00:43:30+00:00\",\"mainEntityOfPage\":{\"@id\":\"https:\\\/\\\/www.p31noticias.com.br\\\/?p=26110\"},\"wordCount\":294,\"commentCount\":0,\"image\":{\"@id\":\"https:\\\/\\\/www.p31noticias.com.br\\\/?p=26110#primaryimage\"},\"thumbnailUrl\":\"https:\\\/\\\/www.p31noticias.com.br\\\/wp-content\\\/uploads\\\/2022\\\/05\\\/note-13666.webp\",\"articleSection\":[\"Brasil\",\"Economia\"],\"inLanguage\":\"pt-BR\",\"potentialAction\":[{\"@type\":\"CommentAction\",\"name\":\"Comment\",\"target\":[\"https:\\\/\\\/www.p31noticias.com.br\\\/?p=26110#respond\"]}],\"copyrightYear\":\"2022\",\"copyrightHolder\":{\"@id\":\"https:\\\/\\\/www.p31noticias.com.br\\\/#organization\"}},{\"@type\":\"WebPage\",\"@id\":\"https:\\\/\\\/www.p31noticias.com.br\\\/?p=26110\",\"url\":\"https:\\\/\\\/www.p31noticias.com.br\\\/?p=26110\",\"name\":\"Senado aprova medida provis\u00f3ria que estabelece sal\u00e1rio m\u00ednimo em R$ 1.212. - P31\",\"isPartOf\":{\"@id\":\"https:\\\/\\\/www.p31noticias.com.br\\\/#website\"},\"primaryImageOfPage\":{\"@id\":\"https:\\\/\\\/www.p31noticias.com.br\\\/?p=26110#primaryimage\"},\"image\":{\"@id\":\"https:\\\/\\\/www.p31noticias.com.br\\\/?p=26110#primaryimage\"},\"thumbnailUrl\":\"https:\\\/\\\/www.p31noticias.com.br\\\/wp-content\\\/uploads\\\/2022\\\/05\\\/note-13666.webp\",\"datePublished\":\"2022-05-28T00:43:30+00:00\",\"author\":{\"@id\":\"https:\\\/\\\/www.p31noticias.com.br\\\/#\\\/schema\\\/person\\\/95f2ece30e3b4132065b915150cd0f94\"},\"breadcrumb\":{\"@id\":\"https:\\\/\\\/www.p31noticias.com.br\\\/?p=26110#breadcrumb\"},\"inLanguage\":\"pt-BR\",\"potentialAction\":[{\"@type\":\"ReadAction\",\"target\":[\"https:\\\/\\\/www.p31noticias.com.br\\\/?p=26110\"]}]},{\"@type\":\"ImageObject\",\"inLanguage\":\"pt-BR\",\"@id\":\"https:\\\/\\\/www.p31noticias.com.br\\\/?p=26110#primaryimage\",\"url\":\"https:\\\/\\\/www.p31noticias.com.br\\\/wp-content\\\/uploads\\\/2022\\\/05\\\/note-13666.webp\",\"contentUrl\":\"https:\\\/\\\/www.p31noticias.com.br\\\/wp-content\\\/uploads\\\/2022\\\/05\\\/note-13666.webp\",\"width\":1280,\"height\":960},{\"@type\":\"BreadcrumbList\",\"@id\":\"https:\\\/\\\/www.p31noticias.com.br\\\/?p=26110#breadcrumb\",\"itemListElement\":[{\"@type\":\"ListItem\",\"position\":1,\"name\":\"In\u00edcio\",\"item\":\"https:\\\/\\\/www.p31noticias.com.br\\\/\"},{\"@type\":\"ListItem\",\"position\":2,\"name\":\"Senado aprova medida provis\u00f3ria que estabelece sal\u00e1rio m\u00ednimo em R$ 1.212.\"}]},{\"@type\":\"WebSite\",\"@id\":\"https:\\\/\\\/www.p31noticias.com.br\\\/#website\",\"url\":\"https:\\\/\\\/www.p31noticias.com.br\\\/\",\"name\":\"P31\",\"description\":\"NOT\u00cdCIAS\",\"potentialAction\":[{\"@type\":\"SearchAction\",\"target\":{\"@type\":\"EntryPoint\",\"urlTemplate\":\"https:\\\/\\\/www.p31noticias.com.br\\\/?s={search_term_string}\"},\"query-input\":{\"@type\":\"PropertyValueSpecification\",\"valueRequired\":true,\"valueName\":\"search_term_string\"}}],\"inLanguage\":\"pt-BR\"},{\"@type\":\"Person\",\"@id\":\"https:\\\/\\\/www.p31noticias.com.br\\\/#\\\/schema\\\/person\\\/95f2ece30e3b4132065b915150cd0f94\",\"name\":\"Gon\u00e7alves Junior\",\"image\":{\"@type\":\"ImageObject\",\"inLanguage\":\"pt-BR\",\"@id\":\"https:\\\/\\\/secure.gravatar.com\\\/avatar\\\/6711f350116a89762687a48d66f723c799e5438a5b7578508d4294cd7a5d0800?s=96&d=mm&r=g\",\"url\":\"https:\\\/\\\/secure.gravatar.com\\\/avatar\\\/6711f350116a89762687a48d66f723c799e5438a5b7578508d4294cd7a5d0800?s=96&d=mm&r=g\",\"contentUrl\":\"https:\\\/\\\/secure.gravatar.com\\\/avatar\\\/6711f350116a89762687a48d66f723c799e5438a5b7578508d4294cd7a5d0800?s=96&d=mm&r=g\",\"caption\":\"Gon\u00e7alves Junior\"},\"url\":\"https:\\\/\\\/www.p31noticias.com.br\\\/?author=2\"}]}<\/script>\n<!-- \/ Yoast SEO Premium plugin. -->","yoast_head_json":{"title":"Senado aprova medida provis\u00f3ria que estabelece sal\u00e1rio m\u00ednimo em R$ 1.212. - P31","robots":{"index":"index","follow":"follow","max-snippet":"max-snippet:-1","max-image-preview":"max-image-preview:large","max-video-preview":"max-video-preview:-1"},"canonical":"https:\/\/www.p31noticias.com.br\/?p=26110","og_locale":"pt_BR","og_type":"article","og_title":"Senado aprova medida provis\u00f3ria que estabelece sal\u00e1rio m\u00ednimo em R$ 1.212.","og_description":"Reajuste apenas inclui a corre\u00e7\u00e3o inflacion\u00e1ria e n\u00e3o dar\u00e1 um aumento real aos recebimentos dos trabalhadores; texto segue para promulga\u00e7\u00e3o do presidente Jair Bolsonaro. O\u00a0Senado Federal aprovou\u00a0 a medida provis\u00f3ria 1.091\/2021 que estabelece o\u00a0sal\u00e1rio m\u00ednimo\u00a0no valor de R$ 1.212 neste ano. N\u00e3o haver\u00e1 aumento real, apenas a corre\u00e7\u00e3o inflacion\u00e1ria de 10,18% referente o \u00cdndice Nacional [&hellip;]","og_url":"https:\/\/www.p31noticias.com.br\/?p=26110","og_site_name":"P31","article_published_time":"2022-05-28T00:43:30+00:00","og_image":[{"width":1280,"height":960,"url":"https:\/\/www.p31noticias.com.br\/wp-content\/uploads\/2022\/05\/note-13666.webp","type":"image\/webp"}],"author":"Gon\u00e7alves Junior","twitter_card":"summary_large_image","twitter_misc":{"Escrito por":"Gon\u00e7alves Junior","Est. tempo de leitura":"1 minuto"},"schema":{"@context":"https:\/\/schema.org","@graph":[{"@type":"Article","@id":"https:\/\/www.p31noticias.com.br\/?p=26110#article","isPartOf":{"@id":"https:\/\/www.p31noticias.com.br\/?p=26110"},"author":{"name":"Gon\u00e7alves Junior","@id":"https:\/\/www.p31noticias.com.br\/#\/schema\/person\/95f2ece30e3b4132065b915150cd0f94"},"headline":"Senado aprova medida provis\u00f3ria que estabelece sal\u00e1rio m\u00ednimo em R$ 1.212.","datePublished":"2022-05-28T00:43:30+00:00","mainEntityOfPage":{"@id":"https:\/\/www.p31noticias.com.br\/?p=26110"},"wordCount":294,"commentCount":0,"image":{"@id":"https:\/\/www.p31noticias.com.br\/?p=26110#primaryimage"},"thumbnailUrl":"https:\/\/www.p31noticias.com.br\/wp-content\/uploads\/2022\/05\/note-13666.webp","articleSection":["Brasil","Economia"],"inLanguage":"pt-BR","potentialAction":[{"@type":"CommentAction","name":"Comment","target":["https:\/\/www.p31noticias.com.br\/?p=26110#respond"]}],"copyrightYear":"2022","copyrightHolder":{"@id":"https:\/\/www.p31noticias.com.br\/#organization"}},{"@type":"WebPage","@id":"https:\/\/www.p31noticias.com.br\/?p=26110","url":"https:\/\/www.p31noticias.com.br\/?p=26110","name":"Senado aprova medida provis\u00f3ria que estabelece sal\u00e1rio m\u00ednimo em R$ 1.212. - P31","isPartOf":{"@id":"https:\/\/www.p31noticias.com.br\/#website"},"primaryImageOfPage":{"@id":"https:\/\/www.p31noticias.com.br\/?p=26110#primaryimage"},"image":{"@id":"https:\/\/www.p31noticias.com.br\/?p=26110#primaryimage"},"thumbnailUrl":"https:\/\/www.p31noticias.com.br\/wp-content\/uploads\/2022\/05\/note-13666.webp","datePublished":"2022-05-28T00:43:30+00:00","author":{"@id":"https:\/\/www.p31noticias.com.br\/#\/schema\/person\/95f2ece30e3b4132065b915150cd0f94"},"breadcrumb":{"@id":"https:\/\/www.p31noticias.com.br\/?p=26110#breadcrumb"},"inLanguage":"pt-BR","potentialAction":[{"@type":"ReadAction","target":["https:\/\/www.p31noticias.com.br\/?p=26110"]}]},{"@type":"ImageObject","inLanguage":"pt-BR","@id":"https:\/\/www.p31noticias.com.br\/?p=26110#primaryimage","url":"https:\/\/www.p31noticias.com.br\/wp-content\/uploads\/2022\/05\/note-13666.webp","contentUrl":"https:\/\/www.p31noticias.com.br\/wp-content\/uploads\/2022\/05\/note-13666.webp","width":1280,"height":960},{"@type":"BreadcrumbList","@id":"https:\/\/www.p31noticias.com.br\/?p=26110#breadcrumb","itemListElement":[{"@type":"ListItem","position":1,"name":"In\u00edcio","item":"https:\/\/www.p31noticias.com.br\/"},{"@type":"ListItem","position":2,"name":"Senado aprova medida provis\u00f3ria que estabelece sal\u00e1rio m\u00ednimo em R$ 1.212."}]},{"@type":"WebSite","@id":"https:\/\/www.p31noticias.com.br\/#website","url":"https:\/\/www.p31noticias.com.br\/","name":"P31","description":"NOT\u00cdCIAS","potentialAction":[{"@type":"SearchAction","target":{"@type":"EntryPoint","urlTemplate":"https:\/\/www.p31noticias.com.br\/?s={search_term_string}"},"query-input":{"@type":"PropertyValueSpecification","valueRequired":true,"valueName":"search_term_string"}}],"inLanguage":"pt-BR"},{"@type":"Person","@id":"https:\/\/www.p31noticias.com.br\/#\/schema\/person\/95f2ece30e3b4132065b915150cd0f94","name":"Gon\u00e7alves Junior","image":{"@type":"ImageObject","inLanguage":"pt-BR","@id":"https:\/\/secure.gravatar.com\/avatar\/6711f350116a89762687a48d66f723c799e5438a5b7578508d4294cd7a5d0800?s=96&d=mm&r=g","url":"https:\/\/secure.gravatar.com\/avatar\/6711f350116a89762687a48d66f723c799e5438a5b7578508d4294cd7a5d0800?s=96&d=mm&r=g","contentUrl":"https:\/\/secure.gravatar.com\/avatar\/6711f350116a89762687a48d66f723c799e5438a5b7578508d4294cd7a5d0800?s=96&d=mm&r=g","caption":"Gon\u00e7alves Junior"},"url":"https:\/\/www.p31noticias.com.br\/?author=2"}]}},"amp_enabled":true,"_links":{"self":[{"href":"https:\/\/www.p31noticias.com.br\/index.php?rest_route=\/wp\/v2\/posts\/26110","targetHints":{"allow":["GET"]}}],"collection":[{"href":"https:\/\/www.p31noticias.com.br\/index.php?rest_route=\/wp\/v2\/posts"}],"about":[{"href":"https:\/\/www.p31noticias.com.br\/index.php?rest_route=\/wp\/v2\/types\/post"}],"author":[{"embeddable":true,"href":"https:\/\/www.p31noticias.com.br\/index.php?rest_route=\/wp\/v2\/users\/2"}],"replies":[{"embeddable":true,"href":"https:\/\/www.p31noticias.com.br\/index.php?rest_route=%2Fwp%2Fv2%2Fcomments&post=26110"}],"version-history":[{"count":1,"href":"https:\/\/www.p31noticias.com.br\/index.php?rest_route=\/wp\/v2\/posts\/26110\/revisions"}],"predecessor-version":[{"id":26112,"href":"https:\/\/www.p31noticias.com.br\/index.php?rest_route=\/wp\/v2\/posts\/26110\/revisions\/26112"}],"wp:featuredmedia":[{"embeddable":true,"href":"https:\/\/www.p31noticias.com.br\/index.php?rest_route=\/wp\/v2\/media\/26111"}],"wp:attachment":[{"href":"https:\/\/www.p31noticias.com.br\/index.php?rest_route=%2Fwp%2Fv2%2Fmedia&parent=26110"}],"wp:term":[{"taxonomy":"category","embeddable":true,"href":"https:\/\/www.p31noticias.com.br\/index.php?rest_route=%2Fwp%2Fv2%2Fcategories&post=26110"},{"taxonomy":"post_tag","embeddable":true,"href":"https:\/\/www.p31noticias.com.br\/index.php?rest_route=%2Fwp%2Fv2%2Ftags&post=26110"}],"curies":[{"name":"wp","href":"https:\/\/api.w.org\/{rel}","templated":true}]}}