{"id":26107,"date":"2022-05-27T21:30:55","date_gmt":"2022-05-28T00:30:55","guid":{"rendered":"https:\/\/p31noticias.com.br\/?p=26107"},"modified":"2022-05-27T21:30:55","modified_gmt":"2022-05-28T00:30:55","slug":"o-terceiro-setor-e-parte-importante-no-processo-de-entrega-da-politica-publica-de-assistencia-social","status":"publish","type":"post","link":"https:\/\/www.p31noticias.com.br\/?p=26107","title":{"rendered":"\u201cO terceiro setor \u00e9 parte importante no processo de entrega da Pol\u00edtica P\u00fablica de Assist\u00eancia Social\u201d"},"content":{"rendered":"<p style=\"text-align: justify;\">Em entrevista ao d\u2019Aguiar Podcast, a secret\u00e1ria Nacional Maria Yvel\u00f4nia destacou o papel fundamental das institui\u00e7\u00f5es da sociedade civil no atendimento \u00e0 popula\u00e7\u00e3o mais vulner\u00e1vel<\/p>\n<p>Uma das maiores refer\u00eancias para a Pol\u00edtica de Assist\u00eancia do pa\u00eds, a secret\u00e1ria nacional do Minist\u00e9rio da Cidadania, Maria Yvel\u00f4nia, destacou que o terceiro setor \u00e9 fundamental para a implementa\u00e7\u00e3o eficaz do atendimento socioassitencial da popula\u00e7\u00e3o vulner\u00e1vel brasileira. A gestora enfatizou essa import\u00e2ncia ao vivo durante entrevista ao d\u2019Aguiar Podcast desta semana, apresentado por Renata d\u2019Aguiar, no canal da R\u00e1dio Corredor, no Youtube.<\/p>\n<p>\u201cN\u00f3s vemos o terceiro setor como parte importante nesse processo de entrega dessa pol\u00edtica p\u00fablica ao cidad\u00e3o\u201d, disse Maria Yvel\u00f4nia ao ser questionada como o Estado avalia a atua\u00e7\u00e3o dessas institui\u00e7\u00f5es. \u201cEm meio \u00e0 pandemia, esse segmento foi fundamental para garantir o apoio aos entes federativos e a estrutura social\u201d, complementou a secret\u00e1ria.<\/p>\n<p>Ao longo do bate papo foi levantada a quest\u00e3o do assistencialismo. Renata D\u2019Aguiar fez quest\u00e3o de ressaltar que a pr\u00e1tica n\u00e3o cabe mais nos dias atuais. \u201cAssist\u00eancia social n\u00e3o \u00e9 favor, n\u00e3o \u00e9 benesse. Trata-se de um servi\u00e7o cont\u00ednuo com vistas \u00e0 garantia e defesa de direitos e ao protagonismo do cidad\u00e3o\u201d, enfatizou a pr\u00e9-candidata a deputada distrital.<\/p>\n<p>De acordo com Yvel\u00f4nia, hoje, est\u00e1 claro que o terceiro setor atua de forma a complementar as a\u00e7\u00f5es do Estado. \u201cA import\u00e2ncia dessas entidades \u00e9 tamanha que o Minist\u00e9rio da Cidadania tem uma diretoria respons\u00e1vel pela articula\u00e7\u00e3o entre Governo e institui\u00e7\u00f5es\u201d, explicou a gestora.<\/p>\n<p>A secret\u00e1ria finalizou sua fala destacando a necessidade de mais parlamentares que tratem de tem\u00e1ticas sociais. De acordo com ela, esses deputados quem v\u00e3o propor projetos de amplia\u00e7\u00e3o de benef\u00edcios, aumento nos valores, novos servi\u00e7os e demais atua\u00e7\u00f5es, principalmente, para a por\u00e7\u00e3o mais carente e necessitada da sociedade do DF.<\/p>\n<p>d\u2019Aguiar Podcast<br \/>\nSemanalmente, Renata d\u2019Aguiar entrevista uma personalidade relevante para o Distrito Federal, A conversa descontra\u00edda, mas s\u00e9ria, vai ao ar sempre \u00e0s quartas-feiras, a partir das 20 horas, pelo canal da R\u00e1dio Corredor no Youtube.<\/p>\n<p>Cerca de 1,5 mil j\u00e1 assistiram a alguma das tr\u00eas edi\u00e7\u00f5es que foram ao ar. Entre os temas j\u00e1 abordados est\u00e3o enfrentamento \u00e0 viol\u00eancia nas escolas do DF e empreendedorismo e estrat\u00e9gia de gera\u00e7\u00e3o de renda.<\/p>\n<p>Renata d\u201dAguiar \u00e9 pr\u00e9-candidata a deputada distrital. Al\u00e9m disso, a carioca radicada no DF h\u00e1 mais de 10 anos \u00e9 mestre em economista e servidora federal de carreira. Em 2017 fundou o Reciclando o Futuro, instituto que atua diretamente na assist\u00eancia social a p\u00fablicos vulner\u00e1veis, como catadores de materiais recicl\u00e1veis, mulheres v\u00edtimas das mais diversas viol\u00eancia e crian\u00e7as carentes.<\/p>\n<p style=\"text-align: justify;\">Da Reda\u00e7\u00e3o.<\/p>\n","protected":false},"excerpt":{"rendered":"<p>Em entrevista ao d\u2019Aguiar Podcast, a secret\u00e1ria Nacional Maria Yvel\u00f4nia destacou o papel fundamental das institui\u00e7\u00f5es da sociedade civil no atendimento \u00e0 popula\u00e7\u00e3o mais vulner\u00e1vel Uma das maiores refer\u00eancias para a Pol\u00edtica de Assist\u00eancia do pa\u00eds, a secret\u00e1ria nacional do Minist\u00e9rio da Cidadania, Maria Yvel\u00f4nia, destacou que o terceiro setor \u00e9 fundamental para a implementa\u00e7\u00e3o [&hellip;]<\/p>\n","protected":false},"author":2,"featured_media":26108,"comment_status":"open","ping_status":"open","sticky":false,"template":"","format":"standard","meta":{"footnotes":""},"categories":[1],"tags":[],"class_list":{"0":"post-26107","1":"post","2":"type-post","3":"status-publish","4":"format-standard","5":"has-post-thumbnail","7":"category-outros"},"yoast_head":"<!-- This site is optimized with the Yoast SEO Premium plugin v24.5 (Yoast SEO v27.5) - https:\/\/yoast.com\/product\/yoast-seo-premium-wordpress\/ -->\n<title>\u201cO terceiro setor \u00e9 parte importante no processo de entrega da Pol\u00edtica P\u00fablica de Assist\u00eancia Social\u201d - P31<\/title>\n<meta name=\"robots\" content=\"index, follow, max-snippet:-1, max-image-preview:large, max-video-preview:-1\" \/>\n<link rel=\"canonical\" href=\"https:\/\/www.p31noticias.com.br\/?p=26107\" \/>\n<meta property=\"og:locale\" content=\"pt_BR\" \/>\n<meta property=\"og:type\" content=\"article\" \/>\n<meta property=\"og:title\" content=\"\u201cO terceiro setor \u00e9 parte importante no processo de entrega da Pol\u00edtica P\u00fablica de Assist\u00eancia Social\u201d\" \/>\n<meta property=\"og:description\" content=\"Em entrevista ao d\u2019Aguiar Podcast, a secret\u00e1ria Nacional Maria Yvel\u00f4nia destacou o papel fundamental das institui\u00e7\u00f5es da sociedade civil no atendimento \u00e0 popula\u00e7\u00e3o mais vulner\u00e1vel Uma das maiores refer\u00eancias para a Pol\u00edtica de Assist\u00eancia do pa\u00eds, a secret\u00e1ria nacional do Minist\u00e9rio da Cidadania, Maria Yvel\u00f4nia, destacou que o terceiro setor \u00e9 fundamental para a implementa\u00e7\u00e3o [&hellip;]\" \/>\n<meta property=\"og:url\" content=\"https:\/\/www.p31noticias.com.br\/?p=26107\" \/>\n<meta property=\"og:site_name\" content=\"P31\" \/>\n<meta property=\"article:published_time\" content=\"2022-05-28T00:30:55+00:00\" \/>\n<meta property=\"og:image\" content=\"https:\/\/www.p31noticias.com.br\/wp-content\/uploads\/2022\/05\/unnamed-2.jpg\" \/>\n\t<meta property=\"og:image:width\" content=\"1600\" \/>\n\t<meta property=\"og:image:height\" content=\"1200\" \/>\n\t<meta property=\"og:image:type\" content=\"image\/jpeg\" \/>\n<meta name=\"author\" content=\"Gon\u00e7alves Junior\" \/>\n<meta name=\"twitter:card\" content=\"summary_large_image\" \/>\n<meta name=\"twitter:label1\" content=\"Escrito por\" \/>\n\t<meta name=\"twitter:data1\" content=\"Gon\u00e7alves Junior\" \/>\n\t<meta name=\"twitter:label2\" content=\"Est. tempo de leitura\" \/>\n\t<meta name=\"twitter:data2\" content=\"2 minutos\" \/>\n<script type=\"application\/ld+json\" class=\"yoast-schema-graph\">{\"@context\":\"https:\\\/\\\/schema.org\",\"@graph\":[{\"@type\":\"Article\",\"@id\":\"https:\\\/\\\/www.p31noticias.com.br\\\/?p=26107#article\",\"isPartOf\":{\"@id\":\"https:\\\/\\\/www.p31noticias.com.br\\\/?p=26107\"},\"author\":{\"name\":\"Gon\u00e7alves Junior\",\"@id\":\"https:\\\/\\\/www.p31noticias.com.br\\\/#\\\/schema\\\/person\\\/95f2ece30e3b4132065b915150cd0f94\"},\"headline\":\"\u201cO terceiro setor \u00e9 parte importante no processo de entrega da Pol\u00edtica P\u00fablica de Assist\u00eancia Social\u201d\",\"datePublished\":\"2022-05-28T00:30:55+00:00\",\"mainEntityOfPage\":{\"@id\":\"https:\\\/\\\/www.p31noticias.com.br\\\/?p=26107\"},\"wordCount\":507,\"commentCount\":0,\"image\":{\"@id\":\"https:\\\/\\\/www.p31noticias.com.br\\\/?p=26107#primaryimage\"},\"thumbnailUrl\":\"https:\\\/\\\/www.p31noticias.com.br\\\/wp-content\\\/uploads\\\/2022\\\/05\\\/unnamed-2.jpg\",\"articleSection\":[\"Outros\"],\"inLanguage\":\"pt-BR\",\"potentialAction\":[{\"@type\":\"CommentAction\",\"name\":\"Comment\",\"target\":[\"https:\\\/\\\/www.p31noticias.com.br\\\/?p=26107#respond\"]}],\"copyrightYear\":\"2022\",\"copyrightHolder\":{\"@id\":\"https:\\\/\\\/www.p31noticias.com.br\\\/#organization\"}},{\"@type\":\"WebPage\",\"@id\":\"https:\\\/\\\/www.p31noticias.com.br\\\/?p=26107\",\"url\":\"https:\\\/\\\/www.p31noticias.com.br\\\/?p=26107\",\"name\":\"\u201cO terceiro setor \u00e9 parte importante no processo de entrega da Pol\u00edtica P\u00fablica de Assist\u00eancia Social\u201d - P31\",\"isPartOf\":{\"@id\":\"https:\\\/\\\/www.p31noticias.com.br\\\/#website\"},\"primaryImageOfPage\":{\"@id\":\"https:\\\/\\\/www.p31noticias.com.br\\\/?p=26107#primaryimage\"},\"image\":{\"@id\":\"https:\\\/\\\/www.p31noticias.com.br\\\/?p=26107#primaryimage\"},\"thumbnailUrl\":\"https:\\\/\\\/www.p31noticias.com.br\\\/wp-content\\\/uploads\\\/2022\\\/05\\\/unnamed-2.jpg\",\"datePublished\":\"2022-05-28T00:30:55+00:00\",\"author\":{\"@id\":\"https:\\\/\\\/www.p31noticias.com.br\\\/#\\\/schema\\\/person\\\/95f2ece30e3b4132065b915150cd0f94\"},\"breadcrumb\":{\"@id\":\"https:\\\/\\\/www.p31noticias.com.br\\\/?p=26107#breadcrumb\"},\"inLanguage\":\"pt-BR\",\"potentialAction\":[{\"@type\":\"ReadAction\",\"target\":[\"https:\\\/\\\/www.p31noticias.com.br\\\/?p=26107\"]}]},{\"@type\":\"ImageObject\",\"inLanguage\":\"pt-BR\",\"@id\":\"https:\\\/\\\/www.p31noticias.com.br\\\/?p=26107#primaryimage\",\"url\":\"https:\\\/\\\/www.p31noticias.com.br\\\/wp-content\\\/uploads\\\/2022\\\/05\\\/unnamed-2.jpg\",\"contentUrl\":\"https:\\\/\\\/www.p31noticias.com.br\\\/wp-content\\\/uploads\\\/2022\\\/05\\\/unnamed-2.jpg\",\"width\":1600,\"height\":1200},{\"@type\":\"BreadcrumbList\",\"@id\":\"https:\\\/\\\/www.p31noticias.com.br\\\/?p=26107#breadcrumb\",\"itemListElement\":[{\"@type\":\"ListItem\",\"position\":1,\"name\":\"In\u00edcio\",\"item\":\"https:\\\/\\\/www.p31noticias.com.br\\\/\"},{\"@type\":\"ListItem\",\"position\":2,\"name\":\"\u201cO terceiro setor \u00e9 parte importante no processo de entrega da Pol\u00edtica P\u00fablica de Assist\u00eancia Social\u201d\"}]},{\"@type\":\"WebSite\",\"@id\":\"https:\\\/\\\/www.p31noticias.com.br\\\/#website\",\"url\":\"https:\\\/\\\/www.p31noticias.com.br\\\/\",\"name\":\"P31\",\"description\":\"NOT\u00cdCIAS\",\"potentialAction\":[{\"@type\":\"SearchAction\",\"target\":{\"@type\":\"EntryPoint\",\"urlTemplate\":\"https:\\\/\\\/www.p31noticias.com.br\\\/?s={search_term_string}\"},\"query-input\":{\"@type\":\"PropertyValueSpecification\",\"valueRequired\":true,\"valueName\":\"search_term_string\"}}],\"inLanguage\":\"pt-BR\"},{\"@type\":\"Person\",\"@id\":\"https:\\\/\\\/www.p31noticias.com.br\\\/#\\\/schema\\\/person\\\/95f2ece30e3b4132065b915150cd0f94\",\"name\":\"Gon\u00e7alves Junior\",\"image\":{\"@type\":\"ImageObject\",\"inLanguage\":\"pt-BR\",\"@id\":\"https:\\\/\\\/secure.gravatar.com\\\/avatar\\\/6711f350116a89762687a48d66f723c799e5438a5b7578508d4294cd7a5d0800?s=96&d=mm&r=g\",\"url\":\"https:\\\/\\\/secure.gravatar.com\\\/avatar\\\/6711f350116a89762687a48d66f723c799e5438a5b7578508d4294cd7a5d0800?s=96&d=mm&r=g\",\"contentUrl\":\"https:\\\/\\\/secure.gravatar.com\\\/avatar\\\/6711f350116a89762687a48d66f723c799e5438a5b7578508d4294cd7a5d0800?s=96&d=mm&r=g\",\"caption\":\"Gon\u00e7alves Junior\"},\"url\":\"https:\\\/\\\/www.p31noticias.com.br\\\/?author=2\"}]}<\/script>\n<!-- \/ Yoast SEO Premium plugin. -->","yoast_head_json":{"title":"\u201cO terceiro setor \u00e9 parte importante no processo de entrega da Pol\u00edtica P\u00fablica de Assist\u00eancia Social\u201d - P31","robots":{"index":"index","follow":"follow","max-snippet":"max-snippet:-1","max-image-preview":"max-image-preview:large","max-video-preview":"max-video-preview:-1"},"canonical":"https:\/\/www.p31noticias.com.br\/?p=26107","og_locale":"pt_BR","og_type":"article","og_title":"\u201cO terceiro setor \u00e9 parte importante no processo de entrega da Pol\u00edtica P\u00fablica de Assist\u00eancia Social\u201d","og_description":"Em entrevista ao d\u2019Aguiar Podcast, a secret\u00e1ria Nacional Maria Yvel\u00f4nia destacou o papel fundamental das institui\u00e7\u00f5es da sociedade civil no atendimento \u00e0 popula\u00e7\u00e3o mais vulner\u00e1vel Uma das maiores refer\u00eancias para a Pol\u00edtica de Assist\u00eancia do pa\u00eds, a secret\u00e1ria nacional do Minist\u00e9rio da Cidadania, Maria Yvel\u00f4nia, destacou que o terceiro setor \u00e9 fundamental para a implementa\u00e7\u00e3o [&hellip;]","og_url":"https:\/\/www.p31noticias.com.br\/?p=26107","og_site_name":"P31","article_published_time":"2022-05-28T00:30:55+00:00","og_image":[{"width":1600,"height":1200,"url":"https:\/\/www.p31noticias.com.br\/wp-content\/uploads\/2022\/05\/unnamed-2.jpg","type":"image\/jpeg"}],"author":"Gon\u00e7alves Junior","twitter_card":"summary_large_image","twitter_misc":{"Escrito por":"Gon\u00e7alves Junior","Est. tempo de leitura":"2 minutos"},"schema":{"@context":"https:\/\/schema.org","@graph":[{"@type":"Article","@id":"https:\/\/www.p31noticias.com.br\/?p=26107#article","isPartOf":{"@id":"https:\/\/www.p31noticias.com.br\/?p=26107"},"author":{"name":"Gon\u00e7alves Junior","@id":"https:\/\/www.p31noticias.com.br\/#\/schema\/person\/95f2ece30e3b4132065b915150cd0f94"},"headline":"\u201cO terceiro setor \u00e9 parte importante no processo de entrega da Pol\u00edtica P\u00fablica de Assist\u00eancia Social\u201d","datePublished":"2022-05-28T00:30:55+00:00","mainEntityOfPage":{"@id":"https:\/\/www.p31noticias.com.br\/?p=26107"},"wordCount":507,"commentCount":0,"image":{"@id":"https:\/\/www.p31noticias.com.br\/?p=26107#primaryimage"},"thumbnailUrl":"https:\/\/www.p31noticias.com.br\/wp-content\/uploads\/2022\/05\/unnamed-2.jpg","articleSection":["Outros"],"inLanguage":"pt-BR","potentialAction":[{"@type":"CommentAction","name":"Comment","target":["https:\/\/www.p31noticias.com.br\/?p=26107#respond"]}],"copyrightYear":"2022","copyrightHolder":{"@id":"https:\/\/www.p31noticias.com.br\/#organization"}},{"@type":"WebPage","@id":"https:\/\/www.p31noticias.com.br\/?p=26107","url":"https:\/\/www.p31noticias.com.br\/?p=26107","name":"\u201cO terceiro setor \u00e9 parte importante no processo de entrega da Pol\u00edtica P\u00fablica de Assist\u00eancia Social\u201d - P31","isPartOf":{"@id":"https:\/\/www.p31noticias.com.br\/#website"},"primaryImageOfPage":{"@id":"https:\/\/www.p31noticias.com.br\/?p=26107#primaryimage"},"image":{"@id":"https:\/\/www.p31noticias.com.br\/?p=26107#primaryimage"},"thumbnailUrl":"https:\/\/www.p31noticias.com.br\/wp-content\/uploads\/2022\/05\/unnamed-2.jpg","datePublished":"2022-05-28T00:30:55+00:00","author":{"@id":"https:\/\/www.p31noticias.com.br\/#\/schema\/person\/95f2ece30e3b4132065b915150cd0f94"},"breadcrumb":{"@id":"https:\/\/www.p31noticias.com.br\/?p=26107#breadcrumb"},"inLanguage":"pt-BR","potentialAction":[{"@type":"ReadAction","target":["https:\/\/www.p31noticias.com.br\/?p=26107"]}]},{"@type":"ImageObject","inLanguage":"pt-BR","@id":"https:\/\/www.p31noticias.com.br\/?p=26107#primaryimage","url":"https:\/\/www.p31noticias.com.br\/wp-content\/uploads\/2022\/05\/unnamed-2.jpg","contentUrl":"https:\/\/www.p31noticias.com.br\/wp-content\/uploads\/2022\/05\/unnamed-2.jpg","width":1600,"height":1200},{"@type":"BreadcrumbList","@id":"https:\/\/www.p31noticias.com.br\/?p=26107#breadcrumb","itemListElement":[{"@type":"ListItem","position":1,"name":"In\u00edcio","item":"https:\/\/www.p31noticias.com.br\/"},{"@type":"ListItem","position":2,"name":"\u201cO terceiro setor \u00e9 parte importante no processo de entrega da Pol\u00edtica P\u00fablica de Assist\u00eancia Social\u201d"}]},{"@type":"WebSite","@id":"https:\/\/www.p31noticias.com.br\/#website","url":"https:\/\/www.p31noticias.com.br\/","name":"P31","description":"NOT\u00cdCIAS","potentialAction":[{"@type":"SearchAction","target":{"@type":"EntryPoint","urlTemplate":"https:\/\/www.p31noticias.com.br\/?s={search_term_string}"},"query-input":{"@type":"PropertyValueSpecification","valueRequired":true,"valueName":"search_term_string"}}],"inLanguage":"pt-BR"},{"@type":"Person","@id":"https:\/\/www.p31noticias.com.br\/#\/schema\/person\/95f2ece30e3b4132065b915150cd0f94","name":"Gon\u00e7alves Junior","image":{"@type":"ImageObject","inLanguage":"pt-BR","@id":"https:\/\/secure.gravatar.com\/avatar\/6711f350116a89762687a48d66f723c799e5438a5b7578508d4294cd7a5d0800?s=96&d=mm&r=g","url":"https:\/\/secure.gravatar.com\/avatar\/6711f350116a89762687a48d66f723c799e5438a5b7578508d4294cd7a5d0800?s=96&d=mm&r=g","contentUrl":"https:\/\/secure.gravatar.com\/avatar\/6711f350116a89762687a48d66f723c799e5438a5b7578508d4294cd7a5d0800?s=96&d=mm&r=g","caption":"Gon\u00e7alves Junior"},"url":"https:\/\/www.p31noticias.com.br\/?author=2"}]}},"amp_enabled":true,"_links":{"self":[{"href":"https:\/\/www.p31noticias.com.br\/index.php?rest_route=\/wp\/v2\/posts\/26107","targetHints":{"allow":["GET"]}}],"collection":[{"href":"https:\/\/www.p31noticias.com.br\/index.php?rest_route=\/wp\/v2\/posts"}],"about":[{"href":"https:\/\/www.p31noticias.com.br\/index.php?rest_route=\/wp\/v2\/types\/post"}],"author":[{"embeddable":true,"href":"https:\/\/www.p31noticias.com.br\/index.php?rest_route=\/wp\/v2\/users\/2"}],"replies":[{"embeddable":true,"href":"https:\/\/www.p31noticias.com.br\/index.php?rest_route=%2Fwp%2Fv2%2Fcomments&post=26107"}],"version-history":[{"count":1,"href":"https:\/\/www.p31noticias.com.br\/index.php?rest_route=\/wp\/v2\/posts\/26107\/revisions"}],"predecessor-version":[{"id":26109,"href":"https:\/\/www.p31noticias.com.br\/index.php?rest_route=\/wp\/v2\/posts\/26107\/revisions\/26109"}],"wp:featuredmedia":[{"embeddable":true,"href":"https:\/\/www.p31noticias.com.br\/index.php?rest_route=\/wp\/v2\/media\/26108"}],"wp:attachment":[{"href":"https:\/\/www.p31noticias.com.br\/index.php?rest_route=%2Fwp%2Fv2%2Fmedia&parent=26107"}],"wp:term":[{"taxonomy":"category","embeddable":true,"href":"https:\/\/www.p31noticias.com.br\/index.php?rest_route=%2Fwp%2Fv2%2Fcategories&post=26107"},{"taxonomy":"post_tag","embeddable":true,"href":"https:\/\/www.p31noticias.com.br\/index.php?rest_route=%2Fwp%2Fv2%2Ftags&post=26107"}],"curies":[{"name":"wp","href":"https:\/\/api.w.org\/{rel}","templated":true}]}}