{"id":26099,"date":"2022-05-24T13:26:01","date_gmt":"2022-05-24T16:26:01","guid":{"rendered":"https:\/\/p31noticias.com.br\/?p=26099"},"modified":"2022-05-24T13:26:01","modified_gmt":"2022-05-24T16:26:01","slug":"conheca-caio-paes-indicado-para-comandar-a-petrobras","status":"publish","type":"post","link":"https:\/\/www.p31noticias.com.br\/?p=26099","title":{"rendered":"Conhe\u00e7a Caio Paes, indicado para comandar a Petrobras"},"content":{"rendered":"<p>Nesta segunda-feira (23), o governo\u00a0anunciou uma nova troca na presid\u00eancia da Petrobras. O nome indicado para assumir o cargo \u00e9 Caio M\u00e1rio Paes de Andrade. Ele substitui Jos\u00e9 Mauro Ferreira Coelho, indicado em 6 abril. Caio Paes de Andrade tem forma\u00e7\u00e3o em Comunica\u00e7\u00e3o Social pela Universidade Paulista, p\u00f3s-gradua\u00e7\u00e3o em Administra\u00e7\u00e3o e Gest\u00e3o pela Harvard University e Mestre em Administra\u00e7\u00e3o de Empresas pela Duke University.<\/p>\n<p>O executivo vem da Secretaria Especial de Desburocratiza\u00e7\u00e3o, Gest\u00e3o e Governo Digital do Minist\u00e9rio da Economia, onde \u00e9 respons\u00e1vel pela plataforma Gov.br. Em 2019 passou da iniciativa privada para a p\u00fablica, onde atuou como presidente do Serpro (Servi\u00e7o Federal de Processamento de Dados), empresa p\u00fablica de presta\u00e7\u00e3o de servi\u00e7os de Tecnologia da Informa\u00e7\u00e3o, at\u00e9 agosto de 2020,\u00a0quando foi para a secretaria do Minist\u00e9rio.<\/p>\n<p>Andrade tamb\u00e9m \u00e9 membro do Conselho de Administra\u00e7\u00e3o da Embrapa e da PPSA (Pr\u00e9-Sal Petr\u00f3leo S.A).<\/p>\n<aside class=\"read__too\">\n<ul class=\"read__list\">\n<li class=\"read__item\">\u00a0 <a title=\"Arrecada\u00e7\u00e3o do ICMS dos estados sobre combust\u00edvel e energia corresponde a 30%\" href=\"https:\/\/www.cnnbrasil.com.br\/business\/arrecadacao-do-icms-dos-estados-sobre-combustivel-e-energia-corresponde-a-30\/\"><picture><source srcset=\"https:\/\/www.cnnbrasil.com.br\/wp-content\/uploads\/sites\/12\/2021\/10\/2021-10-08T222300Z_1_LYNXMPEH9715G_RTROPTP_4_GLOBAL-OIL.jpg?w=300\" media=\"(max-width: 991px)\" \/><source srcset=\"https:\/\/www.cnnbrasil.com.br\/wp-content\/uploads\/sites\/12\/2021\/10\/2021-10-08T222300Z_1_LYNXMPEH9715G_RTROPTP_4_GLOBAL-OIL.jpg?w=300\" media=\"(min-width: 992px)\" \/><img title=\"Arrecada\u00e7\u00e3o do ICMS dos estados sobre combust\u00edvel e energia corresponde a 30%\" alt=\"Arrecada\u00e7\u00e3o do ICMS dos estados sobre combust\u00edvel e energia corresponde a 30%\" data-src=\"https:\/\/www.cnnbrasil.com.br\/wp-content\/uploads\/sites\/12\/2021\/10\/2021-10-08T222300Z_1_LYNXMPEH9715G_RTROPTP_4_GLOBAL-OIL.jpg?w=300\" \/><\/picture><\/a><\/li>\n<li class=\"read__item\"><a title=\"Pre\u00e7o m\u00e9dio do \u00f3leo diesel chega a R$ 6,93 e atinge recorde, diz ANP\" href=\"https:\/\/www.cnnbrasil.com.br\/business\/preco-medio-do-oleo-diesel-chega-a-r-693-e-atinge-recorde-diz-anp\/\"><picture><source srcset=\"https:\/\/www.cnnbrasil.com.br\/wp-content\/uploads\/sites\/12\/Reuters_Direct_Media\/BrazilOnlineReportBusinessNews\/tagreuters.com2022binary_LYNXMPEI0O10L-FILEDIMAGE.jpg?w=300\" media=\"(max-width: 991px)\" \/><source srcset=\"https:\/\/www.cnnbrasil.com.br\/wp-content\/uploads\/sites\/12\/Reuters_Direct_Media\/BrazilOnlineReportBusinessNews\/tagreuters.com2022binary_LYNXMPEI0O10L-FILEDIMAGE.jpg?w=300\" media=\"(min-width: 992px)\" \/><img class=\"alignleft\" title=\"Pre\u00e7o m\u00e9dio do \u00f3leo diesel chega a R$ 6,93 e atinge recorde, diz ANP\" alt=\"Pre\u00e7o m\u00e9dio do \u00f3leo diesel chega a R$ 6,93 e atinge recorde, diz ANP\" data-src=\"https:\/\/www.cnnbrasil.com.br\/wp-content\/uploads\/sites\/12\/Reuters_Direct_Media\/BrazilOnlineReportBusinessNews\/tagreuters.com2022binary_LYNXMPEI0O10L-FILEDIMAGE.jpg?w=300\" \/><\/picture><\/a><br \/>\n<h3 class=\"read__paragraph\"><\/h3>\n<\/li>\n<\/ul>\n<\/aside>\n","protected":false},"excerpt":{"rendered":"<p>Nesta segunda-feira (23), o governo\u00a0anunciou uma nova troca na presid\u00eancia da Petrobras. O nome indicado para assumir o cargo \u00e9 Caio M\u00e1rio Paes de Andrade. Ele substitui Jos\u00e9 Mauro Ferreira Coelho, indicado em 6 abril. Caio Paes de Andrade tem forma\u00e7\u00e3o em Comunica\u00e7\u00e3o Social pela Universidade Paulista, p\u00f3s-gradua\u00e7\u00e3o em Administra\u00e7\u00e3o e Gest\u00e3o pela Harvard University [&hellip;]<\/p>\n","protected":false},"author":18,"featured_media":26100,"comment_status":"open","ping_status":"open","sticky":false,"template":"","format":"standard","meta":{"footnotes":""},"categories":[68,637,57],"tags":[735,738,439],"class_list":{"0":"post-26099","1":"post","2":"type-post","3":"status-publish","4":"format-standard","5":"has-post-thumbnail","7":"category-brasil","8":"category-economia","9":"category-politica","10":"tag-economia","11":"tag-petrobras","12":"tag-politica"},"yoast_head":"<!-- This site is optimized with the Yoast SEO Premium plugin v24.5 (Yoast SEO v27.5) - https:\/\/yoast.com\/product\/yoast-seo-premium-wordpress\/ -->\n<title>Conhe\u00e7a Caio Paes, indicado para comandar a Petrobras - P31<\/title>\n<meta name=\"robots\" content=\"index, follow, max-snippet:-1, max-image-preview:large, max-video-preview:-1\" \/>\n<link rel=\"canonical\" href=\"https:\/\/www.p31noticias.com.br\/?p=26099\" \/>\n<meta property=\"og:locale\" content=\"pt_BR\" \/>\n<meta property=\"og:type\" content=\"article\" \/>\n<meta property=\"og:title\" content=\"Conhe\u00e7a Caio Paes, indicado para comandar a Petrobras\" \/>\n<meta property=\"og:description\" content=\"Nesta segunda-feira (23), o governo\u00a0anunciou uma nova troca na presid\u00eancia da Petrobras. O nome indicado para assumir o cargo \u00e9 Caio M\u00e1rio Paes de Andrade. Ele substitui Jos\u00e9 Mauro Ferreira Coelho, indicado em 6 abril. Caio Paes de Andrade tem forma\u00e7\u00e3o em Comunica\u00e7\u00e3o Social pela Universidade Paulista, p\u00f3s-gradua\u00e7\u00e3o em Administra\u00e7\u00e3o e Gest\u00e3o pela Harvard University [&hellip;]\" \/>\n<meta property=\"og:url\" content=\"https:\/\/www.p31noticias.com.br\/?p=26099\" \/>\n<meta property=\"og:site_name\" content=\"P31\" \/>\n<meta property=\"article:published_time\" content=\"2022-05-24T16:26:01+00:00\" \/>\n<meta property=\"og:image\" content=\"https:\/\/www.p31noticias.com.br\/wp-content\/uploads\/2022\/05\/caiopaes.png\" \/>\n\t<meta property=\"og:image:width\" content=\"1096\" \/>\n\t<meta property=\"og:image:height\" content=\"611\" \/>\n\t<meta property=\"og:image:type\" content=\"image\/png\" \/>\n<meta name=\"author\" content=\"Reda\u00e7\u00e3o JBN\" \/>\n<meta name=\"twitter:card\" content=\"summary_large_image\" \/>\n<meta name=\"twitter:label1\" content=\"Escrito por\" \/>\n\t<meta name=\"twitter:data1\" content=\"Reda\u00e7\u00e3o JBN\" \/>\n\t<meta name=\"twitter:label2\" content=\"Est. tempo de leitura\" \/>\n\t<meta name=\"twitter:data2\" content=\"1 minuto\" \/>\n<script type=\"application\/ld+json\" class=\"yoast-schema-graph\">{\"@context\":\"https:\\\/\\\/schema.org\",\"@graph\":[{\"@type\":\"Article\",\"@id\":\"https:\\\/\\\/www.p31noticias.com.br\\\/?p=26099#article\",\"isPartOf\":{\"@id\":\"https:\\\/\\\/www.p31noticias.com.br\\\/?p=26099\"},\"author\":{\"name\":\"Reda\u00e7\u00e3o JBN\",\"@id\":\"https:\\\/\\\/www.p31noticias.com.br\\\/#\\\/schema\\\/person\\\/77d6b186c710ac38937c6ec204fdd387\"},\"headline\":\"Conhe\u00e7a Caio Paes, indicado para comandar a Petrobras\",\"datePublished\":\"2022-05-24T16:26:01+00:00\",\"mainEntityOfPage\":{\"@id\":\"https:\\\/\\\/www.p31noticias.com.br\\\/?p=26099\"},\"wordCount\":173,\"commentCount\":0,\"image\":{\"@id\":\"https:\\\/\\\/www.p31noticias.com.br\\\/?p=26099#primaryimage\"},\"thumbnailUrl\":\"https:\\\/\\\/www.p31noticias.com.br\\\/wp-content\\\/uploads\\\/2022\\\/05\\\/caiopaes.png\",\"keywords\":[\"economia\",\"petrobras\",\"pol\u00edtica\"],\"articleSection\":[\"Brasil\",\"Economia\",\"Pol\u00edtica\"],\"inLanguage\":\"pt-BR\",\"potentialAction\":[{\"@type\":\"CommentAction\",\"name\":\"Comment\",\"target\":[\"https:\\\/\\\/www.p31noticias.com.br\\\/?p=26099#respond\"]}],\"copyrightYear\":\"2022\",\"copyrightHolder\":{\"@id\":\"https:\\\/\\\/www.p31noticias.com.br\\\/#organization\"}},{\"@type\":\"WebPage\",\"@id\":\"https:\\\/\\\/www.p31noticias.com.br\\\/?p=26099\",\"url\":\"https:\\\/\\\/www.p31noticias.com.br\\\/?p=26099\",\"name\":\"Conhe\u00e7a Caio Paes, indicado para comandar a Petrobras - P31\",\"isPartOf\":{\"@id\":\"https:\\\/\\\/www.p31noticias.com.br\\\/#website\"},\"primaryImageOfPage\":{\"@id\":\"https:\\\/\\\/www.p31noticias.com.br\\\/?p=26099#primaryimage\"},\"image\":{\"@id\":\"https:\\\/\\\/www.p31noticias.com.br\\\/?p=26099#primaryimage\"},\"thumbnailUrl\":\"https:\\\/\\\/www.p31noticias.com.br\\\/wp-content\\\/uploads\\\/2022\\\/05\\\/caiopaes.png\",\"datePublished\":\"2022-05-24T16:26:01+00:00\",\"author\":{\"@id\":\"https:\\\/\\\/www.p31noticias.com.br\\\/#\\\/schema\\\/person\\\/77d6b186c710ac38937c6ec204fdd387\"},\"breadcrumb\":{\"@id\":\"https:\\\/\\\/www.p31noticias.com.br\\\/?p=26099#breadcrumb\"},\"inLanguage\":\"pt-BR\",\"potentialAction\":[{\"@type\":\"ReadAction\",\"target\":[\"https:\\\/\\\/www.p31noticias.com.br\\\/?p=26099\"]}]},{\"@type\":\"ImageObject\",\"inLanguage\":\"pt-BR\",\"@id\":\"https:\\\/\\\/www.p31noticias.com.br\\\/?p=26099#primaryimage\",\"url\":\"https:\\\/\\\/www.p31noticias.com.br\\\/wp-content\\\/uploads\\\/2022\\\/05\\\/caiopaes.png\",\"contentUrl\":\"https:\\\/\\\/www.p31noticias.com.br\\\/wp-content\\\/uploads\\\/2022\\\/05\\\/caiopaes.png\",\"width\":1096,\"height\":611},{\"@type\":\"BreadcrumbList\",\"@id\":\"https:\\\/\\\/www.p31noticias.com.br\\\/?p=26099#breadcrumb\",\"itemListElement\":[{\"@type\":\"ListItem\",\"position\":1,\"name\":\"In\u00edcio\",\"item\":\"https:\\\/\\\/www.p31noticias.com.br\\\/\"},{\"@type\":\"ListItem\",\"position\":2,\"name\":\"Conhe\u00e7a Caio Paes, indicado para comandar a Petrobras\"}]},{\"@type\":\"WebSite\",\"@id\":\"https:\\\/\\\/www.p31noticias.com.br\\\/#website\",\"url\":\"https:\\\/\\\/www.p31noticias.com.br\\\/\",\"name\":\"P31\",\"description\":\"NOT\u00cdCIAS\",\"potentialAction\":[{\"@type\":\"SearchAction\",\"target\":{\"@type\":\"EntryPoint\",\"urlTemplate\":\"https:\\\/\\\/www.p31noticias.com.br\\\/?s={search_term_string}\"},\"query-input\":{\"@type\":\"PropertyValueSpecification\",\"valueRequired\":true,\"valueName\":\"search_term_string\"}}],\"inLanguage\":\"pt-BR\"},{\"@type\":\"Person\",\"@id\":\"https:\\\/\\\/www.p31noticias.com.br\\\/#\\\/schema\\\/person\\\/77d6b186c710ac38937c6ec204fdd387\",\"name\":\"Reda\u00e7\u00e3o JBN\",\"image\":{\"@type\":\"ImageObject\",\"inLanguage\":\"pt-BR\",\"@id\":\"https:\\\/\\\/secure.gravatar.com\\\/avatar\\\/10fcdb93211f98cce3d64c0795b0915a9a4a21dc0f279238995a3dbfafcad090?s=96&d=mm&r=g\",\"url\":\"https:\\\/\\\/secure.gravatar.com\\\/avatar\\\/10fcdb93211f98cce3d64c0795b0915a9a4a21dc0f279238995a3dbfafcad090?s=96&d=mm&r=g\",\"contentUrl\":\"https:\\\/\\\/secure.gravatar.com\\\/avatar\\\/10fcdb93211f98cce3d64c0795b0915a9a4a21dc0f279238995a3dbfafcad090?s=96&d=mm&r=g\",\"caption\":\"Reda\u00e7\u00e3o JBN\"},\"sameAs\":[\"https:\\\/\\\/p31noticias.com.br\"],\"url\":\"https:\\\/\\\/www.p31noticias.com.br\\\/?author=18\"}]}<\/script>\n<!-- \/ Yoast SEO Premium plugin. -->","yoast_head_json":{"title":"Conhe\u00e7a Caio Paes, indicado para comandar a Petrobras - P31","robots":{"index":"index","follow":"follow","max-snippet":"max-snippet:-1","max-image-preview":"max-image-preview:large","max-video-preview":"max-video-preview:-1"},"canonical":"https:\/\/www.p31noticias.com.br\/?p=26099","og_locale":"pt_BR","og_type":"article","og_title":"Conhe\u00e7a Caio Paes, indicado para comandar a Petrobras","og_description":"Nesta segunda-feira (23), o governo\u00a0anunciou uma nova troca na presid\u00eancia da Petrobras. O nome indicado para assumir o cargo \u00e9 Caio M\u00e1rio Paes de Andrade. Ele substitui Jos\u00e9 Mauro Ferreira Coelho, indicado em 6 abril. Caio Paes de Andrade tem forma\u00e7\u00e3o em Comunica\u00e7\u00e3o Social pela Universidade Paulista, p\u00f3s-gradua\u00e7\u00e3o em Administra\u00e7\u00e3o e Gest\u00e3o pela Harvard University [&hellip;]","og_url":"https:\/\/www.p31noticias.com.br\/?p=26099","og_site_name":"P31","article_published_time":"2022-05-24T16:26:01+00:00","og_image":[{"width":1096,"height":611,"url":"https:\/\/www.p31noticias.com.br\/wp-content\/uploads\/2022\/05\/caiopaes.png","type":"image\/png"}],"author":"Reda\u00e7\u00e3o JBN","twitter_card":"summary_large_image","twitter_misc":{"Escrito por":"Reda\u00e7\u00e3o JBN","Est. tempo de leitura":"1 minuto"},"schema":{"@context":"https:\/\/schema.org","@graph":[{"@type":"Article","@id":"https:\/\/www.p31noticias.com.br\/?p=26099#article","isPartOf":{"@id":"https:\/\/www.p31noticias.com.br\/?p=26099"},"author":{"name":"Reda\u00e7\u00e3o JBN","@id":"https:\/\/www.p31noticias.com.br\/#\/schema\/person\/77d6b186c710ac38937c6ec204fdd387"},"headline":"Conhe\u00e7a Caio Paes, indicado para comandar a Petrobras","datePublished":"2022-05-24T16:26:01+00:00","mainEntityOfPage":{"@id":"https:\/\/www.p31noticias.com.br\/?p=26099"},"wordCount":173,"commentCount":0,"image":{"@id":"https:\/\/www.p31noticias.com.br\/?p=26099#primaryimage"},"thumbnailUrl":"https:\/\/www.p31noticias.com.br\/wp-content\/uploads\/2022\/05\/caiopaes.png","keywords":["economia","petrobras","pol\u00edtica"],"articleSection":["Brasil","Economia","Pol\u00edtica"],"inLanguage":"pt-BR","potentialAction":[{"@type":"CommentAction","name":"Comment","target":["https:\/\/www.p31noticias.com.br\/?p=26099#respond"]}],"copyrightYear":"2022","copyrightHolder":{"@id":"https:\/\/www.p31noticias.com.br\/#organization"}},{"@type":"WebPage","@id":"https:\/\/www.p31noticias.com.br\/?p=26099","url":"https:\/\/www.p31noticias.com.br\/?p=26099","name":"Conhe\u00e7a Caio Paes, indicado para comandar a Petrobras - P31","isPartOf":{"@id":"https:\/\/www.p31noticias.com.br\/#website"},"primaryImageOfPage":{"@id":"https:\/\/www.p31noticias.com.br\/?p=26099#primaryimage"},"image":{"@id":"https:\/\/www.p31noticias.com.br\/?p=26099#primaryimage"},"thumbnailUrl":"https:\/\/www.p31noticias.com.br\/wp-content\/uploads\/2022\/05\/caiopaes.png","datePublished":"2022-05-24T16:26:01+00:00","author":{"@id":"https:\/\/www.p31noticias.com.br\/#\/schema\/person\/77d6b186c710ac38937c6ec204fdd387"},"breadcrumb":{"@id":"https:\/\/www.p31noticias.com.br\/?p=26099#breadcrumb"},"inLanguage":"pt-BR","potentialAction":[{"@type":"ReadAction","target":["https:\/\/www.p31noticias.com.br\/?p=26099"]}]},{"@type":"ImageObject","inLanguage":"pt-BR","@id":"https:\/\/www.p31noticias.com.br\/?p=26099#primaryimage","url":"https:\/\/www.p31noticias.com.br\/wp-content\/uploads\/2022\/05\/caiopaes.png","contentUrl":"https:\/\/www.p31noticias.com.br\/wp-content\/uploads\/2022\/05\/caiopaes.png","width":1096,"height":611},{"@type":"BreadcrumbList","@id":"https:\/\/www.p31noticias.com.br\/?p=26099#breadcrumb","itemListElement":[{"@type":"ListItem","position":1,"name":"In\u00edcio","item":"https:\/\/www.p31noticias.com.br\/"},{"@type":"ListItem","position":2,"name":"Conhe\u00e7a Caio Paes, indicado para comandar a Petrobras"}]},{"@type":"WebSite","@id":"https:\/\/www.p31noticias.com.br\/#website","url":"https:\/\/www.p31noticias.com.br\/","name":"P31","description":"NOT\u00cdCIAS","potentialAction":[{"@type":"SearchAction","target":{"@type":"EntryPoint","urlTemplate":"https:\/\/www.p31noticias.com.br\/?s={search_term_string}"},"query-input":{"@type":"PropertyValueSpecification","valueRequired":true,"valueName":"search_term_string"}}],"inLanguage":"pt-BR"},{"@type":"Person","@id":"https:\/\/www.p31noticias.com.br\/#\/schema\/person\/77d6b186c710ac38937c6ec204fdd387","name":"Reda\u00e7\u00e3o JBN","image":{"@type":"ImageObject","inLanguage":"pt-BR","@id":"https:\/\/secure.gravatar.com\/avatar\/10fcdb93211f98cce3d64c0795b0915a9a4a21dc0f279238995a3dbfafcad090?s=96&d=mm&r=g","url":"https:\/\/secure.gravatar.com\/avatar\/10fcdb93211f98cce3d64c0795b0915a9a4a21dc0f279238995a3dbfafcad090?s=96&d=mm&r=g","contentUrl":"https:\/\/secure.gravatar.com\/avatar\/10fcdb93211f98cce3d64c0795b0915a9a4a21dc0f279238995a3dbfafcad090?s=96&d=mm&r=g","caption":"Reda\u00e7\u00e3o JBN"},"sameAs":["https:\/\/p31noticias.com.br"],"url":"https:\/\/www.p31noticias.com.br\/?author=18"}]}},"amp_enabled":true,"_links":{"self":[{"href":"https:\/\/www.p31noticias.com.br\/index.php?rest_route=\/wp\/v2\/posts\/26099","targetHints":{"allow":["GET"]}}],"collection":[{"href":"https:\/\/www.p31noticias.com.br\/index.php?rest_route=\/wp\/v2\/posts"}],"about":[{"href":"https:\/\/www.p31noticias.com.br\/index.php?rest_route=\/wp\/v2\/types\/post"}],"author":[{"embeddable":true,"href":"https:\/\/www.p31noticias.com.br\/index.php?rest_route=\/wp\/v2\/users\/18"}],"replies":[{"embeddable":true,"href":"https:\/\/www.p31noticias.com.br\/index.php?rest_route=%2Fwp%2Fv2%2Fcomments&post=26099"}],"version-history":[{"count":1,"href":"https:\/\/www.p31noticias.com.br\/index.php?rest_route=\/wp\/v2\/posts\/26099\/revisions"}],"predecessor-version":[{"id":26101,"href":"https:\/\/www.p31noticias.com.br\/index.php?rest_route=\/wp\/v2\/posts\/26099\/revisions\/26101"}],"wp:featuredmedia":[{"embeddable":true,"href":"https:\/\/www.p31noticias.com.br\/index.php?rest_route=\/wp\/v2\/media\/26100"}],"wp:attachment":[{"href":"https:\/\/www.p31noticias.com.br\/index.php?rest_route=%2Fwp%2Fv2%2Fmedia&parent=26099"}],"wp:term":[{"taxonomy":"category","embeddable":true,"href":"https:\/\/www.p31noticias.com.br\/index.php?rest_route=%2Fwp%2Fv2%2Fcategories&post=26099"},{"taxonomy":"post_tag","embeddable":true,"href":"https:\/\/www.p31noticias.com.br\/index.php?rest_route=%2Fwp%2Fv2%2Ftags&post=26099"}],"curies":[{"name":"wp","href":"https:\/\/api.w.org\/{rel}","templated":true}]}}