{"id":26096,"date":"2022-05-24T13:15:57","date_gmt":"2022-05-24T16:15:57","guid":{"rendered":"https:\/\/p31noticias.com.br\/?p=26096"},"modified":"2022-05-24T13:15:57","modified_gmt":"2022-05-24T16:15:57","slug":"lockdowns-destruiram-a-educacao-no-brasil-diz-fmi","status":"publish","type":"post","link":"https:\/\/www.p31noticias.com.br\/?p=26096","title":{"rendered":"Lockdowns destruiram a educa\u00e7\u00e3o no Brasil, diz FMI"},"content":{"rendered":"<p>Fonte: <a href=\"https:\/\/opiniao.estadao.com.br\/noticias\/notas-e-informacoes,um-quadro-sombrio-para-a-educacao,70004074120\">Estad\u00e3o<\/a><\/p>\n<p>Um relat\u00f3rio intitulado\u00a0<i>Minimizando as<\/i>\u00a0<i>Cicatrizes da Pandemia<\/i>, o Fundo Monet\u00e1rio Internacional (FMI) diagnosticou a dimens\u00e3o e a complexidade das sequelas socioecon\u00f4micas a serem enfrentadas, como perdas na produ\u00e7\u00e3o econ\u00f4mica, desemprego, d\u00edvida das empresas, vulnerabilidades das ind\u00fastrias ou d\u00e9ficits de aprendizagem.<\/p>\n<p>No caso do Brasil, a educa\u00e7\u00e3o \u00e9 possivelmente o setor no qual a sequela \u00e9 mais grave. Duplamente grave. Primeiro pelo impacto em si da ruptura, devido ao fechamento desproporcional das escolas. Depois, porque de todas as sequelas ela \u00e9 a mais negligenciada.<\/p>\n<p>O Brasil esteve entre os pa\u00edses onde as escolas permaneceram fechadas por mais tempo. Em 2020, por exemplo, enquanto a m\u00e9dia entre os pa\u00edses da OCDE foi de 44 dias letivos, no Brasil foram 178.<\/p>\n<div class=\"limite-continuar-lendo\"><\/div>\n<p>O fechamento impactou o acesso \u00e0 nutri\u00e7\u00e3o e servi\u00e7os de sa\u00fade como programas de vacina\u00e7\u00e3o para muitas crian\u00e7as pobres, al\u00e9m dos abalos \u00e0 sa\u00fade emocional com o decl\u00ednio das intera\u00e7\u00f5es sociais.<\/p>\n<p>Os retrocessos na acumula\u00e7\u00e3o de capital humano tendem a ser brutais, pesando sobre a produtividade e a desigualdade por d\u00e9cadas. Al\u00e9m da redu\u00e7\u00e3o do capital humano em si, as perdas de capital f\u00edsico se traduzir\u00e3o em menos investimentos. O decl\u00ednio nos n\u00edveis de habilidades tende a aumentar o trabalho informal e ampliar as desigualdades.<\/p>\n<p>O FMI calcula que os ganhos m\u00e9dios dos estudantes brasileiros impactados pelo fechamento das escolas ser\u00e3o 9,1% menores ao longo da vida. \u00c9 o terceiro pior resultado entre os pa\u00edses do G-20. Escusado dizer que essa \u00e9 uma m\u00e9dia. As perdas ser\u00e3o muito maiores para as classes baixas. Em perda de aprendizado, o Pa\u00eds est\u00e1 na pen\u00faltima coloca\u00e7\u00e3o.<\/p>\n<p>Um levantamento da Unesco, do Unicef e do Banco Mundial sumariou as diretrizes para\u00a0<i>Um Caminho de Recupera\u00e7\u00e3o.<\/i>\u00a0Manter as escolas abertas \u00e9 prioridade. Isso seria \u00f3bvio, n\u00e3o fosse o hist\u00f3rico do Brasil e os recorrentes flertes com mais fechamentos. Ante eventuais novos surtos, \u00e9 inaceit\u00e1vel que protocolos como redu\u00e7\u00e3o do tamanho das classes e sistemas de turnos n\u00e3o sejam aplicados.<\/p>\n<p>O primeiro passo para a recupera\u00e7\u00e3o \u00e9 desenvolver sistemas de avalia\u00e7\u00e3o dos n\u00edveis de aprendizado dos estudantes que reflitam seus contextos e subgrupos. Essas avalia\u00e7\u00f5es ser\u00e3o cruciais para subsidiar os programas de recupera\u00e7\u00e3o. Esses programas devem ser modulados com uma mescla de t\u00e9cnicas comprovadas, como consolida\u00e7\u00e3o do curr\u00edculo, extens\u00e3o do tempo de aula ou aumento da efici\u00eancia do ensino por meio de uma instru\u00e7\u00e3o focada, pedagogias estruturadas, grupos seletos de tutoria e programas de ensino autoguiados.<\/p>\n<p>Al\u00e9m das perdas de aprendizagem, \u00e9 essencial mitigar as perdas socioemocionais com programas de apoio psicossocial \u00e0s escolas.<\/p>\n<p>H\u00e1 v\u00e1rias boas pr\u00e1ticas no mundo a serem emuladas. O Reino Unido, por exemplo, aprovou um fundo para apoiar a recupera\u00e7\u00e3o acad\u00eamica e a sa\u00fade mental dos estudantes. A fim de aumentar a resili\u00eancia do sistema educacional contra futuras rupturas, a Coreia do Sul dedicou uma parcela significativa de seu pacote de est\u00edmulos a desenvolver infraestrutura digital e aprimorar as habilidades dos professores no ensino remoto. China, Coreia e Ar\u00e1bia Saudita projetaram programas de assist\u00eancia financeira a fam\u00edlias de baixa renda para acessar dispositivos digitais e ampliar a conectividade.<\/p>\n<p>Como disse a Unesco, \u201cagora \u00e9 o momento de mudar da crise para a recupera\u00e7\u00e3o \u2013 e, al\u00e9m da recupera\u00e7\u00e3o, para sistemas de educa\u00e7\u00e3o resilientes e transformativos que realmente entreguem aprendizagem e bem-estar para todas as crian\u00e7as e jovens\u201d.<\/p>\n<p>Durante a pandemia, a regra no Brasil, em que pesem as exce\u00e7\u00f5es que a confirmam, foi a neglig\u00eancia, notavelmente por parte do governo federal. N\u00e3o h\u00e1 como voltar atr\u00e1s e restaurar o tempo perdido com as escolas fechadas. No in\u00edcio, os excessos podiam ser, se n\u00e3o justificados, ao menos escusados pelo medo. \u00c0 medida que se conhecia melhor a real amea\u00e7a do v\u00edrus, insistir no fechamento j\u00e1 foi uma estupidez que, agora, redobrou o desafio educacional imposto pela pandemia. Negligenci\u00e1-lo uma terceira vez ser\u00e1 perversidade.<\/p>\n","protected":false},"excerpt":{"rendered":"<p>Fonte: Estad\u00e3o Um relat\u00f3rio intitulado\u00a0Minimizando as\u00a0Cicatrizes da Pandemia, o Fundo Monet\u00e1rio Internacional (FMI) diagnosticou a dimens\u00e3o e a complexidade das sequelas socioecon\u00f4micas a serem enfrentadas, como perdas na produ\u00e7\u00e3o econ\u00f4mica, desemprego, d\u00edvida das empresas, vulnerabilidades das ind\u00fastrias ou d\u00e9ficits de aprendizagem. No caso do Brasil, a educa\u00e7\u00e3o \u00e9 possivelmente o setor no qual a sequela [&hellip;]<\/p>\n","protected":false},"author":18,"featured_media":26097,"comment_status":"open","ping_status":"open","sticky":false,"template":"","format":"standard","meta":{"footnotes":""},"categories":[68],"tags":[737,462],"class_list":{"0":"post-26096","1":"post","2":"type-post","3":"status-publish","4":"format-standard","5":"has-post-thumbnail","7":"category-brasil","8":"tag-educacao","9":"tag-pandemia"},"yoast_head":"<!-- This site is optimized with the Yoast SEO Premium plugin v24.5 (Yoast SEO v27.5) - https:\/\/yoast.com\/product\/yoast-seo-premium-wordpress\/ -->\n<title>Lockdowns destruiram a educa\u00e7\u00e3o no Brasil, diz FMI - P31<\/title>\n<meta name=\"robots\" content=\"index, follow, max-snippet:-1, max-image-preview:large, max-video-preview:-1\" \/>\n<link rel=\"canonical\" href=\"https:\/\/www.p31noticias.com.br\/?p=26096\" \/>\n<meta property=\"og:locale\" content=\"pt_BR\" \/>\n<meta property=\"og:type\" content=\"article\" \/>\n<meta property=\"og:title\" content=\"Lockdowns destruiram a educa\u00e7\u00e3o no Brasil, diz FMI\" \/>\n<meta property=\"og:description\" content=\"Fonte: Estad\u00e3o Um relat\u00f3rio intitulado\u00a0Minimizando as\u00a0Cicatrizes da Pandemia, o Fundo Monet\u00e1rio Internacional (FMI) diagnosticou a dimens\u00e3o e a complexidade das sequelas socioecon\u00f4micas a serem enfrentadas, como perdas na produ\u00e7\u00e3o econ\u00f4mica, desemprego, d\u00edvida das empresas, vulnerabilidades das ind\u00fastrias ou d\u00e9ficits de aprendizagem. No caso do Brasil, a educa\u00e7\u00e3o \u00e9 possivelmente o setor no qual a sequela [&hellip;]\" \/>\n<meta property=\"og:url\" content=\"https:\/\/www.p31noticias.com.br\/?p=26096\" \/>\n<meta property=\"og:site_name\" content=\"P31\" \/>\n<meta property=\"article:published_time\" content=\"2022-05-24T16:15:57+00:00\" \/>\n<meta property=\"og:image\" content=\"https:\/\/www.p31noticias.com.br\/wp-content\/uploads\/2022\/05\/lockdow.jpg\" \/>\n\t<meta property=\"og:image:width\" content=\"299\" \/>\n\t<meta property=\"og:image:height\" content=\"168\" \/>\n\t<meta property=\"og:image:type\" content=\"image\/jpeg\" \/>\n<meta name=\"author\" content=\"Reda\u00e7\u00e3o JBN\" \/>\n<meta name=\"twitter:card\" content=\"summary_large_image\" \/>\n<meta name=\"twitter:label1\" content=\"Escrito por\" \/>\n\t<meta name=\"twitter:data1\" content=\"Reda\u00e7\u00e3o JBN\" \/>\n\t<meta name=\"twitter:label2\" content=\"Est. tempo de leitura\" \/>\n\t<meta name=\"twitter:data2\" content=\"3 minutos\" \/>\n<script type=\"application\/ld+json\" class=\"yoast-schema-graph\">{\"@context\":\"https:\\\/\\\/schema.org\",\"@graph\":[{\"@type\":\"Article\",\"@id\":\"https:\\\/\\\/www.p31noticias.com.br\\\/?p=26096#article\",\"isPartOf\":{\"@id\":\"https:\\\/\\\/www.p31noticias.com.br\\\/?p=26096\"},\"author\":{\"name\":\"Reda\u00e7\u00e3o JBN\",\"@id\":\"https:\\\/\\\/www.p31noticias.com.br\\\/#\\\/schema\\\/person\\\/77d6b186c710ac38937c6ec204fdd387\"},\"headline\":\"Lockdowns destruiram a educa\u00e7\u00e3o no Brasil, diz FMI\",\"datePublished\":\"2022-05-24T16:15:57+00:00\",\"mainEntityOfPage\":{\"@id\":\"https:\\\/\\\/www.p31noticias.com.br\\\/?p=26096\"},\"wordCount\":705,\"commentCount\":0,\"image\":{\"@id\":\"https:\\\/\\\/www.p31noticias.com.br\\\/?p=26096#primaryimage\"},\"thumbnailUrl\":\"https:\\\/\\\/www.p31noticias.com.br\\\/wp-content\\\/uploads\\\/2022\\\/05\\\/lockdow.jpg\",\"keywords\":[\"educa\u00e7\u00e3o\",\"pandemia\"],\"articleSection\":[\"Brasil\"],\"inLanguage\":\"pt-BR\",\"potentialAction\":[{\"@type\":\"CommentAction\",\"name\":\"Comment\",\"target\":[\"https:\\\/\\\/www.p31noticias.com.br\\\/?p=26096#respond\"]}],\"copyrightYear\":\"2022\",\"copyrightHolder\":{\"@id\":\"https:\\\/\\\/www.p31noticias.com.br\\\/#organization\"}},{\"@type\":\"WebPage\",\"@id\":\"https:\\\/\\\/www.p31noticias.com.br\\\/?p=26096\",\"url\":\"https:\\\/\\\/www.p31noticias.com.br\\\/?p=26096\",\"name\":\"Lockdowns destruiram a educa\u00e7\u00e3o no Brasil, diz FMI - P31\",\"isPartOf\":{\"@id\":\"https:\\\/\\\/www.p31noticias.com.br\\\/#website\"},\"primaryImageOfPage\":{\"@id\":\"https:\\\/\\\/www.p31noticias.com.br\\\/?p=26096#primaryimage\"},\"image\":{\"@id\":\"https:\\\/\\\/www.p31noticias.com.br\\\/?p=26096#primaryimage\"},\"thumbnailUrl\":\"https:\\\/\\\/www.p31noticias.com.br\\\/wp-content\\\/uploads\\\/2022\\\/05\\\/lockdow.jpg\",\"datePublished\":\"2022-05-24T16:15:57+00:00\",\"author\":{\"@id\":\"https:\\\/\\\/www.p31noticias.com.br\\\/#\\\/schema\\\/person\\\/77d6b186c710ac38937c6ec204fdd387\"},\"breadcrumb\":{\"@id\":\"https:\\\/\\\/www.p31noticias.com.br\\\/?p=26096#breadcrumb\"},\"inLanguage\":\"pt-BR\",\"potentialAction\":[{\"@type\":\"ReadAction\",\"target\":[\"https:\\\/\\\/www.p31noticias.com.br\\\/?p=26096\"]}]},{\"@type\":\"ImageObject\",\"inLanguage\":\"pt-BR\",\"@id\":\"https:\\\/\\\/www.p31noticias.com.br\\\/?p=26096#primaryimage\",\"url\":\"https:\\\/\\\/www.p31noticias.com.br\\\/wp-content\\\/uploads\\\/2022\\\/05\\\/lockdow.jpg\",\"contentUrl\":\"https:\\\/\\\/www.p31noticias.com.br\\\/wp-content\\\/uploads\\\/2022\\\/05\\\/lockdow.jpg\",\"width\":299,\"height\":168},{\"@type\":\"BreadcrumbList\",\"@id\":\"https:\\\/\\\/www.p31noticias.com.br\\\/?p=26096#breadcrumb\",\"itemListElement\":[{\"@type\":\"ListItem\",\"position\":1,\"name\":\"In\u00edcio\",\"item\":\"https:\\\/\\\/www.p31noticias.com.br\\\/\"},{\"@type\":\"ListItem\",\"position\":2,\"name\":\"Lockdowns destruiram a educa\u00e7\u00e3o no Brasil, diz FMI\"}]},{\"@type\":\"WebSite\",\"@id\":\"https:\\\/\\\/www.p31noticias.com.br\\\/#website\",\"url\":\"https:\\\/\\\/www.p31noticias.com.br\\\/\",\"name\":\"P31\",\"description\":\"NOT\u00cdCIAS\",\"potentialAction\":[{\"@type\":\"SearchAction\",\"target\":{\"@type\":\"EntryPoint\",\"urlTemplate\":\"https:\\\/\\\/www.p31noticias.com.br\\\/?s={search_term_string}\"},\"query-input\":{\"@type\":\"PropertyValueSpecification\",\"valueRequired\":true,\"valueName\":\"search_term_string\"}}],\"inLanguage\":\"pt-BR\"},{\"@type\":\"Person\",\"@id\":\"https:\\\/\\\/www.p31noticias.com.br\\\/#\\\/schema\\\/person\\\/77d6b186c710ac38937c6ec204fdd387\",\"name\":\"Reda\u00e7\u00e3o JBN\",\"image\":{\"@type\":\"ImageObject\",\"inLanguage\":\"pt-BR\",\"@id\":\"https:\\\/\\\/secure.gravatar.com\\\/avatar\\\/10fcdb93211f98cce3d64c0795b0915a9a4a21dc0f279238995a3dbfafcad090?s=96&d=mm&r=g\",\"url\":\"https:\\\/\\\/secure.gravatar.com\\\/avatar\\\/10fcdb93211f98cce3d64c0795b0915a9a4a21dc0f279238995a3dbfafcad090?s=96&d=mm&r=g\",\"contentUrl\":\"https:\\\/\\\/secure.gravatar.com\\\/avatar\\\/10fcdb93211f98cce3d64c0795b0915a9a4a21dc0f279238995a3dbfafcad090?s=96&d=mm&r=g\",\"caption\":\"Reda\u00e7\u00e3o JBN\"},\"sameAs\":[\"https:\\\/\\\/p31noticias.com.br\"],\"url\":\"https:\\\/\\\/www.p31noticias.com.br\\\/?author=18\"}]}<\/script>\n<!-- \/ Yoast SEO Premium plugin. -->","yoast_head_json":{"title":"Lockdowns destruiram a educa\u00e7\u00e3o no Brasil, diz FMI - P31","robots":{"index":"index","follow":"follow","max-snippet":"max-snippet:-1","max-image-preview":"max-image-preview:large","max-video-preview":"max-video-preview:-1"},"canonical":"https:\/\/www.p31noticias.com.br\/?p=26096","og_locale":"pt_BR","og_type":"article","og_title":"Lockdowns destruiram a educa\u00e7\u00e3o no Brasil, diz FMI","og_description":"Fonte: Estad\u00e3o Um relat\u00f3rio intitulado\u00a0Minimizando as\u00a0Cicatrizes da Pandemia, o Fundo Monet\u00e1rio Internacional (FMI) diagnosticou a dimens\u00e3o e a complexidade das sequelas socioecon\u00f4micas a serem enfrentadas, como perdas na produ\u00e7\u00e3o econ\u00f4mica, desemprego, d\u00edvida das empresas, vulnerabilidades das ind\u00fastrias ou d\u00e9ficits de aprendizagem. No caso do Brasil, a educa\u00e7\u00e3o \u00e9 possivelmente o setor no qual a sequela [&hellip;]","og_url":"https:\/\/www.p31noticias.com.br\/?p=26096","og_site_name":"P31","article_published_time":"2022-05-24T16:15:57+00:00","og_image":[{"width":299,"height":168,"url":"https:\/\/www.p31noticias.com.br\/wp-content\/uploads\/2022\/05\/lockdow.jpg","type":"image\/jpeg"}],"author":"Reda\u00e7\u00e3o JBN","twitter_card":"summary_large_image","twitter_misc":{"Escrito por":"Reda\u00e7\u00e3o JBN","Est. tempo de leitura":"3 minutos"},"schema":{"@context":"https:\/\/schema.org","@graph":[{"@type":"Article","@id":"https:\/\/www.p31noticias.com.br\/?p=26096#article","isPartOf":{"@id":"https:\/\/www.p31noticias.com.br\/?p=26096"},"author":{"name":"Reda\u00e7\u00e3o JBN","@id":"https:\/\/www.p31noticias.com.br\/#\/schema\/person\/77d6b186c710ac38937c6ec204fdd387"},"headline":"Lockdowns destruiram a educa\u00e7\u00e3o no Brasil, diz FMI","datePublished":"2022-05-24T16:15:57+00:00","mainEntityOfPage":{"@id":"https:\/\/www.p31noticias.com.br\/?p=26096"},"wordCount":705,"commentCount":0,"image":{"@id":"https:\/\/www.p31noticias.com.br\/?p=26096#primaryimage"},"thumbnailUrl":"https:\/\/www.p31noticias.com.br\/wp-content\/uploads\/2022\/05\/lockdow.jpg","keywords":["educa\u00e7\u00e3o","pandemia"],"articleSection":["Brasil"],"inLanguage":"pt-BR","potentialAction":[{"@type":"CommentAction","name":"Comment","target":["https:\/\/www.p31noticias.com.br\/?p=26096#respond"]}],"copyrightYear":"2022","copyrightHolder":{"@id":"https:\/\/www.p31noticias.com.br\/#organization"}},{"@type":"WebPage","@id":"https:\/\/www.p31noticias.com.br\/?p=26096","url":"https:\/\/www.p31noticias.com.br\/?p=26096","name":"Lockdowns destruiram a educa\u00e7\u00e3o no Brasil, diz FMI - P31","isPartOf":{"@id":"https:\/\/www.p31noticias.com.br\/#website"},"primaryImageOfPage":{"@id":"https:\/\/www.p31noticias.com.br\/?p=26096#primaryimage"},"image":{"@id":"https:\/\/www.p31noticias.com.br\/?p=26096#primaryimage"},"thumbnailUrl":"https:\/\/www.p31noticias.com.br\/wp-content\/uploads\/2022\/05\/lockdow.jpg","datePublished":"2022-05-24T16:15:57+00:00","author":{"@id":"https:\/\/www.p31noticias.com.br\/#\/schema\/person\/77d6b186c710ac38937c6ec204fdd387"},"breadcrumb":{"@id":"https:\/\/www.p31noticias.com.br\/?p=26096#breadcrumb"},"inLanguage":"pt-BR","potentialAction":[{"@type":"ReadAction","target":["https:\/\/www.p31noticias.com.br\/?p=26096"]}]},{"@type":"ImageObject","inLanguage":"pt-BR","@id":"https:\/\/www.p31noticias.com.br\/?p=26096#primaryimage","url":"https:\/\/www.p31noticias.com.br\/wp-content\/uploads\/2022\/05\/lockdow.jpg","contentUrl":"https:\/\/www.p31noticias.com.br\/wp-content\/uploads\/2022\/05\/lockdow.jpg","width":299,"height":168},{"@type":"BreadcrumbList","@id":"https:\/\/www.p31noticias.com.br\/?p=26096#breadcrumb","itemListElement":[{"@type":"ListItem","position":1,"name":"In\u00edcio","item":"https:\/\/www.p31noticias.com.br\/"},{"@type":"ListItem","position":2,"name":"Lockdowns destruiram a educa\u00e7\u00e3o no Brasil, diz FMI"}]},{"@type":"WebSite","@id":"https:\/\/www.p31noticias.com.br\/#website","url":"https:\/\/www.p31noticias.com.br\/","name":"P31","description":"NOT\u00cdCIAS","potentialAction":[{"@type":"SearchAction","target":{"@type":"EntryPoint","urlTemplate":"https:\/\/www.p31noticias.com.br\/?s={search_term_string}"},"query-input":{"@type":"PropertyValueSpecification","valueRequired":true,"valueName":"search_term_string"}}],"inLanguage":"pt-BR"},{"@type":"Person","@id":"https:\/\/www.p31noticias.com.br\/#\/schema\/person\/77d6b186c710ac38937c6ec204fdd387","name":"Reda\u00e7\u00e3o JBN","image":{"@type":"ImageObject","inLanguage":"pt-BR","@id":"https:\/\/secure.gravatar.com\/avatar\/10fcdb93211f98cce3d64c0795b0915a9a4a21dc0f279238995a3dbfafcad090?s=96&d=mm&r=g","url":"https:\/\/secure.gravatar.com\/avatar\/10fcdb93211f98cce3d64c0795b0915a9a4a21dc0f279238995a3dbfafcad090?s=96&d=mm&r=g","contentUrl":"https:\/\/secure.gravatar.com\/avatar\/10fcdb93211f98cce3d64c0795b0915a9a4a21dc0f279238995a3dbfafcad090?s=96&d=mm&r=g","caption":"Reda\u00e7\u00e3o JBN"},"sameAs":["https:\/\/p31noticias.com.br"],"url":"https:\/\/www.p31noticias.com.br\/?author=18"}]}},"amp_enabled":true,"_links":{"self":[{"href":"https:\/\/www.p31noticias.com.br\/index.php?rest_route=\/wp\/v2\/posts\/26096","targetHints":{"allow":["GET"]}}],"collection":[{"href":"https:\/\/www.p31noticias.com.br\/index.php?rest_route=\/wp\/v2\/posts"}],"about":[{"href":"https:\/\/www.p31noticias.com.br\/index.php?rest_route=\/wp\/v2\/types\/post"}],"author":[{"embeddable":true,"href":"https:\/\/www.p31noticias.com.br\/index.php?rest_route=\/wp\/v2\/users\/18"}],"replies":[{"embeddable":true,"href":"https:\/\/www.p31noticias.com.br\/index.php?rest_route=%2Fwp%2Fv2%2Fcomments&post=26096"}],"version-history":[{"count":1,"href":"https:\/\/www.p31noticias.com.br\/index.php?rest_route=\/wp\/v2\/posts\/26096\/revisions"}],"predecessor-version":[{"id":26098,"href":"https:\/\/www.p31noticias.com.br\/index.php?rest_route=\/wp\/v2\/posts\/26096\/revisions\/26098"}],"wp:featuredmedia":[{"embeddable":true,"href":"https:\/\/www.p31noticias.com.br\/index.php?rest_route=\/wp\/v2\/media\/26097"}],"wp:attachment":[{"href":"https:\/\/www.p31noticias.com.br\/index.php?rest_route=%2Fwp%2Fv2%2Fmedia&parent=26096"}],"wp:term":[{"taxonomy":"category","embeddable":true,"href":"https:\/\/www.p31noticias.com.br\/index.php?rest_route=%2Fwp%2Fv2%2Fcategories&post=26096"},{"taxonomy":"post_tag","embeddable":true,"href":"https:\/\/www.p31noticias.com.br\/index.php?rest_route=%2Fwp%2Fv2%2Ftags&post=26096"}],"curies":[{"name":"wp","href":"https:\/\/api.w.org\/{rel}","templated":true}]}}