{"id":26084,"date":"2022-05-22T16:09:17","date_gmt":"2022-05-22T19:09:17","guid":{"rendered":"https:\/\/p31noticias.com.br\/?p=26084"},"modified":"2022-05-22T16:12:20","modified_gmt":"2022-05-22T19:12:20","slug":"so-deus-me-tira-daquela-cadeira-afirma-bolsonaro-em-discurso-na-marcha-para-jesus-de-curitiba","status":"publish","type":"post","link":"https:\/\/www.p31noticias.com.br\/?p=26084","title":{"rendered":"\u2018S\u00f3 Deus me tira daquela cadeira\u2019, afirma Bolsonaro em discurso na Marcha para Jesus de Curitiba."},"content":{"rendered":"<p style=\"text-align: justify;\"><em><strong>Presidente fez aceno a uma das principais partes do seu p\u00fablico de apoiadores, os evang\u00e9licos, e destacou bandeiras como a liberdade de credo e de express\u00e3o, al\u00e9m do respeito \u00e0 Constitui\u00e7\u00e3o Federal.<\/strong><\/em><\/p>\n<p style=\"text-align: justify;\">Em discurso em cima de um carro de som , o presidente da Rep\u00fablica, <a href=\"https:\/\/jovempan.com.br\/tag\/jair-bolsonaro\"><strong>Jair Bolsonaro<\/strong><\/a>\u00a0(PL), que participa da 27\u00aa edi\u00e7\u00e3o da\u00a0<strong><a href=\"https:\/\/jovempan.com.br\/tag\/marcha-para-jesus\">Marcha para Jesus<\/a>\u00a0de\u00a0<a href=\"https:\/\/jovempan.com.br\/tag\/curitiba\">Curitiba<\/a><\/strong>, no\u00a0<a href=\"https:\/\/jovempan.com.br\/tag\/parana\"><strong>Paran\u00e1<\/strong><\/a>, falou sobre algumas das suas principais bandeiras pol\u00edticas, exaltando o evento e a religiosidade crist\u00e3, para uma multid\u00e3o de evang\u00e9licos e cat\u00f3licos. Ele destacou a import\u00e2ncia da\u00a0<a href=\"https:\/\/jovempan.com.br\/tag\/liberdade\"><strong>liberdade<\/strong><\/a>, palavra que tamb\u00e9m \u00e9 vista em muitas das faixas dos manifestantes que participam do evento, do respeito \u00e0\u00a0<a href=\"https:\/\/jovempan.com.br\/tag\/constituicao-federal\"><strong>Constitui\u00e7\u00e3o Federal\u00a0<\/strong><\/a>e da\u00a0<strong>valoriza\u00e7\u00e3o da\u00a0<a href=\"https:\/\/jovempan.com.br\/tag\/familia\">fam\u00edlia<\/a>\u00a0tradicional<\/strong>. Em determinado momento, Bolsonaro ainda disparou em refer\u00eancias \u00e0s<a href=\"https:\/\/jovempan.com.br\/tag\/eleicoes-2022\"><strong>\u00a0elei\u00e7\u00f5es presidenciais de 2022<\/strong><\/a>: \u201cs\u00f3 Deus me tira daquela cadeira [da presid\u00eancia da Rep\u00fablica]\u201d.<\/p>\n<p style=\"text-align: justify;\"><img decoding=\"async\" src=\"https:\/\/jpimg.com.br\/uploads\/2022\/05\/fup20220521078-750x500.jpg\" alt=\"Jair Bolsonaro\" \/><\/p>\n<p style=\"text-align: justify;\"><strong>Confira o discurso do presidente na \u00edntegra:<\/strong><\/p>\n<p style=\"text-align: justify;\">\u00c9 muito bom estar entre aqueles que t\u00eam Deus no cora\u00e7\u00e3o. Agrade\u00e7o a Ele pela minha vida e pela miss\u00e3o de estar \u00e0 frente do Executivo federal. Temos hoje um presidente, um presidente, um governo, que acredita em Deus, que respeita os seus militares, que defende a fam\u00edlia brasileira e deve lealdade ao seu povo. Pe\u00e7o a Ele mais que sabedoria. Pe\u00e7o for\u00e7a para resistir e coragem para decidir. O nosso ex\u00e9rcito \u00e9 o povo brasileiro. Voc\u00eas nos d\u00e3o o norte. Voc\u00eas participam hoje de um movimento que \u00e9 tradi\u00e7\u00e3o em v\u00e1rias capitais do Brasil, louvando a Ele, o respons\u00e1vel por ter nos colocado aqui. Sabemos o qu\u00e3o importante \u00e9 a liberdade de religi\u00e3o e a liberdade de express\u00e3o em nosso Brasil. Tenham certeza, assim como quando virei pra\u00e7a no ex\u00e9rcito brasileiro h\u00e1 mais de 40 anos, eu jurei dar a minha vida pela p\u00e1tria. Hoje, mais do que isso, todos n\u00f3s daremos a nossa vida pela nossa liberdade. Esse \u00e9 o bem maior de um pa\u00eds que se diz democr\u00e1tico. Essa \u00e9 a raz\u00e3o maior de n\u00f3s lutarmos pelos nossos objetivos. A liberdade \u00e9 mais importante que a pr\u00f3pria vida, a hist\u00f3ria nos mostra isso. Mas o momento \u00e9 que o feito at\u00e9 agora e o daqui a pouco, a ora\u00e7\u00e3o, \u00e9 individual de cada um. Pertencemos \u00e0 na\u00e7\u00e3o mais crist\u00e3 do mundo. O Brasil \u00e9 uma refer\u00eancia para o globo todo. \u00c9 um pa\u00eds que tem voca\u00e7\u00e3o para o futuro, sem se descuidar do presente. N\u00f3s juntos, com f\u00e9, atingiremos os nossos objetivos. \u00c9 uma miss\u00e3o que eu tenho.\u00a0<strong>E s\u00f3 Deus me tira daquela cadeira [da Presid\u00eancia da Rep\u00fablica].<\/strong> Somos democratas, respeitamos a nossa Constitui\u00e7\u00e3o [Federal]. E \u00e9 um dever meu, como chefe do Executivo, fazer com que todo aquele que esteja fora das quatro linhas da nossa Constitui\u00e7\u00e3o venham para dentro da mesma. \u00c9 a maneira que n\u00f3s temos de viver em paz e em harmonia e sonhar com um futuro promissor para todos. Nada fazemos sem Ele. Ele est\u00e1 no meio de n\u00f3s. Essa marcha \u00e9 uma prova de gratid\u00e3o, de respeito e de louvor ao nosso Deus. A nossa f\u00e9 \u00e9 inabal\u00e1vel. A todos voc\u00eas, agradecemos a presen\u00e7a, porque temos a oportunidade, primeiro de mostrar que a \u00fanica diferen\u00e7a minha para voc\u00eas \u00e9 esse ponto um pouco mais alto que ocupo no momento. N\u00e3o h\u00e1 diferen\u00e7a entre n\u00f3s. O nosso curr\u00edculo no dia do ponto final ser\u00e1 aquilo que fizermos durante essa breve passagem pela Terra. Obrigado a Deus pela oportunidade. Obrigado pela minha vida e pela miss\u00e3o. E obrigado por esse povo crist\u00e3o maravilhoso que temos em nossa na\u00e7\u00e3o.<\/p>\n<p style=\"text-align: justify;\">JP NEWS<\/p>\n","protected":false},"excerpt":{"rendered":"<p>Presidente fez aceno a uma das principais partes do seu p\u00fablico de apoiadores, os evang\u00e9licos, e destacou bandeiras como a liberdade de credo e de express\u00e3o, al\u00e9m do respeito \u00e0 Constitui\u00e7\u00e3o Federal. Em discurso em cima de um carro de som , o presidente da Rep\u00fablica, Jair Bolsonaro\u00a0(PL), que participa da 27\u00aa edi\u00e7\u00e3o da\u00a0Marcha para [&hellip;]<\/p>\n","protected":false},"author":2,"featured_media":26085,"comment_status":"open","ping_status":"open","sticky":false,"template":"","format":"standard","meta":{"footnotes":""},"categories":[68],"tags":[],"class_list":{"0":"post-26084","1":"post","2":"type-post","3":"status-publish","4":"format-standard","5":"has-post-thumbnail","7":"category-brasil"},"yoast_head":"<!-- This site is optimized with the Yoast SEO Premium plugin v24.5 (Yoast SEO v27.5) - https:\/\/yoast.com\/product\/yoast-seo-premium-wordpress\/ -->\n<title>\u2018S\u00f3 Deus me tira daquela cadeira\u2019, afirma Bolsonaro em discurso na Marcha para Jesus de Curitiba. - P31<\/title>\n<meta name=\"robots\" content=\"index, follow, max-snippet:-1, max-image-preview:large, max-video-preview:-1\" \/>\n<link rel=\"canonical\" href=\"https:\/\/www.p31noticias.com.br\/?p=26084\" \/>\n<meta property=\"og:locale\" content=\"pt_BR\" \/>\n<meta property=\"og:type\" content=\"article\" \/>\n<meta property=\"og:title\" content=\"\u2018S\u00f3 Deus me tira daquela cadeira\u2019, afirma Bolsonaro em discurso na Marcha para Jesus de Curitiba.\" \/>\n<meta property=\"og:description\" content=\"Presidente fez aceno a uma das principais partes do seu p\u00fablico de apoiadores, os evang\u00e9licos, e destacou bandeiras como a liberdade de credo e de express\u00e3o, al\u00e9m do respeito \u00e0 Constitui\u00e7\u00e3o Federal. Em discurso em cima de um carro de som , o presidente da Rep\u00fablica, Jair Bolsonaro\u00a0(PL), que participa da 27\u00aa edi\u00e7\u00e3o da\u00a0Marcha para [&hellip;]\" \/>\n<meta property=\"og:url\" content=\"https:\/\/www.p31noticias.com.br\/?p=26084\" \/>\n<meta property=\"og:site_name\" content=\"P31\" \/>\n<meta property=\"article:published_time\" content=\"2022-05-22T19:09:17+00:00\" \/>\n<meta property=\"article:modified_time\" content=\"2022-05-22T19:12:20+00:00\" \/>\n<meta property=\"og:image\" content=\"https:\/\/www.p31noticias.com.br\/wp-content\/uploads\/2022\/05\/52089371761_317316d84c_o.jpg\" \/>\n\t<meta property=\"og:image:width\" content=\"770\" \/>\n\t<meta property=\"og:image:height\" content=\"513\" \/>\n\t<meta property=\"og:image:type\" content=\"image\/jpeg\" \/>\n<meta name=\"author\" content=\"Gon\u00e7alves Junior\" \/>\n<meta name=\"twitter:card\" content=\"summary_large_image\" \/>\n<meta name=\"twitter:label1\" content=\"Escrito por\" \/>\n\t<meta name=\"twitter:data1\" content=\"Gon\u00e7alves Junior\" \/>\n\t<meta name=\"twitter:label2\" content=\"Est. tempo de leitura\" \/>\n\t<meta name=\"twitter:data2\" content=\"3 minutos\" \/>\n<script type=\"application\/ld+json\" class=\"yoast-schema-graph\">{\"@context\":\"https:\\\/\\\/schema.org\",\"@graph\":[{\"@type\":\"Article\",\"@id\":\"https:\\\/\\\/www.p31noticias.com.br\\\/?p=26084#article\",\"isPartOf\":{\"@id\":\"https:\\\/\\\/www.p31noticias.com.br\\\/?p=26084\"},\"author\":{\"name\":\"Gon\u00e7alves Junior\",\"@id\":\"https:\\\/\\\/www.p31noticias.com.br\\\/#\\\/schema\\\/person\\\/95f2ece30e3b4132065b915150cd0f94\"},\"headline\":\"\u2018S\u00f3 Deus me tira daquela cadeira\u2019, afirma Bolsonaro em discurso na Marcha para Jesus de Curitiba.\",\"datePublished\":\"2022-05-22T19:09:17+00:00\",\"dateModified\":\"2022-05-22T19:12:20+00:00\",\"mainEntityOfPage\":{\"@id\":\"https:\\\/\\\/www.p31noticias.com.br\\\/?p=26084\"},\"wordCount\":648,\"commentCount\":0,\"image\":{\"@id\":\"https:\\\/\\\/www.p31noticias.com.br\\\/?p=26084#primaryimage\"},\"thumbnailUrl\":\"https:\\\/\\\/www.p31noticias.com.br\\\/wp-content\\\/uploads\\\/2022\\\/05\\\/52089371761_317316d84c_o.jpg\",\"articleSection\":[\"Brasil\"],\"inLanguage\":\"pt-BR\",\"potentialAction\":[{\"@type\":\"CommentAction\",\"name\":\"Comment\",\"target\":[\"https:\\\/\\\/www.p31noticias.com.br\\\/?p=26084#respond\"]}],\"copyrightYear\":\"2022\",\"copyrightHolder\":{\"@id\":\"https:\\\/\\\/www.p31noticias.com.br\\\/#organization\"}},{\"@type\":\"WebPage\",\"@id\":\"https:\\\/\\\/www.p31noticias.com.br\\\/?p=26084\",\"url\":\"https:\\\/\\\/www.p31noticias.com.br\\\/?p=26084\",\"name\":\"\u2018S\u00f3 Deus me tira daquela cadeira\u2019, afirma Bolsonaro em discurso na Marcha para Jesus de Curitiba. - P31\",\"isPartOf\":{\"@id\":\"https:\\\/\\\/www.p31noticias.com.br\\\/#website\"},\"primaryImageOfPage\":{\"@id\":\"https:\\\/\\\/www.p31noticias.com.br\\\/?p=26084#primaryimage\"},\"image\":{\"@id\":\"https:\\\/\\\/www.p31noticias.com.br\\\/?p=26084#primaryimage\"},\"thumbnailUrl\":\"https:\\\/\\\/www.p31noticias.com.br\\\/wp-content\\\/uploads\\\/2022\\\/05\\\/52089371761_317316d84c_o.jpg\",\"datePublished\":\"2022-05-22T19:09:17+00:00\",\"dateModified\":\"2022-05-22T19:12:20+00:00\",\"author\":{\"@id\":\"https:\\\/\\\/www.p31noticias.com.br\\\/#\\\/schema\\\/person\\\/95f2ece30e3b4132065b915150cd0f94\"},\"breadcrumb\":{\"@id\":\"https:\\\/\\\/www.p31noticias.com.br\\\/?p=26084#breadcrumb\"},\"inLanguage\":\"pt-BR\",\"potentialAction\":[{\"@type\":\"ReadAction\",\"target\":[\"https:\\\/\\\/www.p31noticias.com.br\\\/?p=26084\"]}]},{\"@type\":\"ImageObject\",\"inLanguage\":\"pt-BR\",\"@id\":\"https:\\\/\\\/www.p31noticias.com.br\\\/?p=26084#primaryimage\",\"url\":\"https:\\\/\\\/www.p31noticias.com.br\\\/wp-content\\\/uploads\\\/2022\\\/05\\\/52089371761_317316d84c_o.jpg\",\"contentUrl\":\"https:\\\/\\\/www.p31noticias.com.br\\\/wp-content\\\/uploads\\\/2022\\\/05\\\/52089371761_317316d84c_o.jpg\",\"width\":770,\"height\":513,\"caption\":\"(Curitiba- PR, 19\\\/05\\\/2022) Marcha para Jesus. Foto: Jos\u00e9 Dias\\\/PR\"},{\"@type\":\"BreadcrumbList\",\"@id\":\"https:\\\/\\\/www.p31noticias.com.br\\\/?p=26084#breadcrumb\",\"itemListElement\":[{\"@type\":\"ListItem\",\"position\":1,\"name\":\"In\u00edcio\",\"item\":\"https:\\\/\\\/www.p31noticias.com.br\\\/\"},{\"@type\":\"ListItem\",\"position\":2,\"name\":\"\u2018S\u00f3 Deus me tira daquela cadeira\u2019, afirma Bolsonaro em discurso na Marcha para Jesus de Curitiba.\"}]},{\"@type\":\"WebSite\",\"@id\":\"https:\\\/\\\/www.p31noticias.com.br\\\/#website\",\"url\":\"https:\\\/\\\/www.p31noticias.com.br\\\/\",\"name\":\"P31\",\"description\":\"NOT\u00cdCIAS\",\"potentialAction\":[{\"@type\":\"SearchAction\",\"target\":{\"@type\":\"EntryPoint\",\"urlTemplate\":\"https:\\\/\\\/www.p31noticias.com.br\\\/?s={search_term_string}\"},\"query-input\":{\"@type\":\"PropertyValueSpecification\",\"valueRequired\":true,\"valueName\":\"search_term_string\"}}],\"inLanguage\":\"pt-BR\"},{\"@type\":\"Person\",\"@id\":\"https:\\\/\\\/www.p31noticias.com.br\\\/#\\\/schema\\\/person\\\/95f2ece30e3b4132065b915150cd0f94\",\"name\":\"Gon\u00e7alves Junior\",\"image\":{\"@type\":\"ImageObject\",\"inLanguage\":\"pt-BR\",\"@id\":\"https:\\\/\\\/secure.gravatar.com\\\/avatar\\\/6711f350116a89762687a48d66f723c799e5438a5b7578508d4294cd7a5d0800?s=96&d=mm&r=g\",\"url\":\"https:\\\/\\\/secure.gravatar.com\\\/avatar\\\/6711f350116a89762687a48d66f723c799e5438a5b7578508d4294cd7a5d0800?s=96&d=mm&r=g\",\"contentUrl\":\"https:\\\/\\\/secure.gravatar.com\\\/avatar\\\/6711f350116a89762687a48d66f723c799e5438a5b7578508d4294cd7a5d0800?s=96&d=mm&r=g\",\"caption\":\"Gon\u00e7alves Junior\"},\"url\":\"https:\\\/\\\/www.p31noticias.com.br\\\/?author=2\"}]}<\/script>\n<!-- \/ Yoast SEO Premium plugin. -->","yoast_head_json":{"title":"\u2018S\u00f3 Deus me tira daquela cadeira\u2019, afirma Bolsonaro em discurso na Marcha para Jesus de Curitiba. - P31","robots":{"index":"index","follow":"follow","max-snippet":"max-snippet:-1","max-image-preview":"max-image-preview:large","max-video-preview":"max-video-preview:-1"},"canonical":"https:\/\/www.p31noticias.com.br\/?p=26084","og_locale":"pt_BR","og_type":"article","og_title":"\u2018S\u00f3 Deus me tira daquela cadeira\u2019, afirma Bolsonaro em discurso na Marcha para Jesus de Curitiba.","og_description":"Presidente fez aceno a uma das principais partes do seu p\u00fablico de apoiadores, os evang\u00e9licos, e destacou bandeiras como a liberdade de credo e de express\u00e3o, al\u00e9m do respeito \u00e0 Constitui\u00e7\u00e3o Federal. Em discurso em cima de um carro de som , o presidente da Rep\u00fablica, Jair Bolsonaro\u00a0(PL), que participa da 27\u00aa edi\u00e7\u00e3o da\u00a0Marcha para [&hellip;]","og_url":"https:\/\/www.p31noticias.com.br\/?p=26084","og_site_name":"P31","article_published_time":"2022-05-22T19:09:17+00:00","article_modified_time":"2022-05-22T19:12:20+00:00","og_image":[{"width":770,"height":513,"url":"https:\/\/www.p31noticias.com.br\/wp-content\/uploads\/2022\/05\/52089371761_317316d84c_o.jpg","type":"image\/jpeg"}],"author":"Gon\u00e7alves Junior","twitter_card":"summary_large_image","twitter_misc":{"Escrito por":"Gon\u00e7alves Junior","Est. tempo de leitura":"3 minutos"},"schema":{"@context":"https:\/\/schema.org","@graph":[{"@type":"Article","@id":"https:\/\/www.p31noticias.com.br\/?p=26084#article","isPartOf":{"@id":"https:\/\/www.p31noticias.com.br\/?p=26084"},"author":{"name":"Gon\u00e7alves Junior","@id":"https:\/\/www.p31noticias.com.br\/#\/schema\/person\/95f2ece30e3b4132065b915150cd0f94"},"headline":"\u2018S\u00f3 Deus me tira daquela cadeira\u2019, afirma Bolsonaro em discurso na Marcha para Jesus de Curitiba.","datePublished":"2022-05-22T19:09:17+00:00","dateModified":"2022-05-22T19:12:20+00:00","mainEntityOfPage":{"@id":"https:\/\/www.p31noticias.com.br\/?p=26084"},"wordCount":648,"commentCount":0,"image":{"@id":"https:\/\/www.p31noticias.com.br\/?p=26084#primaryimage"},"thumbnailUrl":"https:\/\/www.p31noticias.com.br\/wp-content\/uploads\/2022\/05\/52089371761_317316d84c_o.jpg","articleSection":["Brasil"],"inLanguage":"pt-BR","potentialAction":[{"@type":"CommentAction","name":"Comment","target":["https:\/\/www.p31noticias.com.br\/?p=26084#respond"]}],"copyrightYear":"2022","copyrightHolder":{"@id":"https:\/\/www.p31noticias.com.br\/#organization"}},{"@type":"WebPage","@id":"https:\/\/www.p31noticias.com.br\/?p=26084","url":"https:\/\/www.p31noticias.com.br\/?p=26084","name":"\u2018S\u00f3 Deus me tira daquela cadeira\u2019, afirma Bolsonaro em discurso na Marcha para Jesus de Curitiba. - P31","isPartOf":{"@id":"https:\/\/www.p31noticias.com.br\/#website"},"primaryImageOfPage":{"@id":"https:\/\/www.p31noticias.com.br\/?p=26084#primaryimage"},"image":{"@id":"https:\/\/www.p31noticias.com.br\/?p=26084#primaryimage"},"thumbnailUrl":"https:\/\/www.p31noticias.com.br\/wp-content\/uploads\/2022\/05\/52089371761_317316d84c_o.jpg","datePublished":"2022-05-22T19:09:17+00:00","dateModified":"2022-05-22T19:12:20+00:00","author":{"@id":"https:\/\/www.p31noticias.com.br\/#\/schema\/person\/95f2ece30e3b4132065b915150cd0f94"},"breadcrumb":{"@id":"https:\/\/www.p31noticias.com.br\/?p=26084#breadcrumb"},"inLanguage":"pt-BR","potentialAction":[{"@type":"ReadAction","target":["https:\/\/www.p31noticias.com.br\/?p=26084"]}]},{"@type":"ImageObject","inLanguage":"pt-BR","@id":"https:\/\/www.p31noticias.com.br\/?p=26084#primaryimage","url":"https:\/\/www.p31noticias.com.br\/wp-content\/uploads\/2022\/05\/52089371761_317316d84c_o.jpg","contentUrl":"https:\/\/www.p31noticias.com.br\/wp-content\/uploads\/2022\/05\/52089371761_317316d84c_o.jpg","width":770,"height":513,"caption":"(Curitiba- PR, 19\/05\/2022) Marcha para Jesus. Foto: Jos\u00e9 Dias\/PR"},{"@type":"BreadcrumbList","@id":"https:\/\/www.p31noticias.com.br\/?p=26084#breadcrumb","itemListElement":[{"@type":"ListItem","position":1,"name":"In\u00edcio","item":"https:\/\/www.p31noticias.com.br\/"},{"@type":"ListItem","position":2,"name":"\u2018S\u00f3 Deus me tira daquela cadeira\u2019, afirma Bolsonaro em discurso na Marcha para Jesus de Curitiba."}]},{"@type":"WebSite","@id":"https:\/\/www.p31noticias.com.br\/#website","url":"https:\/\/www.p31noticias.com.br\/","name":"P31","description":"NOT\u00cdCIAS","potentialAction":[{"@type":"SearchAction","target":{"@type":"EntryPoint","urlTemplate":"https:\/\/www.p31noticias.com.br\/?s={search_term_string}"},"query-input":{"@type":"PropertyValueSpecification","valueRequired":true,"valueName":"search_term_string"}}],"inLanguage":"pt-BR"},{"@type":"Person","@id":"https:\/\/www.p31noticias.com.br\/#\/schema\/person\/95f2ece30e3b4132065b915150cd0f94","name":"Gon\u00e7alves Junior","image":{"@type":"ImageObject","inLanguage":"pt-BR","@id":"https:\/\/secure.gravatar.com\/avatar\/6711f350116a89762687a48d66f723c799e5438a5b7578508d4294cd7a5d0800?s=96&d=mm&r=g","url":"https:\/\/secure.gravatar.com\/avatar\/6711f350116a89762687a48d66f723c799e5438a5b7578508d4294cd7a5d0800?s=96&d=mm&r=g","contentUrl":"https:\/\/secure.gravatar.com\/avatar\/6711f350116a89762687a48d66f723c799e5438a5b7578508d4294cd7a5d0800?s=96&d=mm&r=g","caption":"Gon\u00e7alves Junior"},"url":"https:\/\/www.p31noticias.com.br\/?author=2"}]}},"amp_enabled":true,"_links":{"self":[{"href":"https:\/\/www.p31noticias.com.br\/index.php?rest_route=\/wp\/v2\/posts\/26084","targetHints":{"allow":["GET"]}}],"collection":[{"href":"https:\/\/www.p31noticias.com.br\/index.php?rest_route=\/wp\/v2\/posts"}],"about":[{"href":"https:\/\/www.p31noticias.com.br\/index.php?rest_route=\/wp\/v2\/types\/post"}],"author":[{"embeddable":true,"href":"https:\/\/www.p31noticias.com.br\/index.php?rest_route=\/wp\/v2\/users\/2"}],"replies":[{"embeddable":true,"href":"https:\/\/www.p31noticias.com.br\/index.php?rest_route=%2Fwp%2Fv2%2Fcomments&post=26084"}],"version-history":[{"count":3,"href":"https:\/\/www.p31noticias.com.br\/index.php?rest_route=\/wp\/v2\/posts\/26084\/revisions"}],"predecessor-version":[{"id":26088,"href":"https:\/\/www.p31noticias.com.br\/index.php?rest_route=\/wp\/v2\/posts\/26084\/revisions\/26088"}],"wp:featuredmedia":[{"embeddable":true,"href":"https:\/\/www.p31noticias.com.br\/index.php?rest_route=\/wp\/v2\/media\/26085"}],"wp:attachment":[{"href":"https:\/\/www.p31noticias.com.br\/index.php?rest_route=%2Fwp%2Fv2%2Fmedia&parent=26084"}],"wp:term":[{"taxonomy":"category","embeddable":true,"href":"https:\/\/www.p31noticias.com.br\/index.php?rest_route=%2Fwp%2Fv2%2Fcategories&post=26084"},{"taxonomy":"post_tag","embeddable":true,"href":"https:\/\/www.p31noticias.com.br\/index.php?rest_route=%2Fwp%2Fv2%2Ftags&post=26084"}],"curies":[{"name":"wp","href":"https:\/\/api.w.org\/{rel}","templated":true}]}}