{"id":26081,"date":"2022-05-19T07:25:28","date_gmt":"2022-05-19T10:25:28","guid":{"rendered":"https:\/\/p31noticias.com.br\/?p=26081"},"modified":"2022-05-19T07:25:28","modified_gmt":"2022-05-19T10:25:28","slug":"camara-aprova-mp-que-regulamenta-ensino-domiciliar","status":"publish","type":"post","link":"https:\/\/www.p31noticias.com.br\/?p=26081","title":{"rendered":"C\u00e2mara aprova MP que regulamenta ensino domiciliar."},"content":{"rendered":"<h3 class=\"col-10 offset-1 animated fadeInDown dealy-900 display-8 display-md-8 alt-font font-italic my-1 text-center\" style=\"text-align: justify;\"><em><strong>Destaques ser\u00e3o votados na pr\u00f3xima sess\u00e3o, nesta quinta-feira.<\/strong><\/em><\/h3>\n<p style=\"text-align: justify;\">A C\u00e2mara aprovou na noite do dia 18 o texto-base do projeto de lei (PL) 3.179 de 2012, que regulamenta a pr\u00e1tica da educa\u00e7\u00e3o domiciliar no Brasil, tamb\u00e9m conhecida como homeschooling.<img decoding=\"async\" src=\"https:\/\/agenciabrasil.ebc.com.br\/ebc.png?id=1460595&amp;o=node\" \/><img decoding=\"async\" src=\"https:\/\/agenciabrasil.ebc.com.br\/ebc.gif?id=1460595&amp;o=node\" \/><\/p>\n<p style=\"text-align: justify;\">Os destaques da mat\u00e9ria ainda n\u00e3o foram votados, e ser\u00e3o analisados na pr\u00f3xima sess\u00e3o, na quinta-feira. Para usufruir da educa\u00e7\u00e3o domiciliar, o estudante dever\u00e1 estar regularmente matriculado em uma institui\u00e7\u00e3o de ensino, que acompanhar\u00e1 o desenvolvimento educacional durante o ensino.<\/p>\n<p style=\"text-align: justify;\">Uma das exig\u00eancias \u00e9 que pelo menos um dos pais ou respons\u00e1veis tenha escolaridade de n\u00edvel superior ou profissional tecnol\u00f3gica reconhecida pelo Minist\u00e9rio da Educa\u00e7\u00e3o (MEC). Outro requisito \u00e9 a certid\u00e3o negativa perante as justi\u00e7as federal e estadual (o distrital).<\/p>\n<h2 style=\"text-align: justify;\">Ensino em casa<\/h2>\n<p style=\"text-align: justify;\">Os pais interessados em ensinar os filhos em casa dever\u00e3o seguir a Base Nacional Comum Curricular definida pelo MEC. Al\u00e9m disso, poder\u00e3o ser inclu\u00eddas mat\u00e9rias e disciplinas adicionais \u00e0 rotina de ensino.<\/p>\n<p style=\"text-align: justify;\">Os respons\u00e1veis ter\u00e3o de garantir a conviv\u00eancia familiar e comunit\u00e1ria do estudante e a realiza\u00e7\u00e3o de atividades pedag\u00f3gicas para promover a forma\u00e7\u00e3o integral do estudante, contemplando seu desenvolvimento intelectual, emocional, f\u00edsico, social e cultural.<\/p>\n<p style=\"text-align: justify;\">Ser\u00e1 de responsabilidade dos pais manterem registros peri\u00f3dicos das atividades e encaminhar, na forma de relat\u00f3rios, \u00e0 institui\u00e7\u00e3o de ensino na qual o aluno est\u00e1 matriculado. O aluno tamb\u00e9m dever\u00e1 participar de avalia\u00e7\u00f5es anuais de aprendizagem durante o ciclo de educa\u00e7\u00e3o b\u00e1sica.<\/p>\n<p style=\"text-align: justify;\">Nos ensinos fundamental e m\u00e9dio, al\u00e9m desses relat\u00f3rios, dever\u00e1 haver avalia\u00e7\u00e3o anual com base no conte\u00fado curricular, admitida a possibilidade de avan\u00e7o nos cursos e nas s\u00e9ries, conforme previsto na Lei de Diretrizes e Bases (LDB).<\/p>\n<p style=\"text-align: justify;\">Se o desempenho do estudante nessa avalia\u00e7\u00e3o anual for considerado insatisfat\u00f3rio, uma nova avalia\u00e7\u00e3o, em car\u00e1ter de recupera\u00e7\u00e3o, ser\u00e1 oferecida no mesmo ano.<\/p>\n<p style=\"text-align: justify;\"><em>*Com informa\u00e7\u00f5es da Ag\u00eancia C\u00e2mara.<\/em><\/p>\n","protected":false},"excerpt":{"rendered":"<p>Destaques ser\u00e3o votados na pr\u00f3xima sess\u00e3o, nesta quinta-feira. A C\u00e2mara aprovou na noite do dia 18 o texto-base do projeto de lei (PL) 3.179 de 2012, que regulamenta a pr\u00e1tica da educa\u00e7\u00e3o domiciliar no Brasil, tamb\u00e9m conhecida como homeschooling. Os destaques da mat\u00e9ria ainda n\u00e3o foram votados, e ser\u00e3o analisados na pr\u00f3xima sess\u00e3o, na quinta-feira. [&hellip;]<\/p>\n","protected":false},"author":2,"featured_media":26082,"comment_status":"open","ping_status":"open","sticky":false,"template":"","format":"standard","meta":{"footnotes":""},"categories":[68],"tags":[],"class_list":{"0":"post-26081","1":"post","2":"type-post","3":"status-publish","4":"format-standard","5":"has-post-thumbnail","7":"category-brasil"},"yoast_head":"<!-- This site is optimized with the Yoast SEO Premium plugin v24.5 (Yoast SEO v27.5) - https:\/\/yoast.com\/product\/yoast-seo-premium-wordpress\/ -->\n<title>C\u00e2mara aprova MP que regulamenta ensino domiciliar. - P31<\/title>\n<meta name=\"robots\" content=\"index, follow, max-snippet:-1, max-image-preview:large, max-video-preview:-1\" \/>\n<link rel=\"canonical\" href=\"https:\/\/www.p31noticias.com.br\/?p=26081\" \/>\n<meta property=\"og:locale\" content=\"pt_BR\" \/>\n<meta property=\"og:type\" content=\"article\" \/>\n<meta property=\"og:title\" content=\"C\u00e2mara aprova MP que regulamenta ensino domiciliar.\" \/>\n<meta property=\"og:description\" content=\"Destaques ser\u00e3o votados na pr\u00f3xima sess\u00e3o, nesta quinta-feira. A C\u00e2mara aprovou na noite do dia 18 o texto-base do projeto de lei (PL) 3.179 de 2012, que regulamenta a pr\u00e1tica da educa\u00e7\u00e3o domiciliar no Brasil, tamb\u00e9m conhecida como homeschooling. Os destaques da mat\u00e9ria ainda n\u00e3o foram votados, e ser\u00e3o analisados na pr\u00f3xima sess\u00e3o, na quinta-feira. [&hellip;]\" \/>\n<meta property=\"og:url\" content=\"https:\/\/www.p31noticias.com.br\/?p=26081\" \/>\n<meta property=\"og:site_name\" content=\"P31\" \/>\n<meta property=\"article:published_time\" content=\"2022-05-19T10:25:28+00:00\" \/>\n<meta property=\"og:image\" content=\"https:\/\/www.p31noticias.com.br\/wp-content\/uploads\/2022\/05\/1112831-mcamgo_edit_19031807503-1.jpg\" \/>\n\t<meta property=\"og:image:width\" content=\"1170\" \/>\n\t<meta property=\"og:image:height\" content=\"700\" \/>\n\t<meta property=\"og:image:type\" content=\"image\/jpeg\" \/>\n<meta name=\"author\" content=\"Gon\u00e7alves Junior\" \/>\n<meta name=\"twitter:card\" content=\"summary_large_image\" \/>\n<meta name=\"twitter:label1\" content=\"Escrito por\" \/>\n\t<meta name=\"twitter:data1\" content=\"Gon\u00e7alves Junior\" \/>\n\t<meta name=\"twitter:label2\" content=\"Est. tempo de leitura\" \/>\n\t<meta name=\"twitter:data2\" content=\"2 minutos\" \/>\n<script type=\"application\/ld+json\" class=\"yoast-schema-graph\">{\"@context\":\"https:\\\/\\\/schema.org\",\"@graph\":[{\"@type\":\"Article\",\"@id\":\"https:\\\/\\\/www.p31noticias.com.br\\\/?p=26081#article\",\"isPartOf\":{\"@id\":\"https:\\\/\\\/www.p31noticias.com.br\\\/?p=26081\"},\"author\":{\"name\":\"Gon\u00e7alves Junior\",\"@id\":\"https:\\\/\\\/www.p31noticias.com.br\\\/#\\\/schema\\\/person\\\/95f2ece30e3b4132065b915150cd0f94\"},\"headline\":\"C\u00e2mara aprova MP que regulamenta ensino domiciliar.\",\"datePublished\":\"2022-05-19T10:25:28+00:00\",\"mainEntityOfPage\":{\"@id\":\"https:\\\/\\\/www.p31noticias.com.br\\\/?p=26081\"},\"wordCount\":352,\"commentCount\":0,\"image\":{\"@id\":\"https:\\\/\\\/www.p31noticias.com.br\\\/?p=26081#primaryimage\"},\"thumbnailUrl\":\"https:\\\/\\\/www.p31noticias.com.br\\\/wp-content\\\/uploads\\\/2022\\\/05\\\/1112831-mcamgo_edit_19031807503-1.jpg\",\"articleSection\":[\"Brasil\"],\"inLanguage\":\"pt-BR\",\"potentialAction\":[{\"@type\":\"CommentAction\",\"name\":\"Comment\",\"target\":[\"https:\\\/\\\/www.p31noticias.com.br\\\/?p=26081#respond\"]}],\"copyrightYear\":\"2022\",\"copyrightHolder\":{\"@id\":\"https:\\\/\\\/www.p31noticias.com.br\\\/#organization\"}},{\"@type\":\"WebPage\",\"@id\":\"https:\\\/\\\/www.p31noticias.com.br\\\/?p=26081\",\"url\":\"https:\\\/\\\/www.p31noticias.com.br\\\/?p=26081\",\"name\":\"C\u00e2mara aprova MP que regulamenta ensino domiciliar. - P31\",\"isPartOf\":{\"@id\":\"https:\\\/\\\/www.p31noticias.com.br\\\/#website\"},\"primaryImageOfPage\":{\"@id\":\"https:\\\/\\\/www.p31noticias.com.br\\\/?p=26081#primaryimage\"},\"image\":{\"@id\":\"https:\\\/\\\/www.p31noticias.com.br\\\/?p=26081#primaryimage\"},\"thumbnailUrl\":\"https:\\\/\\\/www.p31noticias.com.br\\\/wp-content\\\/uploads\\\/2022\\\/05\\\/1112831-mcamgo_edit_19031807503-1.jpg\",\"datePublished\":\"2022-05-19T10:25:28+00:00\",\"author\":{\"@id\":\"https:\\\/\\\/www.p31noticias.com.br\\\/#\\\/schema\\\/person\\\/95f2ece30e3b4132065b915150cd0f94\"},\"breadcrumb\":{\"@id\":\"https:\\\/\\\/www.p31noticias.com.br\\\/?p=26081#breadcrumb\"},\"inLanguage\":\"pt-BR\",\"potentialAction\":[{\"@type\":\"ReadAction\",\"target\":[\"https:\\\/\\\/www.p31noticias.com.br\\\/?p=26081\"]}]},{\"@type\":\"ImageObject\",\"inLanguage\":\"pt-BR\",\"@id\":\"https:\\\/\\\/www.p31noticias.com.br\\\/?p=26081#primaryimage\",\"url\":\"https:\\\/\\\/www.p31noticias.com.br\\\/wp-content\\\/uploads\\\/2022\\\/05\\\/1112831-mcamgo_edit_19031807503-1.jpg\",\"contentUrl\":\"https:\\\/\\\/www.p31noticias.com.br\\\/wp-content\\\/uploads\\\/2022\\\/05\\\/1112831-mcamgo_edit_19031807503-1.jpg\",\"width\":1170,\"height\":700,\"caption\":\"Bras\u00edlia - Alunos da rede p\u00fablica de ensino do DF realizam atividades de educa\u00e7\u00e3o ambiental na Escola da Natureza.( Marcelo Camargo\\\/Ag\u00eancia Brasil)\"},{\"@type\":\"BreadcrumbList\",\"@id\":\"https:\\\/\\\/www.p31noticias.com.br\\\/?p=26081#breadcrumb\",\"itemListElement\":[{\"@type\":\"ListItem\",\"position\":1,\"name\":\"In\u00edcio\",\"item\":\"https:\\\/\\\/www.p31noticias.com.br\\\/\"},{\"@type\":\"ListItem\",\"position\":2,\"name\":\"C\u00e2mara aprova MP que regulamenta ensino domiciliar.\"}]},{\"@type\":\"WebSite\",\"@id\":\"https:\\\/\\\/www.p31noticias.com.br\\\/#website\",\"url\":\"https:\\\/\\\/www.p31noticias.com.br\\\/\",\"name\":\"P31\",\"description\":\"NOT\u00cdCIAS\",\"potentialAction\":[{\"@type\":\"SearchAction\",\"target\":{\"@type\":\"EntryPoint\",\"urlTemplate\":\"https:\\\/\\\/www.p31noticias.com.br\\\/?s={search_term_string}\"},\"query-input\":{\"@type\":\"PropertyValueSpecification\",\"valueRequired\":true,\"valueName\":\"search_term_string\"}}],\"inLanguage\":\"pt-BR\"},{\"@type\":\"Person\",\"@id\":\"https:\\\/\\\/www.p31noticias.com.br\\\/#\\\/schema\\\/person\\\/95f2ece30e3b4132065b915150cd0f94\",\"name\":\"Gon\u00e7alves Junior\",\"image\":{\"@type\":\"ImageObject\",\"inLanguage\":\"pt-BR\",\"@id\":\"https:\\\/\\\/secure.gravatar.com\\\/avatar\\\/6711f350116a89762687a48d66f723c799e5438a5b7578508d4294cd7a5d0800?s=96&d=mm&r=g\",\"url\":\"https:\\\/\\\/secure.gravatar.com\\\/avatar\\\/6711f350116a89762687a48d66f723c799e5438a5b7578508d4294cd7a5d0800?s=96&d=mm&r=g\",\"contentUrl\":\"https:\\\/\\\/secure.gravatar.com\\\/avatar\\\/6711f350116a89762687a48d66f723c799e5438a5b7578508d4294cd7a5d0800?s=96&d=mm&r=g\",\"caption\":\"Gon\u00e7alves Junior\"},\"url\":\"https:\\\/\\\/www.p31noticias.com.br\\\/?author=2\"}]}<\/script>\n<!-- \/ Yoast SEO Premium plugin. -->","yoast_head_json":{"title":"C\u00e2mara aprova MP que regulamenta ensino domiciliar. - P31","robots":{"index":"index","follow":"follow","max-snippet":"max-snippet:-1","max-image-preview":"max-image-preview:large","max-video-preview":"max-video-preview:-1"},"canonical":"https:\/\/www.p31noticias.com.br\/?p=26081","og_locale":"pt_BR","og_type":"article","og_title":"C\u00e2mara aprova MP que regulamenta ensino domiciliar.","og_description":"Destaques ser\u00e3o votados na pr\u00f3xima sess\u00e3o, nesta quinta-feira. A C\u00e2mara aprovou na noite do dia 18 o texto-base do projeto de lei (PL) 3.179 de 2012, que regulamenta a pr\u00e1tica da educa\u00e7\u00e3o domiciliar no Brasil, tamb\u00e9m conhecida como homeschooling. Os destaques da mat\u00e9ria ainda n\u00e3o foram votados, e ser\u00e3o analisados na pr\u00f3xima sess\u00e3o, na quinta-feira. [&hellip;]","og_url":"https:\/\/www.p31noticias.com.br\/?p=26081","og_site_name":"P31","article_published_time":"2022-05-19T10:25:28+00:00","og_image":[{"width":1170,"height":700,"url":"https:\/\/www.p31noticias.com.br\/wp-content\/uploads\/2022\/05\/1112831-mcamgo_edit_19031807503-1.jpg","type":"image\/jpeg"}],"author":"Gon\u00e7alves Junior","twitter_card":"summary_large_image","twitter_misc":{"Escrito por":"Gon\u00e7alves Junior","Est. tempo de leitura":"2 minutos"},"schema":{"@context":"https:\/\/schema.org","@graph":[{"@type":"Article","@id":"https:\/\/www.p31noticias.com.br\/?p=26081#article","isPartOf":{"@id":"https:\/\/www.p31noticias.com.br\/?p=26081"},"author":{"name":"Gon\u00e7alves Junior","@id":"https:\/\/www.p31noticias.com.br\/#\/schema\/person\/95f2ece30e3b4132065b915150cd0f94"},"headline":"C\u00e2mara aprova MP que regulamenta ensino domiciliar.","datePublished":"2022-05-19T10:25:28+00:00","mainEntityOfPage":{"@id":"https:\/\/www.p31noticias.com.br\/?p=26081"},"wordCount":352,"commentCount":0,"image":{"@id":"https:\/\/www.p31noticias.com.br\/?p=26081#primaryimage"},"thumbnailUrl":"https:\/\/www.p31noticias.com.br\/wp-content\/uploads\/2022\/05\/1112831-mcamgo_edit_19031807503-1.jpg","articleSection":["Brasil"],"inLanguage":"pt-BR","potentialAction":[{"@type":"CommentAction","name":"Comment","target":["https:\/\/www.p31noticias.com.br\/?p=26081#respond"]}],"copyrightYear":"2022","copyrightHolder":{"@id":"https:\/\/www.p31noticias.com.br\/#organization"}},{"@type":"WebPage","@id":"https:\/\/www.p31noticias.com.br\/?p=26081","url":"https:\/\/www.p31noticias.com.br\/?p=26081","name":"C\u00e2mara aprova MP que regulamenta ensino domiciliar. - P31","isPartOf":{"@id":"https:\/\/www.p31noticias.com.br\/#website"},"primaryImageOfPage":{"@id":"https:\/\/www.p31noticias.com.br\/?p=26081#primaryimage"},"image":{"@id":"https:\/\/www.p31noticias.com.br\/?p=26081#primaryimage"},"thumbnailUrl":"https:\/\/www.p31noticias.com.br\/wp-content\/uploads\/2022\/05\/1112831-mcamgo_edit_19031807503-1.jpg","datePublished":"2022-05-19T10:25:28+00:00","author":{"@id":"https:\/\/www.p31noticias.com.br\/#\/schema\/person\/95f2ece30e3b4132065b915150cd0f94"},"breadcrumb":{"@id":"https:\/\/www.p31noticias.com.br\/?p=26081#breadcrumb"},"inLanguage":"pt-BR","potentialAction":[{"@type":"ReadAction","target":["https:\/\/www.p31noticias.com.br\/?p=26081"]}]},{"@type":"ImageObject","inLanguage":"pt-BR","@id":"https:\/\/www.p31noticias.com.br\/?p=26081#primaryimage","url":"https:\/\/www.p31noticias.com.br\/wp-content\/uploads\/2022\/05\/1112831-mcamgo_edit_19031807503-1.jpg","contentUrl":"https:\/\/www.p31noticias.com.br\/wp-content\/uploads\/2022\/05\/1112831-mcamgo_edit_19031807503-1.jpg","width":1170,"height":700,"caption":"Bras\u00edlia - Alunos da rede p\u00fablica de ensino do DF realizam atividades de educa\u00e7\u00e3o ambiental na Escola da Natureza.( Marcelo Camargo\/Ag\u00eancia Brasil)"},{"@type":"BreadcrumbList","@id":"https:\/\/www.p31noticias.com.br\/?p=26081#breadcrumb","itemListElement":[{"@type":"ListItem","position":1,"name":"In\u00edcio","item":"https:\/\/www.p31noticias.com.br\/"},{"@type":"ListItem","position":2,"name":"C\u00e2mara aprova MP que regulamenta ensino domiciliar."}]},{"@type":"WebSite","@id":"https:\/\/www.p31noticias.com.br\/#website","url":"https:\/\/www.p31noticias.com.br\/","name":"P31","description":"NOT\u00cdCIAS","potentialAction":[{"@type":"SearchAction","target":{"@type":"EntryPoint","urlTemplate":"https:\/\/www.p31noticias.com.br\/?s={search_term_string}"},"query-input":{"@type":"PropertyValueSpecification","valueRequired":true,"valueName":"search_term_string"}}],"inLanguage":"pt-BR"},{"@type":"Person","@id":"https:\/\/www.p31noticias.com.br\/#\/schema\/person\/95f2ece30e3b4132065b915150cd0f94","name":"Gon\u00e7alves Junior","image":{"@type":"ImageObject","inLanguage":"pt-BR","@id":"https:\/\/secure.gravatar.com\/avatar\/6711f350116a89762687a48d66f723c799e5438a5b7578508d4294cd7a5d0800?s=96&d=mm&r=g","url":"https:\/\/secure.gravatar.com\/avatar\/6711f350116a89762687a48d66f723c799e5438a5b7578508d4294cd7a5d0800?s=96&d=mm&r=g","contentUrl":"https:\/\/secure.gravatar.com\/avatar\/6711f350116a89762687a48d66f723c799e5438a5b7578508d4294cd7a5d0800?s=96&d=mm&r=g","caption":"Gon\u00e7alves Junior"},"url":"https:\/\/www.p31noticias.com.br\/?author=2"}]}},"amp_enabled":true,"_links":{"self":[{"href":"https:\/\/www.p31noticias.com.br\/index.php?rest_route=\/wp\/v2\/posts\/26081","targetHints":{"allow":["GET"]}}],"collection":[{"href":"https:\/\/www.p31noticias.com.br\/index.php?rest_route=\/wp\/v2\/posts"}],"about":[{"href":"https:\/\/www.p31noticias.com.br\/index.php?rest_route=\/wp\/v2\/types\/post"}],"author":[{"embeddable":true,"href":"https:\/\/www.p31noticias.com.br\/index.php?rest_route=\/wp\/v2\/users\/2"}],"replies":[{"embeddable":true,"href":"https:\/\/www.p31noticias.com.br\/index.php?rest_route=%2Fwp%2Fv2%2Fcomments&post=26081"}],"version-history":[{"count":1,"href":"https:\/\/www.p31noticias.com.br\/index.php?rest_route=\/wp\/v2\/posts\/26081\/revisions"}],"predecessor-version":[{"id":26083,"href":"https:\/\/www.p31noticias.com.br\/index.php?rest_route=\/wp\/v2\/posts\/26081\/revisions\/26083"}],"wp:featuredmedia":[{"embeddable":true,"href":"https:\/\/www.p31noticias.com.br\/index.php?rest_route=\/wp\/v2\/media\/26082"}],"wp:attachment":[{"href":"https:\/\/www.p31noticias.com.br\/index.php?rest_route=%2Fwp%2Fv2%2Fmedia&parent=26081"}],"wp:term":[{"taxonomy":"category","embeddable":true,"href":"https:\/\/www.p31noticias.com.br\/index.php?rest_route=%2Fwp%2Fv2%2Fcategories&post=26081"},{"taxonomy":"post_tag","embeddable":true,"href":"https:\/\/www.p31noticias.com.br\/index.php?rest_route=%2Fwp%2Fv2%2Ftags&post=26081"}],"curies":[{"name":"wp","href":"https:\/\/api.w.org\/{rel}","templated":true}]}}