{"id":26071,"date":"2022-05-17T08:22:59","date_gmt":"2022-05-17T11:22:59","guid":{"rendered":"https:\/\/p31noticias.com.br\/?p=26071"},"modified":"2022-05-17T08:23:15","modified_gmt":"2022-05-17T11:23:15","slug":"tj-rj-arquiva-denuncia-contra-flavio-bolsonaro-por-supostas-rachadinhas","status":"publish","type":"post","link":"https:\/\/www.p31noticias.com.br\/?p=26071","title":{"rendered":"TJ-RJ arquiva den\u00fancia contra Fl\u00e1vio Bolsonaro por supostas rachadinhas."},"content":{"rendered":"<p style=\"text-align: justify;\"><em><strong>Minist\u00e9rio P\u00fablico carioca havia solicitado arquivamento na semana passada, ap\u00f3s grande parte das provas serem anuladas.<\/strong><\/em><\/p>\n<p style=\"text-align: justify;\">O \u00d3rg\u00e3o Especial do\u00a0<strong><a href=\"https:\/\/jovempan.com.br\/tag\/tribunal-de-justica-do-rio-de-janeiro\">Tribunal de Justi\u00e7a do Rio de Janeiro<\/a><\/strong>\u00a0(TJ-RJ) decidiu nesta segunda, 16, arquivar a den\u00fancia contra o senador\u00a0<strong><a href=\"https:\/\/jovempan.com.br\/tag\/flavio-bolsonaro\">Fl\u00e1vio Bolsonaro<\/a><\/strong>\u00a0(PL-RJ) no caso das \u2018<strong><a href=\"https:\/\/jovempan.com.br\/tag\/rachadinhas\">rachadinhas<\/a><\/strong>\u2018 no gabinete do parlamentar quando ainda era deputado estadual. O TJ atende a\u00a0<a href=\"https:\/\/jovempan.com.br\/noticias\/politica\/mp-rj-pede-anulacao-de-denuncia-contra-flavio-bolsonaro-por-suposta-rachadinha.html\">pedido do Minist\u00e9rio P\u00fablico do Rio de Janeiro (MP-RJ)<\/a>, feito na \u00faltima sexta, 13. O MP considerou que n\u00e3o era poss\u00edvel prosseguir com a den\u00fancia ap\u00f3s a maior parte das provas ser anulada pelo Superior Tribunal de Justi\u00e7a (STJ). A corte considerou que Fl\u00e1vio tinha direito ao foro privilegiado como deputado estadual, portanto, o processo deveria ter corrido no \u00d3rg\u00e3o Especial do TJ-RJ, n\u00e3o em uma vara criminal do TJ-RJ. Com isso, ficaram anuladas decis\u00f5es do juiz Fl\u00e1vio Itabaiana, do TJ-RJ, que quebravam o sigilo fiscal e banc\u00e1rio dos envolvidos e outras provas obtidas a partir de autoriza\u00e7\u00f5es do magistrado.<\/p>\n<p style=\"text-align: justify;\">Contudo, h\u00e1 documentos importantes que permanecem v\u00e1lidos, como o relat\u00f3rio do Conselho de Controle de Atividades Financeiras (Coaf) que foi o ponto de partida para a investiga\u00e7\u00e3o. Assim, o MP poder\u00e1 reabrir a investiga\u00e7\u00e3o, como o procurador-geral do Estado Luciano Mattos havia defendido em sua peti\u00e7\u00e3o ao TJ na sexta. \u201cSeu acolhimento [do pedido do MP] n\u00e3o ir\u00e1 impedir ajuizamento de nova den\u00fancia, desde que lastreada de novas provas\u201d, afirmou em seu voto a desembargadora Maria Augusta Vaz Monteiro de Figueiredo, relatora do caso. \u201cN\u00e3o impede o MP reiniciar a investiga\u00e7\u00e3o com novos elementos de informa\u00e7\u00e3o e oferecer uma nova den\u00fancia\u201d, afirmou o desembargador Marcus Henrique Pinto Bas\u00edlio. No entanto, uma nova den\u00fancia deve ser alvo de recursos das defesas.\u00a0No caso, Fl\u00e1vio, que tamb\u00e9m \u00e9 filho do presidente Jair Bolsonaro (PL), \u00e9 acusado de se apossar de parte dos sal\u00e1rios dos funcion\u00e1rios do gabinete atrav\u00e9s de movimenta\u00e7\u00f5es em contas banc\u00e1rias feitas por Fabr\u00edcio Queiroz, modalidade de corrup\u00e7\u00e3o costumeiramente conhecida como \u201crachadinha\u201d. O senador iria responder por organiza\u00e7\u00e3o criminosa, peculato, lavagem de dinheiro e apropria\u00e7\u00e3o ind\u00e9bita.<\/p>\n<p style=\"text-align: justify;\">JP NEWS<\/p>\n","protected":false},"excerpt":{"rendered":"<p>Minist\u00e9rio P\u00fablico carioca havia solicitado arquivamento na semana passada, ap\u00f3s grande parte das provas serem anuladas. O \u00d3rg\u00e3o Especial do\u00a0Tribunal de Justi\u00e7a do Rio de Janeiro\u00a0(TJ-RJ) decidiu nesta segunda, 16, arquivar a den\u00fancia contra o senador\u00a0Fl\u00e1vio Bolsonaro\u00a0(PL-RJ) no caso das \u2018rachadinhas\u2018 no gabinete do parlamentar quando ainda era deputado estadual. O TJ atende a\u00a0pedido do [&hellip;]<\/p>\n","protected":false},"author":2,"featured_media":26072,"comment_status":"open","ping_status":"open","sticky":false,"template":"","format":"standard","meta":{"footnotes":""},"categories":[57],"tags":[],"class_list":{"0":"post-26071","1":"post","2":"type-post","3":"status-publish","4":"format-standard","5":"has-post-thumbnail","7":"category-politica"},"yoast_head":"<!-- This site is optimized with the Yoast SEO Premium plugin v24.5 (Yoast SEO v27.5) - https:\/\/yoast.com\/product\/yoast-seo-premium-wordpress\/ -->\n<title>TJ-RJ arquiva den\u00fancia contra Fl\u00e1vio Bolsonaro por supostas rachadinhas. - P31<\/title>\n<meta name=\"robots\" content=\"index, follow, max-snippet:-1, max-image-preview:large, max-video-preview:-1\" \/>\n<link rel=\"canonical\" href=\"https:\/\/www.p31noticias.com.br\/?p=26071\" \/>\n<meta property=\"og:locale\" content=\"pt_BR\" \/>\n<meta property=\"og:type\" content=\"article\" \/>\n<meta property=\"og:title\" content=\"TJ-RJ arquiva den\u00fancia contra Fl\u00e1vio Bolsonaro por supostas rachadinhas.\" \/>\n<meta property=\"og:description\" content=\"Minist\u00e9rio P\u00fablico carioca havia solicitado arquivamento na semana passada, ap\u00f3s grande parte das provas serem anuladas. O \u00d3rg\u00e3o Especial do\u00a0Tribunal de Justi\u00e7a do Rio de Janeiro\u00a0(TJ-RJ) decidiu nesta segunda, 16, arquivar a den\u00fancia contra o senador\u00a0Fl\u00e1vio Bolsonaro\u00a0(PL-RJ) no caso das \u2018rachadinhas\u2018 no gabinete do parlamentar quando ainda era deputado estadual. O TJ atende a\u00a0pedido do [&hellip;]\" \/>\n<meta property=\"og:url\" content=\"https:\/\/www.p31noticias.com.br\/?p=26071\" \/>\n<meta property=\"og:site_name\" content=\"P31\" \/>\n<meta property=\"article:published_time\" content=\"2022-05-17T11:22:59+00:00\" \/>\n<meta property=\"article:modified_time\" content=\"2022-05-17T11:23:15+00:00\" \/>\n<meta property=\"og:image\" content=\"https:\/\/www.p31noticias.com.br\/wp-content\/uploads\/2022\/05\/flavio-bolsonaro-e-atual-senador-da-republica-pelo-republicanos-rj.webp\" \/>\n\t<meta property=\"og:image:width\" content=\"1400\" \/>\n\t<meta property=\"og:image:height\" content=\"934\" \/>\n\t<meta property=\"og:image:type\" content=\"image\/webp\" \/>\n<meta name=\"author\" content=\"Gon\u00e7alves Junior\" \/>\n<meta name=\"twitter:card\" content=\"summary_large_image\" \/>\n<meta name=\"twitter:label1\" content=\"Escrito por\" \/>\n\t<meta name=\"twitter:data1\" content=\"Gon\u00e7alves Junior\" \/>\n\t<meta name=\"twitter:label2\" content=\"Est. tempo de leitura\" \/>\n\t<meta name=\"twitter:data2\" content=\"2 minutos\" \/>\n<script type=\"application\/ld+json\" class=\"yoast-schema-graph\">{\"@context\":\"https:\\\/\\\/schema.org\",\"@graph\":[{\"@type\":\"Article\",\"@id\":\"https:\\\/\\\/www.p31noticias.com.br\\\/?p=26071#article\",\"isPartOf\":{\"@id\":\"https:\\\/\\\/www.p31noticias.com.br\\\/?p=26071\"},\"author\":{\"name\":\"Gon\u00e7alves Junior\",\"@id\":\"https:\\\/\\\/www.p31noticias.com.br\\\/#\\\/schema\\\/person\\\/95f2ece30e3b4132065b915150cd0f94\"},\"headline\":\"TJ-RJ arquiva den\u00fancia contra Fl\u00e1vio Bolsonaro por supostas rachadinhas.\",\"datePublished\":\"2022-05-17T11:22:59+00:00\",\"dateModified\":\"2022-05-17T11:23:15+00:00\",\"mainEntityOfPage\":{\"@id\":\"https:\\\/\\\/www.p31noticias.com.br\\\/?p=26071\"},\"wordCount\":389,\"commentCount\":0,\"image\":{\"@id\":\"https:\\\/\\\/www.p31noticias.com.br\\\/?p=26071#primaryimage\"},\"thumbnailUrl\":\"https:\\\/\\\/www.p31noticias.com.br\\\/wp-content\\\/uploads\\\/2022\\\/05\\\/flavio-bolsonaro-e-atual-senador-da-republica-pelo-republicanos-rj.webp\",\"articleSection\":[\"Pol\u00edtica\"],\"inLanguage\":\"pt-BR\",\"potentialAction\":[{\"@type\":\"CommentAction\",\"name\":\"Comment\",\"target\":[\"https:\\\/\\\/www.p31noticias.com.br\\\/?p=26071#respond\"]}],\"copyrightYear\":\"2022\",\"copyrightHolder\":{\"@id\":\"https:\\\/\\\/www.p31noticias.com.br\\\/#organization\"}},{\"@type\":\"WebPage\",\"@id\":\"https:\\\/\\\/www.p31noticias.com.br\\\/?p=26071\",\"url\":\"https:\\\/\\\/www.p31noticias.com.br\\\/?p=26071\",\"name\":\"TJ-RJ arquiva den\u00fancia contra Fl\u00e1vio Bolsonaro por supostas rachadinhas. - P31\",\"isPartOf\":{\"@id\":\"https:\\\/\\\/www.p31noticias.com.br\\\/#website\"},\"primaryImageOfPage\":{\"@id\":\"https:\\\/\\\/www.p31noticias.com.br\\\/?p=26071#primaryimage\"},\"image\":{\"@id\":\"https:\\\/\\\/www.p31noticias.com.br\\\/?p=26071#primaryimage\"},\"thumbnailUrl\":\"https:\\\/\\\/www.p31noticias.com.br\\\/wp-content\\\/uploads\\\/2022\\\/05\\\/flavio-bolsonaro-e-atual-senador-da-republica-pelo-republicanos-rj.webp\",\"datePublished\":\"2022-05-17T11:22:59+00:00\",\"dateModified\":\"2022-05-17T11:23:15+00:00\",\"author\":{\"@id\":\"https:\\\/\\\/www.p31noticias.com.br\\\/#\\\/schema\\\/person\\\/95f2ece30e3b4132065b915150cd0f94\"},\"breadcrumb\":{\"@id\":\"https:\\\/\\\/www.p31noticias.com.br\\\/?p=26071#breadcrumb\"},\"inLanguage\":\"pt-BR\",\"potentialAction\":[{\"@type\":\"ReadAction\",\"target\":[\"https:\\\/\\\/www.p31noticias.com.br\\\/?p=26071\"]}]},{\"@type\":\"ImageObject\",\"inLanguage\":\"pt-BR\",\"@id\":\"https:\\\/\\\/www.p31noticias.com.br\\\/?p=26071#primaryimage\",\"url\":\"https:\\\/\\\/www.p31noticias.com.br\\\/wp-content\\\/uploads\\\/2022\\\/05\\\/flavio-bolsonaro-e-atual-senador-da-republica-pelo-republicanos-rj.webp\",\"contentUrl\":\"https:\\\/\\\/www.p31noticias.com.br\\\/wp-content\\\/uploads\\\/2022\\\/05\\\/flavio-bolsonaro-e-atual-senador-da-republica-pelo-republicanos-rj.webp\",\"width\":1400,\"height\":934},{\"@type\":\"BreadcrumbList\",\"@id\":\"https:\\\/\\\/www.p31noticias.com.br\\\/?p=26071#breadcrumb\",\"itemListElement\":[{\"@type\":\"ListItem\",\"position\":1,\"name\":\"In\u00edcio\",\"item\":\"https:\\\/\\\/www.p31noticias.com.br\\\/\"},{\"@type\":\"ListItem\",\"position\":2,\"name\":\"TJ-RJ arquiva den\u00fancia contra Fl\u00e1vio Bolsonaro por supostas rachadinhas.\"}]},{\"@type\":\"WebSite\",\"@id\":\"https:\\\/\\\/www.p31noticias.com.br\\\/#website\",\"url\":\"https:\\\/\\\/www.p31noticias.com.br\\\/\",\"name\":\"P31\",\"description\":\"NOT\u00cdCIAS\",\"potentialAction\":[{\"@type\":\"SearchAction\",\"target\":{\"@type\":\"EntryPoint\",\"urlTemplate\":\"https:\\\/\\\/www.p31noticias.com.br\\\/?s={search_term_string}\"},\"query-input\":{\"@type\":\"PropertyValueSpecification\",\"valueRequired\":true,\"valueName\":\"search_term_string\"}}],\"inLanguage\":\"pt-BR\"},{\"@type\":\"Person\",\"@id\":\"https:\\\/\\\/www.p31noticias.com.br\\\/#\\\/schema\\\/person\\\/95f2ece30e3b4132065b915150cd0f94\",\"name\":\"Gon\u00e7alves Junior\",\"image\":{\"@type\":\"ImageObject\",\"inLanguage\":\"pt-BR\",\"@id\":\"https:\\\/\\\/secure.gravatar.com\\\/avatar\\\/6711f350116a89762687a48d66f723c799e5438a5b7578508d4294cd7a5d0800?s=96&d=mm&r=g\",\"url\":\"https:\\\/\\\/secure.gravatar.com\\\/avatar\\\/6711f350116a89762687a48d66f723c799e5438a5b7578508d4294cd7a5d0800?s=96&d=mm&r=g\",\"contentUrl\":\"https:\\\/\\\/secure.gravatar.com\\\/avatar\\\/6711f350116a89762687a48d66f723c799e5438a5b7578508d4294cd7a5d0800?s=96&d=mm&r=g\",\"caption\":\"Gon\u00e7alves Junior\"},\"url\":\"https:\\\/\\\/www.p31noticias.com.br\\\/?author=2\"}]}<\/script>\n<!-- \/ Yoast SEO Premium plugin. -->","yoast_head_json":{"title":"TJ-RJ arquiva den\u00fancia contra Fl\u00e1vio Bolsonaro por supostas rachadinhas. - P31","robots":{"index":"index","follow":"follow","max-snippet":"max-snippet:-1","max-image-preview":"max-image-preview:large","max-video-preview":"max-video-preview:-1"},"canonical":"https:\/\/www.p31noticias.com.br\/?p=26071","og_locale":"pt_BR","og_type":"article","og_title":"TJ-RJ arquiva den\u00fancia contra Fl\u00e1vio Bolsonaro por supostas rachadinhas.","og_description":"Minist\u00e9rio P\u00fablico carioca havia solicitado arquivamento na semana passada, ap\u00f3s grande parte das provas serem anuladas. O \u00d3rg\u00e3o Especial do\u00a0Tribunal de Justi\u00e7a do Rio de Janeiro\u00a0(TJ-RJ) decidiu nesta segunda, 16, arquivar a den\u00fancia contra o senador\u00a0Fl\u00e1vio Bolsonaro\u00a0(PL-RJ) no caso das \u2018rachadinhas\u2018 no gabinete do parlamentar quando ainda era deputado estadual. O TJ atende a\u00a0pedido do [&hellip;]","og_url":"https:\/\/www.p31noticias.com.br\/?p=26071","og_site_name":"P31","article_published_time":"2022-05-17T11:22:59+00:00","article_modified_time":"2022-05-17T11:23:15+00:00","og_image":[{"width":1400,"height":934,"url":"https:\/\/www.p31noticias.com.br\/wp-content\/uploads\/2022\/05\/flavio-bolsonaro-e-atual-senador-da-republica-pelo-republicanos-rj.webp","type":"image\/webp"}],"author":"Gon\u00e7alves Junior","twitter_card":"summary_large_image","twitter_misc":{"Escrito por":"Gon\u00e7alves Junior","Est. tempo de leitura":"2 minutos"},"schema":{"@context":"https:\/\/schema.org","@graph":[{"@type":"Article","@id":"https:\/\/www.p31noticias.com.br\/?p=26071#article","isPartOf":{"@id":"https:\/\/www.p31noticias.com.br\/?p=26071"},"author":{"name":"Gon\u00e7alves Junior","@id":"https:\/\/www.p31noticias.com.br\/#\/schema\/person\/95f2ece30e3b4132065b915150cd0f94"},"headline":"TJ-RJ arquiva den\u00fancia contra Fl\u00e1vio Bolsonaro por supostas rachadinhas.","datePublished":"2022-05-17T11:22:59+00:00","dateModified":"2022-05-17T11:23:15+00:00","mainEntityOfPage":{"@id":"https:\/\/www.p31noticias.com.br\/?p=26071"},"wordCount":389,"commentCount":0,"image":{"@id":"https:\/\/www.p31noticias.com.br\/?p=26071#primaryimage"},"thumbnailUrl":"https:\/\/www.p31noticias.com.br\/wp-content\/uploads\/2022\/05\/flavio-bolsonaro-e-atual-senador-da-republica-pelo-republicanos-rj.webp","articleSection":["Pol\u00edtica"],"inLanguage":"pt-BR","potentialAction":[{"@type":"CommentAction","name":"Comment","target":["https:\/\/www.p31noticias.com.br\/?p=26071#respond"]}],"copyrightYear":"2022","copyrightHolder":{"@id":"https:\/\/www.p31noticias.com.br\/#organization"}},{"@type":"WebPage","@id":"https:\/\/www.p31noticias.com.br\/?p=26071","url":"https:\/\/www.p31noticias.com.br\/?p=26071","name":"TJ-RJ arquiva den\u00fancia contra Fl\u00e1vio Bolsonaro por supostas rachadinhas. - P31","isPartOf":{"@id":"https:\/\/www.p31noticias.com.br\/#website"},"primaryImageOfPage":{"@id":"https:\/\/www.p31noticias.com.br\/?p=26071#primaryimage"},"image":{"@id":"https:\/\/www.p31noticias.com.br\/?p=26071#primaryimage"},"thumbnailUrl":"https:\/\/www.p31noticias.com.br\/wp-content\/uploads\/2022\/05\/flavio-bolsonaro-e-atual-senador-da-republica-pelo-republicanos-rj.webp","datePublished":"2022-05-17T11:22:59+00:00","dateModified":"2022-05-17T11:23:15+00:00","author":{"@id":"https:\/\/www.p31noticias.com.br\/#\/schema\/person\/95f2ece30e3b4132065b915150cd0f94"},"breadcrumb":{"@id":"https:\/\/www.p31noticias.com.br\/?p=26071#breadcrumb"},"inLanguage":"pt-BR","potentialAction":[{"@type":"ReadAction","target":["https:\/\/www.p31noticias.com.br\/?p=26071"]}]},{"@type":"ImageObject","inLanguage":"pt-BR","@id":"https:\/\/www.p31noticias.com.br\/?p=26071#primaryimage","url":"https:\/\/www.p31noticias.com.br\/wp-content\/uploads\/2022\/05\/flavio-bolsonaro-e-atual-senador-da-republica-pelo-republicanos-rj.webp","contentUrl":"https:\/\/www.p31noticias.com.br\/wp-content\/uploads\/2022\/05\/flavio-bolsonaro-e-atual-senador-da-republica-pelo-republicanos-rj.webp","width":1400,"height":934},{"@type":"BreadcrumbList","@id":"https:\/\/www.p31noticias.com.br\/?p=26071#breadcrumb","itemListElement":[{"@type":"ListItem","position":1,"name":"In\u00edcio","item":"https:\/\/www.p31noticias.com.br\/"},{"@type":"ListItem","position":2,"name":"TJ-RJ arquiva den\u00fancia contra Fl\u00e1vio Bolsonaro por supostas rachadinhas."}]},{"@type":"WebSite","@id":"https:\/\/www.p31noticias.com.br\/#website","url":"https:\/\/www.p31noticias.com.br\/","name":"P31","description":"NOT\u00cdCIAS","potentialAction":[{"@type":"SearchAction","target":{"@type":"EntryPoint","urlTemplate":"https:\/\/www.p31noticias.com.br\/?s={search_term_string}"},"query-input":{"@type":"PropertyValueSpecification","valueRequired":true,"valueName":"search_term_string"}}],"inLanguage":"pt-BR"},{"@type":"Person","@id":"https:\/\/www.p31noticias.com.br\/#\/schema\/person\/95f2ece30e3b4132065b915150cd0f94","name":"Gon\u00e7alves Junior","image":{"@type":"ImageObject","inLanguage":"pt-BR","@id":"https:\/\/secure.gravatar.com\/avatar\/6711f350116a89762687a48d66f723c799e5438a5b7578508d4294cd7a5d0800?s=96&d=mm&r=g","url":"https:\/\/secure.gravatar.com\/avatar\/6711f350116a89762687a48d66f723c799e5438a5b7578508d4294cd7a5d0800?s=96&d=mm&r=g","contentUrl":"https:\/\/secure.gravatar.com\/avatar\/6711f350116a89762687a48d66f723c799e5438a5b7578508d4294cd7a5d0800?s=96&d=mm&r=g","caption":"Gon\u00e7alves Junior"},"url":"https:\/\/www.p31noticias.com.br\/?author=2"}]}},"amp_enabled":true,"_links":{"self":[{"href":"https:\/\/www.p31noticias.com.br\/index.php?rest_route=\/wp\/v2\/posts\/26071","targetHints":{"allow":["GET"]}}],"collection":[{"href":"https:\/\/www.p31noticias.com.br\/index.php?rest_route=\/wp\/v2\/posts"}],"about":[{"href":"https:\/\/www.p31noticias.com.br\/index.php?rest_route=\/wp\/v2\/types\/post"}],"author":[{"embeddable":true,"href":"https:\/\/www.p31noticias.com.br\/index.php?rest_route=\/wp\/v2\/users\/2"}],"replies":[{"embeddable":true,"href":"https:\/\/www.p31noticias.com.br\/index.php?rest_route=%2Fwp%2Fv2%2Fcomments&post=26071"}],"version-history":[{"count":1,"href":"https:\/\/www.p31noticias.com.br\/index.php?rest_route=\/wp\/v2\/posts\/26071\/revisions"}],"predecessor-version":[{"id":26073,"href":"https:\/\/www.p31noticias.com.br\/index.php?rest_route=\/wp\/v2\/posts\/26071\/revisions\/26073"}],"wp:featuredmedia":[{"embeddable":true,"href":"https:\/\/www.p31noticias.com.br\/index.php?rest_route=\/wp\/v2\/media\/26072"}],"wp:attachment":[{"href":"https:\/\/www.p31noticias.com.br\/index.php?rest_route=%2Fwp%2Fv2%2Fmedia&parent=26071"}],"wp:term":[{"taxonomy":"category","embeddable":true,"href":"https:\/\/www.p31noticias.com.br\/index.php?rest_route=%2Fwp%2Fv2%2Fcategories&post=26071"},{"taxonomy":"post_tag","embeddable":true,"href":"https:\/\/www.p31noticias.com.br\/index.php?rest_route=%2Fwp%2Fv2%2Ftags&post=26071"}],"curies":[{"name":"wp","href":"https:\/\/api.w.org\/{rel}","templated":true}]}}