{"id":26065,"date":"2022-05-17T08:17:34","date_gmt":"2022-05-17T11:17:34","guid":{"rendered":"https:\/\/p31noticias.com.br\/?p=26065"},"modified":"2022-05-17T08:20:31","modified_gmt":"2022-05-17T11:20:31","slug":"prazo-de-inscricao-para-a-2a-etapa-do-revalida-2022-acaba-hoje","status":"publish","type":"post","link":"https:\/\/www.p31noticias.com.br\/?p=26065","title":{"rendered":"Prazo de inscri\u00e7\u00e3o para a 2\u00aa etapa do Revalida 2022 acaba hoje."},"content":{"rendered":"<h3 class=\"col-10 offset-1 animated fadeInDown dealy-900 display-8 display-md-8 alt-font font-italic my-1 text-center\" style=\"text-align: justify;\"><em><strong>Pagamento da taxa poder\u00e1 ser feito at\u00e9 o dia 20.<\/strong><\/em><\/h3>\n<p style=\"text-align: justify;\">Hoje \u00e9 o \u00faltimo dia para inscri\u00e7\u00f5es na segunda etapa do Exame Nacional de Revalida\u00e7\u00e3o de Diplomas M\u00e9dicos Expedidos por Institui\u00e7\u00f5es de Educa\u00e7\u00e3o Superior Estrangeira (Revalida) 2022. Os interessados devem se inscrever por meio do\u00a0<a href=\"http:\/\/revalida.inep.gov.br\/revalida\/#error=login_required&amp;state=c3cecec9-47e3-4ce1-8395-b386d90e9d30\" target=\"_blank\" rel=\"noopener\">Sistema Revalida<\/a>. O pagamento da taxa poder\u00e1 ser feito at\u00e9 o dia 20 pr\u00f3ximo.<img decoding=\"async\" src=\"https:\/\/agenciabrasil.ebc.com.br\/ebc.png?id=1460033&amp;o=node\" \/><img decoding=\"async\" src=\"https:\/\/agenciabrasil.ebc.com.br\/ebc.gif?id=1460033&amp;o=node\" \/><\/p>\n<h2 style=\"text-align: justify;\">Provas<\/h2>\n<p style=\"text-align: justify;\">A prova de habilidades cl\u00ednicas ser\u00e1 aplicada nos dias 25 e 26 de junho. Os locais de aplica\u00e7\u00e3o e a quantidade de vagas dispon\u00edveis ser\u00e3o informados ao participante tamb\u00e9m por meio do sistema do exame, no momento da inscri\u00e7\u00e3o.<\/p>\n<p style=\"text-align: justify;\">O Instituto Nacional de Estudos e Pesquisas Educacionais An\u00edsio Teixeira (Inep) destaca que, se o limite de uma determinada cidade for atingido, o sistema desabilitar\u00e1 a op\u00e7\u00e3o pelo local. Dessa forma, o interessado dever\u00e1 optar por outro lugar de prefer\u00eancia, conforme disponibilidade de vagas.<\/p>\n<p style=\"text-align: justify;\">Como previsto em edital, para a garantia das condi\u00e7\u00f5es log\u00edsticas e de seguran\u00e7a do exame, o Inep poder\u00e1 acrescentar, suprimir ou substituir cidades de aplica\u00e7\u00e3o. Caso isso ocorra, o participante ser\u00e1 realocado para uma cidade pr\u00f3xima que possua a estrutura e os requisitos adequados.\u00a0Durante o per\u00edodo de inscri\u00e7\u00e3o, os interessados tamb\u00e9m poder\u00e3o solicitar atendimento especializado.<\/p>\n<h2 style=\"text-align: justify;\">Revalida<\/h2>\n<p style=\"text-align: justify;\">Aplicado pelo Inep desde 2011, o objetivo\u00a0do Revalida\u00a0\u00e9 avaliar habilidades, compet\u00eancias e conhecimentos necess\u00e1rios para o exerc\u00edcio profissional adequado aos princ\u00edpios e necessidades do Sistema \u00danico de Sa\u00fade (SUS). O ato de apostilamento da revalida\u00e7\u00e3o do diploma \u00e9 atribui\u00e7\u00e3o das universidades p\u00fablicas que aderirem ao instrumento unificado de avalia\u00e7\u00e3o representado pelo Revalida.<\/p>\n<p>Ag\u00eancia Brasil.<\/p>\n","protected":false},"excerpt":{"rendered":"<p>Pagamento da taxa poder\u00e1 ser feito at\u00e9 o dia 20. Hoje \u00e9 o \u00faltimo dia para inscri\u00e7\u00f5es na segunda etapa do Exame Nacional de Revalida\u00e7\u00e3o de Diplomas M\u00e9dicos Expedidos por Institui\u00e7\u00f5es de Educa\u00e7\u00e3o Superior Estrangeira (Revalida) 2022. Os interessados devem se inscrever por meio do\u00a0Sistema Revalida. O pagamento da taxa poder\u00e1 ser feito at\u00e9 o [&hellip;]<\/p>\n","protected":false},"author":2,"featured_media":26066,"comment_status":"open","ping_status":"open","sticky":false,"template":"","format":"standard","meta":{"footnotes":""},"categories":[68],"tags":[],"class_list":{"0":"post-26065","1":"post","2":"type-post","3":"status-publish","4":"format-standard","5":"has-post-thumbnail","7":"category-brasil"},"yoast_head":"<!-- This site is optimized with the Yoast SEO Premium plugin v24.5 (Yoast SEO v27.5) - https:\/\/yoast.com\/product\/yoast-seo-premium-wordpress\/ -->\n<title>Prazo de inscri\u00e7\u00e3o para a 2\u00aa etapa do Revalida 2022 acaba hoje. - P31<\/title>\n<meta name=\"robots\" content=\"index, follow, max-snippet:-1, max-image-preview:large, max-video-preview:-1\" \/>\n<link rel=\"canonical\" href=\"https:\/\/www.p31noticias.com.br\/?p=26065\" \/>\n<meta property=\"og:locale\" content=\"pt_BR\" \/>\n<meta property=\"og:type\" content=\"article\" \/>\n<meta property=\"og:title\" content=\"Prazo de inscri\u00e7\u00e3o para a 2\u00aa etapa do Revalida 2022 acaba hoje.\" \/>\n<meta property=\"og:description\" content=\"Pagamento da taxa poder\u00e1 ser feito at\u00e9 o dia 20. Hoje \u00e9 o \u00faltimo dia para inscri\u00e7\u00f5es na segunda etapa do Exame Nacional de Revalida\u00e7\u00e3o de Diplomas M\u00e9dicos Expedidos por Institui\u00e7\u00f5es de Educa\u00e7\u00e3o Superior Estrangeira (Revalida) 2022. Os interessados devem se inscrever por meio do\u00a0Sistema Revalida. O pagamento da taxa poder\u00e1 ser feito at\u00e9 o [&hellip;]\" \/>\n<meta property=\"og:url\" content=\"https:\/\/www.p31noticias.com.br\/?p=26065\" \/>\n<meta property=\"og:site_name\" content=\"P31\" \/>\n<meta property=\"article:published_time\" content=\"2022-05-17T11:17:34+00:00\" \/>\n<meta property=\"article:modified_time\" content=\"2022-05-17T11:20:31+00:00\" \/>\n<meta property=\"og:image\" content=\"https:\/\/www.p31noticias.com.br\/wp-content\/uploads\/2022\/05\/revalida_mcamgo_abr_100720211818-1.jpg\" \/>\n\t<meta property=\"og:image:width\" content=\"1170\" \/>\n\t<meta property=\"og:image:height\" content=\"700\" \/>\n\t<meta property=\"og:image:type\" content=\"image\/jpeg\" \/>\n<meta name=\"author\" content=\"Gon\u00e7alves Junior\" \/>\n<meta name=\"twitter:card\" content=\"summary_large_image\" \/>\n<meta name=\"twitter:label1\" content=\"Escrito por\" \/>\n\t<meta name=\"twitter:data1\" content=\"Gon\u00e7alves Junior\" \/>\n\t<meta name=\"twitter:label2\" content=\"Est. tempo de leitura\" \/>\n\t<meta name=\"twitter:data2\" content=\"1 minuto\" \/>\n<script type=\"application\/ld+json\" class=\"yoast-schema-graph\">{\"@context\":\"https:\\\/\\\/schema.org\",\"@graph\":[{\"@type\":\"Article\",\"@id\":\"https:\\\/\\\/www.p31noticias.com.br\\\/?p=26065#article\",\"isPartOf\":{\"@id\":\"https:\\\/\\\/www.p31noticias.com.br\\\/?p=26065\"},\"author\":{\"name\":\"Gon\u00e7alves Junior\",\"@id\":\"https:\\\/\\\/www.p31noticias.com.br\\\/#\\\/schema\\\/person\\\/95f2ece30e3b4132065b915150cd0f94\"},\"headline\":\"Prazo de inscri\u00e7\u00e3o para a 2\u00aa etapa do Revalida 2022 acaba hoje.\",\"datePublished\":\"2022-05-17T11:17:34+00:00\",\"dateModified\":\"2022-05-17T11:20:31+00:00\",\"mainEntityOfPage\":{\"@id\":\"https:\\\/\\\/www.p31noticias.com.br\\\/?p=26065\"},\"wordCount\":292,\"commentCount\":0,\"image\":{\"@id\":\"https:\\\/\\\/www.p31noticias.com.br\\\/?p=26065#primaryimage\"},\"thumbnailUrl\":\"https:\\\/\\\/www.p31noticias.com.br\\\/wp-content\\\/uploads\\\/2022\\\/05\\\/revalida_mcamgo_abr_100720211818-1.jpg\",\"articleSection\":[\"Brasil\"],\"inLanguage\":\"pt-BR\",\"potentialAction\":[{\"@type\":\"CommentAction\",\"name\":\"Comment\",\"target\":[\"https:\\\/\\\/www.p31noticias.com.br\\\/?p=26065#respond\"]}],\"copyrightYear\":\"2022\",\"copyrightHolder\":{\"@id\":\"https:\\\/\\\/www.p31noticias.com.br\\\/#organization\"}},{\"@type\":\"WebPage\",\"@id\":\"https:\\\/\\\/www.p31noticias.com.br\\\/?p=26065\",\"url\":\"https:\\\/\\\/www.p31noticias.com.br\\\/?p=26065\",\"name\":\"Prazo de inscri\u00e7\u00e3o para a 2\u00aa etapa do Revalida 2022 acaba hoje. - P31\",\"isPartOf\":{\"@id\":\"https:\\\/\\\/www.p31noticias.com.br\\\/#website\"},\"primaryImageOfPage\":{\"@id\":\"https:\\\/\\\/www.p31noticias.com.br\\\/?p=26065#primaryimage\"},\"image\":{\"@id\":\"https:\\\/\\\/www.p31noticias.com.br\\\/?p=26065#primaryimage\"},\"thumbnailUrl\":\"https:\\\/\\\/www.p31noticias.com.br\\\/wp-content\\\/uploads\\\/2022\\\/05\\\/revalida_mcamgo_abr_100720211818-1.jpg\",\"datePublished\":\"2022-05-17T11:17:34+00:00\",\"dateModified\":\"2022-05-17T11:20:31+00:00\",\"author\":{\"@id\":\"https:\\\/\\\/www.p31noticias.com.br\\\/#\\\/schema\\\/person\\\/95f2ece30e3b4132065b915150cd0f94\"},\"breadcrumb\":{\"@id\":\"https:\\\/\\\/www.p31noticias.com.br\\\/?p=26065#breadcrumb\"},\"inLanguage\":\"pt-BR\",\"potentialAction\":[{\"@type\":\"ReadAction\",\"target\":[\"https:\\\/\\\/www.p31noticias.com.br\\\/?p=26065\"]}]},{\"@type\":\"ImageObject\",\"inLanguage\":\"pt-BR\",\"@id\":\"https:\\\/\\\/www.p31noticias.com.br\\\/?p=26065#primaryimage\",\"url\":\"https:\\\/\\\/www.p31noticias.com.br\\\/wp-content\\\/uploads\\\/2022\\\/05\\\/revalida_mcamgo_abr_100720211818-1.jpg\",\"contentUrl\":\"https:\\\/\\\/www.p31noticias.com.br\\\/wp-content\\\/uploads\\\/2022\\\/05\\\/revalida_mcamgo_abr_100720211818-1.jpg\",\"width\":1170,\"height\":700,\"caption\":\"M\u00e9dicos chegam ao local de prova para a segunda etapa do Exame Nacional de Revalida\u00e7\u00e3o de Diplomas M\u00e9dicos Expedidos por Institui\u00e7\u00e3o de Educa\u00e7\u00e3o Superior Estrangeira (Revalida) 2020, em Bras\u00edlia.\"},{\"@type\":\"BreadcrumbList\",\"@id\":\"https:\\\/\\\/www.p31noticias.com.br\\\/?p=26065#breadcrumb\",\"itemListElement\":[{\"@type\":\"ListItem\",\"position\":1,\"name\":\"In\u00edcio\",\"item\":\"https:\\\/\\\/www.p31noticias.com.br\\\/\"},{\"@type\":\"ListItem\",\"position\":2,\"name\":\"Prazo de inscri\u00e7\u00e3o para a 2\u00aa etapa do Revalida 2022 acaba hoje.\"}]},{\"@type\":\"WebSite\",\"@id\":\"https:\\\/\\\/www.p31noticias.com.br\\\/#website\",\"url\":\"https:\\\/\\\/www.p31noticias.com.br\\\/\",\"name\":\"P31\",\"description\":\"NOT\u00cdCIAS\",\"potentialAction\":[{\"@type\":\"SearchAction\",\"target\":{\"@type\":\"EntryPoint\",\"urlTemplate\":\"https:\\\/\\\/www.p31noticias.com.br\\\/?s={search_term_string}\"},\"query-input\":{\"@type\":\"PropertyValueSpecification\",\"valueRequired\":true,\"valueName\":\"search_term_string\"}}],\"inLanguage\":\"pt-BR\"},{\"@type\":\"Person\",\"@id\":\"https:\\\/\\\/www.p31noticias.com.br\\\/#\\\/schema\\\/person\\\/95f2ece30e3b4132065b915150cd0f94\",\"name\":\"Gon\u00e7alves Junior\",\"image\":{\"@type\":\"ImageObject\",\"inLanguage\":\"pt-BR\",\"@id\":\"https:\\\/\\\/secure.gravatar.com\\\/avatar\\\/6711f350116a89762687a48d66f723c799e5438a5b7578508d4294cd7a5d0800?s=96&d=mm&r=g\",\"url\":\"https:\\\/\\\/secure.gravatar.com\\\/avatar\\\/6711f350116a89762687a48d66f723c799e5438a5b7578508d4294cd7a5d0800?s=96&d=mm&r=g\",\"contentUrl\":\"https:\\\/\\\/secure.gravatar.com\\\/avatar\\\/6711f350116a89762687a48d66f723c799e5438a5b7578508d4294cd7a5d0800?s=96&d=mm&r=g\",\"caption\":\"Gon\u00e7alves Junior\"},\"url\":\"https:\\\/\\\/www.p31noticias.com.br\\\/?author=2\"}]}<\/script>\n<!-- \/ Yoast SEO Premium plugin. -->","yoast_head_json":{"title":"Prazo de inscri\u00e7\u00e3o para a 2\u00aa etapa do Revalida 2022 acaba hoje. - P31","robots":{"index":"index","follow":"follow","max-snippet":"max-snippet:-1","max-image-preview":"max-image-preview:large","max-video-preview":"max-video-preview:-1"},"canonical":"https:\/\/www.p31noticias.com.br\/?p=26065","og_locale":"pt_BR","og_type":"article","og_title":"Prazo de inscri\u00e7\u00e3o para a 2\u00aa etapa do Revalida 2022 acaba hoje.","og_description":"Pagamento da taxa poder\u00e1 ser feito at\u00e9 o dia 20. Hoje \u00e9 o \u00faltimo dia para inscri\u00e7\u00f5es na segunda etapa do Exame Nacional de Revalida\u00e7\u00e3o de Diplomas M\u00e9dicos Expedidos por Institui\u00e7\u00f5es de Educa\u00e7\u00e3o Superior Estrangeira (Revalida) 2022. Os interessados devem se inscrever por meio do\u00a0Sistema Revalida. O pagamento da taxa poder\u00e1 ser feito at\u00e9 o [&hellip;]","og_url":"https:\/\/www.p31noticias.com.br\/?p=26065","og_site_name":"P31","article_published_time":"2022-05-17T11:17:34+00:00","article_modified_time":"2022-05-17T11:20:31+00:00","og_image":[{"width":1170,"height":700,"url":"https:\/\/www.p31noticias.com.br\/wp-content\/uploads\/2022\/05\/revalida_mcamgo_abr_100720211818-1.jpg","type":"image\/jpeg"}],"author":"Gon\u00e7alves Junior","twitter_card":"summary_large_image","twitter_misc":{"Escrito por":"Gon\u00e7alves Junior","Est. tempo de leitura":"1 minuto"},"schema":{"@context":"https:\/\/schema.org","@graph":[{"@type":"Article","@id":"https:\/\/www.p31noticias.com.br\/?p=26065#article","isPartOf":{"@id":"https:\/\/www.p31noticias.com.br\/?p=26065"},"author":{"name":"Gon\u00e7alves Junior","@id":"https:\/\/www.p31noticias.com.br\/#\/schema\/person\/95f2ece30e3b4132065b915150cd0f94"},"headline":"Prazo de inscri\u00e7\u00e3o para a 2\u00aa etapa do Revalida 2022 acaba hoje.","datePublished":"2022-05-17T11:17:34+00:00","dateModified":"2022-05-17T11:20:31+00:00","mainEntityOfPage":{"@id":"https:\/\/www.p31noticias.com.br\/?p=26065"},"wordCount":292,"commentCount":0,"image":{"@id":"https:\/\/www.p31noticias.com.br\/?p=26065#primaryimage"},"thumbnailUrl":"https:\/\/www.p31noticias.com.br\/wp-content\/uploads\/2022\/05\/revalida_mcamgo_abr_100720211818-1.jpg","articleSection":["Brasil"],"inLanguage":"pt-BR","potentialAction":[{"@type":"CommentAction","name":"Comment","target":["https:\/\/www.p31noticias.com.br\/?p=26065#respond"]}],"copyrightYear":"2022","copyrightHolder":{"@id":"https:\/\/www.p31noticias.com.br\/#organization"}},{"@type":"WebPage","@id":"https:\/\/www.p31noticias.com.br\/?p=26065","url":"https:\/\/www.p31noticias.com.br\/?p=26065","name":"Prazo de inscri\u00e7\u00e3o para a 2\u00aa etapa do Revalida 2022 acaba hoje. - P31","isPartOf":{"@id":"https:\/\/www.p31noticias.com.br\/#website"},"primaryImageOfPage":{"@id":"https:\/\/www.p31noticias.com.br\/?p=26065#primaryimage"},"image":{"@id":"https:\/\/www.p31noticias.com.br\/?p=26065#primaryimage"},"thumbnailUrl":"https:\/\/www.p31noticias.com.br\/wp-content\/uploads\/2022\/05\/revalida_mcamgo_abr_100720211818-1.jpg","datePublished":"2022-05-17T11:17:34+00:00","dateModified":"2022-05-17T11:20:31+00:00","author":{"@id":"https:\/\/www.p31noticias.com.br\/#\/schema\/person\/95f2ece30e3b4132065b915150cd0f94"},"breadcrumb":{"@id":"https:\/\/www.p31noticias.com.br\/?p=26065#breadcrumb"},"inLanguage":"pt-BR","potentialAction":[{"@type":"ReadAction","target":["https:\/\/www.p31noticias.com.br\/?p=26065"]}]},{"@type":"ImageObject","inLanguage":"pt-BR","@id":"https:\/\/www.p31noticias.com.br\/?p=26065#primaryimage","url":"https:\/\/www.p31noticias.com.br\/wp-content\/uploads\/2022\/05\/revalida_mcamgo_abr_100720211818-1.jpg","contentUrl":"https:\/\/www.p31noticias.com.br\/wp-content\/uploads\/2022\/05\/revalida_mcamgo_abr_100720211818-1.jpg","width":1170,"height":700,"caption":"M\u00e9dicos chegam ao local de prova para a segunda etapa do Exame Nacional de Revalida\u00e7\u00e3o de Diplomas M\u00e9dicos Expedidos por Institui\u00e7\u00e3o de Educa\u00e7\u00e3o Superior Estrangeira (Revalida) 2020, em Bras\u00edlia."},{"@type":"BreadcrumbList","@id":"https:\/\/www.p31noticias.com.br\/?p=26065#breadcrumb","itemListElement":[{"@type":"ListItem","position":1,"name":"In\u00edcio","item":"https:\/\/www.p31noticias.com.br\/"},{"@type":"ListItem","position":2,"name":"Prazo de inscri\u00e7\u00e3o para a 2\u00aa etapa do Revalida 2022 acaba hoje."}]},{"@type":"WebSite","@id":"https:\/\/www.p31noticias.com.br\/#website","url":"https:\/\/www.p31noticias.com.br\/","name":"P31","description":"NOT\u00cdCIAS","potentialAction":[{"@type":"SearchAction","target":{"@type":"EntryPoint","urlTemplate":"https:\/\/www.p31noticias.com.br\/?s={search_term_string}"},"query-input":{"@type":"PropertyValueSpecification","valueRequired":true,"valueName":"search_term_string"}}],"inLanguage":"pt-BR"},{"@type":"Person","@id":"https:\/\/www.p31noticias.com.br\/#\/schema\/person\/95f2ece30e3b4132065b915150cd0f94","name":"Gon\u00e7alves Junior","image":{"@type":"ImageObject","inLanguage":"pt-BR","@id":"https:\/\/secure.gravatar.com\/avatar\/6711f350116a89762687a48d66f723c799e5438a5b7578508d4294cd7a5d0800?s=96&d=mm&r=g","url":"https:\/\/secure.gravatar.com\/avatar\/6711f350116a89762687a48d66f723c799e5438a5b7578508d4294cd7a5d0800?s=96&d=mm&r=g","contentUrl":"https:\/\/secure.gravatar.com\/avatar\/6711f350116a89762687a48d66f723c799e5438a5b7578508d4294cd7a5d0800?s=96&d=mm&r=g","caption":"Gon\u00e7alves Junior"},"url":"https:\/\/www.p31noticias.com.br\/?author=2"}]}},"amp_enabled":true,"_links":{"self":[{"href":"https:\/\/www.p31noticias.com.br\/index.php?rest_route=\/wp\/v2\/posts\/26065","targetHints":{"allow":["GET"]}}],"collection":[{"href":"https:\/\/www.p31noticias.com.br\/index.php?rest_route=\/wp\/v2\/posts"}],"about":[{"href":"https:\/\/www.p31noticias.com.br\/index.php?rest_route=\/wp\/v2\/types\/post"}],"author":[{"embeddable":true,"href":"https:\/\/www.p31noticias.com.br\/index.php?rest_route=\/wp\/v2\/users\/2"}],"replies":[{"embeddable":true,"href":"https:\/\/www.p31noticias.com.br\/index.php?rest_route=%2Fwp%2Fv2%2Fcomments&post=26065"}],"version-history":[{"count":1,"href":"https:\/\/www.p31noticias.com.br\/index.php?rest_route=\/wp\/v2\/posts\/26065\/revisions"}],"predecessor-version":[{"id":26067,"href":"https:\/\/www.p31noticias.com.br\/index.php?rest_route=\/wp\/v2\/posts\/26065\/revisions\/26067"}],"wp:featuredmedia":[{"embeddable":true,"href":"https:\/\/www.p31noticias.com.br\/index.php?rest_route=\/wp\/v2\/media\/26066"}],"wp:attachment":[{"href":"https:\/\/www.p31noticias.com.br\/index.php?rest_route=%2Fwp%2Fv2%2Fmedia&parent=26065"}],"wp:term":[{"taxonomy":"category","embeddable":true,"href":"https:\/\/www.p31noticias.com.br\/index.php?rest_route=%2Fwp%2Fv2%2Fcategories&post=26065"},{"taxonomy":"post_tag","embeddable":true,"href":"https:\/\/www.p31noticias.com.br\/index.php?rest_route=%2Fwp%2Fv2%2Ftags&post=26065"}],"curies":[{"name":"wp","href":"https:\/\/api.w.org\/{rel}","templated":true}]}}