{"id":26058,"date":"2022-05-11T07:33:39","date_gmt":"2022-05-11T10:33:39","guid":{"rendered":"https:\/\/p31noticias.com.br\/?p=26058"},"modified":"2022-05-11T07:34:04","modified_gmt":"2022-05-11T10:34:04","slug":"apos-trocas-de-partidos-camara-vive-disputa-por-cargos-na-mesa-diretora","status":"publish","type":"post","link":"https:\/\/www.p31noticias.com.br\/?p=26058","title":{"rendered":"Ap\u00f3s trocas de partidos, C\u00e2mara vive disputa por cargos na mesa diretora."},"content":{"rendered":"<p style=\"text-align: justify;\"><em><strong>Ministro Alexandre de Moraes, vice-presidente do Tribunal Superior Eleitoral, concedeu liminar proibindo o Partido Liberal de retirar Marcelo Ramos do cargo ap\u00f3s sa\u00edda da legenda.<\/strong><\/em><\/p>\n<p style=\"text-align: justify;\"><em><strong>Os tr\u00eas deputados da mesa diretora da<a href=\"https:\/\/jovempan.com.br\/tag\/camara-dos-deputados\">\u00a0C\u00e2mara<\/a>\u00a0que mudaram de partido devem perder os cargos.<a href=\"https:\/\/jovempan.com.br\/tag\/marcelo-ramos\">\u00a0Marcelo Ramos<\/a>, atualmente no Partido Socialista Brasileiro (PSB), foi eleito pelo<a href=\"https:\/\/jovempan.com.br\/tag\/partido-liberal\">\u00a0Partido Liberal<\/a>\u00a0(PL); Mar\u00edlia Arraes, no Solidariedade, eleita pelo Partido dos Trabalhadores (PT), e Rose Modesto do Uni\u00e3o Brasil, eleita pelo Partido Social Democracia do Brasil (PSDB). O regimento da Casa determina que o cargo na mesa diretora pertence ao partido. Ou seja, quem troca de legenda perde, automaticamente, a vaga na mesa e em comiss\u00f5es. No entanto, o ministro do Supremo Tribunal Federal, vice-presidente do Tribunal Superior Eleitoral (TSE)<a href=\"https:\/\/jovempan.com.br\/tag\/alexandre-de-moraes\">,\u00a0Alexandre e Moraes<\/a>, concedeu uma liminar que pro\u00edbe o PL de retirar Marcelo Ramos do posto de primeiro vice-presidente da C\u00e2mara. O deputado diz que a sa\u00edda do PL teve anu\u00eancia do presidente do partido, Valdemar da Costa Neto, e afirma estar sofrendo press\u00f5es por membros da sigla e do presidente<a href=\"https:\/\/jovempan.com.br\/tag\/jair-bolsonaro\">\u00a0Jair Bolsonaro<\/a>\u00a0para deixar o cargo. Ele refor\u00e7a que a decis\u00e3o de Alexandre de Moraes garante que o presidente da C\u00e2mara, Arthur Lira, n\u00e3o pode acatar delibera\u00e7\u00f5es que impliquem no afastamento ou substitui\u00e7\u00e3o do deputado.<\/strong><\/em><\/p>\n<p style=\"text-align: justify;\"><em><strong>\u201cEstamos em um pa\u00eds que tem 19 milh\u00f5es de pessoas passando fome, 13 milh\u00f5es de desempregados, o g\u00e1s a R$ 150, as pessoas tendo que escolher comprar o g\u00e1s ou a comida, as pessoas n\u00e3o conseguindo pagar energia, a gasolina aqui em Bras\u00edlia a R$ 7,50 e o presidente preocupado com o meu cargo? Acho que ele deveria se preocupar com coisas mais importantes para o povo brasileiro. A Justi\u00e7a vai decidir, n\u00e3o vou gastar energia com isso\u201d, pontuou. A Procuradoria Geral Eleitoral avalia que o TSE n\u00e3o deve atuar sobre o caso e defende a revoga\u00e7\u00e3o da liminar. Afinal, o tribunal n\u00e3o tem compet\u00eancia para analisar a composi\u00e7\u00e3o de \u00f3rg\u00e3os internos do Congresso Nacional.<\/strong><\/em><\/p>\n<p style=\"text-align: justify;\"><em><strong>JP NEWS.<\/strong><\/em><\/p>\n","protected":false},"excerpt":{"rendered":"<p>Ministro Alexandre de Moraes, vice-presidente do Tribunal Superior Eleitoral, concedeu liminar proibindo o Partido Liberal de retirar Marcelo Ramos do cargo ap\u00f3s sa\u00edda da legenda. Os tr\u00eas deputados da mesa diretora da\u00a0C\u00e2mara\u00a0que mudaram de partido devem perder os cargos.\u00a0Marcelo Ramos, atualmente no Partido Socialista Brasileiro (PSB), foi eleito pelo\u00a0Partido Liberal\u00a0(PL); Mar\u00edlia Arraes, no Solidariedade, eleita [&hellip;]<\/p>\n","protected":false},"author":2,"featured_media":26059,"comment_status":"open","ping_status":"open","sticky":false,"template":"","format":"standard","meta":{"footnotes":""},"categories":[68,57],"tags":[],"class_list":{"0":"post-26058","1":"post","2":"type-post","3":"status-publish","4":"format-standard","5":"has-post-thumbnail","7":"category-brasil","8":"category-politica"},"yoast_head":"<!-- This site is optimized with the Yoast SEO Premium plugin v24.5 (Yoast SEO v27.5) - https:\/\/yoast.com\/product\/yoast-seo-premium-wordpress\/ -->\n<title>Ap\u00f3s trocas de partidos, C\u00e2mara vive disputa por cargos na mesa diretora. - P31<\/title>\n<meta name=\"robots\" content=\"index, follow, max-snippet:-1, max-image-preview:large, max-video-preview:-1\" \/>\n<link rel=\"canonical\" href=\"https:\/\/www.p31noticias.com.br\/?p=26058\" \/>\n<meta property=\"og:locale\" content=\"pt_BR\" \/>\n<meta property=\"og:type\" content=\"article\" \/>\n<meta property=\"og:title\" content=\"Ap\u00f3s trocas de partidos, C\u00e2mara vive disputa por cargos na mesa diretora.\" \/>\n<meta property=\"og:description\" content=\"Ministro Alexandre de Moraes, vice-presidente do Tribunal Superior Eleitoral, concedeu liminar proibindo o Partido Liberal de retirar Marcelo Ramos do cargo ap\u00f3s sa\u00edda da legenda. Os tr\u00eas deputados da mesa diretora da\u00a0C\u00e2mara\u00a0que mudaram de partido devem perder os cargos.\u00a0Marcelo Ramos, atualmente no Partido Socialista Brasileiro (PSB), foi eleito pelo\u00a0Partido Liberal\u00a0(PL); Mar\u00edlia Arraes, no Solidariedade, eleita [&hellip;]\" \/>\n<meta property=\"og:url\" content=\"https:\/\/www.p31noticias.com.br\/?p=26058\" \/>\n<meta property=\"og:site_name\" content=\"P31\" \/>\n<meta property=\"article:published_time\" content=\"2022-05-11T10:33:39+00:00\" \/>\n<meta property=\"article:modified_time\" content=\"2022-05-11T10:34:04+00:00\" \/>\n<meta property=\"og:image\" content=\"https:\/\/www.p31noticias.com.br\/wp-content\/uploads\/2022\/05\/marcelo-ramos-1.webp\" \/>\n\t<meta property=\"og:image:width\" content=\"1000\" \/>\n\t<meta property=\"og:image:height\" content=\"667\" \/>\n\t<meta property=\"og:image:type\" content=\"image\/webp\" \/>\n<meta name=\"author\" content=\"Gon\u00e7alves Junior\" \/>\n<meta name=\"twitter:card\" content=\"summary_large_image\" \/>\n<meta name=\"twitter:label1\" content=\"Escrito por\" \/>\n\t<meta name=\"twitter:data1\" content=\"Gon\u00e7alves Junior\" \/>\n\t<meta name=\"twitter:label2\" content=\"Est. tempo de leitura\" \/>\n\t<meta name=\"twitter:data2\" content=\"2 minutos\" \/>\n<script type=\"application\/ld+json\" class=\"yoast-schema-graph\">{\"@context\":\"https:\\\/\\\/schema.org\",\"@graph\":[{\"@type\":\"Article\",\"@id\":\"https:\\\/\\\/www.p31noticias.com.br\\\/?p=26058#article\",\"isPartOf\":{\"@id\":\"https:\\\/\\\/www.p31noticias.com.br\\\/?p=26058\"},\"author\":{\"name\":\"Gon\u00e7alves Junior\",\"@id\":\"https:\\\/\\\/www.p31noticias.com.br\\\/#\\\/schema\\\/person\\\/95f2ece30e3b4132065b915150cd0f94\"},\"headline\":\"Ap\u00f3s trocas de partidos, C\u00e2mara vive disputa por cargos na mesa diretora.\",\"datePublished\":\"2022-05-11T10:33:39+00:00\",\"dateModified\":\"2022-05-11T10:34:04+00:00\",\"mainEntityOfPage\":{\"@id\":\"https:\\\/\\\/www.p31noticias.com.br\\\/?p=26058\"},\"wordCount\":368,\"commentCount\":0,\"image\":{\"@id\":\"https:\\\/\\\/www.p31noticias.com.br\\\/?p=26058#primaryimage\"},\"thumbnailUrl\":\"https:\\\/\\\/www.p31noticias.com.br\\\/wp-content\\\/uploads\\\/2022\\\/05\\\/marcelo-ramos-1.webp\",\"articleSection\":[\"Brasil\",\"Pol\u00edtica\"],\"inLanguage\":\"pt-BR\",\"potentialAction\":[{\"@type\":\"CommentAction\",\"name\":\"Comment\",\"target\":[\"https:\\\/\\\/www.p31noticias.com.br\\\/?p=26058#respond\"]}],\"copyrightYear\":\"2022\",\"copyrightHolder\":{\"@id\":\"https:\\\/\\\/www.p31noticias.com.br\\\/#organization\"}},{\"@type\":\"WebPage\",\"@id\":\"https:\\\/\\\/www.p31noticias.com.br\\\/?p=26058\",\"url\":\"https:\\\/\\\/www.p31noticias.com.br\\\/?p=26058\",\"name\":\"Ap\u00f3s trocas de partidos, C\u00e2mara vive disputa por cargos na mesa diretora. - P31\",\"isPartOf\":{\"@id\":\"https:\\\/\\\/www.p31noticias.com.br\\\/#website\"},\"primaryImageOfPage\":{\"@id\":\"https:\\\/\\\/www.p31noticias.com.br\\\/?p=26058#primaryimage\"},\"image\":{\"@id\":\"https:\\\/\\\/www.p31noticias.com.br\\\/?p=26058#primaryimage\"},\"thumbnailUrl\":\"https:\\\/\\\/www.p31noticias.com.br\\\/wp-content\\\/uploads\\\/2022\\\/05\\\/marcelo-ramos-1.webp\",\"datePublished\":\"2022-05-11T10:33:39+00:00\",\"dateModified\":\"2022-05-11T10:34:04+00:00\",\"author\":{\"@id\":\"https:\\\/\\\/www.p31noticias.com.br\\\/#\\\/schema\\\/person\\\/95f2ece30e3b4132065b915150cd0f94\"},\"breadcrumb\":{\"@id\":\"https:\\\/\\\/www.p31noticias.com.br\\\/?p=26058#breadcrumb\"},\"inLanguage\":\"pt-BR\",\"potentialAction\":[{\"@type\":\"ReadAction\",\"target\":[\"https:\\\/\\\/www.p31noticias.com.br\\\/?p=26058\"]}]},{\"@type\":\"ImageObject\",\"inLanguage\":\"pt-BR\",\"@id\":\"https:\\\/\\\/www.p31noticias.com.br\\\/?p=26058#primaryimage\",\"url\":\"https:\\\/\\\/www.p31noticias.com.br\\\/wp-content\\\/uploads\\\/2022\\\/05\\\/marcelo-ramos-1.webp\",\"contentUrl\":\"https:\\\/\\\/www.p31noticias.com.br\\\/wp-content\\\/uploads\\\/2022\\\/05\\\/marcelo-ramos-1.webp\",\"width\":1000,\"height\":667},{\"@type\":\"BreadcrumbList\",\"@id\":\"https:\\\/\\\/www.p31noticias.com.br\\\/?p=26058#breadcrumb\",\"itemListElement\":[{\"@type\":\"ListItem\",\"position\":1,\"name\":\"In\u00edcio\",\"item\":\"https:\\\/\\\/www.p31noticias.com.br\\\/\"},{\"@type\":\"ListItem\",\"position\":2,\"name\":\"Ap\u00f3s trocas de partidos, C\u00e2mara vive disputa por cargos na mesa diretora.\"}]},{\"@type\":\"WebSite\",\"@id\":\"https:\\\/\\\/www.p31noticias.com.br\\\/#website\",\"url\":\"https:\\\/\\\/www.p31noticias.com.br\\\/\",\"name\":\"P31\",\"description\":\"NOT\u00cdCIAS\",\"potentialAction\":[{\"@type\":\"SearchAction\",\"target\":{\"@type\":\"EntryPoint\",\"urlTemplate\":\"https:\\\/\\\/www.p31noticias.com.br\\\/?s={search_term_string}\"},\"query-input\":{\"@type\":\"PropertyValueSpecification\",\"valueRequired\":true,\"valueName\":\"search_term_string\"}}],\"inLanguage\":\"pt-BR\"},{\"@type\":\"Person\",\"@id\":\"https:\\\/\\\/www.p31noticias.com.br\\\/#\\\/schema\\\/person\\\/95f2ece30e3b4132065b915150cd0f94\",\"name\":\"Gon\u00e7alves Junior\",\"image\":{\"@type\":\"ImageObject\",\"inLanguage\":\"pt-BR\",\"@id\":\"https:\\\/\\\/secure.gravatar.com\\\/avatar\\\/6711f350116a89762687a48d66f723c799e5438a5b7578508d4294cd7a5d0800?s=96&d=mm&r=g\",\"url\":\"https:\\\/\\\/secure.gravatar.com\\\/avatar\\\/6711f350116a89762687a48d66f723c799e5438a5b7578508d4294cd7a5d0800?s=96&d=mm&r=g\",\"contentUrl\":\"https:\\\/\\\/secure.gravatar.com\\\/avatar\\\/6711f350116a89762687a48d66f723c799e5438a5b7578508d4294cd7a5d0800?s=96&d=mm&r=g\",\"caption\":\"Gon\u00e7alves Junior\"},\"url\":\"https:\\\/\\\/www.p31noticias.com.br\\\/?author=2\"}]}<\/script>\n<!-- \/ Yoast SEO Premium plugin. -->","yoast_head_json":{"title":"Ap\u00f3s trocas de partidos, C\u00e2mara vive disputa por cargos na mesa diretora. - P31","robots":{"index":"index","follow":"follow","max-snippet":"max-snippet:-1","max-image-preview":"max-image-preview:large","max-video-preview":"max-video-preview:-1"},"canonical":"https:\/\/www.p31noticias.com.br\/?p=26058","og_locale":"pt_BR","og_type":"article","og_title":"Ap\u00f3s trocas de partidos, C\u00e2mara vive disputa por cargos na mesa diretora.","og_description":"Ministro Alexandre de Moraes, vice-presidente do Tribunal Superior Eleitoral, concedeu liminar proibindo o Partido Liberal de retirar Marcelo Ramos do cargo ap\u00f3s sa\u00edda da legenda. Os tr\u00eas deputados da mesa diretora da\u00a0C\u00e2mara\u00a0que mudaram de partido devem perder os cargos.\u00a0Marcelo Ramos, atualmente no Partido Socialista Brasileiro (PSB), foi eleito pelo\u00a0Partido Liberal\u00a0(PL); Mar\u00edlia Arraes, no Solidariedade, eleita [&hellip;]","og_url":"https:\/\/www.p31noticias.com.br\/?p=26058","og_site_name":"P31","article_published_time":"2022-05-11T10:33:39+00:00","article_modified_time":"2022-05-11T10:34:04+00:00","og_image":[{"width":1000,"height":667,"url":"https:\/\/www.p31noticias.com.br\/wp-content\/uploads\/2022\/05\/marcelo-ramos-1.webp","type":"image\/webp"}],"author":"Gon\u00e7alves Junior","twitter_card":"summary_large_image","twitter_misc":{"Escrito por":"Gon\u00e7alves Junior","Est. tempo de leitura":"2 minutos"},"schema":{"@context":"https:\/\/schema.org","@graph":[{"@type":"Article","@id":"https:\/\/www.p31noticias.com.br\/?p=26058#article","isPartOf":{"@id":"https:\/\/www.p31noticias.com.br\/?p=26058"},"author":{"name":"Gon\u00e7alves Junior","@id":"https:\/\/www.p31noticias.com.br\/#\/schema\/person\/95f2ece30e3b4132065b915150cd0f94"},"headline":"Ap\u00f3s trocas de partidos, C\u00e2mara vive disputa por cargos na mesa diretora.","datePublished":"2022-05-11T10:33:39+00:00","dateModified":"2022-05-11T10:34:04+00:00","mainEntityOfPage":{"@id":"https:\/\/www.p31noticias.com.br\/?p=26058"},"wordCount":368,"commentCount":0,"image":{"@id":"https:\/\/www.p31noticias.com.br\/?p=26058#primaryimage"},"thumbnailUrl":"https:\/\/www.p31noticias.com.br\/wp-content\/uploads\/2022\/05\/marcelo-ramos-1.webp","articleSection":["Brasil","Pol\u00edtica"],"inLanguage":"pt-BR","potentialAction":[{"@type":"CommentAction","name":"Comment","target":["https:\/\/www.p31noticias.com.br\/?p=26058#respond"]}],"copyrightYear":"2022","copyrightHolder":{"@id":"https:\/\/www.p31noticias.com.br\/#organization"}},{"@type":"WebPage","@id":"https:\/\/www.p31noticias.com.br\/?p=26058","url":"https:\/\/www.p31noticias.com.br\/?p=26058","name":"Ap\u00f3s trocas de partidos, C\u00e2mara vive disputa por cargos na mesa diretora. - P31","isPartOf":{"@id":"https:\/\/www.p31noticias.com.br\/#website"},"primaryImageOfPage":{"@id":"https:\/\/www.p31noticias.com.br\/?p=26058#primaryimage"},"image":{"@id":"https:\/\/www.p31noticias.com.br\/?p=26058#primaryimage"},"thumbnailUrl":"https:\/\/www.p31noticias.com.br\/wp-content\/uploads\/2022\/05\/marcelo-ramos-1.webp","datePublished":"2022-05-11T10:33:39+00:00","dateModified":"2022-05-11T10:34:04+00:00","author":{"@id":"https:\/\/www.p31noticias.com.br\/#\/schema\/person\/95f2ece30e3b4132065b915150cd0f94"},"breadcrumb":{"@id":"https:\/\/www.p31noticias.com.br\/?p=26058#breadcrumb"},"inLanguage":"pt-BR","potentialAction":[{"@type":"ReadAction","target":["https:\/\/www.p31noticias.com.br\/?p=26058"]}]},{"@type":"ImageObject","inLanguage":"pt-BR","@id":"https:\/\/www.p31noticias.com.br\/?p=26058#primaryimage","url":"https:\/\/www.p31noticias.com.br\/wp-content\/uploads\/2022\/05\/marcelo-ramos-1.webp","contentUrl":"https:\/\/www.p31noticias.com.br\/wp-content\/uploads\/2022\/05\/marcelo-ramos-1.webp","width":1000,"height":667},{"@type":"BreadcrumbList","@id":"https:\/\/www.p31noticias.com.br\/?p=26058#breadcrumb","itemListElement":[{"@type":"ListItem","position":1,"name":"In\u00edcio","item":"https:\/\/www.p31noticias.com.br\/"},{"@type":"ListItem","position":2,"name":"Ap\u00f3s trocas de partidos, C\u00e2mara vive disputa por cargos na mesa diretora."}]},{"@type":"WebSite","@id":"https:\/\/www.p31noticias.com.br\/#website","url":"https:\/\/www.p31noticias.com.br\/","name":"P31","description":"NOT\u00cdCIAS","potentialAction":[{"@type":"SearchAction","target":{"@type":"EntryPoint","urlTemplate":"https:\/\/www.p31noticias.com.br\/?s={search_term_string}"},"query-input":{"@type":"PropertyValueSpecification","valueRequired":true,"valueName":"search_term_string"}}],"inLanguage":"pt-BR"},{"@type":"Person","@id":"https:\/\/www.p31noticias.com.br\/#\/schema\/person\/95f2ece30e3b4132065b915150cd0f94","name":"Gon\u00e7alves Junior","image":{"@type":"ImageObject","inLanguage":"pt-BR","@id":"https:\/\/secure.gravatar.com\/avatar\/6711f350116a89762687a48d66f723c799e5438a5b7578508d4294cd7a5d0800?s=96&d=mm&r=g","url":"https:\/\/secure.gravatar.com\/avatar\/6711f350116a89762687a48d66f723c799e5438a5b7578508d4294cd7a5d0800?s=96&d=mm&r=g","contentUrl":"https:\/\/secure.gravatar.com\/avatar\/6711f350116a89762687a48d66f723c799e5438a5b7578508d4294cd7a5d0800?s=96&d=mm&r=g","caption":"Gon\u00e7alves Junior"},"url":"https:\/\/www.p31noticias.com.br\/?author=2"}]}},"amp_enabled":true,"_links":{"self":[{"href":"https:\/\/www.p31noticias.com.br\/index.php?rest_route=\/wp\/v2\/posts\/26058","targetHints":{"allow":["GET"]}}],"collection":[{"href":"https:\/\/www.p31noticias.com.br\/index.php?rest_route=\/wp\/v2\/posts"}],"about":[{"href":"https:\/\/www.p31noticias.com.br\/index.php?rest_route=\/wp\/v2\/types\/post"}],"author":[{"embeddable":true,"href":"https:\/\/www.p31noticias.com.br\/index.php?rest_route=\/wp\/v2\/users\/2"}],"replies":[{"embeddable":true,"href":"https:\/\/www.p31noticias.com.br\/index.php?rest_route=%2Fwp%2Fv2%2Fcomments&post=26058"}],"version-history":[{"count":1,"href":"https:\/\/www.p31noticias.com.br\/index.php?rest_route=\/wp\/v2\/posts\/26058\/revisions"}],"predecessor-version":[{"id":26060,"href":"https:\/\/www.p31noticias.com.br\/index.php?rest_route=\/wp\/v2\/posts\/26058\/revisions\/26060"}],"wp:featuredmedia":[{"embeddable":true,"href":"https:\/\/www.p31noticias.com.br\/index.php?rest_route=\/wp\/v2\/media\/26059"}],"wp:attachment":[{"href":"https:\/\/www.p31noticias.com.br\/index.php?rest_route=%2Fwp%2Fv2%2Fmedia&parent=26058"}],"wp:term":[{"taxonomy":"category","embeddable":true,"href":"https:\/\/www.p31noticias.com.br\/index.php?rest_route=%2Fwp%2Fv2%2Fcategories&post=26058"},{"taxonomy":"post_tag","embeddable":true,"href":"https:\/\/www.p31noticias.com.br\/index.php?rest_route=%2Fwp%2Fv2%2Ftags&post=26058"}],"curies":[{"name":"wp","href":"https:\/\/api.w.org\/{rel}","templated":true}]}}