{"id":26055,"date":"2022-05-11T07:24:22","date_gmt":"2022-05-11T10:24:22","guid":{"rendered":"https:\/\/p31noticias.com.br\/?p=26055"},"modified":"2022-05-11T07:25:11","modified_gmt":"2022-05-11T10:25:11","slug":"ate-2030-df-tera-aumento-no-numero-de-idosos-e-queda-na-populacao-jovem","status":"publish","type":"post","link":"https:\/\/www.p31noticias.com.br\/?p=26055","title":{"rendered":"At\u00e9 2030, DF ter\u00e1 aumento no n\u00famero de idosos e queda na popula\u00e7\u00e3o jovem."},"content":{"rendered":"<p style=\"text-align: justify;\"><em><strong>De acordo com o estudo da Codeplan, as pessoas com 60 anos ou mais ser\u00e3o 16,6% dos habitantes. O \u00edndice de envelhecimento, em 10 anos, ser\u00e1 de 95%.<\/strong><\/em><\/p>\n<p style=\"text-align: justify;\">O envelhecimento populacional tem ocorrido em todo o mundo. Um estudo rec\u00e9m-lan\u00e7ado pela Companhia de Planejamento do Distrito Federal (Codeplan) demonstrou que a capital federal segue pelo mesmo caminho.<\/p>\n<p style=\"text-align: justify;\">De acordo com a pesquisa Proje\u00e7\u00f5es Populacionais para as Regi\u00f5es Administrativas do Distrito Federal 2020-2030, o DF ter\u00e1 crescimento no n\u00famero de idosos (com 60 anos ou mais) e queda na popula\u00e7\u00e3o jovem (0 a 14 anos), resultando num \u00edndice de envelhecimento de 95% em 10 anos, o que significa que, a cada 100 jovens, existir\u00e3o 95 idosos.<\/p>\n<figure id=\"attachment_403960\" class=\"wp-caption aligncenter\" style=\"text-align: justify;\" aria-describedby=\"caption-attachment-403960\"><img loading=\"lazy\" decoding=\"async\" class=\"size-full wp-image-403960\" src=\"http:\/\/agenciabrasilia.df.gov.br\/wp-conteudo\/uploads\/2022\/05\/dentro_1-3.jpg\" sizes=\"auto, (max-width: 840px) 100vw, 840px\" srcset=\"https:\/\/www.agenciabrasilia.df.gov.br\/wp-conteudo\/uploads\/2022\/05\/dentro_1-3.jpg 840w, https:\/\/www.agenciabrasilia.df.gov.br\/wp-conteudo\/uploads\/2022\/05\/dentro_1-3-300x199.jpg 300w, https:\/\/www.agenciabrasilia.df.gov.br\/wp-conteudo\/uploads\/2022\/05\/dentro_1-3-768x509.jpg 768w\" alt=\"\" width=\"840\" height=\"557\" \/><figcaption id=\"caption-attachment-403960\" class=\"wp-caption-text\">A estimativa \u00e9 de que daqui a dez anos o DF tenha 3,4 milh\u00f5es de habitantes, 16,6% deles com mais de 60 anos | Fotos: Paulo H. Carvalho\/Ag\u00eancia Bras\u00edlia<\/figcaption><\/figure>\n<p style=\"text-align: justify;\">A estimativa \u00e9 de que a popula\u00e7\u00e3o idosa suba de 346.221, em 2020, para 565.382, em 2030, passando de 9,3% do n\u00famero de habitantes para 16,6%. Um crescimento acelerado com taxas em torno de 5% ao ano entre 2010 e 2030. Enquanto isso, os jovens cair\u00e3o de 601.865 para 595.207 em uma d\u00e9cada, deixando de ser 19,7% do percentual total para 17,5% da popula\u00e7\u00e3o. Em dez anos, a estimativa \u00e9 de que o DF tenha 3,4 milh\u00f5es de habitantes.<\/p>\n<blockquote class=\"olho direita\"><p><span class=\"olho__texto h2 clearfix\">\u201cSer idoso hoje \u00e9 viver uma parte ponder\u00e1vel da vida. A gente n\u00e3o pode simplesmente ignorar a exist\u00eancia dessa popula\u00e7\u00e3o. Todos os indicativos demonstram a modifica\u00e7\u00e3o da pir\u00e2mide et\u00e1ria\u201d<\/span><span class=\"olho__assinatura block\">Jamile Passarella, diretora de Programas de Integra\u00e7\u00e3o Social da Sejus<\/span><\/p><\/blockquote>\n<p style=\"text-align: justify;\">\u201cEsse \u00e9 um processo que est\u00e1 acontecendo no mundo inteiro. N\u00e3o \u00e9 particular do DF, nem do Brasil. A gente j\u00e1 sabia o que estava acontecendo\u201d, afirma a gerente de Pesquisas e Estudos Quantitativos de Pol\u00edticas Sociais da Codeplan, Julia Pereira.<\/p>\n<p style=\"text-align: justify;\">As baixas taxas de fecundidade e aumento da expectativa de vida est\u00e3o entre as causas para esse fen\u00f4meno et\u00e1rio. Mesmo que o estudo revele uma tend\u00eancia esperada, ele serve para gerar insumos para que o governo possa lidar com a mudan\u00e7a de forma pol\u00edtica. \u201cCostumo dizer que esses estudos s\u00e3o importantes para o planejamento de pol\u00edticas p\u00fablicas\u201d, completa.<\/p>\n<p style=\"text-align: justify;\"><strong>Pol\u00edticas p\u00fablicas<\/strong><\/p>\n<p style=\"text-align: justify;\">Atualmente, o GDF conta com a Subsecretaria de Pol\u00edticas para Idoso e o Conselho do Idoso, ambos vinculados \u00e0 Secretaria de Justi\u00e7a e Cidadania (Sejus), para tratar dos temas ligados \u00e0 terceira idade.<\/p>\n<figure id=\"attachment_403968\" class=\"wp-caption aligncenter\" style=\"text-align: justify;\" aria-describedby=\"caption-attachment-403968\"><img loading=\"lazy\" decoding=\"async\" class=\"wp-image-403968 size-full\" src=\"http:\/\/agenciabrasilia.df.gov.br\/wp-conteudo\/uploads\/2022\/05\/Fernando-Antonio-Barreira-idealizador-do-Vo-v_1.jpg\" sizes=\"auto, (max-width: 840px) 100vw, 840px\" srcset=\"https:\/\/www.agenciabrasilia.df.gov.br\/wp-conteudo\/uploads\/2022\/05\/Fernando-Antonio-Barreira-idealizador-do-Vo-v_1.jpg 840w, https:\/\/www.agenciabrasilia.df.gov.br\/wp-conteudo\/uploads\/2022\/05\/Fernando-Antonio-Barreira-idealizador-do-Vo-v_1-300x199.jpg 300w, https:\/\/www.agenciabrasilia.df.gov.br\/wp-conteudo\/uploads\/2022\/05\/Fernando-Antonio-Barreira-idealizador-do-Vo-v_1-768x509.jpg 768w\" alt=\"\" width=\"840\" height=\"557\" \/><figcaption id=\"caption-attachment-403968\" class=\"wp-caption-text\">Fernando Ant\u00f4nio idealizou um projeto de atividade f\u00edsica para idosos no Parque Olhos D\u2019\u00c1gua: \u201cTamb\u00e9m \u00e9 uma forma de independ\u00eancia do idoso da fam\u00edlia\u201d<\/figcaption><\/figure>\n<p style=\"text-align: justify;\">O grande programa da pasta dedicado aos idosos \u00e9 Sua Vida Vale Muito. Em formato itinerante, o projeto circula pelas regi\u00f5es administrativas do DF oferecendo servi\u00e7os de sa\u00fade, bem-estar e assist\u00eancia social e jur\u00eddica de forma gratuita para pessoas acima de 60 anos. At\u00e9 o ano passado, j\u00e1 haviam sido feitos mais de 12 mil atendimentos.<\/p>\n<p style=\"text-align: justify;\">Outra iniciativa \u00e9 a Capoterapia em casa. Em parceria com o Instituto Ladainha IL, s\u00e3o atendidos 250 idosos com din\u00e2micas que ajudam nas pequenas tarefas cotidianas, fortalecimento dos v\u00ednculos familiares e sociais, al\u00e9m da promo\u00e7\u00e3o da inclus\u00e3o digital. As inscri\u00e7\u00f5es podem ser feitas pelo site\u00a0<a href=\"https:\/\/cursos.sejus.df.gov.br\/\" target=\"_blank\" rel=\"noopener\">Capoterapia em casa<\/a>.<\/p>\n<blockquote class=\"olho direita\"><p><span class=\"olho__texto h2 clearfix\">\u201cQuis montar uma atividade para essa popula\u00e7\u00e3o que cresce e sobrevive mais tempo, e que fosse com sa\u00fade e em atividade\u201d<\/span><span class=\"olho__assinatura block\">Fernando Ant\u00f4nio Barreira, professor de educa\u00e7\u00e3o f\u00edsica<\/span><\/p><\/blockquote>\n<p style=\"text-align: justify;\">Al\u00e9m disso, s\u00e3o feitas capacita\u00e7\u00f5es com o objetivo de coibir e prevenir a viol\u00eancia contra o idoso e ofertadas a ouvidoria e a CNH Social.<\/p>\n<p style=\"text-align: justify;\">\u201cSer idoso hoje \u00e9 viver uma parte ponder\u00e1vel da vida. A gente n\u00e3o pode simplesmente ignorar a exist\u00eancia dessa popula\u00e7\u00e3o. Todos os indicativos demonstram a modifica\u00e7\u00e3o da pir\u00e2mide et\u00e1ria\u201d, avalia a diretora de Programas de Integra\u00e7\u00e3o Social da Sejus, Jamile Passarella.<\/p>\n<p style=\"text-align: justify;\">\u201cN\u00e3o existe mais esse idoso de antigamente, de pijaminha dentro de casa. A pessoa com 60 anos est\u00e1 no mercado de trabalho, viajando, com poder aquisitivo bom e tem perspectiva de viver mais 30 anos. Isso gera um mercado\u201d, completa. Para ela, Bras\u00edlia pode se tornar uma cidade modelo para se envelhecer.<\/p>\n<p style=\"text-align: justify;\"><strong>Envelhecendo com sa\u00fade<\/strong><\/p>\n<p style=\"text-align: justify;\">H\u00e1 12 anos, o professor de educa\u00e7\u00e3o f\u00edsica Fernando Ant\u00f4nio Barreira criou o projeto V\u00f4, v\u00f3! Malhar \u00e9 no Parque, que ocorre no Parque Olhos D\u2019\u00e1gua, na Asa Norte, com atividades f\u00edsicas para a terceira idade.<\/p>\n<p style=\"text-align: justify;\">\u201cA gente nota que o idoso n\u00e3o \u00e9 bem atendido na academia. Som alto, local fechado. \u00c9 uma gera\u00e7\u00e3o que malhava nos col\u00e9gios. Quis montar uma atividade para essa popula\u00e7\u00e3o que cresce e sobrevive mais tempo, e que fosse com sa\u00fade e em atividade\u201d, comenta o idealizador.<\/p>\n<blockquote class=\"olho esquerda\"><p><span class=\"olho__texto h2 clearfix\">Apesar dos dados n\u00e3o surpreenderem, o que chama a aten\u00e7\u00e3o na pesquisa \u00e9 a constata\u00e7\u00e3o de que o envelhecimento ocorre em todas as regi\u00f5es administrativas do DF<\/span><\/p><\/blockquote>\n<p style=\"text-align: justify;\">Tr\u00eas vezes por semana, os alunos fazem um circuito de uma hora com muscula\u00e7\u00e3o e aer\u00f3bico. \u201cEssa tamb\u00e9m \u00e9 uma forma de independ\u00eancia do idoso da fam\u00edlia. \u00c9 uma atividade para o bem-estar deles, porque n\u00e3o \u00e9 s\u00f3 a atividade f\u00edsica, tem a social\u201d, diz. A parte social trata-se da intera\u00e7\u00e3o entre os alunos e tamb\u00e9m das viagens em grupo organizadas pela iniciativa. A pr\u00f3xima parada \u00e9 Porto de Galinhas.<\/p>\n<p style=\"text-align: justify;\">A aposentada Maria Augusta, 83 anos, \u00e9 uma das alunas pioneiras. Ela entrou no projeto quando tinha 71 anos e gosta muito. Deficiente visual, a ex-engenheira da Novacap buscava uma atividade f\u00edsica para praticar perto de casa e se manter ativa. \u201cEu fazia pilates, mas n\u00e3o tinha como ir. Aqui \u00e9 mais f\u00e1cil, mais perto da minha casa, al\u00e9m de ser ao ar livre\u201d, afirma.<\/p>\n<p style=\"text-align: justify;\"><strong>Regi\u00f5es com mais idosos<\/strong><\/p>\n<p style=\"text-align: justify;\">Apesar dos dados n\u00e3o surpreenderem, o que chama a aten\u00e7\u00e3o na pesquisa \u00e9 a constata\u00e7\u00e3o de que o envelhecimento ocorre em todas as regi\u00f5es administrativas do DF. \u201cFicamos com a impress\u00e3o de que esse processo se dava apenas em regi\u00f5es de mais alta renda. Mas o estudo mostra que aparece em todas as regi\u00f5es consideradas mais jovens\u201d, explica Juliana Pereira.<\/p>\n<p style=\"text-align: justify;\">O crescimento da propor\u00e7\u00e3o de idosos \u00e9 visto em todas as RAs, desde aquelas com o topo das pessoas mais velhas, como Lago Sul, Park Way e Cruzeiro, at\u00e9 aquelas no fim da lista, como Sol Nascente\/P\u00f4r do Sol, SCIA\/Estrutural e SIA.<\/p>\n<p style=\"text-align: justify;\">Lan\u00e7ado em 5 de maio, o estudo seguiu a metodologia da pesquisa semelhante de 2018, com o acr\u00e9scimo de uma consulta p\u00fablica a especialistas em desenvolvimento urbano, habitacional e territ\u00f3rio do DF, e \u00e0s administra\u00e7\u00f5es das regi\u00f5es administrativas.<\/p>\n<p style=\"text-align: justify;\">CODEPLAN (COMPANHIA DE PLANEJAMENTO DO DF)<\/p>\n","protected":false},"excerpt":{"rendered":"<p>De acordo com o estudo da Codeplan, as pessoas com 60 anos ou mais ser\u00e3o 16,6% dos habitantes. O \u00edndice de envelhecimento, em 10 anos, ser\u00e1 de 95%. O envelhecimento populacional tem ocorrido em todo o mundo. Um estudo rec\u00e9m-lan\u00e7ado pela Companhia de Planejamento do Distrito Federal (Codeplan) demonstrou que a capital federal segue pelo [&hellip;]<\/p>\n","protected":false},"author":2,"featured_media":26056,"comment_status":"open","ping_status":"open","sticky":false,"template":"","format":"standard","meta":{"footnotes":""},"categories":[21],"tags":[],"class_list":{"0":"post-26055","1":"post","2":"type-post","3":"status-publish","4":"format-standard","5":"has-post-thumbnail","7":"category-brasilia"},"yoast_head":"<!-- This site is optimized with the Yoast SEO Premium plugin v24.5 (Yoast SEO v27.5) - https:\/\/yoast.com\/product\/yoast-seo-premium-wordpress\/ -->\n<title>At\u00e9 2030, DF ter\u00e1 aumento no n\u00famero de idosos e queda na popula\u00e7\u00e3o jovem. - P31<\/title>\n<meta name=\"robots\" content=\"index, follow, max-snippet:-1, max-image-preview:large, max-video-preview:-1\" \/>\n<link rel=\"canonical\" href=\"https:\/\/www.p31noticias.com.br\/?p=26055\" \/>\n<meta property=\"og:locale\" content=\"pt_BR\" \/>\n<meta property=\"og:type\" content=\"article\" \/>\n<meta property=\"og:title\" content=\"At\u00e9 2030, DF ter\u00e1 aumento no n\u00famero de idosos e queda na popula\u00e7\u00e3o jovem.\" \/>\n<meta property=\"og:description\" content=\"De acordo com o estudo da Codeplan, as pessoas com 60 anos ou mais ser\u00e3o 16,6% dos habitantes. O \u00edndice de envelhecimento, em 10 anos, ser\u00e1 de 95%. O envelhecimento populacional tem ocorrido em todo o mundo. Um estudo rec\u00e9m-lan\u00e7ado pela Companhia de Planejamento do Distrito Federal (Codeplan) demonstrou que a capital federal segue pelo [&hellip;]\" \/>\n<meta property=\"og:url\" content=\"https:\/\/www.p31noticias.com.br\/?p=26055\" \/>\n<meta property=\"og:site_name\" content=\"P31\" \/>\n<meta property=\"article:published_time\" content=\"2022-05-11T10:24:22+00:00\" \/>\n<meta property=\"article:modified_time\" content=\"2022-05-11T10:25:11+00:00\" \/>\n<meta property=\"og:image\" content=\"https:\/\/www.p31noticias.com.br\/wp-content\/uploads\/2022\/05\/8vx4ubsvb2_6l7v1al1bk_file.jpeg\" \/>\n\t<meta property=\"og:image:width\" content=\"771\" \/>\n\t<meta property=\"og:image:height\" content=\"420\" \/>\n\t<meta property=\"og:image:type\" content=\"image\/jpeg\" \/>\n<meta name=\"author\" content=\"Gon\u00e7alves Junior\" \/>\n<meta name=\"twitter:card\" content=\"summary_large_image\" \/>\n<meta name=\"twitter:label1\" content=\"Escrito por\" \/>\n\t<meta name=\"twitter:data1\" content=\"Gon\u00e7alves Junior\" \/>\n\t<meta name=\"twitter:label2\" content=\"Est. tempo de leitura\" \/>\n\t<meta name=\"twitter:data2\" content=\"6 minutos\" \/>\n<script type=\"application\/ld+json\" class=\"yoast-schema-graph\">{\"@context\":\"https:\\\/\\\/schema.org\",\"@graph\":[{\"@type\":\"Article\",\"@id\":\"https:\\\/\\\/www.p31noticias.com.br\\\/?p=26055#article\",\"isPartOf\":{\"@id\":\"https:\\\/\\\/www.p31noticias.com.br\\\/?p=26055\"},\"author\":{\"name\":\"Gon\u00e7alves Junior\",\"@id\":\"https:\\\/\\\/www.p31noticias.com.br\\\/#\\\/schema\\\/person\\\/95f2ece30e3b4132065b915150cd0f94\"},\"headline\":\"At\u00e9 2030, DF ter\u00e1 aumento no n\u00famero de idosos e queda na popula\u00e7\u00e3o jovem.\",\"datePublished\":\"2022-05-11T10:24:22+00:00\",\"dateModified\":\"2022-05-11T10:25:11+00:00\",\"mainEntityOfPage\":{\"@id\":\"https:\\\/\\\/www.p31noticias.com.br\\\/?p=26055\"},\"wordCount\":1146,\"commentCount\":0,\"image\":{\"@id\":\"https:\\\/\\\/www.p31noticias.com.br\\\/?p=26055#primaryimage\"},\"thumbnailUrl\":\"https:\\\/\\\/www.p31noticias.com.br\\\/wp-content\\\/uploads\\\/2022\\\/05\\\/8vx4ubsvb2_6l7v1al1bk_file.jpeg\",\"articleSection\":[\"Bras\u00edlia\"],\"inLanguage\":\"pt-BR\",\"potentialAction\":[{\"@type\":\"CommentAction\",\"name\":\"Comment\",\"target\":[\"https:\\\/\\\/www.p31noticias.com.br\\\/?p=26055#respond\"]}],\"copyrightYear\":\"2022\",\"copyrightHolder\":{\"@id\":\"https:\\\/\\\/www.p31noticias.com.br\\\/#organization\"}},{\"@type\":\"WebPage\",\"@id\":\"https:\\\/\\\/www.p31noticias.com.br\\\/?p=26055\",\"url\":\"https:\\\/\\\/www.p31noticias.com.br\\\/?p=26055\",\"name\":\"At\u00e9 2030, DF ter\u00e1 aumento no n\u00famero de idosos e queda na popula\u00e7\u00e3o jovem. - P31\",\"isPartOf\":{\"@id\":\"https:\\\/\\\/www.p31noticias.com.br\\\/#website\"},\"primaryImageOfPage\":{\"@id\":\"https:\\\/\\\/www.p31noticias.com.br\\\/?p=26055#primaryimage\"},\"image\":{\"@id\":\"https:\\\/\\\/www.p31noticias.com.br\\\/?p=26055#primaryimage\"},\"thumbnailUrl\":\"https:\\\/\\\/www.p31noticias.com.br\\\/wp-content\\\/uploads\\\/2022\\\/05\\\/8vx4ubsvb2_6l7v1al1bk_file.jpeg\",\"datePublished\":\"2022-05-11T10:24:22+00:00\",\"dateModified\":\"2022-05-11T10:25:11+00:00\",\"author\":{\"@id\":\"https:\\\/\\\/www.p31noticias.com.br\\\/#\\\/schema\\\/person\\\/95f2ece30e3b4132065b915150cd0f94\"},\"breadcrumb\":{\"@id\":\"https:\\\/\\\/www.p31noticias.com.br\\\/?p=26055#breadcrumb\"},\"inLanguage\":\"pt-BR\",\"potentialAction\":[{\"@type\":\"ReadAction\",\"target\":[\"https:\\\/\\\/www.p31noticias.com.br\\\/?p=26055\"]}]},{\"@type\":\"ImageObject\",\"inLanguage\":\"pt-BR\",\"@id\":\"https:\\\/\\\/www.p31noticias.com.br\\\/?p=26055#primaryimage\",\"url\":\"https:\\\/\\\/www.p31noticias.com.br\\\/wp-content\\\/uploads\\\/2022\\\/05\\\/8vx4ubsvb2_6l7v1al1bk_file.jpeg\",\"contentUrl\":\"https:\\\/\\\/www.p31noticias.com.br\\\/wp-content\\\/uploads\\\/2022\\\/05\\\/8vx4ubsvb2_6l7v1al1bk_file.jpeg\",\"width\":771,\"height\":420},{\"@type\":\"BreadcrumbList\",\"@id\":\"https:\\\/\\\/www.p31noticias.com.br\\\/?p=26055#breadcrumb\",\"itemListElement\":[{\"@type\":\"ListItem\",\"position\":1,\"name\":\"In\u00edcio\",\"item\":\"https:\\\/\\\/www.p31noticias.com.br\\\/\"},{\"@type\":\"ListItem\",\"position\":2,\"name\":\"At\u00e9 2030, DF ter\u00e1 aumento no n\u00famero de idosos e queda na popula\u00e7\u00e3o jovem.\"}]},{\"@type\":\"WebSite\",\"@id\":\"https:\\\/\\\/www.p31noticias.com.br\\\/#website\",\"url\":\"https:\\\/\\\/www.p31noticias.com.br\\\/\",\"name\":\"P31\",\"description\":\"NOT\u00cdCIAS\",\"potentialAction\":[{\"@type\":\"SearchAction\",\"target\":{\"@type\":\"EntryPoint\",\"urlTemplate\":\"https:\\\/\\\/www.p31noticias.com.br\\\/?s={search_term_string}\"},\"query-input\":{\"@type\":\"PropertyValueSpecification\",\"valueRequired\":true,\"valueName\":\"search_term_string\"}}],\"inLanguage\":\"pt-BR\"},{\"@type\":\"Person\",\"@id\":\"https:\\\/\\\/www.p31noticias.com.br\\\/#\\\/schema\\\/person\\\/95f2ece30e3b4132065b915150cd0f94\",\"name\":\"Gon\u00e7alves Junior\",\"image\":{\"@type\":\"ImageObject\",\"inLanguage\":\"pt-BR\",\"@id\":\"https:\\\/\\\/secure.gravatar.com\\\/avatar\\\/6711f350116a89762687a48d66f723c799e5438a5b7578508d4294cd7a5d0800?s=96&d=mm&r=g\",\"url\":\"https:\\\/\\\/secure.gravatar.com\\\/avatar\\\/6711f350116a89762687a48d66f723c799e5438a5b7578508d4294cd7a5d0800?s=96&d=mm&r=g\",\"contentUrl\":\"https:\\\/\\\/secure.gravatar.com\\\/avatar\\\/6711f350116a89762687a48d66f723c799e5438a5b7578508d4294cd7a5d0800?s=96&d=mm&r=g\",\"caption\":\"Gon\u00e7alves Junior\"},\"url\":\"https:\\\/\\\/www.p31noticias.com.br\\\/?author=2\"}]}<\/script>\n<!-- \/ Yoast SEO Premium plugin. -->","yoast_head_json":{"title":"At\u00e9 2030, DF ter\u00e1 aumento no n\u00famero de idosos e queda na popula\u00e7\u00e3o jovem. - P31","robots":{"index":"index","follow":"follow","max-snippet":"max-snippet:-1","max-image-preview":"max-image-preview:large","max-video-preview":"max-video-preview:-1"},"canonical":"https:\/\/www.p31noticias.com.br\/?p=26055","og_locale":"pt_BR","og_type":"article","og_title":"At\u00e9 2030, DF ter\u00e1 aumento no n\u00famero de idosos e queda na popula\u00e7\u00e3o jovem.","og_description":"De acordo com o estudo da Codeplan, as pessoas com 60 anos ou mais ser\u00e3o 16,6% dos habitantes. O \u00edndice de envelhecimento, em 10 anos, ser\u00e1 de 95%. O envelhecimento populacional tem ocorrido em todo o mundo. Um estudo rec\u00e9m-lan\u00e7ado pela Companhia de Planejamento do Distrito Federal (Codeplan) demonstrou que a capital federal segue pelo [&hellip;]","og_url":"https:\/\/www.p31noticias.com.br\/?p=26055","og_site_name":"P31","article_published_time":"2022-05-11T10:24:22+00:00","article_modified_time":"2022-05-11T10:25:11+00:00","og_image":[{"width":771,"height":420,"url":"https:\/\/www.p31noticias.com.br\/wp-content\/uploads\/2022\/05\/8vx4ubsvb2_6l7v1al1bk_file.jpeg","type":"image\/jpeg"}],"author":"Gon\u00e7alves Junior","twitter_card":"summary_large_image","twitter_misc":{"Escrito por":"Gon\u00e7alves Junior","Est. tempo de leitura":"6 minutos"},"schema":{"@context":"https:\/\/schema.org","@graph":[{"@type":"Article","@id":"https:\/\/www.p31noticias.com.br\/?p=26055#article","isPartOf":{"@id":"https:\/\/www.p31noticias.com.br\/?p=26055"},"author":{"name":"Gon\u00e7alves Junior","@id":"https:\/\/www.p31noticias.com.br\/#\/schema\/person\/95f2ece30e3b4132065b915150cd0f94"},"headline":"At\u00e9 2030, DF ter\u00e1 aumento no n\u00famero de idosos e queda na popula\u00e7\u00e3o jovem.","datePublished":"2022-05-11T10:24:22+00:00","dateModified":"2022-05-11T10:25:11+00:00","mainEntityOfPage":{"@id":"https:\/\/www.p31noticias.com.br\/?p=26055"},"wordCount":1146,"commentCount":0,"image":{"@id":"https:\/\/www.p31noticias.com.br\/?p=26055#primaryimage"},"thumbnailUrl":"https:\/\/www.p31noticias.com.br\/wp-content\/uploads\/2022\/05\/8vx4ubsvb2_6l7v1al1bk_file.jpeg","articleSection":["Bras\u00edlia"],"inLanguage":"pt-BR","potentialAction":[{"@type":"CommentAction","name":"Comment","target":["https:\/\/www.p31noticias.com.br\/?p=26055#respond"]}],"copyrightYear":"2022","copyrightHolder":{"@id":"https:\/\/www.p31noticias.com.br\/#organization"}},{"@type":"WebPage","@id":"https:\/\/www.p31noticias.com.br\/?p=26055","url":"https:\/\/www.p31noticias.com.br\/?p=26055","name":"At\u00e9 2030, DF ter\u00e1 aumento no n\u00famero de idosos e queda na popula\u00e7\u00e3o jovem. - P31","isPartOf":{"@id":"https:\/\/www.p31noticias.com.br\/#website"},"primaryImageOfPage":{"@id":"https:\/\/www.p31noticias.com.br\/?p=26055#primaryimage"},"image":{"@id":"https:\/\/www.p31noticias.com.br\/?p=26055#primaryimage"},"thumbnailUrl":"https:\/\/www.p31noticias.com.br\/wp-content\/uploads\/2022\/05\/8vx4ubsvb2_6l7v1al1bk_file.jpeg","datePublished":"2022-05-11T10:24:22+00:00","dateModified":"2022-05-11T10:25:11+00:00","author":{"@id":"https:\/\/www.p31noticias.com.br\/#\/schema\/person\/95f2ece30e3b4132065b915150cd0f94"},"breadcrumb":{"@id":"https:\/\/www.p31noticias.com.br\/?p=26055#breadcrumb"},"inLanguage":"pt-BR","potentialAction":[{"@type":"ReadAction","target":["https:\/\/www.p31noticias.com.br\/?p=26055"]}]},{"@type":"ImageObject","inLanguage":"pt-BR","@id":"https:\/\/www.p31noticias.com.br\/?p=26055#primaryimage","url":"https:\/\/www.p31noticias.com.br\/wp-content\/uploads\/2022\/05\/8vx4ubsvb2_6l7v1al1bk_file.jpeg","contentUrl":"https:\/\/www.p31noticias.com.br\/wp-content\/uploads\/2022\/05\/8vx4ubsvb2_6l7v1al1bk_file.jpeg","width":771,"height":420},{"@type":"BreadcrumbList","@id":"https:\/\/www.p31noticias.com.br\/?p=26055#breadcrumb","itemListElement":[{"@type":"ListItem","position":1,"name":"In\u00edcio","item":"https:\/\/www.p31noticias.com.br\/"},{"@type":"ListItem","position":2,"name":"At\u00e9 2030, DF ter\u00e1 aumento no n\u00famero de idosos e queda na popula\u00e7\u00e3o jovem."}]},{"@type":"WebSite","@id":"https:\/\/www.p31noticias.com.br\/#website","url":"https:\/\/www.p31noticias.com.br\/","name":"P31","description":"NOT\u00cdCIAS","potentialAction":[{"@type":"SearchAction","target":{"@type":"EntryPoint","urlTemplate":"https:\/\/www.p31noticias.com.br\/?s={search_term_string}"},"query-input":{"@type":"PropertyValueSpecification","valueRequired":true,"valueName":"search_term_string"}}],"inLanguage":"pt-BR"},{"@type":"Person","@id":"https:\/\/www.p31noticias.com.br\/#\/schema\/person\/95f2ece30e3b4132065b915150cd0f94","name":"Gon\u00e7alves Junior","image":{"@type":"ImageObject","inLanguage":"pt-BR","@id":"https:\/\/secure.gravatar.com\/avatar\/6711f350116a89762687a48d66f723c799e5438a5b7578508d4294cd7a5d0800?s=96&d=mm&r=g","url":"https:\/\/secure.gravatar.com\/avatar\/6711f350116a89762687a48d66f723c799e5438a5b7578508d4294cd7a5d0800?s=96&d=mm&r=g","contentUrl":"https:\/\/secure.gravatar.com\/avatar\/6711f350116a89762687a48d66f723c799e5438a5b7578508d4294cd7a5d0800?s=96&d=mm&r=g","caption":"Gon\u00e7alves Junior"},"url":"https:\/\/www.p31noticias.com.br\/?author=2"}]}},"amp_enabled":true,"_links":{"self":[{"href":"https:\/\/www.p31noticias.com.br\/index.php?rest_route=\/wp\/v2\/posts\/26055","targetHints":{"allow":["GET"]}}],"collection":[{"href":"https:\/\/www.p31noticias.com.br\/index.php?rest_route=\/wp\/v2\/posts"}],"about":[{"href":"https:\/\/www.p31noticias.com.br\/index.php?rest_route=\/wp\/v2\/types\/post"}],"author":[{"embeddable":true,"href":"https:\/\/www.p31noticias.com.br\/index.php?rest_route=\/wp\/v2\/users\/2"}],"replies":[{"embeddable":true,"href":"https:\/\/www.p31noticias.com.br\/index.php?rest_route=%2Fwp%2Fv2%2Fcomments&post=26055"}],"version-history":[{"count":1,"href":"https:\/\/www.p31noticias.com.br\/index.php?rest_route=\/wp\/v2\/posts\/26055\/revisions"}],"predecessor-version":[{"id":26057,"href":"https:\/\/www.p31noticias.com.br\/index.php?rest_route=\/wp\/v2\/posts\/26055\/revisions\/26057"}],"wp:featuredmedia":[{"embeddable":true,"href":"https:\/\/www.p31noticias.com.br\/index.php?rest_route=\/wp\/v2\/media\/26056"}],"wp:attachment":[{"href":"https:\/\/www.p31noticias.com.br\/index.php?rest_route=%2Fwp%2Fv2%2Fmedia&parent=26055"}],"wp:term":[{"taxonomy":"category","embeddable":true,"href":"https:\/\/www.p31noticias.com.br\/index.php?rest_route=%2Fwp%2Fv2%2Fcategories&post=26055"},{"taxonomy":"post_tag","embeddable":true,"href":"https:\/\/www.p31noticias.com.br\/index.php?rest_route=%2Fwp%2Fv2%2Ftags&post=26055"}],"curies":[{"name":"wp","href":"https:\/\/api.w.org\/{rel}","templated":true}]}}