{"id":26052,"date":"2022-05-11T07:22:24","date_gmt":"2022-05-11T10:22:24","guid":{"rendered":"https:\/\/p31noticias.com.br\/?p=26052"},"modified":"2022-05-11T07:22:24","modified_gmt":"2022-05-11T10:22:24","slug":"advocacia-geral-da-uniao-diz-que-indulto-presidencial-concedido-a-daniel-silveira-e-constitucional","status":"publish","type":"post","link":"https:\/\/www.p31noticias.com.br\/?p=26052","title":{"rendered":"Advocacia-Geral da Uni\u00e3o diz que indulto presidencial concedido a Daniel Silveira \u00e9 constitucional."},"content":{"rendered":"<p style=\"text-align: justify;\"><em><strong>Presidente Jair Bolsonaro concedeu gra\u00e7a ao deputado federal ap\u00f3s o parlamentar ser condenado pelo Supremo Tribunal Federal por amea\u00e7as a ministros da Corte e a promo\u00e7\u00e3o de atos antidemocr\u00e1ticos.<\/strong><\/em><\/p>\n<p style=\"text-align: justify;\">A Advocacia-Geral da Uni\u00e3o (AGU) enviou uma manifesta\u00e7\u00e3o ao Supremo Tribunal Federal (STF) nesta ter\u00e7a-feira, 10, e alegou que a gra\u00e7a presidencial cedida por Jair Bolsonaro (PL) ao deputado federal\u00a0<strong><a href=\"https:\/\/jovempan.com.br\/tag\/daniel-silveira\">Daniel Silveira<\/a><\/strong>\u00a0(PTB-RJ) \u00e9 constitucional. No documento, o \u00f3rg\u00e3o afirma que \u201ctendo em vista que o Decreto Presidencial de 21 de abril de 2022 observou todos os par\u00e2metros que lhe foram impostos pelo poder constituinte origin\u00e1rio, n\u00e3o tratando de crimes vedados pela Constitui\u00e7\u00e3o, entende-se que tal ato n\u00e3o padece de inconstitucionalidade, n\u00e3o havendo qualquer viola\u00e7\u00e3o \u00e0 direito fundamental\u201d. O Planalto tamb\u00e9m afirmou que \u201co indulto, coletivo ou individual, \u00e9 um ato de governo, caracterizado pela ampla discricionariedade, cujas limita\u00e7\u00f5es s\u00e3o aquelas exclusivamente referidas na pr\u00f3pria Constitui\u00e7\u00e3o Federal (crimes hediondos, tortura, tr\u00e1fico e terrorismo)\u201d.<\/p>\n<div class=\"clearfix text-center advert\" style=\"text-align: justify;\">\n<div id=\"ad-middle1\" class=\"ads-gam\"><\/div>\n<\/div>\n<p style=\"text-align: justify;\">Daniel Silveira foi condenado em 20 de abril de 2022 a oito anos e nove meses de pris\u00e3o pelo STF, al\u00e9m do pagamento de multa, por amea\u00e7ar ministros da Suprema Corte e por estimular a realiza\u00e7\u00f5es de atos antidemocr\u00e1ticos. No dia seguinte, o presidente Bolsonaro concedeu uma gra\u00e7a ao parlamentar e indultou sua condena\u00e7\u00e3o. Em suas redes sociais, o mandat\u00e1rio afirmou tratar-se de \u201cuma not\u00edcia de extrema import\u00e2ncia para a nossa democracia e a nossa liberdade\u201d. A condena\u00e7\u00e3o deu-se ap\u00f3s Daniel afirmar em uma transmiss\u00e3o ao vivo que havia imaginado, \u201cpor v\u00e1rias e v\u00e1rias vezes\u201d, o ministro Edson Fachin \u201cna rua, levando uma surra\u201d junto a outros magistrados. Ofensas tamb\u00e9m foram proferidas ao ministro Alexandre de Moraes. O parlamentar disse, tamb\u00e9m, que desejava \u201cum novo AI-5\u201d para que os membros do Supremo Tribunal Federal fossem cassados.<\/p>\n<p style=\"text-align: justify;\">JP NEWS.<\/p>\n","protected":false},"excerpt":{"rendered":"<p>Presidente Jair Bolsonaro concedeu gra\u00e7a ao deputado federal ap\u00f3s o parlamentar ser condenado pelo Supremo Tribunal Federal por amea\u00e7as a ministros da Corte e a promo\u00e7\u00e3o de atos antidemocr\u00e1ticos. A Advocacia-Geral da Uni\u00e3o (AGU) enviou uma manifesta\u00e7\u00e3o ao Supremo Tribunal Federal (STF) nesta ter\u00e7a-feira, 10, e alegou que a gra\u00e7a presidencial cedida por Jair Bolsonaro [&hellip;]<\/p>\n","protected":false},"author":2,"featured_media":26053,"comment_status":"open","ping_status":"open","sticky":false,"template":"","format":"standard","meta":{"footnotes":""},"categories":[68],"tags":[],"class_list":{"0":"post-26052","1":"post","2":"type-post","3":"status-publish","4":"format-standard","5":"has-post-thumbnail","7":"category-brasil"},"yoast_head":"<!-- This site is optimized with the Yoast SEO Premium plugin v24.5 (Yoast SEO v27.5) - https:\/\/yoast.com\/product\/yoast-seo-premium-wordpress\/ -->\n<title>Advocacia-Geral da Uni\u00e3o diz que indulto presidencial concedido a Daniel Silveira \u00e9 constitucional. - P31<\/title>\n<meta name=\"robots\" content=\"index, follow, max-snippet:-1, max-image-preview:large, max-video-preview:-1\" \/>\n<link rel=\"canonical\" href=\"https:\/\/www.p31noticias.com.br\/?p=26052\" \/>\n<meta property=\"og:locale\" content=\"pt_BR\" \/>\n<meta property=\"og:type\" content=\"article\" \/>\n<meta property=\"og:title\" content=\"Advocacia-Geral da Uni\u00e3o diz que indulto presidencial concedido a Daniel Silveira \u00e9 constitucional.\" \/>\n<meta property=\"og:description\" content=\"Presidente Jair Bolsonaro concedeu gra\u00e7a ao deputado federal ap\u00f3s o parlamentar ser condenado pelo Supremo Tribunal Federal por amea\u00e7as a ministros da Corte e a promo\u00e7\u00e3o de atos antidemocr\u00e1ticos. A Advocacia-Geral da Uni\u00e3o (AGU) enviou uma manifesta\u00e7\u00e3o ao Supremo Tribunal Federal (STF) nesta ter\u00e7a-feira, 10, e alegou que a gra\u00e7a presidencial cedida por Jair Bolsonaro [&hellip;]\" \/>\n<meta property=\"og:url\" content=\"https:\/\/www.p31noticias.com.br\/?p=26052\" \/>\n<meta property=\"og:site_name\" content=\"P31\" \/>\n<meta property=\"article:published_time\" content=\"2022-05-11T10:22:24+00:00\" \/>\n<meta property=\"og:image\" content=\"https:\/\/www.p31noticias.com.br\/wp-content\/uploads\/2022\/05\/age20220330027-1.webp\" \/>\n\t<meta property=\"og:image:width\" content=\"1000\" \/>\n\t<meta property=\"og:image:height\" content=\"666\" \/>\n\t<meta property=\"og:image:type\" content=\"image\/webp\" \/>\n<meta name=\"author\" content=\"Gon\u00e7alves Junior\" \/>\n<meta name=\"twitter:card\" content=\"summary_large_image\" \/>\n<meta name=\"twitter:label1\" content=\"Escrito por\" \/>\n\t<meta name=\"twitter:data1\" content=\"Gon\u00e7alves Junior\" \/>\n\t<meta name=\"twitter:label2\" content=\"Est. tempo de leitura\" \/>\n\t<meta name=\"twitter:data2\" content=\"2 minutos\" \/>\n<script type=\"application\/ld+json\" class=\"yoast-schema-graph\">{\"@context\":\"https:\\\/\\\/schema.org\",\"@graph\":[{\"@type\":\"Article\",\"@id\":\"https:\\\/\\\/www.p31noticias.com.br\\\/?p=26052#article\",\"isPartOf\":{\"@id\":\"https:\\\/\\\/www.p31noticias.com.br\\\/?p=26052\"},\"author\":{\"name\":\"Gon\u00e7alves Junior\",\"@id\":\"https:\\\/\\\/www.p31noticias.com.br\\\/#\\\/schema\\\/person\\\/95f2ece30e3b4132065b915150cd0f94\"},\"headline\":\"Advocacia-Geral da Uni\u00e3o diz que indulto presidencial concedido a Daniel Silveira \u00e9 constitucional.\",\"datePublished\":\"2022-05-11T10:22:24+00:00\",\"mainEntityOfPage\":{\"@id\":\"https:\\\/\\\/www.p31noticias.com.br\\\/?p=26052\"},\"wordCount\":335,\"commentCount\":0,\"image\":{\"@id\":\"https:\\\/\\\/www.p31noticias.com.br\\\/?p=26052#primaryimage\"},\"thumbnailUrl\":\"https:\\\/\\\/www.p31noticias.com.br\\\/wp-content\\\/uploads\\\/2022\\\/05\\\/age20220330027-1.webp\",\"articleSection\":[\"Brasil\"],\"inLanguage\":\"pt-BR\",\"potentialAction\":[{\"@type\":\"CommentAction\",\"name\":\"Comment\",\"target\":[\"https:\\\/\\\/www.p31noticias.com.br\\\/?p=26052#respond\"]}],\"copyrightYear\":\"2022\",\"copyrightHolder\":{\"@id\":\"https:\\\/\\\/www.p31noticias.com.br\\\/#organization\"}},{\"@type\":\"WebPage\",\"@id\":\"https:\\\/\\\/www.p31noticias.com.br\\\/?p=26052\",\"url\":\"https:\\\/\\\/www.p31noticias.com.br\\\/?p=26052\",\"name\":\"Advocacia-Geral da Uni\u00e3o diz que indulto presidencial concedido a Daniel Silveira \u00e9 constitucional. - P31\",\"isPartOf\":{\"@id\":\"https:\\\/\\\/www.p31noticias.com.br\\\/#website\"},\"primaryImageOfPage\":{\"@id\":\"https:\\\/\\\/www.p31noticias.com.br\\\/?p=26052#primaryimage\"},\"image\":{\"@id\":\"https:\\\/\\\/www.p31noticias.com.br\\\/?p=26052#primaryimage\"},\"thumbnailUrl\":\"https:\\\/\\\/www.p31noticias.com.br\\\/wp-content\\\/uploads\\\/2022\\\/05\\\/age20220330027-1.webp\",\"datePublished\":\"2022-05-11T10:22:24+00:00\",\"author\":{\"@id\":\"https:\\\/\\\/www.p31noticias.com.br\\\/#\\\/schema\\\/person\\\/95f2ece30e3b4132065b915150cd0f94\"},\"breadcrumb\":{\"@id\":\"https:\\\/\\\/www.p31noticias.com.br\\\/?p=26052#breadcrumb\"},\"inLanguage\":\"pt-BR\",\"potentialAction\":[{\"@type\":\"ReadAction\",\"target\":[\"https:\\\/\\\/www.p31noticias.com.br\\\/?p=26052\"]}]},{\"@type\":\"ImageObject\",\"inLanguage\":\"pt-BR\",\"@id\":\"https:\\\/\\\/www.p31noticias.com.br\\\/?p=26052#primaryimage\",\"url\":\"https:\\\/\\\/www.p31noticias.com.br\\\/wp-content\\\/uploads\\\/2022\\\/05\\\/age20220330027-1.webp\",\"contentUrl\":\"https:\\\/\\\/www.p31noticias.com.br\\\/wp-content\\\/uploads\\\/2022\\\/05\\\/age20220330027-1.webp\",\"width\":1000,\"height\":666},{\"@type\":\"BreadcrumbList\",\"@id\":\"https:\\\/\\\/www.p31noticias.com.br\\\/?p=26052#breadcrumb\",\"itemListElement\":[{\"@type\":\"ListItem\",\"position\":1,\"name\":\"In\u00edcio\",\"item\":\"https:\\\/\\\/www.p31noticias.com.br\\\/\"},{\"@type\":\"ListItem\",\"position\":2,\"name\":\"Advocacia-Geral da Uni\u00e3o diz que indulto presidencial concedido a Daniel Silveira \u00e9 constitucional.\"}]},{\"@type\":\"WebSite\",\"@id\":\"https:\\\/\\\/www.p31noticias.com.br\\\/#website\",\"url\":\"https:\\\/\\\/www.p31noticias.com.br\\\/\",\"name\":\"P31\",\"description\":\"NOT\u00cdCIAS\",\"potentialAction\":[{\"@type\":\"SearchAction\",\"target\":{\"@type\":\"EntryPoint\",\"urlTemplate\":\"https:\\\/\\\/www.p31noticias.com.br\\\/?s={search_term_string}\"},\"query-input\":{\"@type\":\"PropertyValueSpecification\",\"valueRequired\":true,\"valueName\":\"search_term_string\"}}],\"inLanguage\":\"pt-BR\"},{\"@type\":\"Person\",\"@id\":\"https:\\\/\\\/www.p31noticias.com.br\\\/#\\\/schema\\\/person\\\/95f2ece30e3b4132065b915150cd0f94\",\"name\":\"Gon\u00e7alves Junior\",\"image\":{\"@type\":\"ImageObject\",\"inLanguage\":\"pt-BR\",\"@id\":\"https:\\\/\\\/secure.gravatar.com\\\/avatar\\\/6711f350116a89762687a48d66f723c799e5438a5b7578508d4294cd7a5d0800?s=96&d=mm&r=g\",\"url\":\"https:\\\/\\\/secure.gravatar.com\\\/avatar\\\/6711f350116a89762687a48d66f723c799e5438a5b7578508d4294cd7a5d0800?s=96&d=mm&r=g\",\"contentUrl\":\"https:\\\/\\\/secure.gravatar.com\\\/avatar\\\/6711f350116a89762687a48d66f723c799e5438a5b7578508d4294cd7a5d0800?s=96&d=mm&r=g\",\"caption\":\"Gon\u00e7alves Junior\"},\"url\":\"https:\\\/\\\/www.p31noticias.com.br\\\/?author=2\"}]}<\/script>\n<!-- \/ Yoast SEO Premium plugin. -->","yoast_head_json":{"title":"Advocacia-Geral da Uni\u00e3o diz que indulto presidencial concedido a Daniel Silveira \u00e9 constitucional. - P31","robots":{"index":"index","follow":"follow","max-snippet":"max-snippet:-1","max-image-preview":"max-image-preview:large","max-video-preview":"max-video-preview:-1"},"canonical":"https:\/\/www.p31noticias.com.br\/?p=26052","og_locale":"pt_BR","og_type":"article","og_title":"Advocacia-Geral da Uni\u00e3o diz que indulto presidencial concedido a Daniel Silveira \u00e9 constitucional.","og_description":"Presidente Jair Bolsonaro concedeu gra\u00e7a ao deputado federal ap\u00f3s o parlamentar ser condenado pelo Supremo Tribunal Federal por amea\u00e7as a ministros da Corte e a promo\u00e7\u00e3o de atos antidemocr\u00e1ticos. A Advocacia-Geral da Uni\u00e3o (AGU) enviou uma manifesta\u00e7\u00e3o ao Supremo Tribunal Federal (STF) nesta ter\u00e7a-feira, 10, e alegou que a gra\u00e7a presidencial cedida por Jair Bolsonaro [&hellip;]","og_url":"https:\/\/www.p31noticias.com.br\/?p=26052","og_site_name":"P31","article_published_time":"2022-05-11T10:22:24+00:00","og_image":[{"width":1000,"height":666,"url":"https:\/\/www.p31noticias.com.br\/wp-content\/uploads\/2022\/05\/age20220330027-1.webp","type":"image\/webp"}],"author":"Gon\u00e7alves Junior","twitter_card":"summary_large_image","twitter_misc":{"Escrito por":"Gon\u00e7alves Junior","Est. tempo de leitura":"2 minutos"},"schema":{"@context":"https:\/\/schema.org","@graph":[{"@type":"Article","@id":"https:\/\/www.p31noticias.com.br\/?p=26052#article","isPartOf":{"@id":"https:\/\/www.p31noticias.com.br\/?p=26052"},"author":{"name":"Gon\u00e7alves Junior","@id":"https:\/\/www.p31noticias.com.br\/#\/schema\/person\/95f2ece30e3b4132065b915150cd0f94"},"headline":"Advocacia-Geral da Uni\u00e3o diz que indulto presidencial concedido a Daniel Silveira \u00e9 constitucional.","datePublished":"2022-05-11T10:22:24+00:00","mainEntityOfPage":{"@id":"https:\/\/www.p31noticias.com.br\/?p=26052"},"wordCount":335,"commentCount":0,"image":{"@id":"https:\/\/www.p31noticias.com.br\/?p=26052#primaryimage"},"thumbnailUrl":"https:\/\/www.p31noticias.com.br\/wp-content\/uploads\/2022\/05\/age20220330027-1.webp","articleSection":["Brasil"],"inLanguage":"pt-BR","potentialAction":[{"@type":"CommentAction","name":"Comment","target":["https:\/\/www.p31noticias.com.br\/?p=26052#respond"]}],"copyrightYear":"2022","copyrightHolder":{"@id":"https:\/\/www.p31noticias.com.br\/#organization"}},{"@type":"WebPage","@id":"https:\/\/www.p31noticias.com.br\/?p=26052","url":"https:\/\/www.p31noticias.com.br\/?p=26052","name":"Advocacia-Geral da Uni\u00e3o diz que indulto presidencial concedido a Daniel Silveira \u00e9 constitucional. - P31","isPartOf":{"@id":"https:\/\/www.p31noticias.com.br\/#website"},"primaryImageOfPage":{"@id":"https:\/\/www.p31noticias.com.br\/?p=26052#primaryimage"},"image":{"@id":"https:\/\/www.p31noticias.com.br\/?p=26052#primaryimage"},"thumbnailUrl":"https:\/\/www.p31noticias.com.br\/wp-content\/uploads\/2022\/05\/age20220330027-1.webp","datePublished":"2022-05-11T10:22:24+00:00","author":{"@id":"https:\/\/www.p31noticias.com.br\/#\/schema\/person\/95f2ece30e3b4132065b915150cd0f94"},"breadcrumb":{"@id":"https:\/\/www.p31noticias.com.br\/?p=26052#breadcrumb"},"inLanguage":"pt-BR","potentialAction":[{"@type":"ReadAction","target":["https:\/\/www.p31noticias.com.br\/?p=26052"]}]},{"@type":"ImageObject","inLanguage":"pt-BR","@id":"https:\/\/www.p31noticias.com.br\/?p=26052#primaryimage","url":"https:\/\/www.p31noticias.com.br\/wp-content\/uploads\/2022\/05\/age20220330027-1.webp","contentUrl":"https:\/\/www.p31noticias.com.br\/wp-content\/uploads\/2022\/05\/age20220330027-1.webp","width":1000,"height":666},{"@type":"BreadcrumbList","@id":"https:\/\/www.p31noticias.com.br\/?p=26052#breadcrumb","itemListElement":[{"@type":"ListItem","position":1,"name":"In\u00edcio","item":"https:\/\/www.p31noticias.com.br\/"},{"@type":"ListItem","position":2,"name":"Advocacia-Geral da Uni\u00e3o diz que indulto presidencial concedido a Daniel Silveira \u00e9 constitucional."}]},{"@type":"WebSite","@id":"https:\/\/www.p31noticias.com.br\/#website","url":"https:\/\/www.p31noticias.com.br\/","name":"P31","description":"NOT\u00cdCIAS","potentialAction":[{"@type":"SearchAction","target":{"@type":"EntryPoint","urlTemplate":"https:\/\/www.p31noticias.com.br\/?s={search_term_string}"},"query-input":{"@type":"PropertyValueSpecification","valueRequired":true,"valueName":"search_term_string"}}],"inLanguage":"pt-BR"},{"@type":"Person","@id":"https:\/\/www.p31noticias.com.br\/#\/schema\/person\/95f2ece30e3b4132065b915150cd0f94","name":"Gon\u00e7alves Junior","image":{"@type":"ImageObject","inLanguage":"pt-BR","@id":"https:\/\/secure.gravatar.com\/avatar\/6711f350116a89762687a48d66f723c799e5438a5b7578508d4294cd7a5d0800?s=96&d=mm&r=g","url":"https:\/\/secure.gravatar.com\/avatar\/6711f350116a89762687a48d66f723c799e5438a5b7578508d4294cd7a5d0800?s=96&d=mm&r=g","contentUrl":"https:\/\/secure.gravatar.com\/avatar\/6711f350116a89762687a48d66f723c799e5438a5b7578508d4294cd7a5d0800?s=96&d=mm&r=g","caption":"Gon\u00e7alves Junior"},"url":"https:\/\/www.p31noticias.com.br\/?author=2"}]}},"amp_enabled":true,"_links":{"self":[{"href":"https:\/\/www.p31noticias.com.br\/index.php?rest_route=\/wp\/v2\/posts\/26052","targetHints":{"allow":["GET"]}}],"collection":[{"href":"https:\/\/www.p31noticias.com.br\/index.php?rest_route=\/wp\/v2\/posts"}],"about":[{"href":"https:\/\/www.p31noticias.com.br\/index.php?rest_route=\/wp\/v2\/types\/post"}],"author":[{"embeddable":true,"href":"https:\/\/www.p31noticias.com.br\/index.php?rest_route=\/wp\/v2\/users\/2"}],"replies":[{"embeddable":true,"href":"https:\/\/www.p31noticias.com.br\/index.php?rest_route=%2Fwp%2Fv2%2Fcomments&post=26052"}],"version-history":[{"count":1,"href":"https:\/\/www.p31noticias.com.br\/index.php?rest_route=\/wp\/v2\/posts\/26052\/revisions"}],"predecessor-version":[{"id":26054,"href":"https:\/\/www.p31noticias.com.br\/index.php?rest_route=\/wp\/v2\/posts\/26052\/revisions\/26054"}],"wp:featuredmedia":[{"embeddable":true,"href":"https:\/\/www.p31noticias.com.br\/index.php?rest_route=\/wp\/v2\/media\/26053"}],"wp:attachment":[{"href":"https:\/\/www.p31noticias.com.br\/index.php?rest_route=%2Fwp%2Fv2%2Fmedia&parent=26052"}],"wp:term":[{"taxonomy":"category","embeddable":true,"href":"https:\/\/www.p31noticias.com.br\/index.php?rest_route=%2Fwp%2Fv2%2Fcategories&post=26052"},{"taxonomy":"post_tag","embeddable":true,"href":"https:\/\/www.p31noticias.com.br\/index.php?rest_route=%2Fwp%2Fv2%2Ftags&post=26052"}],"curies":[{"name":"wp","href":"https:\/\/api.w.org\/{rel}","templated":true}]}}