{"id":26049,"date":"2022-05-11T07:19:06","date_gmt":"2022-05-11T10:19:06","guid":{"rendered":"https:\/\/p31noticias.com.br\/?p=26049"},"modified":"2022-05-11T07:19:06","modified_gmt":"2022-05-11T10:19:06","slug":"justica-do-rio-pede-inclusao-de-rogerio-andrade-na-lista-da-interpol","status":"publish","type":"post","link":"https:\/\/www.p31noticias.com.br\/?p=26049","title":{"rendered":"Justi\u00e7a do Rio pede inclus\u00e3o de Rog\u00e9rio Andrade na lista da Interpol."},"content":{"rendered":"<h3 class=\"col-10 offset-1 animated fadeInDown dealy-900 display-8 display-md-8 alt-font font-italic my-1 text-center\" style=\"text-align: justify;\"><em><strong>Ele est\u00e1 foragido desde o \u00faltimo dia 7<\/strong><\/em><\/h3>\n<p style=\"text-align: justify;\">A pedido do Minist\u00e9rio P\u00fablico do Rio de Janeiro (MPRJ), a Justi\u00e7a do Rio decidiu pedir a inclus\u00e3o do nome do contraventor Rog\u00e9rio de Andrade na lista vermelha da Interpol. A medida foi assinada nesta ter\u00e7a-feira (10) pelo juiz Bruno Monteiro Ruliere, da 1\u00aa Vara Especializada.<img decoding=\"async\" src=\"https:\/\/agenciabrasil.ebc.com.br\/ebc.png?id=1459036&amp;o=node\" \/><img decoding=\"async\" src=\"https:\/\/agenciabrasil.ebc.com.br\/ebc.gif?id=1459036&amp;o=node\" \/><\/p>\n<p style=\"text-align: justify;\">No pedido de inclus\u00e3o de Andrade na lista vermelha da Interpol consta como \u00faltimo destino conhecido a cidade de San Jos\u00e9, capital da Costa Rica. Ele n\u00e3o regressou ao Brasil na data prevista, que seria o \u00faltimo dia 7. \u201cAssim, justificada a ado\u00e7\u00e3o das provid\u00eancias legais necess\u00e1rias para a tentativa de captura de\u00a0Rog\u00e9rio de Andrade fora do Brasil, o que pressup\u00f5e a inclus\u00e3o de seu mandado de pris\u00e3o em difus\u00e3o vermelha junto \u00e0 Interpol, observando-se todas as exig\u00eancias normativas aplic\u00e1veis \u00e0 esp\u00e9cie. Diante do exposto, defiro o requerimento do MP [Minist\u00e9rio P\u00fablico]\u00a0nos seus exatos termos, determinando: A expedi\u00e7\u00e3o de of\u00edcio \u00e0 Superintend\u00eancia Regional da Pol\u00edcia Federal- SR\/DPF do Estado do Rio de Janeiro, encaminhando o mandado de pris\u00e3o de Rog\u00e9rio Costa de Andrade e Silva para cumprimento e para publica\u00e7\u00e3o da difus\u00e3o vermelha no sistema internacional da Interpol\u201d, escreveu Ruliere em seu despacho.<\/p>\n<h2 style=\"text-align: justify;\">Opera\u00e7\u00e3o Cal\u00edgula<\/h2>\n<p style=\"text-align: justify;\">Rog\u00e9rio e outros investigados, incluindo os delegados Marcos Cipriano e Adriana Bel\u00e9m, al\u00e9m do Policial Militar reformado Ronnie Lessa, foram denunciados \u00e0 Justi\u00e7a pelo MP,<a href=\"https:\/\/agenciabrasil.ebc.com.br\/geral\/noticia\/2022-05\/operacao-caligula-prende-delegada-no-rio-de-janeiro\" target=\"_blank\" rel=\"noopener\">\u00a0dentro da Opera\u00e7\u00e3o Cal\u00edgula, deflagrada contra organiza\u00e7\u00e3o criminosa liderada por Rog\u00e9rio e integrada por dezenas de outros criminosos.<\/a><\/p>\n<p style=\"text-align: justify;\">A opera\u00e7\u00e3o teve como objetivo o cumprimento de 29 mandados de pris\u00e3o e 119 de busca e apreens\u00e3o, incluindo quatro bingos comandados pelo grupo. \u00a0No total, foram denunciadas 30 pessoas pelos crimes de organiza\u00e7\u00e3o criminosa, corrup\u00e7\u00e3o ativa, corrup\u00e7\u00e3o passiva e lavagem de dinheiro. No apartamento da delegada Adriana, foi encontrado R$ 1,765 milh\u00e3o em esp\u00e9cie.<\/p>\n<h2 style=\"text-align: justify;\">Marielle<\/h2>\n<p style=\"text-align: justify;\">Em coletiva de imprensa para fazer um balan\u00e7o da opera\u00e7\u00e3o. os membros do Grupo de Atua\u00e7\u00e3o Especial de Combate ao Crime Organizado (Gaeco)\u00a0relataram um poss\u00edvel envolvimento de Rog\u00e9rio na morte da vereadora Marielle Franco e do motorista Anderson Gomes, ocorrida em mar\u00e7o de 2018.<\/p>\n<p style=\"text-align: justify;\">Uma das linhas investigadas \u00e9 a rela\u00e7\u00e3o pr\u00f3xima que havia, na \u00e9poca, entre Andrade e Ronnie, que estavam abrindo um bingo clandestino na Barra no mesmo ano. A quebra de sigilos telef\u00f4nico e telem\u00e1tico de ambos mostrou que eles mantinham um di\u00e1logo frequente. Ronnie \u00e9 acusado pela morte da vereadora, juntamente com o ex-PM \u00c9lcio Queiroz, ambos presos em pres\u00eddio federal, aguardando julgamento.<\/p>\n<p style=\"text-align: justify;\">Os promotores do MP, no entanto, n\u00e3o quiseram confirmar se Rog\u00e9rio est\u00e1 sendo ou n\u00e3o investigado pela morte de Marielle, pois os trabalhos seguem em sigilo.<\/p>\n<h2 style=\"text-align: justify;\">Delegada<\/h2>\n<p style=\"text-align: justify;\">A delegada Adriana Bel\u00e9m, um dos alvos da Opera\u00e7\u00e3o Cal\u00edgula, foi presa em seu apartamento e levada para a sede da Secretaria de Estado de Pol\u00edcia Civil, onde chegou por volta das 16h30. Ela estava dentro de um carro com vidros escuros, que entrou pela garagem da secretaria, evitando contado com a imprensa que a aguardava.<\/p>\n<p style=\"text-align: justify;\">\u201cO gigantesco valor em esp\u00e9cie arrecadado na posse da acusada, que \u00e9 delegada de pol\u00edcia do Estado do Rio de Janeiro, aliado aos grav\u00edssimos fatos ventilados na presente a\u00e7\u00e3o penal, t\u00eam-se s\u00e9rios e s\u00f3lidos indicativos de que a r\u00e9 apresenta um grau exacerbado de comprometimento com a organiza\u00e7\u00e3o criminosa e\/ou com a pr\u00e1tica de atividade corruptiva (capaz de gerar vantagens que correspondem a cifras milion\u00e1rias)\u201d, registra a decis\u00e3o de Ruliere, deferindo a pris\u00e3o preventiva de Bel\u00e9m.<\/p>\n<p style=\"text-align: justify;\">Um fato que surpreendeu os promotores foi a localiza\u00e7\u00e3o, na resid\u00eancia do delegado Cipriano, da ordem de pris\u00e3o emitida pelo juiz do caso, o que, segundo eles, configuraria prov\u00e1vel vazamento de informa\u00e7\u00f5es, o que ser\u00e1 objeto de investiga\u00e7\u00e3o.<\/p>\n<p>Ag\u00eancia Brasil.<\/p>\n","protected":false},"excerpt":{"rendered":"<p>Ele est\u00e1 foragido desde o \u00faltimo dia 7 A pedido do Minist\u00e9rio P\u00fablico do Rio de Janeiro (MPRJ), a Justi\u00e7a do Rio decidiu pedir a inclus\u00e3o do nome do contraventor Rog\u00e9rio de Andrade na lista vermelha da Interpol. A medida foi assinada nesta ter\u00e7a-feira (10) pelo juiz Bruno Monteiro Ruliere, da 1\u00aa Vara Especializada. No [&hellip;]<\/p>\n","protected":false},"author":2,"featured_media":26050,"comment_status":"open","ping_status":"open","sticky":false,"template":"","format":"standard","meta":{"footnotes":""},"categories":[68],"tags":[],"class_list":{"0":"post-26049","1":"post","2":"type-post","3":"status-publish","4":"format-standard","5":"has-post-thumbnail","7":"category-brasil"},"yoast_head":"<!-- This site is optimized with the Yoast SEO Premium plugin v24.5 (Yoast SEO v27.5) - https:\/\/yoast.com\/product\/yoast-seo-premium-wordpress\/ -->\n<title>Justi\u00e7a do Rio pede inclus\u00e3o de Rog\u00e9rio Andrade na lista da Interpol. - P31<\/title>\n<meta name=\"robots\" content=\"index, follow, max-snippet:-1, max-image-preview:large, max-video-preview:-1\" \/>\n<link rel=\"canonical\" href=\"https:\/\/www.p31noticias.com.br\/?p=26049\" \/>\n<meta property=\"og:locale\" content=\"pt_BR\" \/>\n<meta property=\"og:type\" content=\"article\" \/>\n<meta property=\"og:title\" content=\"Justi\u00e7a do Rio pede inclus\u00e3o de Rog\u00e9rio Andrade na lista da Interpol.\" \/>\n<meta property=\"og:description\" content=\"Ele est\u00e1 foragido desde o \u00faltimo dia 7 A pedido do Minist\u00e9rio P\u00fablico do Rio de Janeiro (MPRJ), a Justi\u00e7a do Rio decidiu pedir a inclus\u00e3o do nome do contraventor Rog\u00e9rio de Andrade na lista vermelha da Interpol. A medida foi assinada nesta ter\u00e7a-feira (10) pelo juiz Bruno Monteiro Ruliere, da 1\u00aa Vara Especializada. No [&hellip;]\" \/>\n<meta property=\"og:url\" content=\"https:\/\/www.p31noticias.com.br\/?p=26049\" \/>\n<meta property=\"og:site_name\" content=\"P31\" \/>\n<meta property=\"article:published_time\" content=\"2022-05-11T10:19:06+00:00\" \/>\n<meta property=\"og:image\" content=\"https:\/\/www.p31noticias.com.br\/wp-content\/uploads\/2022\/05\/xmprjpagespeedic-hh8n8s6yza-1.jpg\" \/>\n\t<meta property=\"og:image:width\" content=\"1100\" \/>\n\t<meta property=\"og:image:height\" content=\"659\" \/>\n\t<meta property=\"og:image:type\" content=\"image\/jpeg\" \/>\n<meta name=\"author\" content=\"Gon\u00e7alves Junior\" \/>\n<meta name=\"twitter:card\" content=\"summary_large_image\" \/>\n<meta name=\"twitter:label1\" content=\"Escrito por\" \/>\n\t<meta name=\"twitter:data1\" content=\"Gon\u00e7alves Junior\" \/>\n\t<meta name=\"twitter:label2\" content=\"Est. tempo de leitura\" \/>\n\t<meta name=\"twitter:data2\" content=\"3 minutos\" \/>\n<script type=\"application\/ld+json\" class=\"yoast-schema-graph\">{\"@context\":\"https:\\\/\\\/schema.org\",\"@graph\":[{\"@type\":\"Article\",\"@id\":\"https:\\\/\\\/www.p31noticias.com.br\\\/?p=26049#article\",\"isPartOf\":{\"@id\":\"https:\\\/\\\/www.p31noticias.com.br\\\/?p=26049\"},\"author\":{\"name\":\"Gon\u00e7alves Junior\",\"@id\":\"https:\\\/\\\/www.p31noticias.com.br\\\/#\\\/schema\\\/person\\\/95f2ece30e3b4132065b915150cd0f94\"},\"headline\":\"Justi\u00e7a do Rio pede inclus\u00e3o de Rog\u00e9rio Andrade na lista da Interpol.\",\"datePublished\":\"2022-05-11T10:19:06+00:00\",\"mainEntityOfPage\":{\"@id\":\"https:\\\/\\\/www.p31noticias.com.br\\\/?p=26049\"},\"wordCount\":694,\"commentCount\":0,\"image\":{\"@id\":\"https:\\\/\\\/www.p31noticias.com.br\\\/?p=26049#primaryimage\"},\"thumbnailUrl\":\"https:\\\/\\\/www.p31noticias.com.br\\\/wp-content\\\/uploads\\\/2022\\\/05\\\/xmprjpagespeedic-hh8n8s6yza-1.jpg\",\"articleSection\":[\"Brasil\"],\"inLanguage\":\"pt-BR\",\"potentialAction\":[{\"@type\":\"CommentAction\",\"name\":\"Comment\",\"target\":[\"https:\\\/\\\/www.p31noticias.com.br\\\/?p=26049#respond\"]}],\"copyrightYear\":\"2022\",\"copyrightHolder\":{\"@id\":\"https:\\\/\\\/www.p31noticias.com.br\\\/#organization\"}},{\"@type\":\"WebPage\",\"@id\":\"https:\\\/\\\/www.p31noticias.com.br\\\/?p=26049\",\"url\":\"https:\\\/\\\/www.p31noticias.com.br\\\/?p=26049\",\"name\":\"Justi\u00e7a do Rio pede inclus\u00e3o de Rog\u00e9rio Andrade na lista da Interpol. - P31\",\"isPartOf\":{\"@id\":\"https:\\\/\\\/www.p31noticias.com.br\\\/#website\"},\"primaryImageOfPage\":{\"@id\":\"https:\\\/\\\/www.p31noticias.com.br\\\/?p=26049#primaryimage\"},\"image\":{\"@id\":\"https:\\\/\\\/www.p31noticias.com.br\\\/?p=26049#primaryimage\"},\"thumbnailUrl\":\"https:\\\/\\\/www.p31noticias.com.br\\\/wp-content\\\/uploads\\\/2022\\\/05\\\/xmprjpagespeedic-hh8n8s6yza-1.jpg\",\"datePublished\":\"2022-05-11T10:19:06+00:00\",\"author\":{\"@id\":\"https:\\\/\\\/www.p31noticias.com.br\\\/#\\\/schema\\\/person\\\/95f2ece30e3b4132065b915150cd0f94\"},\"breadcrumb\":{\"@id\":\"https:\\\/\\\/www.p31noticias.com.br\\\/?p=26049#breadcrumb\"},\"inLanguage\":\"pt-BR\",\"potentialAction\":[{\"@type\":\"ReadAction\",\"target\":[\"https:\\\/\\\/www.p31noticias.com.br\\\/?p=26049\"]}]},{\"@type\":\"ImageObject\",\"inLanguage\":\"pt-BR\",\"@id\":\"https:\\\/\\\/www.p31noticias.com.br\\\/?p=26049#primaryimage\",\"url\":\"https:\\\/\\\/www.p31noticias.com.br\\\/wp-content\\\/uploads\\\/2022\\\/05\\\/xmprjpagespeedic-hh8n8s6yza-1.jpg\",\"contentUrl\":\"https:\\\/\\\/www.p31noticias.com.br\\\/wp-content\\\/uploads\\\/2022\\\/05\\\/xmprjpagespeedic-hh8n8s6yza-1.jpg\",\"width\":1100,\"height\":659},{\"@type\":\"BreadcrumbList\",\"@id\":\"https:\\\/\\\/www.p31noticias.com.br\\\/?p=26049#breadcrumb\",\"itemListElement\":[{\"@type\":\"ListItem\",\"position\":1,\"name\":\"In\u00edcio\",\"item\":\"https:\\\/\\\/www.p31noticias.com.br\\\/\"},{\"@type\":\"ListItem\",\"position\":2,\"name\":\"Justi\u00e7a do Rio pede inclus\u00e3o de Rog\u00e9rio Andrade na lista da Interpol.\"}]},{\"@type\":\"WebSite\",\"@id\":\"https:\\\/\\\/www.p31noticias.com.br\\\/#website\",\"url\":\"https:\\\/\\\/www.p31noticias.com.br\\\/\",\"name\":\"P31\",\"description\":\"NOT\u00cdCIAS\",\"potentialAction\":[{\"@type\":\"SearchAction\",\"target\":{\"@type\":\"EntryPoint\",\"urlTemplate\":\"https:\\\/\\\/www.p31noticias.com.br\\\/?s={search_term_string}\"},\"query-input\":{\"@type\":\"PropertyValueSpecification\",\"valueRequired\":true,\"valueName\":\"search_term_string\"}}],\"inLanguage\":\"pt-BR\"},{\"@type\":\"Person\",\"@id\":\"https:\\\/\\\/www.p31noticias.com.br\\\/#\\\/schema\\\/person\\\/95f2ece30e3b4132065b915150cd0f94\",\"name\":\"Gon\u00e7alves Junior\",\"image\":{\"@type\":\"ImageObject\",\"inLanguage\":\"pt-BR\",\"@id\":\"https:\\\/\\\/secure.gravatar.com\\\/avatar\\\/6711f350116a89762687a48d66f723c799e5438a5b7578508d4294cd7a5d0800?s=96&d=mm&r=g\",\"url\":\"https:\\\/\\\/secure.gravatar.com\\\/avatar\\\/6711f350116a89762687a48d66f723c799e5438a5b7578508d4294cd7a5d0800?s=96&d=mm&r=g\",\"contentUrl\":\"https:\\\/\\\/secure.gravatar.com\\\/avatar\\\/6711f350116a89762687a48d66f723c799e5438a5b7578508d4294cd7a5d0800?s=96&d=mm&r=g\",\"caption\":\"Gon\u00e7alves Junior\"},\"url\":\"https:\\\/\\\/www.p31noticias.com.br\\\/?author=2\"}]}<\/script>\n<!-- \/ Yoast SEO Premium plugin. -->","yoast_head_json":{"title":"Justi\u00e7a do Rio pede inclus\u00e3o de Rog\u00e9rio Andrade na lista da Interpol. - P31","robots":{"index":"index","follow":"follow","max-snippet":"max-snippet:-1","max-image-preview":"max-image-preview:large","max-video-preview":"max-video-preview:-1"},"canonical":"https:\/\/www.p31noticias.com.br\/?p=26049","og_locale":"pt_BR","og_type":"article","og_title":"Justi\u00e7a do Rio pede inclus\u00e3o de Rog\u00e9rio Andrade na lista da Interpol.","og_description":"Ele est\u00e1 foragido desde o \u00faltimo dia 7 A pedido do Minist\u00e9rio P\u00fablico do Rio de Janeiro (MPRJ), a Justi\u00e7a do Rio decidiu pedir a inclus\u00e3o do nome do contraventor Rog\u00e9rio de Andrade na lista vermelha da Interpol. A medida foi assinada nesta ter\u00e7a-feira (10) pelo juiz Bruno Monteiro Ruliere, da 1\u00aa Vara Especializada. No [&hellip;]","og_url":"https:\/\/www.p31noticias.com.br\/?p=26049","og_site_name":"P31","article_published_time":"2022-05-11T10:19:06+00:00","og_image":[{"width":1100,"height":659,"url":"https:\/\/www.p31noticias.com.br\/wp-content\/uploads\/2022\/05\/xmprjpagespeedic-hh8n8s6yza-1.jpg","type":"image\/jpeg"}],"author":"Gon\u00e7alves Junior","twitter_card":"summary_large_image","twitter_misc":{"Escrito por":"Gon\u00e7alves Junior","Est. tempo de leitura":"3 minutos"},"schema":{"@context":"https:\/\/schema.org","@graph":[{"@type":"Article","@id":"https:\/\/www.p31noticias.com.br\/?p=26049#article","isPartOf":{"@id":"https:\/\/www.p31noticias.com.br\/?p=26049"},"author":{"name":"Gon\u00e7alves Junior","@id":"https:\/\/www.p31noticias.com.br\/#\/schema\/person\/95f2ece30e3b4132065b915150cd0f94"},"headline":"Justi\u00e7a do Rio pede inclus\u00e3o de Rog\u00e9rio Andrade na lista da Interpol.","datePublished":"2022-05-11T10:19:06+00:00","mainEntityOfPage":{"@id":"https:\/\/www.p31noticias.com.br\/?p=26049"},"wordCount":694,"commentCount":0,"image":{"@id":"https:\/\/www.p31noticias.com.br\/?p=26049#primaryimage"},"thumbnailUrl":"https:\/\/www.p31noticias.com.br\/wp-content\/uploads\/2022\/05\/xmprjpagespeedic-hh8n8s6yza-1.jpg","articleSection":["Brasil"],"inLanguage":"pt-BR","potentialAction":[{"@type":"CommentAction","name":"Comment","target":["https:\/\/www.p31noticias.com.br\/?p=26049#respond"]}],"copyrightYear":"2022","copyrightHolder":{"@id":"https:\/\/www.p31noticias.com.br\/#organization"}},{"@type":"WebPage","@id":"https:\/\/www.p31noticias.com.br\/?p=26049","url":"https:\/\/www.p31noticias.com.br\/?p=26049","name":"Justi\u00e7a do Rio pede inclus\u00e3o de Rog\u00e9rio Andrade na lista da Interpol. - P31","isPartOf":{"@id":"https:\/\/www.p31noticias.com.br\/#website"},"primaryImageOfPage":{"@id":"https:\/\/www.p31noticias.com.br\/?p=26049#primaryimage"},"image":{"@id":"https:\/\/www.p31noticias.com.br\/?p=26049#primaryimage"},"thumbnailUrl":"https:\/\/www.p31noticias.com.br\/wp-content\/uploads\/2022\/05\/xmprjpagespeedic-hh8n8s6yza-1.jpg","datePublished":"2022-05-11T10:19:06+00:00","author":{"@id":"https:\/\/www.p31noticias.com.br\/#\/schema\/person\/95f2ece30e3b4132065b915150cd0f94"},"breadcrumb":{"@id":"https:\/\/www.p31noticias.com.br\/?p=26049#breadcrumb"},"inLanguage":"pt-BR","potentialAction":[{"@type":"ReadAction","target":["https:\/\/www.p31noticias.com.br\/?p=26049"]}]},{"@type":"ImageObject","inLanguage":"pt-BR","@id":"https:\/\/www.p31noticias.com.br\/?p=26049#primaryimage","url":"https:\/\/www.p31noticias.com.br\/wp-content\/uploads\/2022\/05\/xmprjpagespeedic-hh8n8s6yza-1.jpg","contentUrl":"https:\/\/www.p31noticias.com.br\/wp-content\/uploads\/2022\/05\/xmprjpagespeedic-hh8n8s6yza-1.jpg","width":1100,"height":659},{"@type":"BreadcrumbList","@id":"https:\/\/www.p31noticias.com.br\/?p=26049#breadcrumb","itemListElement":[{"@type":"ListItem","position":1,"name":"In\u00edcio","item":"https:\/\/www.p31noticias.com.br\/"},{"@type":"ListItem","position":2,"name":"Justi\u00e7a do Rio pede inclus\u00e3o de Rog\u00e9rio Andrade na lista da Interpol."}]},{"@type":"WebSite","@id":"https:\/\/www.p31noticias.com.br\/#website","url":"https:\/\/www.p31noticias.com.br\/","name":"P31","description":"NOT\u00cdCIAS","potentialAction":[{"@type":"SearchAction","target":{"@type":"EntryPoint","urlTemplate":"https:\/\/www.p31noticias.com.br\/?s={search_term_string}"},"query-input":{"@type":"PropertyValueSpecification","valueRequired":true,"valueName":"search_term_string"}}],"inLanguage":"pt-BR"},{"@type":"Person","@id":"https:\/\/www.p31noticias.com.br\/#\/schema\/person\/95f2ece30e3b4132065b915150cd0f94","name":"Gon\u00e7alves Junior","image":{"@type":"ImageObject","inLanguage":"pt-BR","@id":"https:\/\/secure.gravatar.com\/avatar\/6711f350116a89762687a48d66f723c799e5438a5b7578508d4294cd7a5d0800?s=96&d=mm&r=g","url":"https:\/\/secure.gravatar.com\/avatar\/6711f350116a89762687a48d66f723c799e5438a5b7578508d4294cd7a5d0800?s=96&d=mm&r=g","contentUrl":"https:\/\/secure.gravatar.com\/avatar\/6711f350116a89762687a48d66f723c799e5438a5b7578508d4294cd7a5d0800?s=96&d=mm&r=g","caption":"Gon\u00e7alves Junior"},"url":"https:\/\/www.p31noticias.com.br\/?author=2"}]}},"amp_enabled":true,"_links":{"self":[{"href":"https:\/\/www.p31noticias.com.br\/index.php?rest_route=\/wp\/v2\/posts\/26049","targetHints":{"allow":["GET"]}}],"collection":[{"href":"https:\/\/www.p31noticias.com.br\/index.php?rest_route=\/wp\/v2\/posts"}],"about":[{"href":"https:\/\/www.p31noticias.com.br\/index.php?rest_route=\/wp\/v2\/types\/post"}],"author":[{"embeddable":true,"href":"https:\/\/www.p31noticias.com.br\/index.php?rest_route=\/wp\/v2\/users\/2"}],"replies":[{"embeddable":true,"href":"https:\/\/www.p31noticias.com.br\/index.php?rest_route=%2Fwp%2Fv2%2Fcomments&post=26049"}],"version-history":[{"count":1,"href":"https:\/\/www.p31noticias.com.br\/index.php?rest_route=\/wp\/v2\/posts\/26049\/revisions"}],"predecessor-version":[{"id":26051,"href":"https:\/\/www.p31noticias.com.br\/index.php?rest_route=\/wp\/v2\/posts\/26049\/revisions\/26051"}],"wp:featuredmedia":[{"embeddable":true,"href":"https:\/\/www.p31noticias.com.br\/index.php?rest_route=\/wp\/v2\/media\/26050"}],"wp:attachment":[{"href":"https:\/\/www.p31noticias.com.br\/index.php?rest_route=%2Fwp%2Fv2%2Fmedia&parent=26049"}],"wp:term":[{"taxonomy":"category","embeddable":true,"href":"https:\/\/www.p31noticias.com.br\/index.php?rest_route=%2Fwp%2Fv2%2Fcategories&post=26049"},{"taxonomy":"post_tag","embeddable":true,"href":"https:\/\/www.p31noticias.com.br\/index.php?rest_route=%2Fwp%2Fv2%2Ftags&post=26049"}],"curies":[{"name":"wp","href":"https:\/\/api.w.org\/{rel}","templated":true}]}}