{"id":26040,"date":"2022-04-30T22:31:46","date_gmt":"2022-05-01T01:31:46","guid":{"rendered":"https:\/\/p31noticias.com.br\/?p=26040"},"modified":"2022-04-30T22:34:02","modified_gmt":"2022-05-01T01:34:02","slug":"cantor-matos-nascimento-e-renata-daguiar-em-parceria-lancam-dvd-gospel","status":"publish","type":"post","link":"https:\/\/www.p31noticias.com.br\/?p=26040","title":{"rendered":"Cantor Matos Nascimento e Renata D\u00b4Aguiar em parceria lan\u00e7am DVD Gospel ."},"content":{"rendered":"<p style=\"text-align: justify;\">Numa reuni\u00e3o descontra\u00edda e cheia da presen\u00e7a de Deus\u00a0 O Cantor, M\u00fasico e Compositor Matos Nascimento , em parceria musical com a jovem Economista , Pr\u00e9 Candidata a Deputada Distrital\u00a0 e presidente do &#8220;Instituto Reciclando o Futuro&#8221; Renata d\u2019Aguiar , lan\u00e7ou o DVD Gospel\u00a0 &#8221; Evangelizando o Mundo &#8221; no dia 29 de abril , evento esse destinado \u00e0 Obra Missiion\u00e1ria. O culto contou ainda com muitas lideran\u00e7as evang\u00e9licas, como Pastores, Evangelistas, Bispos e o Ap\u00f3stolo Junior Cust\u00f3dio, Presidente da Igreja Catedral da Igreja Nova Vis\u00e3o na QR 12 do Recanto das Emas, local do evento. Tamb\u00e9m esteve prestigiando o evento o Deputado Federal J\u00falio C\u00e9sar , Pr\u00e9 Candidato a reelei\u00e7\u00e3o pelo DF.<\/p>\n<p style=\"text-align: justify;\"><img decoding=\"async\" src=\"https:\/\/mail.google.com\/mail\/u\/0?ui=2&amp;ik=e51c0b2605&amp;attid=0.1.1&amp;permmsgid=msg-f:1731582376066538396&amp;th=1807d0ff28c5db9c&amp;view=fimg&amp;fur=ip&amp;sz=s0-l75-ft&amp;attbid=ANGjdJ8yMqqEljTKuUM6uj_NhsL1n1xp41j6332Tp2TL2tp-KUCQIE9hScUXL7-Ide5-ggrxqfdct5L1tstcGNM97bC883N1SIu_DPefb_nP1XQwmpPP3AV-ufZhh_M&amp;disp=emb\" \/><\/p>\n<p style=\"text-align: justify;\">Momento em que Os Pastores oram pela vida de Renata D\u00b4Aguiar colocando sua vida e tamb\u00e9m sua pr\u00e9 candidatura sob a dire\u00e7\u00e3o de Deus.<\/p>\n<p style=\"text-align: justify;\"><img decoding=\"async\" src=\"https:\/\/mail.google.com\/mail\/u\/0?ui=2&amp;ik=e51c0b2605&amp;attid=0.1.1&amp;permmsgid=msg-f:1731583614366057332&amp;th=1807d21f792d0374&amp;view=fimg&amp;fur=ip&amp;sz=s0-l75-ft&amp;attbid=ANGjdJ-manordToJChq8izFgtD4FjH6XOgQbKNI_RJDW5hPO612z3tXQooEW5_uW7tP6ers0gzxXTKMO__v1e6US4bW8NiBjiyjizVvypgbjSkwuOc7nMK4Re3FmKuM&amp;disp=emb\" \/><\/p>\n<p style=\"text-align: justify;\">Momento em que Renata e Matos cantam juntos em um momento de alegria e temor.<\/p>\n<p style=\"text-align: justify;\">Para quem n\u00e3o conhece ainda o Instituto Reciclando o futuro , colocamos um breve hist\u00f3rico de como come\u00e7ou este projeto:<\/p>\n<p style=\"text-align: justify;\">O Reciclando nasceu em Santa Luzia, na Cidade Estrutural, a partir do relacionamento que\u00a0<a href=\"http:\/\/renatadaguiar.com.br\/\">Renata<\/a>\u00a0estabeleceu com catadores do antigo lix\u00e3o. Com o fechamento do lix\u00e3o, muitos passaram a viver em uma situa\u00e7\u00e3o ainda mais prec\u00e1ria pela falta de conhecimento sobre outro of\u00edcio e por n\u00e3o terem sido alocados nos galp\u00f5es constru\u00eddos pelo governo para continuarem atuando como catadores. Os volunt\u00e1rios do Reciclando se dispuseram a ensin\u00e1-los atividades de panifica\u00e7\u00e3o e de confeitaria, para que pudessem gerar uma renda extra e sobreviver.<\/p>\n<p style=\"text-align: justify;\">Em 2018, as atividades do Reciclando o Futuro se expandiram para outras cidades. A comunidade do Sol Nascente tamb\u00e9m passou a desfrutar de oficinas de capacita\u00e7\u00e3o do Reciclando, ensinadas pelos pr\u00f3prios assistidos que foram anteriormente capacitados pelo projeto.<\/p>\n<p style=\"text-align: justify;\">A pandemia agravou muito a situa\u00e7\u00e3o de vulnerabilidade econ\u00f4mica, mesmo na capital do pa\u00eds. Com a suspens\u00e3o das atividades presenciais determinadas pelo governo, os esfor\u00e7os do Reciclando passaram a se concentrar em atividades emergenciais, tais como: doa\u00e7\u00e3o de cestas b\u00e1sicas, de cestas verdes e de kits de limpeza, e o Instituto passou a atender diversas comunidades, em diferentes cidades do Distrito Federal, que solicitaram ajuda.<\/p>\n<p style=\"text-align: justify;\">\u00a0 \u00a0 \u00a0 \u00a0Renata D\u00c1guiar tamb\u00e9m \u00e9 Pr\u00e9 Candidata a Deputada Distrital e j\u00e1 desponta no cen\u00e1rio pol\u00edtico com grande chance de ser eleita, pois goza de credibilidade pelo trabalho que j\u00e1 vem executando por um bom tempo , n\u00e1o sendo,\u00a0 portanto, considerada oportunista.<\/p>\n<p style=\"text-align: justify;\"><img decoding=\"async\" src=\"https:\/\/scontent.fbsb4-1.fna.fbcdn.net\/v\/t39.30808-6\/279430775_543340733818232_3355948650520207059_n.jpg?_nc_cat=110&amp;ccb=1-5&amp;_nc_sid=8bfeb9&amp;_nc_ohc=GBQc65cG5BYAX-xYIAu&amp;_nc_ht=scontent.fbsb4-1.fna&amp;oh=00_AT9jL63_pRRsPXV4E6eauWjIsEf4tkkysPTCVeEFXUOFwA&amp;oe=6272A607\" alt=\"Pode ser uma imagem de 2 pessoas, pessoas em p\u00e9 e \u00e1rea interna\" \/><\/p>\n<p style=\"text-align: justify;\">Momento especial: Renata D\u00b4Aguiar e Julio Cesar no evento\u00a0 . Parceria que deu certo!!!<\/p>\n<p style=\"text-align: justify;\">Da Reda\u00e7\u00e3o.<\/p>\n","protected":false},"excerpt":{"rendered":"<p>Numa reuni\u00e3o descontra\u00edda e cheia da presen\u00e7a de Deus\u00a0 O Cantor, M\u00fasico e Compositor Matos Nascimento , em parceria musical com a jovem Economista , Pr\u00e9 Candidata a Deputada Distrital\u00a0 e presidente do &#8220;Instituto Reciclando o Futuro&#8221; Renata d\u2019Aguiar , lan\u00e7ou o DVD Gospel\u00a0 &#8221; Evangelizando o Mundo &#8221; no dia 29 de abril , [&hellip;]<\/p>\n","protected":false},"author":2,"featured_media":26041,"comment_status":"open","ping_status":"open","sticky":false,"template":"","format":"standard","meta":{"footnotes":""},"categories":[21],"tags":[],"class_list":{"0":"post-26040","1":"post","2":"type-post","3":"status-publish","4":"format-standard","5":"has-post-thumbnail","7":"category-brasilia"},"yoast_head":"<!-- This site is optimized with the Yoast SEO Premium plugin v24.5 (Yoast SEO v27.5) - https:\/\/yoast.com\/product\/yoast-seo-premium-wordpress\/ -->\n<title>Cantor Matos Nascimento e Renata D\u00b4Aguiar em parceria lan\u00e7am DVD Gospel . - P31<\/title>\n<meta name=\"robots\" content=\"index, follow, max-snippet:-1, max-image-preview:large, max-video-preview:-1\" \/>\n<link rel=\"canonical\" href=\"https:\/\/www.p31noticias.com.br\/?p=26040\" \/>\n<meta property=\"og:locale\" content=\"pt_BR\" \/>\n<meta property=\"og:type\" content=\"article\" \/>\n<meta property=\"og:title\" content=\"Cantor Matos Nascimento e Renata D\u00b4Aguiar em parceria lan\u00e7am DVD Gospel .\" \/>\n<meta property=\"og:description\" content=\"Numa reuni\u00e3o descontra\u00edda e cheia da presen\u00e7a de Deus\u00a0 O Cantor, M\u00fasico e Compositor Matos Nascimento , em parceria musical com a jovem Economista , Pr\u00e9 Candidata a Deputada Distrital\u00a0 e presidente do &#8220;Instituto Reciclando o Futuro&#8221; Renata d\u2019Aguiar , lan\u00e7ou o DVD Gospel\u00a0 &#8221; Evangelizando o Mundo &#8221; no dia 29 de abril , [&hellip;]\" \/>\n<meta property=\"og:url\" content=\"https:\/\/www.p31noticias.com.br\/?p=26040\" \/>\n<meta property=\"og:site_name\" content=\"P31\" \/>\n<meta property=\"article:published_time\" content=\"2022-05-01T01:31:46+00:00\" \/>\n<meta property=\"article:modified_time\" content=\"2022-05-01T01:34:02+00:00\" \/>\n<meta property=\"og:image\" content=\"https:\/\/www.p31noticias.com.br\/wp-content\/uploads\/2022\/04\/279359034_543340367151602_268846748723367159_n.jpg\" \/>\n\t<meta property=\"og:image:width\" content=\"1024\" \/>\n\t<meta property=\"og:image:height\" content=\"461\" \/>\n\t<meta property=\"og:image:type\" content=\"image\/jpeg\" \/>\n<meta name=\"author\" content=\"Gon\u00e7alves Junior\" \/>\n<meta name=\"twitter:card\" content=\"summary_large_image\" \/>\n<meta name=\"twitter:label1\" content=\"Escrito por\" \/>\n\t<meta name=\"twitter:data1\" content=\"Gon\u00e7alves Junior\" \/>\n\t<meta name=\"twitter:label2\" content=\"Est. tempo de leitura\" \/>\n\t<meta name=\"twitter:data2\" content=\"2 minutos\" \/>\n<script type=\"application\/ld+json\" class=\"yoast-schema-graph\">{\"@context\":\"https:\\\/\\\/schema.org\",\"@graph\":[{\"@type\":\"Article\",\"@id\":\"https:\\\/\\\/www.p31noticias.com.br\\\/?p=26040#article\",\"isPartOf\":{\"@id\":\"https:\\\/\\\/www.p31noticias.com.br\\\/?p=26040\"},\"author\":{\"name\":\"Gon\u00e7alves Junior\",\"@id\":\"https:\\\/\\\/www.p31noticias.com.br\\\/#\\\/schema\\\/person\\\/95f2ece30e3b4132065b915150cd0f94\"},\"headline\":\"Cantor Matos Nascimento e Renata D\u00b4Aguiar em parceria lan\u00e7am DVD Gospel .\",\"datePublished\":\"2022-05-01T01:31:46+00:00\",\"dateModified\":\"2022-05-01T01:34:02+00:00\",\"mainEntityOfPage\":{\"@id\":\"https:\\\/\\\/www.p31noticias.com.br\\\/?p=26040\"},\"wordCount\":462,\"commentCount\":0,\"image\":{\"@id\":\"https:\\\/\\\/www.p31noticias.com.br\\\/?p=26040#primaryimage\"},\"thumbnailUrl\":\"https:\\\/\\\/www.p31noticias.com.br\\\/wp-content\\\/uploads\\\/2022\\\/04\\\/279359034_543340367151602_268846748723367159_n.jpg\",\"articleSection\":[\"Bras\u00edlia\"],\"inLanguage\":\"pt-BR\",\"potentialAction\":[{\"@type\":\"CommentAction\",\"name\":\"Comment\",\"target\":[\"https:\\\/\\\/www.p31noticias.com.br\\\/?p=26040#respond\"]}],\"copyrightYear\":\"2022\",\"copyrightHolder\":{\"@id\":\"https:\\\/\\\/www.p31noticias.com.br\\\/#organization\"}},{\"@type\":\"WebPage\",\"@id\":\"https:\\\/\\\/www.p31noticias.com.br\\\/?p=26040\",\"url\":\"https:\\\/\\\/www.p31noticias.com.br\\\/?p=26040\",\"name\":\"Cantor Matos Nascimento e Renata D\u00b4Aguiar em parceria lan\u00e7am DVD Gospel . - P31\",\"isPartOf\":{\"@id\":\"https:\\\/\\\/www.p31noticias.com.br\\\/#website\"},\"primaryImageOfPage\":{\"@id\":\"https:\\\/\\\/www.p31noticias.com.br\\\/?p=26040#primaryimage\"},\"image\":{\"@id\":\"https:\\\/\\\/www.p31noticias.com.br\\\/?p=26040#primaryimage\"},\"thumbnailUrl\":\"https:\\\/\\\/www.p31noticias.com.br\\\/wp-content\\\/uploads\\\/2022\\\/04\\\/279359034_543340367151602_268846748723367159_n.jpg\",\"datePublished\":\"2022-05-01T01:31:46+00:00\",\"dateModified\":\"2022-05-01T01:34:02+00:00\",\"author\":{\"@id\":\"https:\\\/\\\/www.p31noticias.com.br\\\/#\\\/schema\\\/person\\\/95f2ece30e3b4132065b915150cd0f94\"},\"breadcrumb\":{\"@id\":\"https:\\\/\\\/www.p31noticias.com.br\\\/?p=26040#breadcrumb\"},\"inLanguage\":\"pt-BR\",\"potentialAction\":[{\"@type\":\"ReadAction\",\"target\":[\"https:\\\/\\\/www.p31noticias.com.br\\\/?p=26040\"]}]},{\"@type\":\"ImageObject\",\"inLanguage\":\"pt-BR\",\"@id\":\"https:\\\/\\\/www.p31noticias.com.br\\\/?p=26040#primaryimage\",\"url\":\"https:\\\/\\\/www.p31noticias.com.br\\\/wp-content\\\/uploads\\\/2022\\\/04\\\/279359034_543340367151602_268846748723367159_n.jpg\",\"contentUrl\":\"https:\\\/\\\/www.p31noticias.com.br\\\/wp-content\\\/uploads\\\/2022\\\/04\\\/279359034_543340367151602_268846748723367159_n.jpg\",\"width\":1024,\"height\":461},{\"@type\":\"BreadcrumbList\",\"@id\":\"https:\\\/\\\/www.p31noticias.com.br\\\/?p=26040#breadcrumb\",\"itemListElement\":[{\"@type\":\"ListItem\",\"position\":1,\"name\":\"In\u00edcio\",\"item\":\"https:\\\/\\\/www.p31noticias.com.br\\\/\"},{\"@type\":\"ListItem\",\"position\":2,\"name\":\"Cantor Matos Nascimento e Renata D\u00b4Aguiar em parceria lan\u00e7am DVD Gospel .\"}]},{\"@type\":\"WebSite\",\"@id\":\"https:\\\/\\\/www.p31noticias.com.br\\\/#website\",\"url\":\"https:\\\/\\\/www.p31noticias.com.br\\\/\",\"name\":\"P31\",\"description\":\"NOT\u00cdCIAS\",\"potentialAction\":[{\"@type\":\"SearchAction\",\"target\":{\"@type\":\"EntryPoint\",\"urlTemplate\":\"https:\\\/\\\/www.p31noticias.com.br\\\/?s={search_term_string}\"},\"query-input\":{\"@type\":\"PropertyValueSpecification\",\"valueRequired\":true,\"valueName\":\"search_term_string\"}}],\"inLanguage\":\"pt-BR\"},{\"@type\":\"Person\",\"@id\":\"https:\\\/\\\/www.p31noticias.com.br\\\/#\\\/schema\\\/person\\\/95f2ece30e3b4132065b915150cd0f94\",\"name\":\"Gon\u00e7alves Junior\",\"image\":{\"@type\":\"ImageObject\",\"inLanguage\":\"pt-BR\",\"@id\":\"https:\\\/\\\/secure.gravatar.com\\\/avatar\\\/6711f350116a89762687a48d66f723c799e5438a5b7578508d4294cd7a5d0800?s=96&d=mm&r=g\",\"url\":\"https:\\\/\\\/secure.gravatar.com\\\/avatar\\\/6711f350116a89762687a48d66f723c799e5438a5b7578508d4294cd7a5d0800?s=96&d=mm&r=g\",\"contentUrl\":\"https:\\\/\\\/secure.gravatar.com\\\/avatar\\\/6711f350116a89762687a48d66f723c799e5438a5b7578508d4294cd7a5d0800?s=96&d=mm&r=g\",\"caption\":\"Gon\u00e7alves Junior\"},\"url\":\"https:\\\/\\\/www.p31noticias.com.br\\\/?author=2\"}]}<\/script>\n<!-- \/ Yoast SEO Premium plugin. -->","yoast_head_json":{"title":"Cantor Matos Nascimento e Renata D\u00b4Aguiar em parceria lan\u00e7am DVD Gospel . - P31","robots":{"index":"index","follow":"follow","max-snippet":"max-snippet:-1","max-image-preview":"max-image-preview:large","max-video-preview":"max-video-preview:-1"},"canonical":"https:\/\/www.p31noticias.com.br\/?p=26040","og_locale":"pt_BR","og_type":"article","og_title":"Cantor Matos Nascimento e Renata D\u00b4Aguiar em parceria lan\u00e7am DVD Gospel .","og_description":"Numa reuni\u00e3o descontra\u00edda e cheia da presen\u00e7a de Deus\u00a0 O Cantor, M\u00fasico e Compositor Matos Nascimento , em parceria musical com a jovem Economista , Pr\u00e9 Candidata a Deputada Distrital\u00a0 e presidente do &#8220;Instituto Reciclando o Futuro&#8221; Renata d\u2019Aguiar , lan\u00e7ou o DVD Gospel\u00a0 &#8221; Evangelizando o Mundo &#8221; no dia 29 de abril , [&hellip;]","og_url":"https:\/\/www.p31noticias.com.br\/?p=26040","og_site_name":"P31","article_published_time":"2022-05-01T01:31:46+00:00","article_modified_time":"2022-05-01T01:34:02+00:00","og_image":[{"width":1024,"height":461,"url":"https:\/\/www.p31noticias.com.br\/wp-content\/uploads\/2022\/04\/279359034_543340367151602_268846748723367159_n.jpg","type":"image\/jpeg"}],"author":"Gon\u00e7alves Junior","twitter_card":"summary_large_image","twitter_misc":{"Escrito por":"Gon\u00e7alves Junior","Est. tempo de leitura":"2 minutos"},"schema":{"@context":"https:\/\/schema.org","@graph":[{"@type":"Article","@id":"https:\/\/www.p31noticias.com.br\/?p=26040#article","isPartOf":{"@id":"https:\/\/www.p31noticias.com.br\/?p=26040"},"author":{"name":"Gon\u00e7alves Junior","@id":"https:\/\/www.p31noticias.com.br\/#\/schema\/person\/95f2ece30e3b4132065b915150cd0f94"},"headline":"Cantor Matos Nascimento e Renata D\u00b4Aguiar em parceria lan\u00e7am DVD Gospel .","datePublished":"2022-05-01T01:31:46+00:00","dateModified":"2022-05-01T01:34:02+00:00","mainEntityOfPage":{"@id":"https:\/\/www.p31noticias.com.br\/?p=26040"},"wordCount":462,"commentCount":0,"image":{"@id":"https:\/\/www.p31noticias.com.br\/?p=26040#primaryimage"},"thumbnailUrl":"https:\/\/www.p31noticias.com.br\/wp-content\/uploads\/2022\/04\/279359034_543340367151602_268846748723367159_n.jpg","articleSection":["Bras\u00edlia"],"inLanguage":"pt-BR","potentialAction":[{"@type":"CommentAction","name":"Comment","target":["https:\/\/www.p31noticias.com.br\/?p=26040#respond"]}],"copyrightYear":"2022","copyrightHolder":{"@id":"https:\/\/www.p31noticias.com.br\/#organization"}},{"@type":"WebPage","@id":"https:\/\/www.p31noticias.com.br\/?p=26040","url":"https:\/\/www.p31noticias.com.br\/?p=26040","name":"Cantor Matos Nascimento e Renata D\u00b4Aguiar em parceria lan\u00e7am DVD Gospel . - P31","isPartOf":{"@id":"https:\/\/www.p31noticias.com.br\/#website"},"primaryImageOfPage":{"@id":"https:\/\/www.p31noticias.com.br\/?p=26040#primaryimage"},"image":{"@id":"https:\/\/www.p31noticias.com.br\/?p=26040#primaryimage"},"thumbnailUrl":"https:\/\/www.p31noticias.com.br\/wp-content\/uploads\/2022\/04\/279359034_543340367151602_268846748723367159_n.jpg","datePublished":"2022-05-01T01:31:46+00:00","dateModified":"2022-05-01T01:34:02+00:00","author":{"@id":"https:\/\/www.p31noticias.com.br\/#\/schema\/person\/95f2ece30e3b4132065b915150cd0f94"},"breadcrumb":{"@id":"https:\/\/www.p31noticias.com.br\/?p=26040#breadcrumb"},"inLanguage":"pt-BR","potentialAction":[{"@type":"ReadAction","target":["https:\/\/www.p31noticias.com.br\/?p=26040"]}]},{"@type":"ImageObject","inLanguage":"pt-BR","@id":"https:\/\/www.p31noticias.com.br\/?p=26040#primaryimage","url":"https:\/\/www.p31noticias.com.br\/wp-content\/uploads\/2022\/04\/279359034_543340367151602_268846748723367159_n.jpg","contentUrl":"https:\/\/www.p31noticias.com.br\/wp-content\/uploads\/2022\/04\/279359034_543340367151602_268846748723367159_n.jpg","width":1024,"height":461},{"@type":"BreadcrumbList","@id":"https:\/\/www.p31noticias.com.br\/?p=26040#breadcrumb","itemListElement":[{"@type":"ListItem","position":1,"name":"In\u00edcio","item":"https:\/\/www.p31noticias.com.br\/"},{"@type":"ListItem","position":2,"name":"Cantor Matos Nascimento e Renata D\u00b4Aguiar em parceria lan\u00e7am DVD Gospel ."}]},{"@type":"WebSite","@id":"https:\/\/www.p31noticias.com.br\/#website","url":"https:\/\/www.p31noticias.com.br\/","name":"P31","description":"NOT\u00cdCIAS","potentialAction":[{"@type":"SearchAction","target":{"@type":"EntryPoint","urlTemplate":"https:\/\/www.p31noticias.com.br\/?s={search_term_string}"},"query-input":{"@type":"PropertyValueSpecification","valueRequired":true,"valueName":"search_term_string"}}],"inLanguage":"pt-BR"},{"@type":"Person","@id":"https:\/\/www.p31noticias.com.br\/#\/schema\/person\/95f2ece30e3b4132065b915150cd0f94","name":"Gon\u00e7alves Junior","image":{"@type":"ImageObject","inLanguage":"pt-BR","@id":"https:\/\/secure.gravatar.com\/avatar\/6711f350116a89762687a48d66f723c799e5438a5b7578508d4294cd7a5d0800?s=96&d=mm&r=g","url":"https:\/\/secure.gravatar.com\/avatar\/6711f350116a89762687a48d66f723c799e5438a5b7578508d4294cd7a5d0800?s=96&d=mm&r=g","contentUrl":"https:\/\/secure.gravatar.com\/avatar\/6711f350116a89762687a48d66f723c799e5438a5b7578508d4294cd7a5d0800?s=96&d=mm&r=g","caption":"Gon\u00e7alves Junior"},"url":"https:\/\/www.p31noticias.com.br\/?author=2"}]}},"amp_enabled":true,"_links":{"self":[{"href":"https:\/\/www.p31noticias.com.br\/index.php?rest_route=\/wp\/v2\/posts\/26040","targetHints":{"allow":["GET"]}}],"collection":[{"href":"https:\/\/www.p31noticias.com.br\/index.php?rest_route=\/wp\/v2\/posts"}],"about":[{"href":"https:\/\/www.p31noticias.com.br\/index.php?rest_route=\/wp\/v2\/types\/post"}],"author":[{"embeddable":true,"href":"https:\/\/www.p31noticias.com.br\/index.php?rest_route=\/wp\/v2\/users\/2"}],"replies":[{"embeddable":true,"href":"https:\/\/www.p31noticias.com.br\/index.php?rest_route=%2Fwp%2Fv2%2Fcomments&post=26040"}],"version-history":[{"count":2,"href":"https:\/\/www.p31noticias.com.br\/index.php?rest_route=\/wp\/v2\/posts\/26040\/revisions"}],"predecessor-version":[{"id":26043,"href":"https:\/\/www.p31noticias.com.br\/index.php?rest_route=\/wp\/v2\/posts\/26040\/revisions\/26043"}],"wp:featuredmedia":[{"embeddable":true,"href":"https:\/\/www.p31noticias.com.br\/index.php?rest_route=\/wp\/v2\/media\/26041"}],"wp:attachment":[{"href":"https:\/\/www.p31noticias.com.br\/index.php?rest_route=%2Fwp%2Fv2%2Fmedia&parent=26040"}],"wp:term":[{"taxonomy":"category","embeddable":true,"href":"https:\/\/www.p31noticias.com.br\/index.php?rest_route=%2Fwp%2Fv2%2Fcategories&post=26040"},{"taxonomy":"post_tag","embeddable":true,"href":"https:\/\/www.p31noticias.com.br\/index.php?rest_route=%2Fwp%2Fv2%2Ftags&post=26040"}],"curies":[{"name":"wp","href":"https:\/\/api.w.org\/{rel}","templated":true}]}}