{"id":26037,"date":"2022-04-30T22:28:20","date_gmt":"2022-05-01T01:28:20","guid":{"rendered":"https:\/\/p31noticias.com.br\/?p=26037"},"modified":"2022-04-30T22:28:20","modified_gmt":"2022-05-01T01:28:20","slug":"presidente-diz-que-cumprira-pedido-da-omc-de-mais-alimentos","status":"publish","type":"post","link":"https:\/\/www.p31noticias.com.br\/?p=26037","title":{"rendered":"Presidente diz que cumprir\u00e1 pedido da OMC de mais alimentos."},"content":{"rendered":"<h3 class=\"col-10 offset-1 animated fadeInDown dealy-900 display-8 display-md-8 alt-font font-italic my-1 text-center\" style=\"text-align: justify;\"><em><strong>Bolsonaro pediu que manifesta\u00e7\u00f5es de 1\u00ba de maio sejam pac\u00edficas.<\/strong><\/em><\/h3>\n<p style=\"text-align: justify;\">O presidente Jair Bolsonaro afirmou hoje (30), durante visita \u00e0 ExpoZebu, em Uberaba, que o pedido da Organiza\u00e7\u00e3o Mundial do Com\u00e9rcio (OMC), feito pela diretora geral Ngozi Okonjo-Iweala, de produzir mais alimentos ser\u00e1 atendido. \u201cTer\u00e3o mais alimentos com toda certeza, porque ano ap\u00f3s ano, aumenta a nossa produtividade, quer seja na agricultura, quer seja na pecu\u00e1ria. Isso \u00e9 o trabalho de todos voc\u00eas, povo brasileiro que trabalha, que investe, que acredita, tem f\u00e9 e quer o seu pa\u00eds cada vez melhor\u201d, afirmou o presidente durante a abertura do evento.<img decoding=\"async\" src=\"https:\/\/agenciabrasil.ebc.com.br\/ebc.png?id=1457266&amp;o=node\" \/><img decoding=\"async\" src=\"https:\/\/agenciabrasil.ebc.com.br\/ebc.gif?id=1457266&amp;o=node\" \/><\/p>\n<p style=\"text-align: justify;\">Bolsonaro lembrou tamb\u00e9m que mais de 30 navios com fertilizantes est\u00e3o a caminho da R\u00fassia para o Brasil, resultado da viagem que fez em fevereiro ao pa\u00eds para tratar da compra desses produtos. \u201cA nossa agricultura n\u00e3o para, muito menos a nossa pecu\u00e1ria\u201d, disse.<\/p>\n<p style=\"text-align: justify;\">Para uma plateia de produtores rurais, Bolsonaro afirmou que o Brasil venceu a pandemia da covid-19 e que espera em pouco tempo o fim da guerra da R\u00fassia contra a Ucr\u00e2nia para o pa\u00eds voltar \u00e0 normalidade. \u201cVencemos a pandemia. Se Deus quiser, at\u00e9 o final do m\u00eas que vem, acaba essa guerra do outro lado do mundo, e n\u00f3s voltaremos \u00e0 nossa normalidade.\u201d<\/p>\n<p style=\"text-align: justify;\">O presidente disse esperar que o pa\u00eds caminhe em dire\u00e7\u00e3o \u00e0 modernidade. \u201cO que n\u00f3s queremos \u00e9 fazer com que o Brasil, cada vez mais, marche para a modernidade e esteja ao lado daqueles que produzem em nossa p\u00e1tria. N\u00e3o h\u00e1 orgulho melhor ou maior do que aquele ao visitar outros pa\u00edses, sempre acompanhado dos meus ministros, ser recebido, l\u00e1 sim, com tapete vermelho\u201d, afirmou.<\/p>\n<p style=\"text-align: justify;\">Bolsonaro pediu uma manifesta\u00e7\u00e3o pac\u00edfica amanh\u00e3, 1\u00ba de maio, Dia do Trabalhador. &#8220;Amanh\u00e3 n\u00e3o ser\u00e1 dia de protestos. Ser\u00e1 dia de uni\u00e3o do nosso povo para um futuro cada vez melhor para todos n\u00f3s\u201d.<\/p>\n<p>Ag\u00eancia Brasil.<\/p>\n","protected":false},"excerpt":{"rendered":"<p>Bolsonaro pediu que manifesta\u00e7\u00f5es de 1\u00ba de maio sejam pac\u00edficas. O presidente Jair Bolsonaro afirmou hoje (30), durante visita \u00e0 ExpoZebu, em Uberaba, que o pedido da Organiza\u00e7\u00e3o Mundial do Com\u00e9rcio (OMC), feito pela diretora geral Ngozi Okonjo-Iweala, de produzir mais alimentos ser\u00e1 atendido. \u201cTer\u00e3o mais alimentos com toda certeza, porque ano ap\u00f3s ano, aumenta [&hellip;]<\/p>\n","protected":false},"author":2,"featured_media":26038,"comment_status":"open","ping_status":"open","sticky":false,"template":"","format":"standard","meta":{"footnotes":""},"categories":[68],"tags":[],"class_list":{"0":"post-26037","1":"post","2":"type-post","3":"status-publish","4":"format-standard","5":"has-post-thumbnail","7":"category-brasil"},"yoast_head":"<!-- This site is optimized with the Yoast SEO Premium plugin v24.5 (Yoast SEO v27.5) - https:\/\/yoast.com\/product\/yoast-seo-premium-wordpress\/ -->\n<title>Presidente diz que cumprir\u00e1 pedido da OMC de mais alimentos. - P31<\/title>\n<meta name=\"robots\" content=\"index, follow, max-snippet:-1, max-image-preview:large, max-video-preview:-1\" \/>\n<link rel=\"canonical\" href=\"https:\/\/www.p31noticias.com.br\/?p=26037\" \/>\n<meta property=\"og:locale\" content=\"pt_BR\" \/>\n<meta property=\"og:type\" content=\"article\" \/>\n<meta property=\"og:title\" content=\"Presidente diz que cumprir\u00e1 pedido da OMC de mais alimentos.\" \/>\n<meta property=\"og:description\" content=\"Bolsonaro pediu que manifesta\u00e7\u00f5es de 1\u00ba de maio sejam pac\u00edficas. O presidente Jair Bolsonaro afirmou hoje (30), durante visita \u00e0 ExpoZebu, em Uberaba, que o pedido da Organiza\u00e7\u00e3o Mundial do Com\u00e9rcio (OMC), feito pela diretora geral Ngozi Okonjo-Iweala, de produzir mais alimentos ser\u00e1 atendido. \u201cTer\u00e3o mais alimentos com toda certeza, porque ano ap\u00f3s ano, aumenta [&hellip;]\" \/>\n<meta property=\"og:url\" content=\"https:\/\/www.p31noticias.com.br\/?p=26037\" \/>\n<meta property=\"og:site_name\" content=\"P31\" \/>\n<meta property=\"article:published_time\" content=\"2022-05-01T01:28:20+00:00\" \/>\n<meta property=\"og:image\" content=\"https:\/\/www.p31noticias.com.br\/wp-content\/uploads\/2022\/04\/52039254507_bf18481886_3k-1.jpg\" \/>\n\t<meta property=\"og:image:width\" content=\"1170\" \/>\n\t<meta property=\"og:image:height\" content=\"700\" \/>\n\t<meta property=\"og:image:type\" content=\"image\/jpeg\" \/>\n<meta name=\"author\" content=\"Gon\u00e7alves Junior\" \/>\n<meta name=\"twitter:card\" content=\"summary_large_image\" \/>\n<meta name=\"twitter:label1\" content=\"Escrito por\" \/>\n\t<meta name=\"twitter:data1\" content=\"Gon\u00e7alves Junior\" \/>\n\t<meta name=\"twitter:label2\" content=\"Est. tempo de leitura\" \/>\n\t<meta name=\"twitter:data2\" content=\"2 minutos\" \/>\n<script type=\"application\/ld+json\" class=\"yoast-schema-graph\">{\"@context\":\"https:\\\/\\\/schema.org\",\"@graph\":[{\"@type\":\"Article\",\"@id\":\"https:\\\/\\\/www.p31noticias.com.br\\\/?p=26037#article\",\"isPartOf\":{\"@id\":\"https:\\\/\\\/www.p31noticias.com.br\\\/?p=26037\"},\"author\":{\"name\":\"Gon\u00e7alves Junior\",\"@id\":\"https:\\\/\\\/www.p31noticias.com.br\\\/#\\\/schema\\\/person\\\/95f2ece30e3b4132065b915150cd0f94\"},\"headline\":\"Presidente diz que cumprir\u00e1 pedido da OMC de mais alimentos.\",\"datePublished\":\"2022-05-01T01:28:20+00:00\",\"mainEntityOfPage\":{\"@id\":\"https:\\\/\\\/www.p31noticias.com.br\\\/?p=26037\"},\"wordCount\":340,\"commentCount\":0,\"image\":{\"@id\":\"https:\\\/\\\/www.p31noticias.com.br\\\/?p=26037#primaryimage\"},\"thumbnailUrl\":\"https:\\\/\\\/www.p31noticias.com.br\\\/wp-content\\\/uploads\\\/2022\\\/04\\\/52039254507_bf18481886_3k-1.jpg\",\"articleSection\":[\"Brasil\"],\"inLanguage\":\"pt-BR\",\"potentialAction\":[{\"@type\":\"CommentAction\",\"name\":\"Comment\",\"target\":[\"https:\\\/\\\/www.p31noticias.com.br\\\/?p=26037#respond\"]}],\"copyrightYear\":\"2022\",\"copyrightHolder\":{\"@id\":\"https:\\\/\\\/www.p31noticias.com.br\\\/#organization\"}},{\"@type\":\"WebPage\",\"@id\":\"https:\\\/\\\/www.p31noticias.com.br\\\/?p=26037\",\"url\":\"https:\\\/\\\/www.p31noticias.com.br\\\/?p=26037\",\"name\":\"Presidente diz que cumprir\u00e1 pedido da OMC de mais alimentos. - P31\",\"isPartOf\":{\"@id\":\"https:\\\/\\\/www.p31noticias.com.br\\\/#website\"},\"primaryImageOfPage\":{\"@id\":\"https:\\\/\\\/www.p31noticias.com.br\\\/?p=26037#primaryimage\"},\"image\":{\"@id\":\"https:\\\/\\\/www.p31noticias.com.br\\\/?p=26037#primaryimage\"},\"thumbnailUrl\":\"https:\\\/\\\/www.p31noticias.com.br\\\/wp-content\\\/uploads\\\/2022\\\/04\\\/52039254507_bf18481886_3k-1.jpg\",\"datePublished\":\"2022-05-01T01:28:20+00:00\",\"author\":{\"@id\":\"https:\\\/\\\/www.p31noticias.com.br\\\/#\\\/schema\\\/person\\\/95f2ece30e3b4132065b915150cd0f94\"},\"breadcrumb\":{\"@id\":\"https:\\\/\\\/www.p31noticias.com.br\\\/?p=26037#breadcrumb\"},\"inLanguage\":\"pt-BR\",\"potentialAction\":[{\"@type\":\"ReadAction\",\"target\":[\"https:\\\/\\\/www.p31noticias.com.br\\\/?p=26037\"]}]},{\"@type\":\"ImageObject\",\"inLanguage\":\"pt-BR\",\"@id\":\"https:\\\/\\\/www.p31noticias.com.br\\\/?p=26037#primaryimage\",\"url\":\"https:\\\/\\\/www.p31noticias.com.br\\\/wp-content\\\/uploads\\\/2022\\\/04\\\/52039254507_bf18481886_3k-1.jpg\",\"contentUrl\":\"https:\\\/\\\/www.p31noticias.com.br\\\/wp-content\\\/uploads\\\/2022\\\/04\\\/52039254507_bf18481886_3k-1.jpg\",\"width\":1170,\"height\":700},{\"@type\":\"BreadcrumbList\",\"@id\":\"https:\\\/\\\/www.p31noticias.com.br\\\/?p=26037#breadcrumb\",\"itemListElement\":[{\"@type\":\"ListItem\",\"position\":1,\"name\":\"In\u00edcio\",\"item\":\"https:\\\/\\\/www.p31noticias.com.br\\\/\"},{\"@type\":\"ListItem\",\"position\":2,\"name\":\"Presidente diz que cumprir\u00e1 pedido da OMC de mais alimentos.\"}]},{\"@type\":\"WebSite\",\"@id\":\"https:\\\/\\\/www.p31noticias.com.br\\\/#website\",\"url\":\"https:\\\/\\\/www.p31noticias.com.br\\\/\",\"name\":\"P31\",\"description\":\"NOT\u00cdCIAS\",\"potentialAction\":[{\"@type\":\"SearchAction\",\"target\":{\"@type\":\"EntryPoint\",\"urlTemplate\":\"https:\\\/\\\/www.p31noticias.com.br\\\/?s={search_term_string}\"},\"query-input\":{\"@type\":\"PropertyValueSpecification\",\"valueRequired\":true,\"valueName\":\"search_term_string\"}}],\"inLanguage\":\"pt-BR\"},{\"@type\":\"Person\",\"@id\":\"https:\\\/\\\/www.p31noticias.com.br\\\/#\\\/schema\\\/person\\\/95f2ece30e3b4132065b915150cd0f94\",\"name\":\"Gon\u00e7alves Junior\",\"image\":{\"@type\":\"ImageObject\",\"inLanguage\":\"pt-BR\",\"@id\":\"https:\\\/\\\/secure.gravatar.com\\\/avatar\\\/6711f350116a89762687a48d66f723c799e5438a5b7578508d4294cd7a5d0800?s=96&d=mm&r=g\",\"url\":\"https:\\\/\\\/secure.gravatar.com\\\/avatar\\\/6711f350116a89762687a48d66f723c799e5438a5b7578508d4294cd7a5d0800?s=96&d=mm&r=g\",\"contentUrl\":\"https:\\\/\\\/secure.gravatar.com\\\/avatar\\\/6711f350116a89762687a48d66f723c799e5438a5b7578508d4294cd7a5d0800?s=96&d=mm&r=g\",\"caption\":\"Gon\u00e7alves Junior\"},\"url\":\"https:\\\/\\\/www.p31noticias.com.br\\\/?author=2\"}]}<\/script>\n<!-- \/ Yoast SEO Premium plugin. -->","yoast_head_json":{"title":"Presidente diz que cumprir\u00e1 pedido da OMC de mais alimentos. - P31","robots":{"index":"index","follow":"follow","max-snippet":"max-snippet:-1","max-image-preview":"max-image-preview:large","max-video-preview":"max-video-preview:-1"},"canonical":"https:\/\/www.p31noticias.com.br\/?p=26037","og_locale":"pt_BR","og_type":"article","og_title":"Presidente diz que cumprir\u00e1 pedido da OMC de mais alimentos.","og_description":"Bolsonaro pediu que manifesta\u00e7\u00f5es de 1\u00ba de maio sejam pac\u00edficas. O presidente Jair Bolsonaro afirmou hoje (30), durante visita \u00e0 ExpoZebu, em Uberaba, que o pedido da Organiza\u00e7\u00e3o Mundial do Com\u00e9rcio (OMC), feito pela diretora geral Ngozi Okonjo-Iweala, de produzir mais alimentos ser\u00e1 atendido. \u201cTer\u00e3o mais alimentos com toda certeza, porque ano ap\u00f3s ano, aumenta [&hellip;]","og_url":"https:\/\/www.p31noticias.com.br\/?p=26037","og_site_name":"P31","article_published_time":"2022-05-01T01:28:20+00:00","og_image":[{"width":1170,"height":700,"url":"https:\/\/www.p31noticias.com.br\/wp-content\/uploads\/2022\/04\/52039254507_bf18481886_3k-1.jpg","type":"image\/jpeg"}],"author":"Gon\u00e7alves Junior","twitter_card":"summary_large_image","twitter_misc":{"Escrito por":"Gon\u00e7alves Junior","Est. tempo de leitura":"2 minutos"},"schema":{"@context":"https:\/\/schema.org","@graph":[{"@type":"Article","@id":"https:\/\/www.p31noticias.com.br\/?p=26037#article","isPartOf":{"@id":"https:\/\/www.p31noticias.com.br\/?p=26037"},"author":{"name":"Gon\u00e7alves Junior","@id":"https:\/\/www.p31noticias.com.br\/#\/schema\/person\/95f2ece30e3b4132065b915150cd0f94"},"headline":"Presidente diz que cumprir\u00e1 pedido da OMC de mais alimentos.","datePublished":"2022-05-01T01:28:20+00:00","mainEntityOfPage":{"@id":"https:\/\/www.p31noticias.com.br\/?p=26037"},"wordCount":340,"commentCount":0,"image":{"@id":"https:\/\/www.p31noticias.com.br\/?p=26037#primaryimage"},"thumbnailUrl":"https:\/\/www.p31noticias.com.br\/wp-content\/uploads\/2022\/04\/52039254507_bf18481886_3k-1.jpg","articleSection":["Brasil"],"inLanguage":"pt-BR","potentialAction":[{"@type":"CommentAction","name":"Comment","target":["https:\/\/www.p31noticias.com.br\/?p=26037#respond"]}],"copyrightYear":"2022","copyrightHolder":{"@id":"https:\/\/www.p31noticias.com.br\/#organization"}},{"@type":"WebPage","@id":"https:\/\/www.p31noticias.com.br\/?p=26037","url":"https:\/\/www.p31noticias.com.br\/?p=26037","name":"Presidente diz que cumprir\u00e1 pedido da OMC de mais alimentos. - P31","isPartOf":{"@id":"https:\/\/www.p31noticias.com.br\/#website"},"primaryImageOfPage":{"@id":"https:\/\/www.p31noticias.com.br\/?p=26037#primaryimage"},"image":{"@id":"https:\/\/www.p31noticias.com.br\/?p=26037#primaryimage"},"thumbnailUrl":"https:\/\/www.p31noticias.com.br\/wp-content\/uploads\/2022\/04\/52039254507_bf18481886_3k-1.jpg","datePublished":"2022-05-01T01:28:20+00:00","author":{"@id":"https:\/\/www.p31noticias.com.br\/#\/schema\/person\/95f2ece30e3b4132065b915150cd0f94"},"breadcrumb":{"@id":"https:\/\/www.p31noticias.com.br\/?p=26037#breadcrumb"},"inLanguage":"pt-BR","potentialAction":[{"@type":"ReadAction","target":["https:\/\/www.p31noticias.com.br\/?p=26037"]}]},{"@type":"ImageObject","inLanguage":"pt-BR","@id":"https:\/\/www.p31noticias.com.br\/?p=26037#primaryimage","url":"https:\/\/www.p31noticias.com.br\/wp-content\/uploads\/2022\/04\/52039254507_bf18481886_3k-1.jpg","contentUrl":"https:\/\/www.p31noticias.com.br\/wp-content\/uploads\/2022\/04\/52039254507_bf18481886_3k-1.jpg","width":1170,"height":700},{"@type":"BreadcrumbList","@id":"https:\/\/www.p31noticias.com.br\/?p=26037#breadcrumb","itemListElement":[{"@type":"ListItem","position":1,"name":"In\u00edcio","item":"https:\/\/www.p31noticias.com.br\/"},{"@type":"ListItem","position":2,"name":"Presidente diz que cumprir\u00e1 pedido da OMC de mais alimentos."}]},{"@type":"WebSite","@id":"https:\/\/www.p31noticias.com.br\/#website","url":"https:\/\/www.p31noticias.com.br\/","name":"P31","description":"NOT\u00cdCIAS","potentialAction":[{"@type":"SearchAction","target":{"@type":"EntryPoint","urlTemplate":"https:\/\/www.p31noticias.com.br\/?s={search_term_string}"},"query-input":{"@type":"PropertyValueSpecification","valueRequired":true,"valueName":"search_term_string"}}],"inLanguage":"pt-BR"},{"@type":"Person","@id":"https:\/\/www.p31noticias.com.br\/#\/schema\/person\/95f2ece30e3b4132065b915150cd0f94","name":"Gon\u00e7alves Junior","image":{"@type":"ImageObject","inLanguage":"pt-BR","@id":"https:\/\/secure.gravatar.com\/avatar\/6711f350116a89762687a48d66f723c799e5438a5b7578508d4294cd7a5d0800?s=96&d=mm&r=g","url":"https:\/\/secure.gravatar.com\/avatar\/6711f350116a89762687a48d66f723c799e5438a5b7578508d4294cd7a5d0800?s=96&d=mm&r=g","contentUrl":"https:\/\/secure.gravatar.com\/avatar\/6711f350116a89762687a48d66f723c799e5438a5b7578508d4294cd7a5d0800?s=96&d=mm&r=g","caption":"Gon\u00e7alves Junior"},"url":"https:\/\/www.p31noticias.com.br\/?author=2"}]}},"amp_enabled":true,"_links":{"self":[{"href":"https:\/\/www.p31noticias.com.br\/index.php?rest_route=\/wp\/v2\/posts\/26037","targetHints":{"allow":["GET"]}}],"collection":[{"href":"https:\/\/www.p31noticias.com.br\/index.php?rest_route=\/wp\/v2\/posts"}],"about":[{"href":"https:\/\/www.p31noticias.com.br\/index.php?rest_route=\/wp\/v2\/types\/post"}],"author":[{"embeddable":true,"href":"https:\/\/www.p31noticias.com.br\/index.php?rest_route=\/wp\/v2\/users\/2"}],"replies":[{"embeddable":true,"href":"https:\/\/www.p31noticias.com.br\/index.php?rest_route=%2Fwp%2Fv2%2Fcomments&post=26037"}],"version-history":[{"count":1,"href":"https:\/\/www.p31noticias.com.br\/index.php?rest_route=\/wp\/v2\/posts\/26037\/revisions"}],"predecessor-version":[{"id":26039,"href":"https:\/\/www.p31noticias.com.br\/index.php?rest_route=\/wp\/v2\/posts\/26037\/revisions\/26039"}],"wp:featuredmedia":[{"embeddable":true,"href":"https:\/\/www.p31noticias.com.br\/index.php?rest_route=\/wp\/v2\/media\/26038"}],"wp:attachment":[{"href":"https:\/\/www.p31noticias.com.br\/index.php?rest_route=%2Fwp%2Fv2%2Fmedia&parent=26037"}],"wp:term":[{"taxonomy":"category","embeddable":true,"href":"https:\/\/www.p31noticias.com.br\/index.php?rest_route=%2Fwp%2Fv2%2Fcategories&post=26037"},{"taxonomy":"post_tag","embeddable":true,"href":"https:\/\/www.p31noticias.com.br\/index.php?rest_route=%2Fwp%2Fv2%2Ftags&post=26037"}],"curies":[{"name":"wp","href":"https:\/\/api.w.org\/{rel}","templated":true}]}}