{"id":26032,"date":"2022-04-27T23:07:50","date_gmt":"2022-04-28T02:07:50","guid":{"rendered":"https:\/\/p31noticias.com.br\/?p=26032"},"modified":"2022-04-27T23:07:50","modified_gmt":"2022-04-28T02:07:50","slug":"bolsonaro-e-congresso-partem-para-o-choque-com-o-stf-perigosamente-isolado-e-desgastado","status":"publish","type":"post","link":"https:\/\/www.p31noticias.com.br\/?p=26032","title":{"rendered":"Bolsonaro e Congresso partem para o choque com o STF, perigosamente isolado e desgastado."},"content":{"rendered":"<p style=\"text-align: justify;\"><em><strong>Epis\u00f3dio Daniel Silveira (com condena\u00e7\u00e3o pesada seguida de perd\u00e3o surpreendente dado pelo Presidente) ampliou o desgaste de imagem do Supremo e uniu a base aliada para a reelei\u00e7\u00e3o do Presidente.<\/strong><\/em><\/p>\n<p style=\"text-align: justify;\">Pelo menos at\u00e9 agora, na Hist\u00f3ria da Humanidade, n\u00e3o existe exemplo concreto de que a Juristocracia tenha exercido protagonismo pol\u00edtico por tempo prolongado. Embora pare\u00e7am s\u00f3lidos, os regimes baseados no abuso da autoridade ou na coer\u00e7\u00e3o baseados em argumentos supostamente legais acabam se desmanchando (no ar), sempre que v\u00eam a p\u00fablico seus erros, contradi\u00e7\u00f5es e injusti\u00e7as. O Povo \u00e9 quem det\u00e9m o verdadeiro poder de dar origem \u00e0s institui\u00e7\u00f5es que formam o Estado (aquele ente fict\u00edcio que tem a pretens\u00e3o de nos controlar). Desta forma, \u201cSupremo \u00e9 o Povo\u201d. Por isso, \u00e9 soberano todo o poder exercido por aqueles eleitos para legislar e governar. Tudo precisa acontecer respeitando a Ordem P\u00fablica (conservadora da vida), garantindo a Seguran\u00e7a do Estado de Direito Natural e Legal (base da\u00a0<a href=\"https:\/\/jovempan.com.br\/tag\/democracia\"><strong>Democracia<\/strong><\/a>) e assegurando a Liberdade (cujo exerc\u00edcio depende da legalidade). O resto, por mais poderoso que se mostre ou possa parecer, \u00e9 acess\u00f3rio. Eis por que a Juristocracia \u00e9 uma ilus\u00e3o institucional que se torna uma aberra\u00e7\u00e3o quando foge do controle social.<\/p>\n<p dir=\"ltr\" style=\"text-align: justify;\">A inseguran\u00e7a generalizada dos direitos afeta a Liberdade das pessoas no mundo todo. Por essa raz\u00e3o b\u00e1sica, o debate sobre a Liberdade ganha import\u00e2ncia fundamental, principalmente no mundo Ocidental \u2013 no qual esse direito humano fundamental vem sendo perigosamente desrespeitado. Um fen\u00f4meno come\u00e7a a chamar a aten\u00e7\u00e3o de ide\u00f3logos e livre-pensadores. Trata-se do chamado \u201cEfeito Amedrontador\u201d ou \u201cEfeito Inibidor\u201d. Conhecido internacionalmente pela express\u00e3o inglesa \u201cChilling Effect\u201d, o problema acontece sempre que \u201camea\u00e7as de san\u00e7\u00f5es legais\u201d inibem ou desencorajam o cidad\u00e3o ao exerc\u00edcio leg\u00edtimo de seus direitos legais e naturais. O principal alvo (ou v\u00edtima) \u00e9 a Liberdade \u2013 principalmente a de express\u00e3o. A pretensiosa Juristocracia usa e abusa do Efeito Amedrontador. Para isso, relativiza e (re)interpreta o Direito Constitucional.<\/p>\n<p dir=\"ltr\" style=\"text-align: justify;\">O fen\u00f4meno juristocr\u00e1tico \u00e9 caracterizado por uma hipertrofia (aumento exagerado) do Poder Judici\u00e1rio (e de seu Mecanismo: a burocracia cartorial, a Pol\u00edcia Judici\u00e1ria, o Minist\u00e9rio P\u00fablico e a pr\u00f3pria magistratura, nas variadas inst\u00e2ncias). \u201cPai Google\u201d nos ensina, direitinho (sem trocadilho), como a banda toca. Um Chilling Effect pode ser causado por a\u00e7\u00f5es legais como a aprova\u00e7\u00e3o de uma lei, a decis\u00e3o de uma Corte, ou a amea\u00e7a de um processo. O Efeito Inibidor ou Amedrontador fica evidente em quaisquer a\u00e7\u00f5es legais que causem \u00e0s pessoas o medo de repercuss\u00f5es legais pelo exerc\u00edcio de um Direito leg\u00edtimo. Isso vale para a Liberdade de Express\u00e3o respons\u00e1vel ou qualquer outro direito. Nesse sentido, \u00e9 corrompido o sentido de \u201cJusti\u00e7a\u201d. O Judici\u00e1rio se coloca acima de tudo e de todos os demais poderes, subjugando o povo e seus eleitos (o Legislativo e o Executivo). Isto pode ser at\u00e9 legal. Mas n\u00e3o \u00e9 leg\u00edtimo!<\/p>\n<p dir=\"ltr\" style=\"text-align: justify;\">O caso brasileiro \u00e9 grave e assustador. O\u00a0<a href=\"https:\/\/jovempan.com.br\/tag\/stf\"><strong>Supremo Tribunal Federal<\/strong><\/a>, que j\u00e1 se proclamou o \u201cPoder Moderador\u201d (embora isso n\u00e3o esteja escrito na Constitui\u00e7\u00e3o em vigor, de 1988), tem agido como uma esp\u00e9cie de \u201cPoder Constituinte Autoproclamado\u201d. O ativismo judicial de seus membros ultrapassa todos os limites da racionalidade, do bom senso e at\u00e9 da legalidade. As atitudes erradas e err\u00e1ticas de alguns magistrados rompem com o equil\u00edbrio institucional. Agravam, sem necessidade, a guerra de todos contra todos os poderes. O Judici\u00e1rio, que deveria ser o pacificador, em vez de moderar, agrava os conflitos. Assim, n\u00e3o d\u00e1. Uma Corte Casu\u00edstica faz mal ao Estado de Direito.<\/p>\n<p dir=\"ltr\" style=\"text-align: justify;\">Vem a\u00ed uma manifesta\u00e7\u00e3o gigantesca em 1\u00ba de maio para protestar contra a Juristocracia e defender a Liberdade. A m\u00e3o-pesada suprema contra o deputado federal\u00a0<a href=\"https:\/\/jovempan.com.br\/tag\/daniel-silveira\"><strong>Daniel Silveira<\/strong><\/a>\u00a0(por mais errado que ele estivesse com o v\u00eddeo que atacou ministros da Corte Constitucional) foi um caso hediondo de abuso de autoridade. O resultado do \u201cinqu\u00e9rito do fim do mundo\u201d (royalties para\u00a0<a href=\"https:\/\/jovempan.com.br\/tag\/marco-aurelio-mello\"><strong>Marco Aur\u00e9lio de Mello<\/strong><\/a>) conseguiu turbinar a campanha reeleitoral de\u00a0<a href=\"https:\/\/jovempan.com.br\/tag\/jair-bolsonaro\"><strong>Jair Bolsonaro<\/strong><\/a>. Al\u00e9m disso, fez a base aliada legislativa se juntar, definitivamente, com o Presidente que cometeu a ousadia institucional de decretar uma \u201cgra\u00e7a constitucional\u201d para garantir o respeito ao artigo 53 da Constitui\u00e7\u00e3o Federal \u2013 que determina, claramente, a imunidade parlamentar e seu direito de livre express\u00e3o. Agora, o Presidente e sua base aliada no Congresso partem para o choque com o Supremo. O STF fica perigosamente isolado, desgastado perante a maioria da opini\u00e3o p\u00fablica, contando apenas com a amedrontada extrema m\u00eddia que ecoa o indevido e ileg\u00edtimo ativismo togado. Por isso, resta ao povo protestar, votar acertadamente e exigir que seja restabelecido o reequil\u00edbrio institucional no Brasil, a partir do resultado da\u00a0<a href=\"https:\/\/jovempan.com.br\/tag\/eleicoes-2022\"><strong>elei\u00e7\u00e3o 2022<\/strong><\/a>. As pessoas de bem e do bem querem Seguran\u00e7a, Liberdade, dinheiro no bolso e comida no prato, com democracia e sem autoritarismos.<\/p>\n<p dir=\"ltr\" style=\"text-align: justify;\">Jorge Serr\u00e3o ( Site Jovem Pan ).<\/p>\n","protected":false},"excerpt":{"rendered":"<p>Epis\u00f3dio Daniel Silveira (com condena\u00e7\u00e3o pesada seguida de perd\u00e3o surpreendente dado pelo Presidente) ampliou o desgaste de imagem do Supremo e uniu a base aliada para a reelei\u00e7\u00e3o do Presidente. Pelo menos at\u00e9 agora, na Hist\u00f3ria da Humanidade, n\u00e3o existe exemplo concreto de que a Juristocracia tenha exercido protagonismo pol\u00edtico por tempo prolongado. Embora pare\u00e7am [&hellip;]<\/p>\n","protected":false},"author":2,"featured_media":26033,"comment_status":"open","ping_status":"open","sticky":false,"template":"","format":"standard","meta":{"footnotes":""},"categories":[57],"tags":[],"class_list":{"0":"post-26032","1":"post","2":"type-post","3":"status-publish","4":"format-standard","5":"has-post-thumbnail","7":"category-politica"},"yoast_head":"<!-- This site is optimized with the Yoast SEO Premium plugin v24.5 (Yoast SEO v27.5) - https:\/\/yoast.com\/product\/yoast-seo-premium-wordpress\/ -->\n<title>Bolsonaro e Congresso partem para o choque com o STF, perigosamente isolado e desgastado. - P31<\/title>\n<meta name=\"robots\" content=\"index, follow, max-snippet:-1, max-image-preview:large, max-video-preview:-1\" \/>\n<link rel=\"canonical\" href=\"https:\/\/www.p31noticias.com.br\/?p=26032\" \/>\n<meta property=\"og:locale\" content=\"pt_BR\" \/>\n<meta property=\"og:type\" content=\"article\" \/>\n<meta property=\"og:title\" content=\"Bolsonaro e Congresso partem para o choque com o STF, perigosamente isolado e desgastado.\" \/>\n<meta property=\"og:description\" content=\"Epis\u00f3dio Daniel Silveira (com condena\u00e7\u00e3o pesada seguida de perd\u00e3o surpreendente dado pelo Presidente) ampliou o desgaste de imagem do Supremo e uniu a base aliada para a reelei\u00e7\u00e3o do Presidente. Pelo menos at\u00e9 agora, na Hist\u00f3ria da Humanidade, n\u00e3o existe exemplo concreto de que a Juristocracia tenha exercido protagonismo pol\u00edtico por tempo prolongado. Embora pare\u00e7am [&hellip;]\" \/>\n<meta property=\"og:url\" content=\"https:\/\/www.p31noticias.com.br\/?p=26032\" \/>\n<meta property=\"og:site_name\" content=\"P31\" \/>\n<meta property=\"article:published_time\" content=\"2022-04-28T02:07:50+00:00\" \/>\n<meta property=\"og:image\" content=\"https:\/\/www.p31noticias.com.br\/wp-content\/uploads\/2022\/04\/51902456060_7ac64e3543_c.webp\" \/>\n\t<meta property=\"og:image:width\" content=\"799\" \/>\n\t<meta property=\"og:image:height\" content=\"533\" \/>\n\t<meta property=\"og:image:type\" content=\"image\/webp\" \/>\n<meta name=\"author\" content=\"Gon\u00e7alves Junior\" \/>\n<meta name=\"twitter:card\" content=\"summary_large_image\" \/>\n<meta name=\"twitter:label1\" content=\"Escrito por\" \/>\n\t<meta name=\"twitter:data1\" content=\"Gon\u00e7alves Junior\" \/>\n\t<meta name=\"twitter:label2\" content=\"Est. tempo de leitura\" \/>\n\t<meta name=\"twitter:data2\" content=\"4 minutos\" \/>\n<script type=\"application\/ld+json\" class=\"yoast-schema-graph\">{\"@context\":\"https:\\\/\\\/schema.org\",\"@graph\":[{\"@type\":\"Article\",\"@id\":\"https:\\\/\\\/www.p31noticias.com.br\\\/?p=26032#article\",\"isPartOf\":{\"@id\":\"https:\\\/\\\/www.p31noticias.com.br\\\/?p=26032\"},\"author\":{\"name\":\"Gon\u00e7alves Junior\",\"@id\":\"https:\\\/\\\/www.p31noticias.com.br\\\/#\\\/schema\\\/person\\\/95f2ece30e3b4132065b915150cd0f94\"},\"headline\":\"Bolsonaro e Congresso partem para o choque com o STF, perigosamente isolado e desgastado.\",\"datePublished\":\"2022-04-28T02:07:50+00:00\",\"mainEntityOfPage\":{\"@id\":\"https:\\\/\\\/www.p31noticias.com.br\\\/?p=26032\"},\"wordCount\":872,\"commentCount\":0,\"image\":{\"@id\":\"https:\\\/\\\/www.p31noticias.com.br\\\/?p=26032#primaryimage\"},\"thumbnailUrl\":\"https:\\\/\\\/www.p31noticias.com.br\\\/wp-content\\\/uploads\\\/2022\\\/04\\\/51902456060_7ac64e3543_c.webp\",\"articleSection\":[\"Pol\u00edtica\"],\"inLanguage\":\"pt-BR\",\"potentialAction\":[{\"@type\":\"CommentAction\",\"name\":\"Comment\",\"target\":[\"https:\\\/\\\/www.p31noticias.com.br\\\/?p=26032#respond\"]}],\"copyrightYear\":\"2022\",\"copyrightHolder\":{\"@id\":\"https:\\\/\\\/www.p31noticias.com.br\\\/#organization\"}},{\"@type\":\"WebPage\",\"@id\":\"https:\\\/\\\/www.p31noticias.com.br\\\/?p=26032\",\"url\":\"https:\\\/\\\/www.p31noticias.com.br\\\/?p=26032\",\"name\":\"Bolsonaro e Congresso partem para o choque com o STF, perigosamente isolado e desgastado. - P31\",\"isPartOf\":{\"@id\":\"https:\\\/\\\/www.p31noticias.com.br\\\/#website\"},\"primaryImageOfPage\":{\"@id\":\"https:\\\/\\\/www.p31noticias.com.br\\\/?p=26032#primaryimage\"},\"image\":{\"@id\":\"https:\\\/\\\/www.p31noticias.com.br\\\/?p=26032#primaryimage\"},\"thumbnailUrl\":\"https:\\\/\\\/www.p31noticias.com.br\\\/wp-content\\\/uploads\\\/2022\\\/04\\\/51902456060_7ac64e3543_c.webp\",\"datePublished\":\"2022-04-28T02:07:50+00:00\",\"author\":{\"@id\":\"https:\\\/\\\/www.p31noticias.com.br\\\/#\\\/schema\\\/person\\\/95f2ece30e3b4132065b915150cd0f94\"},\"breadcrumb\":{\"@id\":\"https:\\\/\\\/www.p31noticias.com.br\\\/?p=26032#breadcrumb\"},\"inLanguage\":\"pt-BR\",\"potentialAction\":[{\"@type\":\"ReadAction\",\"target\":[\"https:\\\/\\\/www.p31noticias.com.br\\\/?p=26032\"]}]},{\"@type\":\"ImageObject\",\"inLanguage\":\"pt-BR\",\"@id\":\"https:\\\/\\\/www.p31noticias.com.br\\\/?p=26032#primaryimage\",\"url\":\"https:\\\/\\\/www.p31noticias.com.br\\\/wp-content\\\/uploads\\\/2022\\\/04\\\/51902456060_7ac64e3543_c.webp\",\"contentUrl\":\"https:\\\/\\\/www.p31noticias.com.br\\\/wp-content\\\/uploads\\\/2022\\\/04\\\/51902456060_7ac64e3543_c.webp\",\"width\":799,\"height\":533},{\"@type\":\"BreadcrumbList\",\"@id\":\"https:\\\/\\\/www.p31noticias.com.br\\\/?p=26032#breadcrumb\",\"itemListElement\":[{\"@type\":\"ListItem\",\"position\":1,\"name\":\"In\u00edcio\",\"item\":\"https:\\\/\\\/www.p31noticias.com.br\\\/\"},{\"@type\":\"ListItem\",\"position\":2,\"name\":\"Bolsonaro e Congresso partem para o choque com o STF, perigosamente isolado e desgastado.\"}]},{\"@type\":\"WebSite\",\"@id\":\"https:\\\/\\\/www.p31noticias.com.br\\\/#website\",\"url\":\"https:\\\/\\\/www.p31noticias.com.br\\\/\",\"name\":\"P31\",\"description\":\"NOT\u00cdCIAS\",\"potentialAction\":[{\"@type\":\"SearchAction\",\"target\":{\"@type\":\"EntryPoint\",\"urlTemplate\":\"https:\\\/\\\/www.p31noticias.com.br\\\/?s={search_term_string}\"},\"query-input\":{\"@type\":\"PropertyValueSpecification\",\"valueRequired\":true,\"valueName\":\"search_term_string\"}}],\"inLanguage\":\"pt-BR\"},{\"@type\":\"Person\",\"@id\":\"https:\\\/\\\/www.p31noticias.com.br\\\/#\\\/schema\\\/person\\\/95f2ece30e3b4132065b915150cd0f94\",\"name\":\"Gon\u00e7alves Junior\",\"image\":{\"@type\":\"ImageObject\",\"inLanguage\":\"pt-BR\",\"@id\":\"https:\\\/\\\/secure.gravatar.com\\\/avatar\\\/6711f350116a89762687a48d66f723c799e5438a5b7578508d4294cd7a5d0800?s=96&d=mm&r=g\",\"url\":\"https:\\\/\\\/secure.gravatar.com\\\/avatar\\\/6711f350116a89762687a48d66f723c799e5438a5b7578508d4294cd7a5d0800?s=96&d=mm&r=g\",\"contentUrl\":\"https:\\\/\\\/secure.gravatar.com\\\/avatar\\\/6711f350116a89762687a48d66f723c799e5438a5b7578508d4294cd7a5d0800?s=96&d=mm&r=g\",\"caption\":\"Gon\u00e7alves Junior\"},\"url\":\"https:\\\/\\\/www.p31noticias.com.br\\\/?author=2\"}]}<\/script>\n<!-- \/ Yoast SEO Premium plugin. -->","yoast_head_json":{"title":"Bolsonaro e Congresso partem para o choque com o STF, perigosamente isolado e desgastado. - P31","robots":{"index":"index","follow":"follow","max-snippet":"max-snippet:-1","max-image-preview":"max-image-preview:large","max-video-preview":"max-video-preview:-1"},"canonical":"https:\/\/www.p31noticias.com.br\/?p=26032","og_locale":"pt_BR","og_type":"article","og_title":"Bolsonaro e Congresso partem para o choque com o STF, perigosamente isolado e desgastado.","og_description":"Epis\u00f3dio Daniel Silveira (com condena\u00e7\u00e3o pesada seguida de perd\u00e3o surpreendente dado pelo Presidente) ampliou o desgaste de imagem do Supremo e uniu a base aliada para a reelei\u00e7\u00e3o do Presidente. Pelo menos at\u00e9 agora, na Hist\u00f3ria da Humanidade, n\u00e3o existe exemplo concreto de que a Juristocracia tenha exercido protagonismo pol\u00edtico por tempo prolongado. Embora pare\u00e7am [&hellip;]","og_url":"https:\/\/www.p31noticias.com.br\/?p=26032","og_site_name":"P31","article_published_time":"2022-04-28T02:07:50+00:00","og_image":[{"width":799,"height":533,"url":"https:\/\/www.p31noticias.com.br\/wp-content\/uploads\/2022\/04\/51902456060_7ac64e3543_c.webp","type":"image\/webp"}],"author":"Gon\u00e7alves Junior","twitter_card":"summary_large_image","twitter_misc":{"Escrito por":"Gon\u00e7alves Junior","Est. tempo de leitura":"4 minutos"},"schema":{"@context":"https:\/\/schema.org","@graph":[{"@type":"Article","@id":"https:\/\/www.p31noticias.com.br\/?p=26032#article","isPartOf":{"@id":"https:\/\/www.p31noticias.com.br\/?p=26032"},"author":{"name":"Gon\u00e7alves Junior","@id":"https:\/\/www.p31noticias.com.br\/#\/schema\/person\/95f2ece30e3b4132065b915150cd0f94"},"headline":"Bolsonaro e Congresso partem para o choque com o STF, perigosamente isolado e desgastado.","datePublished":"2022-04-28T02:07:50+00:00","mainEntityOfPage":{"@id":"https:\/\/www.p31noticias.com.br\/?p=26032"},"wordCount":872,"commentCount":0,"image":{"@id":"https:\/\/www.p31noticias.com.br\/?p=26032#primaryimage"},"thumbnailUrl":"https:\/\/www.p31noticias.com.br\/wp-content\/uploads\/2022\/04\/51902456060_7ac64e3543_c.webp","articleSection":["Pol\u00edtica"],"inLanguage":"pt-BR","potentialAction":[{"@type":"CommentAction","name":"Comment","target":["https:\/\/www.p31noticias.com.br\/?p=26032#respond"]}],"copyrightYear":"2022","copyrightHolder":{"@id":"https:\/\/www.p31noticias.com.br\/#organization"}},{"@type":"WebPage","@id":"https:\/\/www.p31noticias.com.br\/?p=26032","url":"https:\/\/www.p31noticias.com.br\/?p=26032","name":"Bolsonaro e Congresso partem para o choque com o STF, perigosamente isolado e desgastado. - P31","isPartOf":{"@id":"https:\/\/www.p31noticias.com.br\/#website"},"primaryImageOfPage":{"@id":"https:\/\/www.p31noticias.com.br\/?p=26032#primaryimage"},"image":{"@id":"https:\/\/www.p31noticias.com.br\/?p=26032#primaryimage"},"thumbnailUrl":"https:\/\/www.p31noticias.com.br\/wp-content\/uploads\/2022\/04\/51902456060_7ac64e3543_c.webp","datePublished":"2022-04-28T02:07:50+00:00","author":{"@id":"https:\/\/www.p31noticias.com.br\/#\/schema\/person\/95f2ece30e3b4132065b915150cd0f94"},"breadcrumb":{"@id":"https:\/\/www.p31noticias.com.br\/?p=26032#breadcrumb"},"inLanguage":"pt-BR","potentialAction":[{"@type":"ReadAction","target":["https:\/\/www.p31noticias.com.br\/?p=26032"]}]},{"@type":"ImageObject","inLanguage":"pt-BR","@id":"https:\/\/www.p31noticias.com.br\/?p=26032#primaryimage","url":"https:\/\/www.p31noticias.com.br\/wp-content\/uploads\/2022\/04\/51902456060_7ac64e3543_c.webp","contentUrl":"https:\/\/www.p31noticias.com.br\/wp-content\/uploads\/2022\/04\/51902456060_7ac64e3543_c.webp","width":799,"height":533},{"@type":"BreadcrumbList","@id":"https:\/\/www.p31noticias.com.br\/?p=26032#breadcrumb","itemListElement":[{"@type":"ListItem","position":1,"name":"In\u00edcio","item":"https:\/\/www.p31noticias.com.br\/"},{"@type":"ListItem","position":2,"name":"Bolsonaro e Congresso partem para o choque com o STF, perigosamente isolado e desgastado."}]},{"@type":"WebSite","@id":"https:\/\/www.p31noticias.com.br\/#website","url":"https:\/\/www.p31noticias.com.br\/","name":"P31","description":"NOT\u00cdCIAS","potentialAction":[{"@type":"SearchAction","target":{"@type":"EntryPoint","urlTemplate":"https:\/\/www.p31noticias.com.br\/?s={search_term_string}"},"query-input":{"@type":"PropertyValueSpecification","valueRequired":true,"valueName":"search_term_string"}}],"inLanguage":"pt-BR"},{"@type":"Person","@id":"https:\/\/www.p31noticias.com.br\/#\/schema\/person\/95f2ece30e3b4132065b915150cd0f94","name":"Gon\u00e7alves Junior","image":{"@type":"ImageObject","inLanguage":"pt-BR","@id":"https:\/\/secure.gravatar.com\/avatar\/6711f350116a89762687a48d66f723c799e5438a5b7578508d4294cd7a5d0800?s=96&d=mm&r=g","url":"https:\/\/secure.gravatar.com\/avatar\/6711f350116a89762687a48d66f723c799e5438a5b7578508d4294cd7a5d0800?s=96&d=mm&r=g","contentUrl":"https:\/\/secure.gravatar.com\/avatar\/6711f350116a89762687a48d66f723c799e5438a5b7578508d4294cd7a5d0800?s=96&d=mm&r=g","caption":"Gon\u00e7alves Junior"},"url":"https:\/\/www.p31noticias.com.br\/?author=2"}]}},"amp_enabled":true,"_links":{"self":[{"href":"https:\/\/www.p31noticias.com.br\/index.php?rest_route=\/wp\/v2\/posts\/26032","targetHints":{"allow":["GET"]}}],"collection":[{"href":"https:\/\/www.p31noticias.com.br\/index.php?rest_route=\/wp\/v2\/posts"}],"about":[{"href":"https:\/\/www.p31noticias.com.br\/index.php?rest_route=\/wp\/v2\/types\/post"}],"author":[{"embeddable":true,"href":"https:\/\/www.p31noticias.com.br\/index.php?rest_route=\/wp\/v2\/users\/2"}],"replies":[{"embeddable":true,"href":"https:\/\/www.p31noticias.com.br\/index.php?rest_route=%2Fwp%2Fv2%2Fcomments&post=26032"}],"version-history":[{"count":1,"href":"https:\/\/www.p31noticias.com.br\/index.php?rest_route=\/wp\/v2\/posts\/26032\/revisions"}],"predecessor-version":[{"id":26034,"href":"https:\/\/www.p31noticias.com.br\/index.php?rest_route=\/wp\/v2\/posts\/26032\/revisions\/26034"}],"wp:featuredmedia":[{"embeddable":true,"href":"https:\/\/www.p31noticias.com.br\/index.php?rest_route=\/wp\/v2\/media\/26033"}],"wp:attachment":[{"href":"https:\/\/www.p31noticias.com.br\/index.php?rest_route=%2Fwp%2Fv2%2Fmedia&parent=26032"}],"wp:term":[{"taxonomy":"category","embeddable":true,"href":"https:\/\/www.p31noticias.com.br\/index.php?rest_route=%2Fwp%2Fv2%2Fcategories&post=26032"},{"taxonomy":"post_tag","embeddable":true,"href":"https:\/\/www.p31noticias.com.br\/index.php?rest_route=%2Fwp%2Fv2%2Ftags&post=26032"}],"curies":[{"name":"wp","href":"https:\/\/api.w.org\/{rel}","templated":true}]}}