{"id":26029,"date":"2022-04-27T23:05:09","date_gmt":"2022-04-28T02:05:09","guid":{"rendered":"https:\/\/p31noticias.com.br\/?p=26029"},"modified":"2022-04-27T23:05:09","modified_gmt":"2022-04-28T02:05:09","slug":"o-caminho-deste-governo-para-tirar-o-tunel-de-taguatinga-do-papel","status":"publish","type":"post","link":"https:\/\/www.p31noticias.com.br\/?p=26029","title":{"rendered":"O caminho deste governo para tirar o T\u00fanel de Taguatinga do papel."},"content":{"rendered":"<p style=\"text-align: justify;\"><em><strong>Atual gest\u00e3o iniciou a obra prometida e esquecida por outros governos e vai entreg\u00e1-la ainda em 2022.<\/strong><\/em><\/p>\n<p style=\"text-align: justify;\">Hoje com 70% da obra executada, o T\u00fanel de Taguatinga viveu uma saga para sair do papel. De uma licita\u00e7\u00e3o fracassada at\u00e9 o impedimento da obra na Justi\u00e7a, muito precisou ser feito nos \u00faltimos tr\u00eas anos para que a obra vi\u00e1ria se tornasse realidade e os recursos para o financiamento dela n\u00e3o fossem perdidos.<\/p>\n<p style=\"text-align: justify;\">Ainda na condi\u00e7\u00e3o de candidato ao Governo do Distrito Federal (GDF), Ibaneis Rocha colocou em seu programa de governo a meta de executar a obra para melhorar o fluxo de ve\u00edculos e a seguran\u00e7a do cidad\u00e3o. Para torn\u00e1-la realidade, trabalhou em v\u00e1rias frentes.<\/p>\n<p style=\"text-align: justify;\">Em 2019, o governador capitaneou um trabalho t\u00e9cnico e jur\u00eddico junto \u00e0 Secretaria de Obras para que o processo fosse destravado no Tribunal de Contas do DF (TCDF). Se em um primeiro momento a obra foi travada, ainda em 2014, por falta de previs\u00e3o or\u00e7ament\u00e1ria, em um segundo momento, em 2016, ela deixou de ocorrer, entre outros motivos, por um imbr\u00f3glio envolvendo os cons\u00f3rcios que participaram da licita\u00e7\u00e3o.<\/p>\n<p style=\"text-align: justify;\">\u00c0 \u00e9poca, um dos cons\u00f3rcios que disputava a obra e perdeu a licita\u00e7\u00e3o acionou a Justi\u00e7a alegando que, na composi\u00e7\u00e3o do cons\u00f3rcio vencedor, havia uma empresa inabilitada para participar de obras p\u00fablicas. A Justi\u00e7a julgou procedente a reclama\u00e7\u00e3o e o t\u00fanel voltou a ficar no imagin\u00e1rio da popula\u00e7\u00e3o por todos esses anos.<\/p>\n<p style=\"text-align: justify;\">E s\u00f3 voltou a ser um sonho poss\u00edvel para mais de 1,5 milh\u00e3o de habitantes do DF quando vontade e conhecimento jur\u00eddico andaram lado a lado, j\u00e1 na gest\u00e3o de Ibaneis Rocha. Em paralelo ao processo do TCDF, havia outros na Justi\u00e7a com o mesmo objeto de questionamento: discutir se a penalidade imposta \u00e0 construtora implicaria a desclassifica\u00e7\u00e3o do cons\u00f3rcio na licita\u00e7\u00e3o.<\/p>\n<figure id=\"attachment_398727\" class=\"wp-caption alignleft\" style=\"text-align: justify;\" aria-describedby=\"caption-attachment-398727\"><img loading=\"lazy\" decoding=\"async\" class=\"wp-image-398727 \" src=\"http:\/\/agenciabrasilia.df.gov.br\/wp-conteudo\/uploads\/2022\/04\/WhatsApp-Image-2022-04-25-at-17.04.42-1-1024x680.jpeg\" sizes=\"auto, (max-width: 421px) 100vw, 421px\" srcset=\"https:\/\/www.agenciabrasilia.df.gov.br\/wp-conteudo\/uploads\/2022\/04\/WhatsApp-Image-2022-04-25-at-17.04.42-1-1024x680.jpeg 1024w, https:\/\/www.agenciabrasilia.df.gov.br\/wp-conteudo\/uploads\/2022\/04\/WhatsApp-Image-2022-04-25-at-17.04.42-1-300x199.jpeg 300w, https:\/\/www.agenciabrasilia.df.gov.br\/wp-conteudo\/uploads\/2022\/04\/WhatsApp-Image-2022-04-25-at-17.04.42-1-768x510.jpeg 768w, https:\/\/www.agenciabrasilia.df.gov.br\/wp-conteudo\/uploads\/2022\/04\/WhatsApp-Image-2022-04-25-at-17.04.42-1.jpeg 1280w\" alt=\"\" width=\"421\" height=\"280\" \/><figcaption id=\"caption-attachment-398727\" class=\"wp-caption-text\">Secret\u00e1rio de Obras, Luciano Carvalho, destaca empenho do governo em dar andamento \u00e0 licita\u00e7\u00e3o para constru\u00e7\u00e3o do t\u00fanel | Foto: Paulo H. Carvalho\/Ag\u00eancia Bras\u00edlia<\/figcaption><\/figure>\n<p style=\"text-align: justify;\">Para essa etapa ser vencida, foi retirada do cons\u00f3rcio a empresa considerada inid\u00f4nea, decis\u00e3o permitida na legisla\u00e7\u00e3o. O argumento foi proposto pelo governador e os advogados da Secretaria de Obras e aceito pelo Tribunal de Contas, que autorizou o andamento do processo em 12 de dezembro de 2019, considerando n\u00e3o haver mais impedimentos.<\/p>\n<p style=\"text-align: justify;\">\u201cN\u00f3s perder\u00edamos o financiamento se n\u00e3o coloc\u00e1ssemos todas as obras na pra\u00e7a para licitar e contratar. Do contrato de financiamento das obras do Corredor Eixo Oeste, t\u00ednhamos menos de R$ 15 milh\u00f5es em execu\u00e7\u00e3o. Agora, j\u00e1 ultrapassamos os R$ 550 milh\u00f5es em obras contratadas, sendo uma delas a do t\u00fanel. Nunca passou pela nossa cabe\u00e7a perder recursos porque, desde o come\u00e7o do governo, colocamos as licita\u00e7\u00f5es em andamento. Mas, sem elas perder\u00edamos, sim, o financiamento\u201d, detalha o secret\u00e1rio de Obras, Luciano Carvalho.<\/p>\n<p style=\"text-align: justify;\">\u00c0 \u00e9poca da libera\u00e7\u00e3o no TCDF, o relator do processo, o conselheiro Manoel de Andrade, escreveu que a execu\u00e7\u00e3o da obra, em detrimento de sua rescis\u00e3o, era a melhor medida para atender ao interesse p\u00fablico, privilegiando a economicidade, a racionalidade administrativa e a efici\u00eancia.<\/p>\n<p style=\"text-align: justify;\">\u201cPrecisou de muito estudo e discuss\u00e3o interna para se chegar a um entendimento. O que existiu foi vontade e conhecimento jur\u00eddico\u201d, complementa o ex-secret\u00e1rio de Obras e atual presidente da Terracap, Izidio Santos, um dos respons\u00e1veis pela obra sair do papel. \u201cEssa obra \u00e9 a prova do ritmo do trabalho deste governo. Temos vontade de fazer as coisas acontecerem e elas d\u00e3o certo. Desde o governo de transi\u00e7\u00e3o, o governador Ibaneis Rocha determinou que a gente tirasse essa obra do papel\u201d, complementa Luciano Carvalho.<\/p>\n<p style=\"text-align: justify;\"><strong>Celeridade<\/strong><\/p>\n<p style=\"text-align: justify;\">Apenas 33 dias depois de o Tribunal de Contas autorizar a continuidade da obra, o governador Ibaneis Rocha assinou a ordem de servi\u00e7o para execu\u00e7\u00e3o do T\u00fanel de Taguatinga. Em cerim\u00f4nia na entrada de Taguatinga, em 14 de janeiro de 2020, nascia a maior obra vi\u00e1ria em andamento no pa\u00eds.<\/p>\n<figure id=\"attachment_398717\" class=\"wp-caption alignleft\" style=\"text-align: justify;\" aria-describedby=\"caption-attachment-398717\"><img loading=\"lazy\" decoding=\"async\" class=\"wp-image-398717 \" src=\"http:\/\/agenciabrasilia.df.gov.br\/wp-conteudo\/uploads\/2022\/04\/WhatsApp-Image-2022-04-25-at-16.53.35-1024x683.jpeg\" sizes=\"auto, (max-width: 422px) 100vw, 422px\" srcset=\"https:\/\/www.agenciabrasilia.df.gov.br\/wp-conteudo\/uploads\/2022\/04\/WhatsApp-Image-2022-04-25-at-16.53.35-1024x683.jpeg 1024w, https:\/\/www.agenciabrasilia.df.gov.br\/wp-conteudo\/uploads\/2022\/04\/WhatsApp-Image-2022-04-25-at-16.53.35-300x200.jpeg 300w, https:\/\/www.agenciabrasilia.df.gov.br\/wp-conteudo\/uploads\/2022\/04\/WhatsApp-Image-2022-04-25-at-16.53.35-768x512.jpeg 768w, https:\/\/www.agenciabrasilia.df.gov.br\/wp-conteudo\/uploads\/2022\/04\/WhatsApp-Image-2022-04-25-at-16.53.35.jpeg 1200w\" alt=\"\" width=\"422\" height=\"281\" \/><figcaption id=\"caption-attachment-398717\" class=\"wp-caption-text\">Governador Ibaneis Rocha durante assinatura da ordem de servi\u00e7o: sinal verde para a moderniza\u00e7\u00e3o | Foto: Renato Alves\/Ag\u00eancia Bras\u00edlia<\/figcaption><\/figure>\n<p style=\"text-align: justify;\">\u201cEu sempre disse que Taguatinga n\u00e3o teria solu\u00e7\u00e3o sem moderniza\u00e7\u00e3o. Esse centro foi abandonado por, pelo menos, os \u00faltimos 20 anos. Isso fez com que tiv\u00e9ssemos grande n\u00famero de usu\u00e1rios de drogas, abandono de pr\u00e9dios e com\u00e9rcios. Taguatinga, agora, d\u00e1 um passo para se transformar novamente na grande metr\u00f3pole que \u00e9\u201d, disse Ibaneis Rocha ao comentar a grandiosa obra de R$ 275 milh\u00f5es em investimentos e que vai beneficiar mais de 135 mil motoristas por dia.<\/p>\n<p style=\"text-align: justify;\">Em maio do mesmo ano, o GDF iniciou a constru\u00e7\u00e3o de desvios no tr\u00e2nsito para que o canteiro de obras pudesse ser montado. Em 20 de julho, teve in\u00edcio a obra que, agora, em abril de 2022, atinge 70% de execu\u00e7\u00e3o e caminha para a reta final.<\/p>\n<p style=\"text-align: justify;\">Ag\u00eancia Bras\u00edlia.<\/p>\n","protected":false},"excerpt":{"rendered":"<p>Atual gest\u00e3o iniciou a obra prometida e esquecida por outros governos e vai entreg\u00e1-la ainda em 2022. Hoje com 70% da obra executada, o T\u00fanel de Taguatinga viveu uma saga para sair do papel. De uma licita\u00e7\u00e3o fracassada at\u00e9 o impedimento da obra na Justi\u00e7a, muito precisou ser feito nos \u00faltimos tr\u00eas anos para que [&hellip;]<\/p>\n","protected":false},"author":2,"featured_media":26030,"comment_status":"open","ping_status":"open","sticky":false,"template":"","format":"standard","meta":{"footnotes":""},"categories":[21],"tags":[],"class_list":{"0":"post-26029","1":"post","2":"type-post","3":"status-publish","4":"format-standard","5":"has-post-thumbnail","7":"category-brasilia"},"yoast_head":"<!-- This site is optimized with the Yoast SEO Premium plugin v24.5 (Yoast SEO v27.5) - https:\/\/yoast.com\/product\/yoast-seo-premium-wordpress\/ -->\n<title>O caminho deste governo para tirar o T\u00fanel de Taguatinga do papel. - P31<\/title>\n<meta name=\"robots\" content=\"index, follow, max-snippet:-1, max-image-preview:large, max-video-preview:-1\" \/>\n<link rel=\"canonical\" href=\"https:\/\/www.p31noticias.com.br\/?p=26029\" \/>\n<meta property=\"og:locale\" content=\"pt_BR\" \/>\n<meta property=\"og:type\" content=\"article\" \/>\n<meta property=\"og:title\" content=\"O caminho deste governo para tirar o T\u00fanel de Taguatinga do papel.\" \/>\n<meta property=\"og:description\" content=\"Atual gest\u00e3o iniciou a obra prometida e esquecida por outros governos e vai entreg\u00e1-la ainda em 2022. Hoje com 70% da obra executada, o T\u00fanel de Taguatinga viveu uma saga para sair do papel. De uma licita\u00e7\u00e3o fracassada at\u00e9 o impedimento da obra na Justi\u00e7a, muito precisou ser feito nos \u00faltimos tr\u00eas anos para que [&hellip;]\" \/>\n<meta property=\"og:url\" content=\"https:\/\/www.p31noticias.com.br\/?p=26029\" \/>\n<meta property=\"og:site_name\" content=\"P31\" \/>\n<meta property=\"article:published_time\" content=\"2022-04-28T02:05:09+00:00\" \/>\n<meta property=\"og:image\" content=\"https:\/\/www.p31noticias.com.br\/wp-content\/uploads\/2022\/04\/WhatsApp-Image-2022-04-25-at-17.12.39.jpeg\" \/>\n\t<meta property=\"og:image:width\" content=\"1280\" \/>\n\t<meta property=\"og:image:height\" content=\"853\" \/>\n\t<meta property=\"og:image:type\" content=\"image\/jpeg\" \/>\n<meta name=\"author\" content=\"Gon\u00e7alves Junior\" \/>\n<meta name=\"twitter:card\" content=\"summary_large_image\" \/>\n<meta name=\"twitter:label1\" content=\"Escrito por\" \/>\n\t<meta name=\"twitter:data1\" content=\"Gon\u00e7alves Junior\" \/>\n\t<meta name=\"twitter:label2\" content=\"Est. tempo de leitura\" \/>\n\t<meta name=\"twitter:data2\" content=\"4 minutos\" \/>\n<script type=\"application\/ld+json\" class=\"yoast-schema-graph\">{\"@context\":\"https:\\\/\\\/schema.org\",\"@graph\":[{\"@type\":\"Article\",\"@id\":\"https:\\\/\\\/www.p31noticias.com.br\\\/?p=26029#article\",\"isPartOf\":{\"@id\":\"https:\\\/\\\/www.p31noticias.com.br\\\/?p=26029\"},\"author\":{\"name\":\"Gon\u00e7alves Junior\",\"@id\":\"https:\\\/\\\/www.p31noticias.com.br\\\/#\\\/schema\\\/person\\\/95f2ece30e3b4132065b915150cd0f94\"},\"headline\":\"O caminho deste governo para tirar o T\u00fanel de Taguatinga do papel.\",\"datePublished\":\"2022-04-28T02:05:09+00:00\",\"mainEntityOfPage\":{\"@id\":\"https:\\\/\\\/www.p31noticias.com.br\\\/?p=26029\"},\"wordCount\":869,\"commentCount\":0,\"image\":{\"@id\":\"https:\\\/\\\/www.p31noticias.com.br\\\/?p=26029#primaryimage\"},\"thumbnailUrl\":\"https:\\\/\\\/www.p31noticias.com.br\\\/wp-content\\\/uploads\\\/2022\\\/04\\\/WhatsApp-Image-2022-04-25-at-17.12.39.jpeg\",\"articleSection\":[\"Bras\u00edlia\"],\"inLanguage\":\"pt-BR\",\"potentialAction\":[{\"@type\":\"CommentAction\",\"name\":\"Comment\",\"target\":[\"https:\\\/\\\/www.p31noticias.com.br\\\/?p=26029#respond\"]}],\"copyrightYear\":\"2022\",\"copyrightHolder\":{\"@id\":\"https:\\\/\\\/www.p31noticias.com.br\\\/#organization\"}},{\"@type\":\"WebPage\",\"@id\":\"https:\\\/\\\/www.p31noticias.com.br\\\/?p=26029\",\"url\":\"https:\\\/\\\/www.p31noticias.com.br\\\/?p=26029\",\"name\":\"O caminho deste governo para tirar o T\u00fanel de Taguatinga do papel. - P31\",\"isPartOf\":{\"@id\":\"https:\\\/\\\/www.p31noticias.com.br\\\/#website\"},\"primaryImageOfPage\":{\"@id\":\"https:\\\/\\\/www.p31noticias.com.br\\\/?p=26029#primaryimage\"},\"image\":{\"@id\":\"https:\\\/\\\/www.p31noticias.com.br\\\/?p=26029#primaryimage\"},\"thumbnailUrl\":\"https:\\\/\\\/www.p31noticias.com.br\\\/wp-content\\\/uploads\\\/2022\\\/04\\\/WhatsApp-Image-2022-04-25-at-17.12.39.jpeg\",\"datePublished\":\"2022-04-28T02:05:09+00:00\",\"author\":{\"@id\":\"https:\\\/\\\/www.p31noticias.com.br\\\/#\\\/schema\\\/person\\\/95f2ece30e3b4132065b915150cd0f94\"},\"breadcrumb\":{\"@id\":\"https:\\\/\\\/www.p31noticias.com.br\\\/?p=26029#breadcrumb\"},\"inLanguage\":\"pt-BR\",\"potentialAction\":[{\"@type\":\"ReadAction\",\"target\":[\"https:\\\/\\\/www.p31noticias.com.br\\\/?p=26029\"]}]},{\"@type\":\"ImageObject\",\"inLanguage\":\"pt-BR\",\"@id\":\"https:\\\/\\\/www.p31noticias.com.br\\\/?p=26029#primaryimage\",\"url\":\"https:\\\/\\\/www.p31noticias.com.br\\\/wp-content\\\/uploads\\\/2022\\\/04\\\/WhatsApp-Image-2022-04-25-at-17.12.39.jpeg\",\"contentUrl\":\"https:\\\/\\\/www.p31noticias.com.br\\\/wp-content\\\/uploads\\\/2022\\\/04\\\/WhatsApp-Image-2022-04-25-at-17.12.39.jpeg\",\"width\":1280,\"height\":853},{\"@type\":\"BreadcrumbList\",\"@id\":\"https:\\\/\\\/www.p31noticias.com.br\\\/?p=26029#breadcrumb\",\"itemListElement\":[{\"@type\":\"ListItem\",\"position\":1,\"name\":\"In\u00edcio\",\"item\":\"https:\\\/\\\/www.p31noticias.com.br\\\/\"},{\"@type\":\"ListItem\",\"position\":2,\"name\":\"O caminho deste governo para tirar o T\u00fanel de Taguatinga do papel.\"}]},{\"@type\":\"WebSite\",\"@id\":\"https:\\\/\\\/www.p31noticias.com.br\\\/#website\",\"url\":\"https:\\\/\\\/www.p31noticias.com.br\\\/\",\"name\":\"P31\",\"description\":\"NOT\u00cdCIAS\",\"potentialAction\":[{\"@type\":\"SearchAction\",\"target\":{\"@type\":\"EntryPoint\",\"urlTemplate\":\"https:\\\/\\\/www.p31noticias.com.br\\\/?s={search_term_string}\"},\"query-input\":{\"@type\":\"PropertyValueSpecification\",\"valueRequired\":true,\"valueName\":\"search_term_string\"}}],\"inLanguage\":\"pt-BR\"},{\"@type\":\"Person\",\"@id\":\"https:\\\/\\\/www.p31noticias.com.br\\\/#\\\/schema\\\/person\\\/95f2ece30e3b4132065b915150cd0f94\",\"name\":\"Gon\u00e7alves Junior\",\"image\":{\"@type\":\"ImageObject\",\"inLanguage\":\"pt-BR\",\"@id\":\"https:\\\/\\\/secure.gravatar.com\\\/avatar\\\/6711f350116a89762687a48d66f723c799e5438a5b7578508d4294cd7a5d0800?s=96&d=mm&r=g\",\"url\":\"https:\\\/\\\/secure.gravatar.com\\\/avatar\\\/6711f350116a89762687a48d66f723c799e5438a5b7578508d4294cd7a5d0800?s=96&d=mm&r=g\",\"contentUrl\":\"https:\\\/\\\/secure.gravatar.com\\\/avatar\\\/6711f350116a89762687a48d66f723c799e5438a5b7578508d4294cd7a5d0800?s=96&d=mm&r=g\",\"caption\":\"Gon\u00e7alves Junior\"},\"url\":\"https:\\\/\\\/www.p31noticias.com.br\\\/?author=2\"}]}<\/script>\n<!-- \/ Yoast SEO Premium plugin. -->","yoast_head_json":{"title":"O caminho deste governo para tirar o T\u00fanel de Taguatinga do papel. - P31","robots":{"index":"index","follow":"follow","max-snippet":"max-snippet:-1","max-image-preview":"max-image-preview:large","max-video-preview":"max-video-preview:-1"},"canonical":"https:\/\/www.p31noticias.com.br\/?p=26029","og_locale":"pt_BR","og_type":"article","og_title":"O caminho deste governo para tirar o T\u00fanel de Taguatinga do papel.","og_description":"Atual gest\u00e3o iniciou a obra prometida e esquecida por outros governos e vai entreg\u00e1-la ainda em 2022. Hoje com 70% da obra executada, o T\u00fanel de Taguatinga viveu uma saga para sair do papel. De uma licita\u00e7\u00e3o fracassada at\u00e9 o impedimento da obra na Justi\u00e7a, muito precisou ser feito nos \u00faltimos tr\u00eas anos para que [&hellip;]","og_url":"https:\/\/www.p31noticias.com.br\/?p=26029","og_site_name":"P31","article_published_time":"2022-04-28T02:05:09+00:00","og_image":[{"width":1280,"height":853,"url":"https:\/\/www.p31noticias.com.br\/wp-content\/uploads\/2022\/04\/WhatsApp-Image-2022-04-25-at-17.12.39.jpeg","type":"image\/jpeg"}],"author":"Gon\u00e7alves Junior","twitter_card":"summary_large_image","twitter_misc":{"Escrito por":"Gon\u00e7alves Junior","Est. tempo de leitura":"4 minutos"},"schema":{"@context":"https:\/\/schema.org","@graph":[{"@type":"Article","@id":"https:\/\/www.p31noticias.com.br\/?p=26029#article","isPartOf":{"@id":"https:\/\/www.p31noticias.com.br\/?p=26029"},"author":{"name":"Gon\u00e7alves Junior","@id":"https:\/\/www.p31noticias.com.br\/#\/schema\/person\/95f2ece30e3b4132065b915150cd0f94"},"headline":"O caminho deste governo para tirar o T\u00fanel de Taguatinga do papel.","datePublished":"2022-04-28T02:05:09+00:00","mainEntityOfPage":{"@id":"https:\/\/www.p31noticias.com.br\/?p=26029"},"wordCount":869,"commentCount":0,"image":{"@id":"https:\/\/www.p31noticias.com.br\/?p=26029#primaryimage"},"thumbnailUrl":"https:\/\/www.p31noticias.com.br\/wp-content\/uploads\/2022\/04\/WhatsApp-Image-2022-04-25-at-17.12.39.jpeg","articleSection":["Bras\u00edlia"],"inLanguage":"pt-BR","potentialAction":[{"@type":"CommentAction","name":"Comment","target":["https:\/\/www.p31noticias.com.br\/?p=26029#respond"]}],"copyrightYear":"2022","copyrightHolder":{"@id":"https:\/\/www.p31noticias.com.br\/#organization"}},{"@type":"WebPage","@id":"https:\/\/www.p31noticias.com.br\/?p=26029","url":"https:\/\/www.p31noticias.com.br\/?p=26029","name":"O caminho deste governo para tirar o T\u00fanel de Taguatinga do papel. - P31","isPartOf":{"@id":"https:\/\/www.p31noticias.com.br\/#website"},"primaryImageOfPage":{"@id":"https:\/\/www.p31noticias.com.br\/?p=26029#primaryimage"},"image":{"@id":"https:\/\/www.p31noticias.com.br\/?p=26029#primaryimage"},"thumbnailUrl":"https:\/\/www.p31noticias.com.br\/wp-content\/uploads\/2022\/04\/WhatsApp-Image-2022-04-25-at-17.12.39.jpeg","datePublished":"2022-04-28T02:05:09+00:00","author":{"@id":"https:\/\/www.p31noticias.com.br\/#\/schema\/person\/95f2ece30e3b4132065b915150cd0f94"},"breadcrumb":{"@id":"https:\/\/www.p31noticias.com.br\/?p=26029#breadcrumb"},"inLanguage":"pt-BR","potentialAction":[{"@type":"ReadAction","target":["https:\/\/www.p31noticias.com.br\/?p=26029"]}]},{"@type":"ImageObject","inLanguage":"pt-BR","@id":"https:\/\/www.p31noticias.com.br\/?p=26029#primaryimage","url":"https:\/\/www.p31noticias.com.br\/wp-content\/uploads\/2022\/04\/WhatsApp-Image-2022-04-25-at-17.12.39.jpeg","contentUrl":"https:\/\/www.p31noticias.com.br\/wp-content\/uploads\/2022\/04\/WhatsApp-Image-2022-04-25-at-17.12.39.jpeg","width":1280,"height":853},{"@type":"BreadcrumbList","@id":"https:\/\/www.p31noticias.com.br\/?p=26029#breadcrumb","itemListElement":[{"@type":"ListItem","position":1,"name":"In\u00edcio","item":"https:\/\/www.p31noticias.com.br\/"},{"@type":"ListItem","position":2,"name":"O caminho deste governo para tirar o T\u00fanel de Taguatinga do papel."}]},{"@type":"WebSite","@id":"https:\/\/www.p31noticias.com.br\/#website","url":"https:\/\/www.p31noticias.com.br\/","name":"P31","description":"NOT\u00cdCIAS","potentialAction":[{"@type":"SearchAction","target":{"@type":"EntryPoint","urlTemplate":"https:\/\/www.p31noticias.com.br\/?s={search_term_string}"},"query-input":{"@type":"PropertyValueSpecification","valueRequired":true,"valueName":"search_term_string"}}],"inLanguage":"pt-BR"},{"@type":"Person","@id":"https:\/\/www.p31noticias.com.br\/#\/schema\/person\/95f2ece30e3b4132065b915150cd0f94","name":"Gon\u00e7alves Junior","image":{"@type":"ImageObject","inLanguage":"pt-BR","@id":"https:\/\/secure.gravatar.com\/avatar\/6711f350116a89762687a48d66f723c799e5438a5b7578508d4294cd7a5d0800?s=96&d=mm&r=g","url":"https:\/\/secure.gravatar.com\/avatar\/6711f350116a89762687a48d66f723c799e5438a5b7578508d4294cd7a5d0800?s=96&d=mm&r=g","contentUrl":"https:\/\/secure.gravatar.com\/avatar\/6711f350116a89762687a48d66f723c799e5438a5b7578508d4294cd7a5d0800?s=96&d=mm&r=g","caption":"Gon\u00e7alves Junior"},"url":"https:\/\/www.p31noticias.com.br\/?author=2"}]}},"amp_enabled":true,"_links":{"self":[{"href":"https:\/\/www.p31noticias.com.br\/index.php?rest_route=\/wp\/v2\/posts\/26029","targetHints":{"allow":["GET"]}}],"collection":[{"href":"https:\/\/www.p31noticias.com.br\/index.php?rest_route=\/wp\/v2\/posts"}],"about":[{"href":"https:\/\/www.p31noticias.com.br\/index.php?rest_route=\/wp\/v2\/types\/post"}],"author":[{"embeddable":true,"href":"https:\/\/www.p31noticias.com.br\/index.php?rest_route=\/wp\/v2\/users\/2"}],"replies":[{"embeddable":true,"href":"https:\/\/www.p31noticias.com.br\/index.php?rest_route=%2Fwp%2Fv2%2Fcomments&post=26029"}],"version-history":[{"count":1,"href":"https:\/\/www.p31noticias.com.br\/index.php?rest_route=\/wp\/v2\/posts\/26029\/revisions"}],"predecessor-version":[{"id":26031,"href":"https:\/\/www.p31noticias.com.br\/index.php?rest_route=\/wp\/v2\/posts\/26029\/revisions\/26031"}],"wp:featuredmedia":[{"embeddable":true,"href":"https:\/\/www.p31noticias.com.br\/index.php?rest_route=\/wp\/v2\/media\/26030"}],"wp:attachment":[{"href":"https:\/\/www.p31noticias.com.br\/index.php?rest_route=%2Fwp%2Fv2%2Fmedia&parent=26029"}],"wp:term":[{"taxonomy":"category","embeddable":true,"href":"https:\/\/www.p31noticias.com.br\/index.php?rest_route=%2Fwp%2Fv2%2Fcategories&post=26029"},{"taxonomy":"post_tag","embeddable":true,"href":"https:\/\/www.p31noticias.com.br\/index.php?rest_route=%2Fwp%2Fv2%2Ftags&post=26029"}],"curies":[{"name":"wp","href":"https:\/\/api.w.org\/{rel}","templated":true}]}}